{"id":31859,"date":"2013-08-03T14:48:07","date_gmt":"2013-08-03T12:48:07","guid":{"rendered":"http:\/\/www.manquepierda.com\/historiarealbetis\/?p=31859"},"modified":"2024-09-02T18:51:00","modified_gmt":"2024-09-02T16:51:00","slug":"1964-agosto-20-jueves-holanda-fortuna-54-geleen-1-vs-real-betis-balompie-0","status":"publish","type":"post","link":"https:\/\/www.manquepierda.com\/historiarealbetis\/1964-agosto-20-jueves-holanda-fortuna-54-geleen-1-vs-real-betis-balompie-0\/","title":{"rendered":"1964-Agosto 20-Jueves-Holanda: Fortuna 54 Geleen-1 vs. Real Betis Balompi\u00e9-0."},"content":{"rendered":"<figure id=\"attachment_31860\" aria-describedby=\"caption-attachment-31860\" style=\"width: 550px\" class=\"wp-caption aligncenter\"><a href=\"https:\/\/www.manquepierda.com\/historiarealbetis\/31859-1964-agosto-20-jueves-holanda-fortuna-54-geleen-1-vs-real-betis-balompie-0\/geleen-stadion\/\" rel=\"attachment wp-att-31860\"><img data-recalc-dims=\"1\" loading=\"lazy\" decoding=\"async\" class=\"size-full wp-image-31860\" src=\"https:\/\/i0.wp.com\/www.manquepierda.com\/historiarealbetis\/files\/2013\/08\/Geleen-Stadion.jpg?resize=550%2C360&#038;ssl=1\" alt=\"www.fotunahome.com\/stadion.php\" width=\"550\" height=\"360\" srcset=\"https:\/\/i0.wp.com\/www.manquepierda.com\/historiarealbetis\/files\/2013\/08\/Geleen-Stadion.jpg?w=550&amp;ssl=1 550w, https:\/\/i0.wp.com\/www.manquepierda.com\/historiarealbetis\/files\/2013\/08\/Geleen-Stadion.jpg?resize=220%2C144&amp;ssl=1 220w\" sizes=\"auto, (max-width: 550px) 100vw, 550px\" \/><\/a><figcaption id=\"caption-attachment-31860\" class=\"wp-caption-text\">www.fotunahome.com\/stadion.php<\/figcaption><\/figure>\n<p style=\"text-align: center\"><em><strong>1964-AGOSTO 20.-JUEVES EN GELEEN (HOLANDA).-\u00abFORTUNA STADION\u00bb 30.000 ESPECTADORES.<\/strong><\/em><\/p>\n<p style=\"text-align: center\"><em><strong>\u00abFORTUNA 54\u00bb.-FUNDACI\u00d3N EN 1954 Y DISUELTO LUNES 01-JULIO-1968: NUEVA DENOMINACI\u00d3N \u00abFORTUNA SITTARD COMBINATIE\u00bb.<br \/>\n<\/strong><\/em><\/p>\n<p style=\"text-align: center\"><em><strong>Clasificado para la primera ronda de la RECOPA-Copa de Europa de Campeones de Copa-Temporada 1964-1965 (Ida 10-07-1964 y Vuelta 23-09-1964) contra \u00abTorino FC de Tur\u00edn-Italia.<\/strong><\/em><\/p>\n<p><em><strong>QUINTO ENCUENTRO INTERNACIONAL AMISTOSO-PEN\u00daLTIMO GIRA EUROPEA-HOLANDA-DEL REAL BETIS BALOMPI\u00c9-TEMPORADA 1964-1965.<\/strong><\/em><\/p>\n<p style=\"text-align: center\"><strong>Arbitr\u00f3 G. T. CEAASSENS.<\/strong><\/p>\n<p style=\"text-align: center\"><strong>**Una vez m\u00e1s otro colegiado local <em>le anul\u00f3 dos goles legales y bonitos a Fernando ANSOLA Sanmart\u00edn logrados en los minutos 62\u00a0 y\u00a0 86 respectivamente**<\/em><\/strong><\/p>\n<p style=\"text-align: center\"><strong>Ambas escuadras formaron de la siguiente forma:<br \/>\n<\/strong><\/p>\n<p style=\"text-align: left\"><a href=\"https:\/\/www.manquepierda.com\/historiarealbetis\/31859-1964-agosto-20-jueves-holanda-fortuna-54-geleen-1-vs-real-betis-balompie-0\/fortuna-54-geleen\/\" rel=\"attachment wp-att-31861\"><img data-recalc-dims=\"1\" loading=\"lazy\" decoding=\"async\" class=\"aligncenter size-thumbnail wp-image-31861\" src=\"https:\/\/i0.wp.com\/www.manquepierda.com\/historiarealbetis\/files\/2013\/08\/Fortuna-54-Geleen.png?resize=220%2C220&#038;ssl=1\" alt=\"Fortuna-54-Geleen\" width=\"220\" height=\"220\" srcset=\"https:\/\/i0.wp.com\/www.manquepierda.com\/historiarealbetis\/files\/2013\/08\/Fortuna-54-Geleen.png?resize=220%2C220&amp;ssl=1 220w, https:\/\/i0.wp.com\/www.manquepierda.com\/historiarealbetis\/files\/2013\/08\/Fortuna-54-Geleen.png?resize=500%2C500&amp;ssl=1 500w, https:\/\/i0.wp.com\/www.manquepierda.com\/historiarealbetis\/files\/2013\/08\/Fortuna-54-Geleen.png?w=400&amp;ssl=1 400w\" sizes=\"auto, (max-width: 220px) 100vw, 220px\" \/><\/a><strong>VOGELS (portero).-BRUHD-VAN DER HART-VUADAKERS (defensas).-BENEN (1-0.-18 minutos.-Contraataque despu\u00e9s de la anulaci\u00f3n del primer gol de Fernando ANSOLA Sanmart\u00edn)-KUSTER (medios).-FREDERICH-GERARDS-KOHN-VAN REIN-CALIER (delanteros).<\/strong><\/p>\n<p style=\"text-align: center\"><em><strong>VS.<\/strong><\/em><\/p>\n<figure id=\"attachment_36972\" aria-describedby=\"caption-attachment-36972\" style=\"width: 220px\" class=\"wp-caption aligncenter\"><a href=\"https:\/\/www.manquepierda.com\/historiarealbetis\/31859-1964-agosto-20-jueves-holanda-fortuna-54-geleen-1-vs-real-betis-balompie-0\/escudo-del-betis-2\/\" rel=\"attachment wp-att-36972\"><img data-recalc-dims=\"1\" loading=\"lazy\" decoding=\"async\" class=\"size-thumbnail wp-image-36972\" src=\"https:\/\/i0.wp.com\/www.manquepierda.com\/historiarealbetis\/files\/2013\/08\/escudo-del-betis.gif?resize=220%2C188&#038;ssl=1\" alt=\"mmm\" width=\"220\" height=\"188\" srcset=\"https:\/\/i0.wp.com\/www.manquepierda.com\/historiarealbetis\/files\/2013\/08\/escudo-del-betis.gif?resize=220%2C188&amp;ssl=1 220w, https:\/\/i0.wp.com\/www.manquepierda.com\/historiarealbetis\/files\/2013\/08\/escudo-del-betis.gif?resize=680%2C582&amp;ssl=1 680w\" sizes=\"auto, (max-width: 220px) 100vw, 220px\" \/><\/a><figcaption id=\"caption-attachment-36972\" class=\"wp-caption-text\"><strong>REAL BETIS BALOMPI\u00c9-0 Goles.<\/strong><\/figcaption><\/figure>\n<figure id=\"attachment_36973\" aria-describedby=\"caption-attachment-36973\" style=\"width: 148px\" class=\"wp-caption aligncenter\"><a href=\"https:\/\/www.manquepierda.com\/historiarealbetis\/31859-1964-agosto-20-jueves-holanda-fortuna-54-geleen-1-vs-real-betis-balompie-0\/corral-3\/\" rel=\"attachment wp-att-36973\"><img data-recalc-dims=\"1\" loading=\"lazy\" decoding=\"async\" class=\"size-thumbnail wp-image-36973\" src=\"https:\/\/i0.wp.com\/www.manquepierda.com\/historiarealbetis\/files\/2013\/08\/CORRAL1.jpg?resize=148%2C220&#038;ssl=1\" alt=\"mmm\" width=\"148\" height=\"220\" srcset=\"https:\/\/i0.wp.com\/www.manquepierda.com\/historiarealbetis\/files\/2013\/08\/CORRAL1.jpg?resize=148%2C220&amp;ssl=1 148w, https:\/\/i0.wp.com\/www.manquepierda.com\/historiarealbetis\/files\/2013\/08\/CORRAL1.jpg?resize=404%2C600&amp;ssl=1 404w, https:\/\/i0.wp.com\/www.manquepierda.com\/historiarealbetis\/files\/2013\/08\/CORRAL1.jpg?w=456&amp;ssl=1 456w\" sizes=\"auto, (max-width: 148px) 100vw, 148px\" \/><\/a><figcaption id=\"caption-attachment-36973\" class=\"wp-caption-text\"><strong>1.-Guardameta Jos\u00e9 Mar\u00eda CORRAL Cort\u00e9s.<\/strong><\/figcaption><\/figure>\n<figure id=\"attachment_36974\" aria-describedby=\"caption-attachment-36974\" style=\"width: 188px\" class=\"wp-caption aligncenter\"><a href=\"https:\/\/www.manquepierda.com\/historiarealbetis\/31859-1964-agosto-20-jueves-holanda-fortuna-54-geleen-1-vs-real-betis-balompie-0\/francisco-grau-pla\/\" rel=\"attachment wp-att-36974\"><img data-recalc-dims=\"1\" loading=\"lazy\" decoding=\"async\" class=\"size-thumbnail wp-image-36974\" src=\"https:\/\/i0.wp.com\/www.manquepierda.com\/historiarealbetis\/files\/2013\/08\/Francisco-Grau-Pla.png?resize=188%2C220&#038;ssl=1\" alt=\"mmm\" width=\"188\" height=\"220\" srcset=\"https:\/\/i0.wp.com\/www.manquepierda.com\/historiarealbetis\/files\/2013\/08\/Francisco-Grau-Pla.png?resize=188%2C220&amp;ssl=1 188w, https:\/\/i0.wp.com\/www.manquepierda.com\/historiarealbetis\/files\/2013\/08\/Francisco-Grau-Pla.png?w=191&amp;ssl=1 191w\" sizes=\"auto, (max-width: 188px) 100vw, 188px\" \/><\/a><figcaption id=\"caption-attachment-36974\" class=\"wp-caption-text\"><strong>2.-Zaguero-Lateral Diestro Francisco GRAU Pla.<\/strong><\/figcaption><\/figure>\n<figure id=\"attachment_31792\" aria-describedby=\"caption-attachment-31792\" style=\"width: 163px\" class=\"wp-caption aligncenter\"><a href=\"https:\/\/www.manquepierda.com\/historiarealbetis\/31788-1964-agosto-05-miercoles-alemania-borussia-dortmund-1-vs-real-betis-balompie-1-gol\/1964-eusebio-rios-carranza-7\/\" rel=\"attachment wp-att-31792\"><img data-recalc-dims=\"1\" loading=\"lazy\" decoding=\"async\" class=\"size-thumbnail wp-image-31792\" src=\"https:\/\/i0.wp.com\/www.manquepierda.com\/historiarealbetis\/files\/2013\/07\/1964-Eusebio-R%C3%ADos-Carranza.jpg?resize=163%2C220&#038;ssl=1\" alt=\"colecci\u00f3n Enrique A\u00f1ino Ca\u00f1al.\" width=\"163\" height=\"220\" srcset=\"https:\/\/i0.wp.com\/www.manquepierda.com\/historiarealbetis\/files\/2013\/07\/1964-Eusebio-R%C3%ADos-Carranza.jpg?resize=163%2C220&amp;ssl=1 163w, https:\/\/i0.wp.com\/www.manquepierda.com\/historiarealbetis\/files\/2013\/07\/1964-Eusebio-R%C3%ADos-Carranza.jpg?w=204&amp;ssl=1 204w\" sizes=\"auto, (max-width: 163px) 100vw, 163px\" \/><\/a><figcaption id=\"caption-attachment-31792\" class=\"wp-caption-text\"><strong>5.-Zaguero Central.-Eusebio R\u00cdOS Fern\u00e1ndez.<\/strong><\/figcaption><\/figure>\n<figure id=\"attachment_31794\" aria-describedby=\"caption-attachment-31794\" style=\"width: 152px\" class=\"wp-caption aligncenter\"><a href=\"https:\/\/www.manquepierda.com\/historiarealbetis\/31788-1964-agosto-05-miercoles-alemania-borussia-dortmund-1-vs-real-betis-balompie-1-gol\/paquito-franciscofaleatoochoantesana-5\/\" rel=\"attachment wp-att-31794\"><img data-recalc-dims=\"1\" loading=\"lazy\" decoding=\"async\" class=\"size-thumbnail wp-image-31794\" src=\"https:\/\/i0.wp.com\/www.manquepierda.com\/historiarealbetis\/files\/2013\/07\/PAQUITO-FranciscoFaleatoOchoantesana.jpg?resize=152%2C220&#038;ssl=1\" alt=\"Colecci\u00f3n Enrique A\u00f1ino Ca\u00f1al.\" width=\"152\" height=\"220\" srcset=\"https:\/\/i0.wp.com\/www.manquepierda.com\/historiarealbetis\/files\/2013\/07\/PAQUITO-FranciscoFaleatoOchoantesana.jpg?resize=152%2C220&amp;ssl=1 152w, https:\/\/i0.wp.com\/www.manquepierda.com\/historiarealbetis\/files\/2013\/07\/PAQUITO-FranciscoFaleatoOchoantesana.jpg?resize=416%2C600&amp;ssl=1 416w, https:\/\/i0.wp.com\/www.manquepierda.com\/historiarealbetis\/files\/2013\/07\/PAQUITO-FranciscoFaleatoOchoantesana.jpg?resize=485%2C700&amp;ssl=1 485w, https:\/\/i0.wp.com\/www.manquepierda.com\/historiarealbetis\/files\/2013\/07\/PAQUITO-FranciscoFaleatoOchoantesana.jpg?w=1623&amp;ssl=1 1623w\" sizes=\"auto, (max-width: 152px) 100vw, 152px\" \/><\/a><figcaption id=\"caption-attachment-31794\" class=\"wp-caption-text\"><strong>3.-Zaguero Zurdo: Francisco Faleato Ochoantesana (a) \u00abPAQUITO\u00bb.<\/strong><\/figcaption><\/figure>\n<p>&nbsp;<\/p>\n<figure id=\"attachment_31796\" aria-describedby=\"caption-attachment-31796\" style=\"width: 168px\" class=\"wp-caption aligncenter\"><a href=\"https:\/\/www.manquepierda.com\/historiarealbetis\/31788-1964-agosto-05-miercoles-alemania-borussia-dortmund-1-vs-real-betis-balompie-1-gol\/frasco-francisco-ortiz-vazquez-7\/\" rel=\"attachment wp-att-31796\"><img data-recalc-dims=\"1\" loading=\"lazy\" decoding=\"async\" class=\"size-thumbnail wp-image-31796\" src=\"https:\/\/i0.wp.com\/www.manquepierda.com\/historiarealbetis\/files\/2013\/07\/FRASCO-Francisco-Ort%C3%ADz-V%C3%A1zquez.jpg?resize=168%2C220&#038;ssl=1\" alt=\"Colecci\u00f3n Enrique A\u00f1ino Ca\u00f1al.\" width=\"168\" height=\"220\" srcset=\"https:\/\/i0.wp.com\/www.manquepierda.com\/historiarealbetis\/files\/2013\/07\/FRASCO-Francisco-Ort%C3%ADz-V%C3%A1zquez.jpg?resize=168%2C220&amp;ssl=1 168w, https:\/\/i0.wp.com\/www.manquepierda.com\/historiarealbetis\/files\/2013\/07\/FRASCO-Francisco-Ort%C3%ADz-V%C3%A1zquez.jpg?w=412&amp;ssl=1 412w\" sizes=\"auto, (max-width: 168px) 100vw, 168px\" \/><\/a><figcaption id=\"caption-attachment-31796\" class=\"wp-caption-text\"><strong>4.-Medio Diestro.-Francisco Ort\u00edz V\u00e1zquez (a) \u00abFRASCO\u00bb.<\/strong><\/figcaption><\/figure>\n<figure id=\"attachment_36977\" aria-describedby=\"caption-attachment-36977\" style=\"width: 168px\" class=\"wp-caption aligncenter\"><a href=\"https:\/\/www.manquepierda.com\/historiarealbetis\/31859-1964-agosto-20-jueves-holanda-fortuna-54-geleen-1-vs-real-betis-balompie-0\/1964-suarez-carranza-3\/\" rel=\"attachment wp-att-36977\"><img data-recalc-dims=\"1\" loading=\"lazy\" decoding=\"async\" class=\"size-thumbnail wp-image-36977\" src=\"https:\/\/i0.wp.com\/www.manquepierda.com\/historiarealbetis\/files\/2013\/08\/1964-Su%C3%A1rez-Carranza.jpg?resize=168%2C220&#038;ssl=1\" alt=\"mmm\" width=\"168\" height=\"220\" srcset=\"https:\/\/i0.wp.com\/www.manquepierda.com\/historiarealbetis\/files\/2013\/08\/1964-Su%C3%A1rez-Carranza.jpg?resize=168%2C220&amp;ssl=1 168w, https:\/\/i0.wp.com\/www.manquepierda.com\/historiarealbetis\/files\/2013\/08\/1964-Su%C3%A1rez-Carranza.jpg?w=207&amp;ssl=1 207w\" sizes=\"auto, (max-width: 168px) 100vw, 168px\" \/><\/a><figcaption id=\"caption-attachment-36977\" class=\"wp-caption-text\"><strong>\u00c1ngel SU\u00c1REZ Mart\u00ednez (delantero: interior-extremo) \u00abPanocha\u00bb sustituy\u00f3 \u00e1 \u00abFRASCO\u00bb.<\/strong><\/figcaption><\/figure>\n<figure id=\"attachment_31801\" aria-describedby=\"caption-attachment-31801\" style=\"width: 172px\" class=\"wp-caption aligncenter\"><a href=\"https:\/\/www.manquepierda.com\/historiarealbetis\/31788-1964-agosto-05-miercoles-alemania-borussia-dortmund-1-vs-real-betis-balompie-1-gol\/1964-lasa-carranza-4\/\" rel=\"attachment wp-att-31801\"><img data-recalc-dims=\"1\" loading=\"lazy\" decoding=\"async\" class=\"size-thumbnail wp-image-31801\" src=\"https:\/\/i0.wp.com\/www.manquepierda.com\/historiarealbetis\/files\/2013\/07\/1964-Lasa-Carranza.jpg?resize=172%2C220&#038;ssl=1\" alt=\"Colecci\u00f3n Enrique A\u00f1ino Ca\u00f1al.\" width=\"172\" height=\"220\" srcset=\"https:\/\/i0.wp.com\/www.manquepierda.com\/historiarealbetis\/files\/2013\/07\/1964-Lasa-Carranza.jpg?resize=172%2C220&amp;ssl=1 172w, https:\/\/i0.wp.com\/www.manquepierda.com\/historiarealbetis\/files\/2013\/07\/1964-Lasa-Carranza.jpg?w=210&amp;ssl=1 210w\" sizes=\"auto, (max-width: 172px) 100vw, 172px\" \/><\/a><figcaption id=\"caption-attachment-31801\" class=\"wp-caption-text\"><strong>6.-Medio Zurdo Le\u00f3n LASA M\u00fajica.<\/strong><\/figcaption><\/figure>\n<p>&nbsp;<\/p>\n<figure id=\"attachment_31797\" aria-describedby=\"caption-attachment-31797\" style=\"width: 169px\" class=\"wp-caption aligncenter\"><a href=\"https:\/\/www.manquepierda.com\/historiarealbetis\/31788-1964-agosto-05-miercoles-alemania-borussia-dortmund-1-vs-real-betis-balompie-1-gol\/1964-cruz-carranza-3\/\" rel=\"attachment wp-att-31797\"><img data-recalc-dims=\"1\" loading=\"lazy\" decoding=\"async\" class=\"size-thumbnail wp-image-31797\" src=\"https:\/\/i0.wp.com\/www.manquepierda.com\/historiarealbetis\/files\/2013\/07\/1964-Cruz-Carranza.jpg?resize=169%2C220&#038;ssl=1\" alt=\"Colecci\u00f3n Enrique A\u00f1ino Ca\u00f1al.\" width=\"169\" height=\"220\" srcset=\"https:\/\/i0.wp.com\/www.manquepierda.com\/historiarealbetis\/files\/2013\/07\/1964-Cruz-Carranza.jpg?resize=169%2C220&amp;ssl=1 169w, https:\/\/i0.wp.com\/www.manquepierda.com\/historiarealbetis\/files\/2013\/07\/1964-Cruz-Carranza.jpg?w=207&amp;ssl=1 207w\" sizes=\"auto, (max-width: 169px) 100vw, 169px\" \/><\/a><figcaption id=\"caption-attachment-31797\" class=\"wp-caption-text\"><strong>7.-Delantero-Extremo Diestro Antonio CRUZ P\u00e9rez.<\/strong><\/figcaption><\/figure>\n<figure id=\"attachment_31799\" aria-describedby=\"caption-attachment-31799\" style=\"width: 171px\" class=\"wp-caption aligncenter\"><a href=\"https:\/\/www.manquepierda.com\/historiarealbetis\/31788-1964-agosto-05-miercoles-alemania-borussia-dortmund-1-vs-real-betis-balompie-1-gol\/pallares-huertas-antonio-21\/\" rel=\"attachment wp-att-31799\"><img data-recalc-dims=\"1\" loading=\"lazy\" decoding=\"async\" class=\"size-thumbnail wp-image-31799\" src=\"https:\/\/i0.wp.com\/www.manquepierda.com\/historiarealbetis\/files\/2013\/07\/Pallar%C3%A9s-Huertas-Antonio1.jpg?resize=171%2C220&#038;ssl=1\" alt=\"Colecci\u00f3n Enrique A\u00f1ino Ca\u00f1al.\" width=\"171\" height=\"220\" srcset=\"https:\/\/i0.wp.com\/www.manquepierda.com\/historiarealbetis\/files\/2013\/07\/Pallar%C3%A9s-Huertas-Antonio1.jpg?resize=171%2C220&amp;ssl=1 171w, https:\/\/i0.wp.com\/www.manquepierda.com\/historiarealbetis\/files\/2013\/07\/Pallar%C3%A9s-Huertas-Antonio1.jpg?w=425&amp;ssl=1 425w\" sizes=\"auto, (max-width: 171px) 100vw, 171px\" \/><\/a><figcaption id=\"caption-attachment-31799\" class=\"wp-caption-text\"><strong>8.-Delantero-Interior Diestro Antonio PALLARES Huertas.<\/strong><\/figcaption><\/figure>\n<figure id=\"attachment_36975\" aria-describedby=\"caption-attachment-36975\" style=\"width: 170px\" class=\"wp-caption aligncenter\"><a href=\"https:\/\/www.manquepierda.com\/historiarealbetis\/31859-1964-agosto-20-jueves-holanda-fortuna-54-geleen-1-vs-real-betis-balompie-0\/1964-ansola-carranza-8\/\" rel=\"attachment wp-att-36975\"><img data-recalc-dims=\"1\" loading=\"lazy\" decoding=\"async\" class=\"size-thumbnail wp-image-36975\" src=\"https:\/\/i0.wp.com\/www.manquepierda.com\/historiarealbetis\/files\/2013\/08\/1964-Ansola-Carranza.jpg?resize=170%2C220&#038;ssl=1\" alt=\"mmm\" width=\"170\" height=\"220\" srcset=\"https:\/\/i0.wp.com\/www.manquepierda.com\/historiarealbetis\/files\/2013\/08\/1964-Ansola-Carranza.jpg?resize=170%2C220&amp;ssl=1 170w, https:\/\/i0.wp.com\/www.manquepierda.com\/historiarealbetis\/files\/2013\/08\/1964-Ansola-Carranza.jpg?w=208&amp;ssl=1 208w\" sizes=\"auto, (max-width: 170px) 100vw, 170px\" \/><\/a><figcaption id=\"caption-attachment-36975\" class=\"wp-caption-text\"><strong>9.-Centro Delantero-Ariete Fernando ANSOLA Sanmart\u00edn.<\/strong><\/figcaption><\/figure>\n<figure id=\"attachment_31803\" aria-describedby=\"caption-attachment-31803\" style=\"width: 188px\" class=\"wp-caption aligncenter\"><a href=\"https:\/\/www.manquepierda.com\/historiarealbetis\/31788-1964-agosto-05-miercoles-alemania-borussia-dortmund-1-vs-real-betis-balompie-1-gol\/rogelio-php-6\/\" rel=\"attachment wp-att-31803\"><img data-recalc-dims=\"1\" loading=\"lazy\" decoding=\"async\" class=\"size-thumbnail wp-image-31803\" src=\"https:\/\/i0.wp.com\/www.manquepierda.com\/historiarealbetis\/files\/2013\/07\/ROGELIO.php_.png?resize=188%2C220&#038;ssl=1\" alt=\"Colecci\u00f3n Enrique A\u00f1ino Ca\u00f1al.\" width=\"188\" height=\"220\" srcset=\"https:\/\/i0.wp.com\/www.manquepierda.com\/historiarealbetis\/files\/2013\/07\/ROGELIO.php_.png?resize=188%2C220&amp;ssl=1 188w, https:\/\/i0.wp.com\/www.manquepierda.com\/historiarealbetis\/files\/2013\/07\/ROGELIO.php_.png?w=191&amp;ssl=1 191w\" sizes=\"auto, (max-width: 188px) 100vw, 188px\" \/><\/a><figcaption id=\"caption-attachment-31803\" class=\"wp-caption-text\"><strong>10.-Delantero-Interior Zurdo ROGELIO Sosa Ram\u00edrez.<\/strong><\/figcaption><\/figure>\n<figure id=\"attachment_31798\" aria-describedby=\"caption-attachment-31798\" style=\"width: 92px\" class=\"wp-caption aligncenter\"><a href=\"https:\/\/www.manquepierda.com\/historiarealbetis\/31788-1964-agosto-05-miercoles-alemania-borussia-dortmund-1-vs-real-betis-balompie-1-gol\/antonio-garrido-ramirez-2\/\" rel=\"attachment wp-att-31798\"><img data-recalc-dims=\"1\" loading=\"lazy\" decoding=\"async\" class=\"size-full wp-image-31798\" src=\"https:\/\/i0.wp.com\/www.manquepierda.com\/historiarealbetis\/files\/2013\/07\/Antonio-GARRIDO-Ram%C3%ADrez.jpg?resize=92%2C128&#038;ssl=1\" alt=\"fuente bdfutbol.com.es\" width=\"92\" height=\"128\" \/><\/a><figcaption id=\"caption-attachment-31798\" class=\"wp-caption-text\"><strong>11.-Delantero-Extremo Zurdo Antonio GARRIDO Ram\u00edrez.<\/strong><\/figcaption><\/figure>\n<p style=\"text-align: center\"><em><strong>ENTRENADOR REAL BETIS BALOMPI\u00c9-Gira Europea.<\/strong><\/em><\/p>\n<p style=\"text-align: center\"><em><strong>X Trofeo \u00abRam\u00f3n de Carranza\u00bb.<\/strong><\/em><\/p>\n<p style=\"text-align: center\"><em><strong>Campeonato Nacional Liga Primera Divisi\u00f3n-Temporada 1964-1965 (01\u00aa-22\u00aa jornadas ambas inclusive:<\/strong><\/em><\/p>\n<figure id=\"attachment_31840\" aria-describedby=\"caption-attachment-31840\" style=\"width: 148px\" class=\"wp-caption aligncenter\"><a href=\"https:\/\/www.manquepierda.com\/historiarealbetis\/31835-1964-agosto-15-sabado-holanda-feyenoord-rotterdam-1-vs-real-betis-balompie-0\/louis-hon-antonin-2\/\" rel=\"attachment wp-att-31840\"><img data-recalc-dims=\"1\" loading=\"lazy\" decoding=\"async\" class=\"size-thumbnail wp-image-31840\" src=\"https:\/\/i0.wp.com\/www.manquepierda.com\/historiarealbetis\/files\/2013\/08\/Louis-Hon-Antonin.jpg?resize=148%2C220&#038;ssl=1\" alt=\"bdfutbol.com.es\" width=\"148\" height=\"220\" srcset=\"https:\/\/i0.wp.com\/www.manquepierda.com\/historiarealbetis\/files\/2013\/08\/Louis-Hon-Antonin.jpg?resize=148%2C220&amp;ssl=1 148w, https:\/\/i0.wp.com\/www.manquepierda.com\/historiarealbetis\/files\/2013\/08\/Louis-Hon-Antonin.jpg?w=280&amp;ssl=1 280w\" sizes=\"auto, (max-width: 148px) 100vw, 148px\" \/><\/a><figcaption id=\"caption-attachment-31840\" class=\"wp-caption-text\"><strong>Louis HON Antonin.<\/strong><\/figcaption><\/figure>\n<p style=\"text-align: center\"><em><strong>CUADRAG\u00c9SIMO PRESIDENTE REAL BETIS BALOMPI\u00c9 (10\u00aa Temporada consecutiva):<br \/>\n<\/strong><\/em><\/p>\n<figure id=\"attachment_31866\" aria-describedby=\"caption-attachment-31866\" style=\"width: 111px\" class=\"wp-caption aligncenter\"><a href=\"https:\/\/www.manquepierda.com\/historiarealbetis\/31859-1964-agosto-20-jueves-holanda-fortuna-54-geleen-1-vs-real-betis-balompie-0\/benitovillamarinprieto1960-2\/\" rel=\"attachment wp-att-31866\"><img data-recalc-dims=\"1\" loading=\"lazy\" decoding=\"async\" class=\"size-thumbnail wp-image-31866\" src=\"https:\/\/i0.wp.com\/www.manquepierda.com\/historiarealbetis\/files\/2013\/08\/BenitoVillamar%C3%ADnPrieto1960.jpg?resize=111%2C220&#038;ssl=1\" alt=\"Colecci\u00f3n Enrique A\u00f1ino Ca\u00f1al.\" width=\"111\" height=\"220\" srcset=\"https:\/\/i0.wp.com\/www.manquepierda.com\/historiarealbetis\/files\/2013\/08\/BenitoVillamar%C3%ADnPrieto1960.jpg?resize=111%2C220&amp;ssl=1 111w, https:\/\/i0.wp.com\/www.manquepierda.com\/historiarealbetis\/files\/2013\/08\/BenitoVillamar%C3%ADnPrieto1960.jpg?zoom=2&amp;resize=111%2C220&amp;ssl=1 222w, https:\/\/i0.wp.com\/www.manquepierda.com\/historiarealbetis\/files\/2013\/08\/BenitoVillamar%C3%ADnPrieto1960.jpg?zoom=3&amp;resize=111%2C220&amp;ssl=1 333w\" sizes=\"auto, (max-width: 111px) 100vw, 111px\" \/><\/a><figcaption id=\"caption-attachment-31866\" class=\"wp-caption-text\"><strong>DON BENITO VILLAMAR\u00cdN PRIETO.-Primer Presidente Perpetuo y \u00fanico.<\/strong><\/figcaption><\/figure>\n<p style=\"text-align: center\">Extractos-Recortes de Prensa.-Titulares:<\/p>\n<p style=\"text-align: left\">ABC-Sevilla-Agencia Mencheta: <em><strong>\u00abEl conjunto holand\u00e9s Fortuna derrot\u00f3 al Betis por un tanto a cero.-Al equipo espa\u00f1ol le fueron anulados dos goles de ANSOLA.-Resultaron lesionados GRAU-CRUZ-ROGELIO-PAQUITO\u00bb.<\/strong><\/em><\/p>\n<p style=\"text-align: left\">MARCA-Madrid-Carlos Bribian: <em><strong>\u00abEn un gran encuentro con p\u00e9simo arbitraje.-El Fortuna de Geleen venci\u00f3 al Betis 1-0.-Al conjunto andaluz le anularon dos goles, conseguidos por ANSOLA.-Y el equipo local logr\u00f3 la victoria en el contraataque de uno de los tantos invalidados\u00bb.<\/strong><\/em><\/p>\n<p>&nbsp;<\/p>\n<p>&nbsp;<\/p>\n<p>&nbsp;<\/p>\n<p>&nbsp;<\/p>\n<p>&nbsp;<\/p>\n<p>&nbsp;<\/p>\n<p>&nbsp;<\/p>\n","protected":false},"excerpt":{"rendered":"<p>1964-AGOSTO 20.-JUEVES EN GELEEN (HOLANDA).-\u00abFORTUNA STADION\u00bb 30.000 ESPECTADORES. \u00abFORTUNA 54\u00bb.-FUNDACI\u00d3N EN 1954 Y DISUELTO LUNES 01-JULIO-1968: NUEVA DENOMINACI\u00d3N \u00abFORTUNA SITTARD COMBINATIE\u00bb. Clasificado para la primera ronda de la RECOPA-Copa de Europa de Campeones de Copa-Temporada 1964-1965 (Ida 10-07-1964 y Vuelta 23-09-1964) contra \u00abTorino FC de Tur\u00edn-Italia. QUINTO ENCUENTRO INTERNACIONAL AMISTOSO-PEN\u00daLTIMO GIRA EUROPEA-HOLANDA-DEL REAL BETIS BALOMPI\u00c9-TEMPORADA&#8230;<\/p>\n","protected":false},"author":48,"featured_media":31860,"comment_status":"open","ping_status":"open","sticky":false,"template":"","format":"standard","meta":{"_kad_post_transparent":"","_kad_post_title":"","_kad_post_layout":"","_kad_post_sidebar_id":"","_kad_post_content_style":"","_kad_post_vertical_padding":"","_kad_post_feature":"","_kad_post_feature_position":"","_kad_post_header":false,"_kad_post_footer":false,"_kad_post_classname":"","_jetpack_memberships_contains_paid_content":false,"footnotes":"","jetpack_publicize_message":"","jetpack_publicize_feature_enabled":true,"jetpack_social_post_already_shared":true,"jetpack_social_options":{"image_generator_settings":{"template":"highway","default_image_id":0,"font":"","enabled":false},"version":2}},"categories":[902,893,1],"tags":[4033,2900,18227],"class_list":["post-31859","post","type-post","status-publish","format-standard","has-post-thumbnail","hentry","category-1960-1969","category-jugadores-temas","category-portada","tag-4033","tag-1964-65","tag-fortuna-54"],"jetpack_publicize_connections":[],"jetpack_featured_media_url":"https:\/\/i0.wp.com\/www.manquepierda.com\/historiarealbetis\/files\/2013\/08\/Geleen-Stadion.jpg?fit=550%2C360&ssl=1","jetpack_sharing_enabled":true,"jetpack_shortlink":"https:\/\/wp.me\/p1ij08-8hR","jetpack-related-posts":[],"_links":{"self":[{"href":"https:\/\/www.manquepierda.com\/historiarealbetis\/wp-json\/wp\/v2\/posts\/31859","targetHints":{"allow":["GET"]}}],"collection":[{"href":"https:\/\/www.manquepierda.com\/historiarealbetis\/wp-json\/wp\/v2\/posts"}],"about":[{"href":"https:\/\/www.manquepierda.com\/historiarealbetis\/wp-json\/wp\/v2\/types\/post"}],"author":[{"embeddable":true,"href":"https:\/\/www.manquepierda.com\/historiarealbetis\/wp-json\/wp\/v2\/users\/48"}],"replies":[{"embeddable":true,"href":"https:\/\/www.manquepierda.com\/historiarealbetis\/wp-json\/wp\/v2\/comments?post=31859"}],"version-history":[{"count":1,"href":"https:\/\/www.manquepierda.com\/historiarealbetis\/wp-json\/wp\/v2\/posts\/31859\/revisions"}],"predecessor-version":[{"id":98479,"href":"https:\/\/www.manquepierda.com\/historiarealbetis\/wp-json\/wp\/v2\/posts\/31859\/revisions\/98479"}],"wp:featuredmedia":[{"embeddable":true,"href":"https:\/\/www.manquepierda.com\/historiarealbetis\/wp-json\/wp\/v2\/media\/31860"}],"wp:attachment":[{"href":"https:\/\/www.manquepierda.com\/historiarealbetis\/wp-json\/wp\/v2\/media?parent=31859"}],"wp:term":[{"taxonomy":"category","embeddable":true,"href":"https:\/\/www.manquepierda.com\/historiarealbetis\/wp-json\/wp\/v2\/categories?post=31859"},{"taxonomy":"post_tag","embeddable":true,"href":"https:\/\/www.manquepierda.com\/historiarealbetis\/wp-json\/wp\/v2\/tags?post=31859"}],"curies":[{"name":"wp","href":"https:\/\/api.w.org\/{rel}","templated":true}]}}