{"id":31920,"date":"2013-08-13T10:03:22","date_gmt":"2013-08-13T08:03:22","guid":{"rendered":"http:\/\/www.manquepierda.com\/historiarealbetis\/?p=31920"},"modified":"2024-08-31T00:54:13","modified_gmt":"2024-08-30T22:54:13","slug":"betis-deportivo-liga-1995","status":"publish","type":"post","link":"https:\/\/www.manquepierda.com\/historiarealbetis\/betis-deportivo-liga-1995\/","title":{"rendered":"Betis-Deportivo Liga 1995"},"content":{"rendered":"<p><a href=\"https:\/\/www.manquepierda.com\/historiarealbetis\/31920-betis-deportivo-liga-1995\/agosto-14-betis-deportivo-liga-1995-1\/\" rel=\"attachment wp-att-31921\"><img data-recalc-dims=\"1\" loading=\"lazy\" decoding=\"async\" class=\"aligncenter size-full wp-image-31921\" src=\"https:\/\/i0.wp.com\/www.manquepierda.com\/historiarealbetis\/files\/2013\/08\/Agosto-14-Betis-Deportivo-Liga-1995-1.jpg?resize=525%2C358&#038;ssl=1\" alt=\"Agosto 14 Betis-Deportivo Liga 1995-1\" width=\"525\" height=\"358\" srcset=\"https:\/\/i0.wp.com\/www.manquepierda.com\/historiarealbetis\/files\/2013\/08\/Agosto-14-Betis-Deportivo-Liga-1995-1.jpg?w=525&amp;ssl=1 525w, https:\/\/i0.wp.com\/www.manquepierda.com\/historiarealbetis\/files\/2013\/08\/Agosto-14-Betis-Deportivo-Liga-1995-1.jpg?resize=220%2C150&amp;ssl=1 220w, https:\/\/i0.wp.com\/www.manquepierda.com\/historiarealbetis\/files\/2013\/08\/Agosto-14-Betis-Deportivo-Liga-1995-1.jpg?resize=75%2C52&amp;ssl=1 75w\" sizes=\"auto, (max-width: 525px) 100vw, 525px\" \/><\/a><\/p>\n<p>8 de enero de 1995 en el Benito Villamar\u00edn\u00a0 Betis 0 Deportivo de La Coru\u00f1a 0; jornada 16 del Campeonato de Liga de Primera Divisi\u00f3n.<\/p>\n<p>En la imagen un remate de cabeza de Cu\u00e9llar que se estrell\u00f3 en el larguero de la meta defendida por Lia\u00f1o.<\/p>\n<p>Lorenzo Serra entrenaba al Betis y Arsenio Iglesias al Deportivo<\/p>\n","protected":false},"excerpt":{"rendered":"<p>8 de enero de 1995 en el Benito Villamar\u00edn\u00a0 Betis 0 Deportivo de La Coru\u00f1a 0; jornada 16 del Campeonato de Liga de Primera Divisi\u00f3n. En la imagen un remate de cabeza de Cu\u00e9llar que se estrell\u00f3 en el larguero de la meta defendida por Lia\u00f1o. Lorenzo Serra entrenaba al Betis y Arsenio Iglesias al&#8230;<\/p>\n","protected":false},"author":5,"featured_media":31921,"comment_status":"open","ping_status":"open","sticky":false,"template":"","format":"standard","meta":{"_kad_post_transparent":"","_kad_post_title":"","_kad_post_layout":"","_kad_post_sidebar_id":"","_kad_post_content_style":"","_kad_post_vertical_padding":"","_kad_post_feature":"","_kad_post_feature_position":"","_kad_post_header":false,"_kad_post_footer":false,"_kad_post_classname":"","_jetpack_memberships_contains_paid_content":false,"footnotes":"","jetpack_publicize_message":"","jetpack_publicize_feature_enabled":true,"jetpack_social_post_already_shared":true,"jetpack_social_options":{"image_generator_settings":{"template":"highway","default_image_id":0,"font":"","enabled":false},"version":2}},"categories":[905,1],"tags":[2460,2459,1309,17863,16882],"class_list":["post-31920","post","type-post","status-publish","format-standard","has-post-thumbnail","hentry","category-1990-1999","category-portada","tag-1994-95","tag-2459","tag-angel-cuellar","tag-liga-primera-1994-95","tag-real-club-deportivo-la-coruna"],"jetpack_publicize_connections":[],"jetpack_featured_media_url":"https:\/\/i0.wp.com\/www.manquepierda.com\/historiarealbetis\/files\/2013\/08\/Agosto-14-Betis-Deportivo-Liga-1995-1.jpg?fit=525%2C358&ssl=1","jetpack_sharing_enabled":true,"jetpack_shortlink":"https:\/\/wp.me\/p1ij08-8iQ","jetpack-related-posts":[],"_links":{"self":[{"href":"https:\/\/www.manquepierda.com\/historiarealbetis\/wp-json\/wp\/v2\/posts\/31920","targetHints":{"allow":["GET"]}}],"collection":[{"href":"https:\/\/www.manquepierda.com\/historiarealbetis\/wp-json\/wp\/v2\/posts"}],"about":[{"href":"https:\/\/www.manquepierda.com\/historiarealbetis\/wp-json\/wp\/v2\/types\/post"}],"author":[{"embeddable":true,"href":"https:\/\/www.manquepierda.com\/historiarealbetis\/wp-json\/wp\/v2\/users\/5"}],"replies":[{"embeddable":true,"href":"https:\/\/www.manquepierda.com\/historiarealbetis\/wp-json\/wp\/v2\/comments?post=31920"}],"version-history":[{"count":1,"href":"https:\/\/www.manquepierda.com\/historiarealbetis\/wp-json\/wp\/v2\/posts\/31920\/revisions"}],"predecessor-version":[{"id":97745,"href":"https:\/\/www.manquepierda.com\/historiarealbetis\/wp-json\/wp\/v2\/posts\/31920\/revisions\/97745"}],"wp:featuredmedia":[{"embeddable":true,"href":"https:\/\/www.manquepierda.com\/historiarealbetis\/wp-json\/wp\/v2\/media\/31921"}],"wp:attachment":[{"href":"https:\/\/www.manquepierda.com\/historiarealbetis\/wp-json\/wp\/v2\/media?parent=31920"}],"wp:term":[{"taxonomy":"category","embeddable":true,"href":"https:\/\/www.manquepierda.com\/historiarealbetis\/wp-json\/wp\/v2\/categories?post=31920"},{"taxonomy":"post_tag","embeddable":true,"href":"https:\/\/www.manquepierda.com\/historiarealbetis\/wp-json\/wp\/v2\/tags?post=31920"}],"curies":[{"name":"wp","href":"https:\/\/api.w.org\/{rel}","templated":true}]}}