{"id":31977,"date":"2013-08-19T10:02:36","date_gmt":"2013-08-19T08:02:36","guid":{"rendered":"http:\/\/www.manquepierda.com\/historiarealbetis\/?p=31977"},"modified":"2024-11-14T18:33:11","modified_gmt":"2024-11-14T17:33:11","slug":"entrevista-jose-antonio-eulate-1976","status":"publish","type":"post","link":"https:\/\/www.manquepierda.com\/historiarealbetis\/entrevista-jose-antonio-eulate-1976\/","title":{"rendered":"Entrevista Jos\u00e9 Antonio Eulate 1976"},"content":{"rendered":"<p><a href=\"https:\/\/www.manquepierda.com\/historiarealbetis\/31977-entrevista-jose-antonio-eulate-1976\/eulate-1\/\" rel=\"attachment wp-att-31978\"><img data-recalc-dims=\"1\" loading=\"lazy\" decoding=\"async\" class=\"alignleft size-full wp-image-31978\" src=\"https:\/\/i0.wp.com\/www.manquepierda.com\/historiarealbetis\/files\/2013\/08\/Eulate-1.jpg?resize=111%2C176&#038;ssl=1\" alt=\"Eulate-1\" width=\"111\" height=\"176\" \/><\/a>Jos\u00e9 Antonio Eulate lleg\u00f3 al Betis en 1974 con tan solo 19 a\u00f1os procedente de la Ponferradina, que por entonces militaba en la Tercera divisi\u00f3n.<\/p>\n<p>En su primera temporada particip\u00f3 muy poco con el primer equipo b\u00e9tico, tan solo un partido de Copa y 3 amistosos, adem\u00e1s de 10 partidos del Campeonato de Andaluc\u00eda de Reservas. En la temporada 75-76 fue cedido al Jerez Industrial, por entonces en Tercera Divisi\u00f3n, pero ante las m\u00faltiples lesiones que asolaron al conjunto b\u00e9tico en esa temporada, fue repescado y particip\u00f3 con asiduidad ya en la temporada del primer equipo.<\/p>\n<p>Esta entrevista\u00a0 fue publicada en febrero de 1976, d\u00edas antes de que el equipo b\u00e9tico visitara al Real Madrid en el Bernab\u00e9u. En ella Eulate repasa su trayectoria deportiva antes de llegar al Betis, adem\u00e1s de\u00a0 plasmar sus impresiones de cara al partido ante el conjunto madridista, en el que no se aline\u00f3 de principio pero s\u00ed sustituy\u00f3 a Celso Mendieta en el minuto 67.<\/p>\n<p>&nbsp;<\/p>\n<p><!-- [if gte mso 9]&gt;--><\/p>\n<p>&nbsp;<\/p>\n<p class=\"MsoNormal\"><span style=\"color: #008000\"><em><span style=\"font-size: 11.0pt;font-family: 'Verdana','sans-serif'\">Un rostro nuevo, una cara nueva entre los profesionales del Real Betis, que no sabe en estos momentos si jugar\u00e1 en el Bernab\u00e9u, pero que ya constituye una indudable esperanza entre los seguidores verdiblancos.<\/span><\/em><\/span><\/p>\n<p class=\"MsoNormal\"><span style=\"color: #008000\"><em><span style=\"font-size: 11.0pt;font-family: 'Verdana','sans-serif'\">Su nombre es Jos\u00e9 Antonio G\u00f3mez Alvarez de Eulate, conocido en el mundo futbol\u00edstico como Eulate, nacido en Salamanca el 10 de mayo de 1955, por lo que a\u00fan no tiene veintid\u00f3s a\u00f1os, pero hecho futbol\u00edsticamente en Ponferrada. El propio jugador nos cuenta su breve biograf\u00eda.<\/span><\/em><\/span><\/p>\n<p class=\"MsoNormal\"><span style=\"color: #008000\"><em><span style=\"font-size: 11.0pt;font-family: 'Verdana','sans-serif'\">\u00a0<\/span><\/em><\/span><\/p>\n<p class=\"MsoNormal\" style=\"margin-left: 36.0pt;text-indent: -18.0pt\"><span style=\"color: #008000\"><em><span style=\"font-size: 11.0pt;font-family: 'Verdana','sans-serif'\">&#8211;<span style=\"font-variant: normal;font-weight: normal;font-size: 7pt;line-height: normal;font-family: 'Times New Roman'\">\u00a0\u00a0\u00a0\u00a0\u00a0 <\/span><\/span><span style=\"font-size: 11.0pt;font-family: 'Verdana','sans-serif'\">S\u00ed, nac\u00ed en Salamanca, efectivamente; pero a los dos a\u00f1os ya resid\u00eda en Ponferrada, pues mi padre se march\u00f3 all\u00ed a trabajar, y con \u00e9l nos trasladamos toda la familia, que son mis padres y otro hermano m\u00edo. Por consiguiente, fue en Ponferrada donde me inici\u00e9 como futbolista. Empec\u00e9 en el equipo juvenil de Santa Marta de Ponferrada, y enseguida pas\u00e9 a la Ponferradina, con cuyo equipo jugu\u00e9 dos temporadas en Tercera Divisi\u00f3n, hasta que hace dos a\u00f1os me traspasaron al Betis, y aqu\u00ed estoy\u2026<\/span><\/em><\/span><\/p>\n<p class=\"MsoNormal\"><span style=\"color: #008000\"><em><span style=\"font-size: 11.0pt;font-family: 'Verdana','sans-serif'\">\u00a0<\/span><\/em><\/span><\/p>\n<p class=\"MsoNormal\"><span style=\"color: #008000\"><em><span style=\"font-size: 11.0pt;font-family: 'Verdana','sans-serif'\">Con arreglo a su figura, alto y fuerte, no habr\u00eda que preguntarle cu\u00e1l es su puesto en el equipo. En el Betis s\u00f3lo actu\u00f3 hasta ahora de extremo izquierdo, pero Eulate dice:<\/span><\/em><\/span><\/p>\n<p class=\"MsoNormal\" style=\"margin-left: 36.0pt;text-indent: -18.0pt\"><span style=\"color: #008000\"><em><span style=\"font-size: 11.0pt;font-family: 'Verdana','sans-serif'\">&#8211;<span style=\"font-variant: normal;font-weight: normal;font-size: 7pt;line-height: normal;font-family: 'Times New Roman'\">\u00a0\u00a0\u00a0\u00a0\u00a0 <\/span><\/span><span style=\"font-size: 11.0pt;font-family: 'Verdana','sans-serif'\">En verdad, mi puesto, el que creo que va mejor a mis condiciones, es el de delantero centro. En esa demarcaci\u00f3n jugu\u00e9 en los juveniles y en la Ponferradina. Pero yo juego all\u00e1 donde me manden\u2026<\/span><\/em><\/span><\/p>\n<p class=\"MsoNormal\" style=\"margin-left: 36.0pt;text-indent: -18.0pt\"><span style=\"color: #008000\"><em><span style=\"font-size: 11.0pt;font-family: 'Verdana','sans-serif'\">&#8211;<span style=\"font-variant: normal;font-weight: normal;font-size: 7pt;line-height: normal;font-family: 'Times New Roman'\">\u00a0\u00a0\u00a0\u00a0\u00a0 <\/span><\/span><span style=\"font-size: 11.0pt;font-family: 'Verdana','sans-serif'\">\u00bfNo ha tenido oportunidad hasta esta temporada?<\/span><\/em><\/span><\/p>\n<p class=\"MsoNormal\" style=\"margin-left: 36.0pt;text-indent: -18.0pt\"><span style=\"color: #008000\"><em><span style=\"font-size: 11.0pt;font-family: 'Verdana','sans-serif'\">&#8211;<span style=\"font-variant: normal;font-weight: normal;font-size: 7pt;line-height: normal;font-family: 'Times New Roman'\">\u00a0\u00a0\u00a0\u00a0\u00a0 <\/span><\/span><span style=\"font-size: 11.0pt;font-family: 'Verdana','sans-serif'\">Y el caso es que yo no lo esperaba. La pasada temporada estuve aqu\u00ed y solo intervine en los partidos amistosos y en los de la Copa de Andaluc\u00eda. Esta temporada, al iniciarse, el Betis me cedi\u00f3 al Jerez Industrial, en Tercera Divisi\u00f3n, pero la ausencia de Anzarda y las lesiones de Mendieta, Ladinski, Garc\u00eda Soriano, han precipitado mi incorporaci\u00f3n al equipo.<\/span><\/em><\/span><\/p>\n<p class=\"MsoNormal\" style=\"margin-left: 36.0pt;text-indent: -18.0pt\"><span style=\"color: #008000\"><em><span style=\"font-size: 11.0pt;font-family: 'Verdana','sans-serif'\">&#8211;<span style=\"font-variant: normal;font-weight: normal;font-size: 7pt;line-height: normal;font-family: 'Times New Roman'\">\u00a0\u00a0\u00a0\u00a0\u00a0 <\/span><\/span><span style=\"font-size: 11.0pt;font-family: 'Verdana','sans-serif'\">\u00bfSatisfecho?<\/span><\/em><\/span><\/p>\n<p class=\"MsoNormal\" style=\"margin-left: 36.0pt;text-indent: -18.0pt\"><span style=\"color: #008000\"><em><span style=\"font-size: 11.0pt;font-family: 'Verdana','sans-serif'\">&#8211;<span style=\"font-variant: normal;font-weight: normal;font-size: 7pt;line-height: normal;font-family: 'Times New Roman'\">\u00a0\u00a0\u00a0\u00a0\u00a0 <\/span><\/span><span style=\"font-size: 11.0pt;font-family: 'Verdana','sans-serif'\">He jugado poco. Un partido y, en otros, algunos ratos en la segunda parte, y siempre de extremo izquierdo. No me ha tratado mal la cr\u00edtica y los aficionados, hasta el momento, han sido tolerantes conmigo.<\/span><\/em><\/span><\/p>\n<p class=\"MsoNormal\" style=\"margin-left: 36.0pt;text-indent: -18.0pt\"><span style=\"color: #008000\"><em><span style=\"font-size: 11.0pt;font-family: 'Verdana','sans-serif'\">&#8211;<span style=\"font-variant: normal;font-weight: normal;font-size: 7pt;line-height: normal;font-family: 'Times New Roman'\">\u00a0\u00a0\u00a0\u00a0\u00a0 <\/span><\/span><span style=\"font-size: 11.0pt;font-family: 'Verdana','sans-serif'\">\u00bfNo ser\u00e1 dif\u00edcil lograr desplazar del equipo a dos delanteros centros como Mendieta y Ladinski?<\/span><\/em><\/span><\/p>\n<p class=\"MsoNormal\" style=\"margin-left: 36.0pt;text-indent: -18.0pt\"><span style=\"color: #008000\"><em><span style=\"font-size: 11.0pt;font-family: 'Verdana','sans-serif'\">&#8211;<span style=\"font-variant: normal;font-weight: normal;font-size: 7pt;line-height: normal;font-family: 'Times New Roman'\">\u00a0\u00a0\u00a0\u00a0\u00a0 <\/span><\/span><span style=\"font-size: 11.0pt;font-family: 'Verdana','sans-serif'\">S\u00ed. Ya lo creo que lo es. Pero no tengo excesiva prisa. Creo que, hasta ahora, con veinte a\u00f1os, me han salido las cosas muy bien y es una satisfacci\u00f3n pertenecer al Real Betis. Yo no so\u00f1aba con esto, con estar en un equipo de Primera cuando hace dos a\u00f1os jugaba en Ponferrada. Por eso, en cuanto me den una oportunidad, sabr\u00e9 aprovecharla.<\/span><\/em><\/span><\/p>\n<p class=\"MsoNormal\" style=\"margin-left: 36.0pt;text-indent: -18.0pt\"><span style=\"color: #008000\"><em><span style=\"font-size: 11.0pt;font-family: 'Verdana','sans-serif'\">&#8211;<span style=\"font-variant: normal;font-weight: normal;font-size: 7pt;line-height: normal;font-family: 'Times New Roman'\">\u00a0\u00a0\u00a0\u00a0\u00a0 <\/span><\/span><span style=\"font-size: 11.0pt;font-family: 'Verdana','sans-serif'\">\u00bfTe gustar\u00eda que fuera en Madrid?<\/span><\/em><\/span><\/p>\n<p class=\"MsoNormal\" style=\"margin-left: 36.0pt;text-indent: -18.0pt\"><span style=\"color: #008000\"><em><span style=\"font-size: 11.0pt;font-family: 'Verdana','sans-serif'\">&#8211;<span style=\"font-variant: normal;font-weight: normal;font-size: 7pt;line-height: normal;font-family: 'Times New Roman'\">\u00a0\u00a0\u00a0\u00a0\u00a0 <\/span><\/span><span style=\"font-size: 11.0pt;font-family: 'Verdana','sans-serif'\">Bueno, jugar en Madrid, frente al Real Madrid y ante la c\u00e1tedra de aquella afici\u00f3n, es algo que constituye un sue\u00f1o para m\u00ed. De todas formas, estoy a disposici\u00f3n del entrenador y, si me alinea, cumplir\u00e9 ese sue\u00f1o.<\/span><\/em><\/span><\/p>\n<p class=\"MsoNormal\" style=\"margin-left: 36.0pt;text-indent: -18.0pt\"><span style=\"color: #008000\"><em><span style=\"font-size: 11.0pt;font-family: 'Verdana','sans-serif'\">&#8211;<span style=\"font-variant: normal;font-weight: normal;font-size: 7pt;line-height: normal;font-family: 'Times New Roman'\">\u00a0\u00a0\u00a0\u00a0\u00a0 <\/span><\/span><span style=\"font-size: 11.0pt;font-family: 'Verdana','sans-serif'\">\u00bfDif\u00edcil el partido del Bernab\u00e9u?<\/span><\/em><\/span><\/p>\n<p class=\"MsoNormal\" style=\"margin-left: 36.0pt;text-indent: -18.0pt\"><span style=\"color: #008000\"><em><span style=\"font-size: 11.0pt;font-family: 'Verdana','sans-serif'\">&#8211;<span style=\"font-variant: normal;font-weight: normal;font-size: 7pt;line-height: normal;font-family: 'Times New Roman'\">\u00a0\u00a0\u00a0\u00a0\u00a0 <\/span><\/span><span style=\"font-size: 11.0pt;font-family: 'Verdana','sans-serif'\">Mucho. Ya lo demostr\u00f3 el Madrid al ganar en el Villamar\u00edn en la primera vuelta. En aquella ocasi\u00f3n estaba yo cedido al Jerez Industrial, pero no creo descubrir nada si digo que sorprender al Real Madrid en su campo es toda una proeza.<\/span><\/em><\/span><\/p>\n<p class=\"MsoNormal\" style=\"margin-left: 36.0pt;text-indent: -18.0pt\"><span style=\"color: #008000\"><em><span style=\"font-size: 11.0pt;font-family: 'Verdana','sans-serif'\">&#8211;<span style=\"font-variant: normal;font-weight: normal;font-size: 7pt;line-height: normal;font-family: 'Times New Roman'\">\u00a0\u00a0\u00a0\u00a0\u00a0 <\/span><\/span><span style=\"font-size: 11.0pt;font-family: 'Verdana','sans-serif'\">\u00bfPocos \u00e1nimos, entonces, entre los jugadores\u2026?<\/span><\/em><\/span><\/p>\n<p class=\"MsoNormal\" style=\"margin-left: 36.0pt;text-indent: -18.0pt\"><span style=\"color: #008000\"><em><span style=\"font-size: 11.0pt;font-family: 'Verdana','sans-serif'\">&#8211;<span style=\"font-variant: normal;font-weight: normal;font-size: 7pt;line-height: normal;font-family: 'Times New Roman'\">\u00a0\u00a0\u00a0\u00a0\u00a0 <\/span><\/span><span style=\"font-size: 11.0pt;font-family: 'Verdana','sans-serif'\">No. Qu\u00e9 va. Todo lo contrario. El Betis ha puntuado este a\u00f1o en campos muy dif\u00edciles. Todos los jugadores\u00a0 estamos animados, pues jugamos sin preocupaci\u00f3n alguna ni nerviosismo. Pero ganar o puntuar en Madrid\u2026<\/span><\/em><\/span><\/p>\n<p class=\"MsoNormal\"><span style=\"color: #008000\"><em><span style=\"font-size: 11.0pt;font-family: 'Verdana','sans-serif'\">\u00a0<\/span><\/em><\/span><\/p>\n<p class=\"MsoNormal\"><span style=\"color: #008000\"><em><span style=\"font-size: 11.0pt;font-family: 'Verdana','sans-serif'\">La m\u00e1xima aspiraci\u00f3n. La inmediata ilusi\u00f3n de Eulate ser\u00eda enfrentarse al Real Madrid, el domingo, en el Bernab\u00e9u. Un joven jugador, una cara nueva en el Real Betis,\u00a0 la de este futbolista hecho en Ponferrada, cuyas posibilidades ilusionan a la afici\u00f3n verdiblanca.<\/span><\/em><\/span><\/p>\n<p class=\"MsoNormal\"><i><span style=\"font-size: 11.0pt;font-family: 'Verdana','sans-serif'\">\u00a0<\/span><\/i><\/p>\n<p class=\"MsoNormal\"><span style=\"font-size: 11.0pt;font-family: 'Verdana','sans-serif'\">Fuente: Justo Andr\u00e9s en AS 7 de febrero de 1976<i>\u00a0\u00a0 \u00a0\u00a0\u00a0\u00a0\u00a0<\/i><\/span><\/p>\n<p class=\"MsoNormal\"><i><span style=\"font-size: 11.0pt;font-family: 'Verdana','sans-serif'\">\u00a0<\/span><\/i><\/p>\n","protected":false},"excerpt":{"rendered":"<p>Jos\u00e9 Antonio Eulate lleg\u00f3 al Betis en 1974 con tan solo 19 a\u00f1os procedente de la Ponferradina, que por entonces militaba en la Tercera divisi\u00f3n. En su primera temporada particip\u00f3 muy poco con el primer equipo b\u00e9tico, tan solo un partido de Copa y 3 amistosos, adem\u00e1s de 10 partidos del Campeonato de Andaluc\u00eda de&#8230;<\/p>\n","protected":false},"author":5,"featured_media":31978,"comment_status":"open","ping_status":"open","sticky":false,"template":"","format":"standard","meta":{"_kad_post_transparent":"","_kad_post_title":"","_kad_post_layout":"","_kad_post_sidebar_id":"","_kad_post_content_style":"","_kad_post_vertical_padding":"","_kad_post_feature":"","_kad_post_feature_position":"","_kad_post_header":false,"_kad_post_footer":false,"_kad_post_classname":"","_jetpack_memberships_contains_paid_content":false,"footnotes":"","jetpack_publicize_message":"","jetpack_publicize_feature_enabled":true,"jetpack_social_post_already_shared":true,"jetpack_social_options":{"image_generator_settings":{"template":"highway","default_image_id":0,"font":"","enabled":false},"version":2}},"categories":[903,893,1],"tags":[2504,1556,1301,17030],"class_list":["post-31977","post","type-post","status-publish","format-standard","has-post-thumbnail","hentry","category-1970-1979","category-jugadores-temas","category-portada","tag-1975-76","tag-1556","tag-jose-antonio-eulate","tag-justo-andres"],"jetpack_publicize_connections":[],"jetpack_featured_media_url":"https:\/\/i0.wp.com\/www.manquepierda.com\/historiarealbetis\/files\/2013\/08\/Eulate-1.jpg?fit=111%2C176&ssl=1","jetpack_sharing_enabled":true,"jetpack_shortlink":"https:\/\/wp.me\/p1ij08-8jL","jetpack-related-posts":[],"_links":{"self":[{"href":"https:\/\/www.manquepierda.com\/historiarealbetis\/wp-json\/wp\/v2\/posts\/31977","targetHints":{"allow":["GET"]}}],"collection":[{"href":"https:\/\/www.manquepierda.com\/historiarealbetis\/wp-json\/wp\/v2\/posts"}],"about":[{"href":"https:\/\/www.manquepierda.com\/historiarealbetis\/wp-json\/wp\/v2\/types\/post"}],"author":[{"embeddable":true,"href":"https:\/\/www.manquepierda.com\/historiarealbetis\/wp-json\/wp\/v2\/users\/5"}],"replies":[{"embeddable":true,"href":"https:\/\/www.manquepierda.com\/historiarealbetis\/wp-json\/wp\/v2\/comments?post=31977"}],"version-history":[{"count":1,"href":"https:\/\/www.manquepierda.com\/historiarealbetis\/wp-json\/wp\/v2\/posts\/31977\/revisions"}],"predecessor-version":[{"id":100944,"href":"https:\/\/www.manquepierda.com\/historiarealbetis\/wp-json\/wp\/v2\/posts\/31977\/revisions\/100944"}],"wp:featuredmedia":[{"embeddable":true,"href":"https:\/\/www.manquepierda.com\/historiarealbetis\/wp-json\/wp\/v2\/media\/31978"}],"wp:attachment":[{"href":"https:\/\/www.manquepierda.com\/historiarealbetis\/wp-json\/wp\/v2\/media?parent=31977"}],"wp:term":[{"taxonomy":"category","embeddable":true,"href":"https:\/\/www.manquepierda.com\/historiarealbetis\/wp-json\/wp\/v2\/categories?post=31977"},{"taxonomy":"post_tag","embeddable":true,"href":"https:\/\/www.manquepierda.com\/historiarealbetis\/wp-json\/wp\/v2\/tags?post=31977"}],"curies":[{"name":"wp","href":"https:\/\/api.w.org\/{rel}","templated":true}]}}