{"id":31981,"date":"2013-08-20T10:01:51","date_gmt":"2013-08-20T08:01:51","guid":{"rendered":"http:\/\/www.manquepierda.com\/historiarealbetis\/?p=31981"},"modified":"2024-09-28T20:46:09","modified_gmt":"2024-09-28T18:46:09","slug":"betis-gimnatico-de-tarragona-liga-1946","status":"publish","type":"post","link":"https:\/\/www.manquepierda.com\/historiarealbetis\/betis-gimnatico-de-tarragona-liga-1946\/","title":{"rendered":"Betis-Gimn\u00e1stico de Tarragona Liga 1946"},"content":{"rendered":"<figure id=\"attachment_31982\" aria-describedby=\"caption-attachment-31982\" style=\"width: 680px\" class=\"wp-caption aligncenter\"><a href=\"https:\/\/www.manquepierda.com\/historiarealbetis\/31981-betis-gimnatico-de-tarragona-liga-1946\/1946-02-02-betis-tarragona-remate-de-roldan\/\" rel=\"attachment wp-att-31982\"><img data-recalc-dims=\"1\" loading=\"lazy\" decoding=\"async\" class=\"size-medium wp-image-31982\" src=\"https:\/\/i0.wp.com\/www.manquepierda.com\/historiarealbetis\/files\/2013\/08\/1946-02-02-Betis-Tarragona-Remate-de-Rold%C3%A1n.jpg?resize=680%2C484&#038;ssl=1\" alt=\"Fuente: Trofeo 2 de ferero de 1946\" width=\"680\" height=\"484\" srcset=\"https:\/\/i0.wp.com\/www.manquepierda.com\/historiarealbetis\/files\/2013\/08\/1946-02-02-Betis-Tarragona-Remate-de-Rold%C3%A1n.jpg?resize=680%2C484&amp;ssl=1 680w, https:\/\/i0.wp.com\/www.manquepierda.com\/historiarealbetis\/files\/2013\/08\/1946-02-02-Betis-Tarragona-Remate-de-Rold%C3%A1n.jpg?resize=220%2C156&amp;ssl=1 220w, https:\/\/i0.wp.com\/www.manquepierda.com\/historiarealbetis\/files\/2013\/08\/1946-02-02-Betis-Tarragona-Remate-de-Rold%C3%A1n.jpg?resize=75%2C52&amp;ssl=1 75w, https:\/\/i0.wp.com\/www.manquepierda.com\/historiarealbetis\/files\/2013\/08\/1946-02-02-Betis-Tarragona-Remate-de-Rold%C3%A1n.jpg?w=923&amp;ssl=1 923w\" sizes=\"auto, (max-width: 680px) 100vw, 680px\" \/><\/a><figcaption id=\"caption-attachment-31982\" class=\"wp-caption-text\">Fuente: Trofeo 2 de febrero de 1946<\/figcaption><\/figure>\n<p>&nbsp;<\/p>\n<p>27 de enero de 1946 en Heli\u00f3polis\u00a0 Betis 6\u00a0 Gimn\u00e1stico de Tarragona 1 ; jornada 17 del Campeonato de Liga de Segunda Divisi\u00f3n.<\/p>\n<p>En la imagen el delantero b\u00e9tico Rold\u00e1n consigue uno de los cinco tantos que marc\u00f3 ese d\u00eda frente al conjunto catal\u00e1n. Un d\u00eda marcado por el traspaso clandestino\u00a0 del jugador Ant\u00fanez al Sevilla. A esa misma hora debutaba en Chamart\u00edn con el equipo sevillista. La afici\u00f3n b\u00e9tica reaccion\u00f3 llenando Heli\u00f3polis y en una petici\u00f3n de ayuda al club se recaudaron 60.000 pesetas para intentar paralizar el ilegal traspaso.<\/p>\n<p>Pedro Sol\u00e9 entrenaba al Betis y Jos\u00e9 Nogu\u00e9s al Nastic.<\/p>\n","protected":false},"excerpt":{"rendered":"<p>&nbsp; 27 de enero de 1946 en Heli\u00f3polis\u00a0 Betis 6\u00a0 Gimn\u00e1stico de Tarragona 1 ; jornada 17 del Campeonato de Liga de Segunda Divisi\u00f3n. En la imagen el delantero b\u00e9tico Rold\u00e1n consigue uno de los cinco tantos que marc\u00f3 ese d\u00eda frente al conjunto catal\u00e1n. Un d\u00eda marcado por el traspaso clandestino\u00a0 del jugador Ant\u00fanez&#8230;<\/p>\n","protected":false},"author":5,"featured_media":31982,"comment_status":"open","ping_status":"open","sticky":false,"template":"","format":"standard","meta":{"_kad_post_transparent":"","_kad_post_title":"","_kad_post_layout":"","_kad_post_sidebar_id":"","_kad_post_content_style":"","_kad_post_vertical_padding":"","_kad_post_feature":"","_kad_post_feature_position":"","_kad_post_header":false,"_kad_post_footer":false,"_kad_post_classname":"","_jetpack_memberships_contains_paid_content":false,"footnotes":"","jetpack_publicize_message":"","jetpack_publicize_feature_enabled":true,"jetpack_social_post_already_shared":true,"jetpack_social_options":{"image_generator_settings":{"template":"highway","default_image_id":0,"font":"","enabled":false},"version":2}},"categories":[900,1],"tags":[2621,1283,2212,17857,1496],"class_list":["post-31981","post","type-post","status-publish","format-standard","has-post-thumbnail","hentry","category-1940-1949","category-portada","tag-1945-46","tag-1283","tag-gimnastico-de-tarragona","tag-liga-segunda-1945-46","tag-ramon-blanco-roldan"],"jetpack_publicize_connections":[],"jetpack_featured_media_url":"https:\/\/i0.wp.com\/www.manquepierda.com\/historiarealbetis\/files\/2013\/08\/1946-02-02-Betis-Tarragona-Remate-de-Rold%C3%A1n.jpg?fit=923%2C658&ssl=1","jetpack_sharing_enabled":true,"jetpack_shortlink":"https:\/\/wp.me\/p1ij08-8jP","jetpack-related-posts":[],"_links":{"self":[{"href":"https:\/\/www.manquepierda.com\/historiarealbetis\/wp-json\/wp\/v2\/posts\/31981","targetHints":{"allow":["GET"]}}],"collection":[{"href":"https:\/\/www.manquepierda.com\/historiarealbetis\/wp-json\/wp\/v2\/posts"}],"about":[{"href":"https:\/\/www.manquepierda.com\/historiarealbetis\/wp-json\/wp\/v2\/types\/post"}],"author":[{"embeddable":true,"href":"https:\/\/www.manquepierda.com\/historiarealbetis\/wp-json\/wp\/v2\/users\/5"}],"replies":[{"embeddable":true,"href":"https:\/\/www.manquepierda.com\/historiarealbetis\/wp-json\/wp\/v2\/comments?post=31981"}],"version-history":[{"count":1,"href":"https:\/\/www.manquepierda.com\/historiarealbetis\/wp-json\/wp\/v2\/posts\/31981\/revisions"}],"predecessor-version":[{"id":99805,"href":"https:\/\/www.manquepierda.com\/historiarealbetis\/wp-json\/wp\/v2\/posts\/31981\/revisions\/99805"}],"wp:featuredmedia":[{"embeddable":true,"href":"https:\/\/www.manquepierda.com\/historiarealbetis\/wp-json\/wp\/v2\/media\/31982"}],"wp:attachment":[{"href":"https:\/\/www.manquepierda.com\/historiarealbetis\/wp-json\/wp\/v2\/media?parent=31981"}],"wp:term":[{"taxonomy":"category","embeddable":true,"href":"https:\/\/www.manquepierda.com\/historiarealbetis\/wp-json\/wp\/v2\/categories?post=31981"},{"taxonomy":"post_tag","embeddable":true,"href":"https:\/\/www.manquepierda.com\/historiarealbetis\/wp-json\/wp\/v2\/tags?post=31981"}],"curies":[{"name":"wp","href":"https:\/\/api.w.org\/{rel}","templated":true}]}}