{"id":32007,"date":"2013-08-15T12:48:57","date_gmt":"2013-08-15T10:48:57","guid":{"rendered":"http:\/\/www.manquepierda.com\/historiarealbetis\/?p=32007"},"modified":"2024-08-19T08:52:04","modified_gmt":"2024-08-19T06:52:04","slug":"2013-agosto-15-jueves-1966-agosto-15-lunes-47o-aniversario-40o-presidente-real-betis-balompie","status":"publish","type":"post","link":"https:\/\/www.manquepierda.com\/historiarealbetis\/2013-agosto-15-jueves-1966-agosto-15-lunes-47o-aniversario-40o-presidente-real-betis-balompie\/","title":{"rendered":"2013-Agosto 15 jueves.-1966-Agosto 15 Lunes.-47\u00ba Aniversario 40\u00ba Presidente Real Betis Balompi\u00e9."},"content":{"rendered":"<p><a href=\"https:\/\/www.manquepierda.com\/historiarealbetis\/30928-1956-junio-17-fase-ascenso1adivision-club-deportivo-alaves-1-vs-real-betis-balompie-1-gol\/cartadespedidabenitovillamarinprieto-4\/\" rel=\"attachment wp-att-30938\"><img data-recalc-dims=\"1\" loading=\"lazy\" decoding=\"async\" class=\"aligncenter size-medium wp-image-30938\" alt=\"CartaDespedidaBenitoVillamar\u00ednPrieto\" src=\"https:\/\/i0.wp.com\/www.manquepierda.com\/historiarealbetis\/files\/2013\/06\/CartaDespedidaBenitoVillamar%C3%ADnPrieto.jpg?resize=502%2C600&#038;ssl=1\" width=\"502\" height=\"600\" srcset=\"https:\/\/i0.wp.com\/www.manquepierda.com\/historiarealbetis\/files\/2013\/06\/CartaDespedidaBenitoVillamar%C3%ADnPrieto.jpg?resize=502%2C600&amp;ssl=1 502w, https:\/\/i0.wp.com\/www.manquepierda.com\/historiarealbetis\/files\/2013\/06\/CartaDespedidaBenitoVillamar%C3%ADnPrieto.jpg?resize=184%2C220&amp;ssl=1 184w, https:\/\/i0.wp.com\/www.manquepierda.com\/historiarealbetis\/files\/2013\/06\/CartaDespedidaBenitoVillamar%C3%ADnPrieto.jpg?resize=586%2C700&amp;ssl=1 586w, https:\/\/i0.wp.com\/www.manquepierda.com\/historiarealbetis\/files\/2013\/06\/CartaDespedidaBenitoVillamar%C3%ADnPrieto.jpg?resize=1024%2C1222&amp;ssl=1 1024w, https:\/\/i0.wp.com\/www.manquepierda.com\/historiarealbetis\/files\/2013\/06\/CartaDespedidaBenitoVillamar%C3%ADnPrieto.jpg?resize=418%2C500&amp;ssl=1 418w\" sizes=\"auto, (max-width: 502px) 100vw, 502px\" \/><\/a><\/p>\n<figure id=\"attachment_32008\" aria-describedby=\"caption-attachment-32008\" style=\"width: 202px\" class=\"wp-caption aligncenter\"><a href=\"https:\/\/www.manquepierda.com\/historiarealbetis\/32007-2013-agosto-15-jueves-1966-agosto-15-lunes-47o-aniversario-40o-presidente-real-betis-balompie\/bvp-3\/\" rel=\"attachment wp-att-32008\"><img data-recalc-dims=\"1\" loading=\"lazy\" decoding=\"async\" class=\"size-full wp-image-32008\" alt=\"colecci\u00f3n Enrique A\u00f1ino Ca\u00f1al.\" src=\"https:\/\/i0.wp.com\/www.manquepierda.com\/historiarealbetis\/files\/2013\/08\/BVP.jpeg?resize=202%2C250&#038;ssl=1\" width=\"202\" height=\"250\" srcset=\"https:\/\/i0.wp.com\/www.manquepierda.com\/historiarealbetis\/files\/2013\/08\/BVP.jpeg?w=202&amp;ssl=1 202w, https:\/\/i0.wp.com\/www.manquepierda.com\/historiarealbetis\/files\/2013\/08\/BVP.jpeg?resize=177%2C220&amp;ssl=1 177w\" sizes=\"auto, (max-width: 202px) 100vw, 202px\" \/><\/a><figcaption id=\"caption-attachment-32008\" class=\"wp-caption-text\">R. I. P. A.<\/figcaption><\/figure>\n","protected":false},"excerpt":{"rendered":"","protected":false},"author":48,"featured_media":30938,"comment_status":"open","ping_status":"open","sticky":false,"template":"","format":"standard","meta":{"_kad_post_transparent":"","_kad_post_title":"","_kad_post_layout":"","_kad_post_sidebar_id":"","_kad_post_content_style":"","_kad_post_vertical_padding":"","_kad_post_feature":"","_kad_post_feature_position":"","_kad_post_header":false,"_kad_post_footer":false,"_kad_post_classname":"","_jetpack_memberships_contains_paid_content":false,"footnotes":"","jetpack_publicize_message":"","jetpack_publicize_feature_enabled":true,"jetpack_social_post_already_shared":true,"jetpack_social_options":{"image_generator_settings":{"template":"highway","default_image_id":0,"font":"","enabled":false},"version":2}},"categories":[902,3,891,1],"tags":[1592,2224,145],"class_list":["post-32007","post","type-post","status-publish","format-standard","has-post-thumbnail","hentry","category-1960-1969","category-actualidad","category-directivos-temas","category-portada","tag-1592","tag-1966-67","tag-benito-villamarin"],"jetpack_publicize_connections":[],"jetpack_featured_media_url":"https:\/\/i0.wp.com\/www.manquepierda.com\/historiarealbetis\/files\/2013\/06\/CartaDespedidaBenitoVillamar%C3%ADnPrieto.jpg?fit=2295%2C2739&ssl=1","jetpack_sharing_enabled":true,"jetpack_shortlink":"https:\/\/wp.me\/p1ij08-8kf","jetpack-related-posts":[],"_links":{"self":[{"href":"https:\/\/www.manquepierda.com\/historiarealbetis\/wp-json\/wp\/v2\/posts\/32007","targetHints":{"allow":["GET"]}}],"collection":[{"href":"https:\/\/www.manquepierda.com\/historiarealbetis\/wp-json\/wp\/v2\/posts"}],"about":[{"href":"https:\/\/www.manquepierda.com\/historiarealbetis\/wp-json\/wp\/v2\/types\/post"}],"author":[{"embeddable":true,"href":"https:\/\/www.manquepierda.com\/historiarealbetis\/wp-json\/wp\/v2\/users\/48"}],"replies":[{"embeddable":true,"href":"https:\/\/www.manquepierda.com\/historiarealbetis\/wp-json\/wp\/v2\/comments?post=32007"}],"version-history":[{"count":1,"href":"https:\/\/www.manquepierda.com\/historiarealbetis\/wp-json\/wp\/v2\/posts\/32007\/revisions"}],"predecessor-version":[{"id":97058,"href":"https:\/\/www.manquepierda.com\/historiarealbetis\/wp-json\/wp\/v2\/posts\/32007\/revisions\/97058"}],"wp:featuredmedia":[{"embeddable":true,"href":"https:\/\/www.manquepierda.com\/historiarealbetis\/wp-json\/wp\/v2\/media\/30938"}],"wp:attachment":[{"href":"https:\/\/www.manquepierda.com\/historiarealbetis\/wp-json\/wp\/v2\/media?parent=32007"}],"wp:term":[{"taxonomy":"category","embeddable":true,"href":"https:\/\/www.manquepierda.com\/historiarealbetis\/wp-json\/wp\/v2\/categories?post=32007"},{"taxonomy":"post_tag","embeddable":true,"href":"https:\/\/www.manquepierda.com\/historiarealbetis\/wp-json\/wp\/v2\/tags?post=32007"}],"curies":[{"name":"wp","href":"https:\/\/api.w.org\/{rel}","templated":true}]}}