{"id":32118,"date":"2013-08-20T20:01:47","date_gmt":"2013-08-20T18:01:47","guid":{"rendered":"http:\/\/www.manquepierda.com\/historiarealbetis\/?p=32118"},"modified":"2024-08-08T19:36:24","modified_gmt":"2024-08-08T17:36:24","slug":"1928-diciembre-25-10opuesto-1a-1928-1929-real-betis-balompie-2-goles-vs-cd-alaves-1","status":"publish","type":"post","link":"https:\/\/www.manquepierda.com\/historiarealbetis\/1928-diciembre-25-10opuesto-1a-1928-1929-real-betis-balompie-2-goles-vs-cd-alaves-1\/","title":{"rendered":"1928-Diciembre 25-10\u00baPuesto-1\u00aa 1928-1929: Real Betis Balompi\u00e9-2 goles vs. CD Alav\u00e9s-1."},"content":{"rendered":"<figure id=\"attachment_32121\" aria-describedby=\"caption-attachment-32121\" style=\"width: 481px\" class=\"wp-caption aligncenter\"><a href=\"https:\/\/www.manquepierda.com\/historiarealbetis\/32118-1928-diciembre-25-10opuesto-1a-1928-1929-real-betis-balompie-2-goles-vs-cd-alaves-1\/19281225rbb-2-cdalaves-1\/\" rel=\"attachment wp-att-32121\"><img data-recalc-dims=\"1\" loading=\"lazy\" decoding=\"async\" class=\"size-medium wp-image-32121\" alt=\"OCPMG895-Foto Cort\u00e9s.\" src=\"https:\/\/i0.wp.com\/www.manquepierda.com\/historiarealbetis\/files\/2013\/08\/19281225RBB-2-CDAlav%C3%A9s-1.jpg?resize=481%2C600&#038;ssl=1\" width=\"481\" height=\"600\" srcset=\"https:\/\/i0.wp.com\/www.manquepierda.com\/historiarealbetis\/files\/2013\/08\/19281225RBB-2-CDAlav%C3%A9s-1.jpg?resize=481%2C600&amp;ssl=1 481w, https:\/\/i0.wp.com\/www.manquepierda.com\/historiarealbetis\/files\/2013\/08\/19281225RBB-2-CDAlav%C3%A9s-1.jpg?resize=176%2C220&amp;ssl=1 176w, https:\/\/i0.wp.com\/www.manquepierda.com\/historiarealbetis\/files\/2013\/08\/19281225RBB-2-CDAlav%C3%A9s-1.jpg?resize=561%2C700&amp;ssl=1 561w\" sizes=\"auto, (max-width: 481px) 100vw, 481px\" \/><\/a><figcaption id=\"caption-attachment-32121\" class=\"wp-caption-text\"><strong>\u00abParad\u00f3n de JES\u00daS \u00abManos Duras\u00bb y a la espectativa su compa\u00f1ero\u00a0 ANGELILLO\u00bb.\u00a0\u00a0\u00a0\u00a0\u00a0 <\/strong>OCPMG895-Foto Cort\u00e9s.<\/figcaption><\/figure>\n<p><em><strong>1928-DICIEMBRE 25-MARTES EN MADRID.-STADIUM METROPOLITANO.-ENCUENTRO VALEDERO PARA LA CLASIFICACI\u00d3N DEL D\u00c9CIMO PUESTO LIGA NACIONAL DE PRIMERA DIVISI\u00d3N-APERTURA PRIMERA TEMPORADA 1928-1929.<\/strong><\/em><\/p>\n<p style=\"text-align: center\">Arbitr\u00f3 el colegiado catal\u00e1n Camorena.-Alineando a las escuadras siguientes:<\/p>\n<p style=\"text-align: center\"><a href=\"https:\/\/www.manquepierda.com\/historiarealbetis\/32118-1928-diciembre-25-10opuesto-1a-1928-1929-real-betis-balompie-2-goles-vs-cd-alaves-1\/n_deportivo_alaves_escudo_deportio_alaves-19577-gif\/\" rel=\"attachment wp-att-32127\"><img data-recalc-dims=\"1\" loading=\"lazy\" decoding=\"async\" class=\"aligncenter size-thumbnail wp-image-32127\" alt=\"Escudo CD Alav\u00e9s.gif\" src=\"https:\/\/i0.wp.com\/www.manquepierda.com\/historiarealbetis\/files\/2013\/08\/n_deportivo_alaves_escudo_deportio_alaves-19577.gif.jpeg?resize=164%2C220&#038;ssl=1\" width=\"164\" height=\"220\" srcset=\"https:\/\/i0.wp.com\/www.manquepierda.com\/historiarealbetis\/files\/2013\/08\/n_deportivo_alaves_escudo_deportio_alaves-19577.gif.jpeg?resize=164%2C220&amp;ssl=1 164w, https:\/\/i0.wp.com\/www.manquepierda.com\/historiarealbetis\/files\/2013\/08\/n_deportivo_alaves_escudo_deportio_alaves-19577.gif.jpeg?w=297&amp;ssl=1 297w\" sizes=\"auto, (max-width: 164px) 100vw, 164px\" \/><\/a>CLUB DEPORTIVO ALAV\u00c9S-1 Tanto.<\/p>\n<p style=\"text-align: center\">Presidente don Jos\u00e9 Gabriel De Guinea.<\/p>\n<p style=\"text-align: center\">Entrenador Amadeo Garc\u00eda De Salazar Luco.<\/p>\n<p style=\"text-align: left\">Tiburcio BERISTAIN (portero).-CIRIACO Errasti <strong>(2-1 a los 84 minutos)<\/strong>-Jacinto Francisco Fern\u00e1ndez De QUINCOCES (defensas).-CAMIO-ANTERO Gonz\u00e1lez de Audicana-URQUIDI (medios).-Manuel OLIVARES Lape\u00f1a-MODESTO-IBARRAR\u00c1N-Baltasar ALB\u00c9NIZ-CACHO (delanteros).<\/p>\n<p style=\"text-align: center\"><em><strong>VS.<\/strong><\/em><\/p>\n<figure id=\"attachment_32072\" aria-describedby=\"caption-attachment-32072\" style=\"width: 154px\" class=\"wp-caption aligncenter\"><a href=\"https:\/\/www.manquepierda.com\/historiarealbetis\/32067-1928-octubre-07-nervion-inauguracion-sevilla-fbc-1-vs-real-betis-balompie-2-goles\/1920rbb-6\/\" rel=\"attachment wp-att-32072\"><img data-recalc-dims=\"1\" loading=\"lazy\" decoding=\"async\" class=\"size-full wp-image-32072\" alt=\"colecci\u00f3n e.a.c.\" src=\"https:\/\/i0.wp.com\/www.manquepierda.com\/historiarealbetis\/files\/2013\/08\/1920RBB.jpg?resize=154%2C154&#038;ssl=1\" width=\"154\" height=\"154\" srcset=\"https:\/\/i0.wp.com\/www.manquepierda.com\/historiarealbetis\/files\/2013\/08\/1920RBB.jpg?w=154&amp;ssl=1 154w, https:\/\/i0.wp.com\/www.manquepierda.com\/historiarealbetis\/files\/2013\/08\/1920RBB.jpg?resize=500%2C500&amp;ssl=1 500w\" sizes=\"auto, (max-width: 154px) 100vw, 154px\" \/><\/a><figcaption id=\"caption-attachment-32072\" class=\"wp-caption-text\">colecci\u00f3n e.a.c.<\/figcaption><\/figure>\n<p style=\"text-align: center\"><em><strong>REAL BETIS BALOMPI\u00c9-2 GOLES.<\/strong><\/em><\/p>\n<p style=\"text-align: left\"><em><strong>1-0.-50 Minutos:\u00a0 Avamce por su banda de \u00abRomerito\u00bb que finaliza en c\u00f3rner.\u00a0 Lanzado \u00e9ste desde la derecha, rechace del meta Berist\u00e1in-origin\u00e1ndose una \u00abmel\u00e9e\u00bb-recepcionando el esferico ENRIQUE logrando inaugurar el marcador del Stadium Metropolitano.<\/strong><\/em><\/p>\n<p style=\"text-align: left\"><em><strong>2-0.-70 Minutos:\u00a0 Andr\u00e9s ARANDA con un tiro archisuperi\u00f3 fusila al meta del Club Deportivo Alav\u00e9s.<\/strong><\/em><\/p>\n<p style=\"text-align: center\"><em><strong>SECRETAR\u00cdA, calle Mu\u00f1oz Oliv\u00e9 n\u00ba 7.-\u00abCiudad del Betis\u00bb.<\/strong><\/em><\/p>\n<p style=\"text-align: center\"><em><strong>XX Presidente Real Betis Balompi\u00e9-Temporadas 1927-1928 (Mayo-Diciembre)\u00a0 y\u00a0 1928-1929, ambas inclusive.<\/strong><\/em><\/p>\n<figure id=\"attachment_32128\" aria-describedby=\"caption-attachment-32128\" style=\"width: 151px\" class=\"wp-caption aligncenter\"><a href=\"https:\/\/www.manquepierda.com\/historiarealbetis\/32118-1928-diciembre-25-10opuesto-1a-1928-1929-real-betis-balompie-2-goles-vs-cd-alaves-1\/ignacio-sanchez-mejias-7\/\" rel=\"attachment wp-att-32128\"><img data-recalc-dims=\"1\" loading=\"lazy\" decoding=\"async\" class=\"size-thumbnail wp-image-32128\" alt=\"colecci\u00f3n e. a. c.\" src=\"https:\/\/i0.wp.com\/www.manquepierda.com\/historiarealbetis\/files\/2013\/08\/Ignacio-S%C3%81NCHEZ-Mej%C3%ADas-151x220.jpg?resize=151%2C220&#038;ssl=1\" width=\"151\" height=\"220\" srcset=\"https:\/\/i0.wp.com\/www.manquepierda.com\/historiarealbetis\/files\/2013\/08\/Ignacio-S%C3%81NCHEZ-Mej%C3%ADas.jpg?resize=151%2C220&amp;ssl=1 151w, https:\/\/i0.wp.com\/www.manquepierda.com\/historiarealbetis\/files\/2013\/08\/Ignacio-S%C3%81NCHEZ-Mej%C3%ADas.jpg?resize=413%2C600&amp;ssl=1 413w, https:\/\/i0.wp.com\/www.manquepierda.com\/historiarealbetis\/files\/2013\/08\/Ignacio-S%C3%81NCHEZ-Mej%C3%ADas.jpg?resize=482%2C700&amp;ssl=1 482w, https:\/\/i0.wp.com\/www.manquepierda.com\/historiarealbetis\/files\/2013\/08\/Ignacio-S%C3%81NCHEZ-Mej%C3%ADas.jpg?w=675&amp;ssl=1 675w\" sizes=\"auto, (max-width: 151px) 100vw, 151px\" \/><\/a><figcaption id=\"caption-attachment-32128\" class=\"wp-caption-text\">colecci\u00f3n e. a. c.<\/figcaption><\/figure>\n<p style=\"text-align: center\"><em><strong>DON IGNACIO S\u00c1NCHEZ MEJ\u00cdAS (37 A\u00f1os).-Actor de cine,\u00a0 automovilismo,\u00a0 escritor de libretos teatrales,\u00a0 jugador de Polo\u00a0 y\u00a0 Torero.<\/strong><\/em><\/p>\n<p style=\"text-align: center\"><em><strong>SEVILLA, s\u00e1bado 06 de Junio de 1891.-MADRID, lunes 13 de Agosto de 1934.-43 A\u00f1os.-D. E. P. (LXXIX Aniversario.-Martes 13-Agosto-2013).<\/strong><\/em><\/p>\n<figure id=\"attachment_32129\" aria-describedby=\"caption-attachment-32129\" style=\"width: 160px\" class=\"wp-caption aligncenter\"><a href=\"https:\/\/www.manquepierda.com\/historiarealbetis\/32118-1928-diciembre-25-10opuesto-1a-1928-1929-real-betis-balompie-2-goles-vs-cd-alaves-1\/juan-armet-de-castellvi-kinke%c2%b7\/\" rel=\"attachment wp-att-32129\"><img data-recalc-dims=\"1\" loading=\"lazy\" decoding=\"async\" class=\"size-thumbnail wp-image-32129\" alt=\"colecci\u00f3n e. a. c.\" src=\"https:\/\/i0.wp.com\/www.manquepierda.com\/historiarealbetis\/files\/2013\/08\/Juan-Armet-De-Castellv%C3%AD-Kink%C3%A9%C2%B7.jpg?resize=160%2C220&#038;ssl=1\" width=\"160\" height=\"220\" srcset=\"https:\/\/i0.wp.com\/www.manquepierda.com\/historiarealbetis\/files\/2013\/08\/Juan-Armet-De-Castellv%C3%AD-Kink%C3%A9%C2%B7.jpg?resize=160%2C220&amp;ssl=1 160w, https:\/\/i0.wp.com\/www.manquepierda.com\/historiarealbetis\/files\/2013\/08\/Juan-Armet-De-Castellv%C3%AD-Kink%C3%A9%C2%B7.jpg?w=256&amp;ssl=1 256w\" sizes=\"auto, (max-width: 160px) 100vw, 160px\" \/><\/a><figcaption id=\"caption-attachment-32129\" class=\"wp-caption-text\">colecci\u00f3n e. a. c.<\/figcaption><\/figure>\n<p style=\"text-align: center\"><em><strong>Entrenador Real Betis Balompi\u00e9 1927-1930.<\/strong><\/em><\/p>\n<p style=\"text-align: center\"><em><strong>JUAN ARMET DE CASTELLV\u00cd (a) \u00abKink\u00e9\u00bb (33 a\u00f1os).-TARRASA (Barcelona), domingo 30-Junio-1895.-MADRID, viernes 05-Octubre-1956.-61 A\u00f1os.-D. E. P.<\/strong><\/em><\/p>\n<figure id=\"attachment_32132\" aria-describedby=\"caption-attachment-32132\" style=\"width: 151px\" class=\"wp-caption aligncenter\"><a href=\"https:\/\/www.manquepierda.com\/historiarealbetis\/32118-1928-diciembre-25-10opuesto-1a-1928-1929-real-betis-balompie-2-goles-vs-cd-alaves-1\/jesus-bernaldez-3\/\" rel=\"attachment wp-att-32132\"><img data-recalc-dims=\"1\" loading=\"lazy\" decoding=\"async\" class=\"size-thumbnail wp-image-32132\" alt=\"colecci\u00f3n e. a. c.\" src=\"https:\/\/i0.wp.com\/www.manquepierda.com\/historiarealbetis\/files\/2013\/08\/JES%C3%9AS-Bern%C3%A1ldez1-151x220.jpg?resize=151%2C220&#038;ssl=1\" width=\"151\" height=\"220\" srcset=\"https:\/\/i0.wp.com\/www.manquepierda.com\/historiarealbetis\/files\/2013\/08\/JES%C3%9AS-Bern%C3%A1ldez1.jpg?resize=151%2C220&amp;ssl=1 151w, https:\/\/i0.wp.com\/www.manquepierda.com\/historiarealbetis\/files\/2013\/08\/JES%C3%9AS-Bern%C3%A1ldez1.jpg?resize=411%2C600&amp;ssl=1 411w, https:\/\/i0.wp.com\/www.manquepierda.com\/historiarealbetis\/files\/2013\/08\/JES%C3%9AS-Bern%C3%A1ldez1.jpg?resize=480%2C700&amp;ssl=1 480w, https:\/\/i0.wp.com\/www.manquepierda.com\/historiarealbetis\/files\/2013\/08\/JES%C3%9AS-Bern%C3%A1ldez1.jpg?w=736&amp;ssl=1 736w\" sizes=\"auto, (max-width: 151px) 100vw, 151px\" \/><\/a><figcaption id=\"caption-attachment-32132\" class=\"wp-caption-text\">colecci\u00f3n e. a. c.<\/figcaption><\/figure>\n<p style=\"text-align: center\"><em><strong>1.-Guardameta.-JES\u00daS Bern\u00e1ldez Moreno (a) \u00abManos Duras\u00bb (25 a\u00f1os).-VILLANUEVA DEL ARISCAL (Sevilla), mi\u00e9rcoles 19-Agosto-1903.-SEVILLA, viernes 06-Junio-1941.-37 A\u00f1os.-D. E. P.<\/strong><\/em><\/p>\n<p style=\"text-align: center\"><em><strong>Temporadas 1923-1924 \u00e1 1935-1936; ambas inclusive.<\/strong><\/em><\/p>\n<figure id=\"attachment_32078\" aria-describedby=\"caption-attachment-32078\" style=\"width: 120px\" class=\"wp-caption aligncenter\"><a href=\"https:\/\/www.manquepierda.com\/historiarealbetis\/32067-1928-octubre-07-nervion-inauguracion-sevilla-fbc-1-vs-real-betis-balompie-2-goles\/jesus-jimenez-santos\/\" rel=\"attachment wp-att-32078\"><img data-recalc-dims=\"1\" loading=\"lazy\" decoding=\"async\" class=\"size-thumbnail wp-image-32078\" alt=\"&quot;los jugadores de las 13 barras&quot;.\" src=\"https:\/\/i0.wp.com\/www.manquepierda.com\/historiarealbetis\/files\/2013\/08\/Jes%C3%BAs-JIM%C3%89NEZ-Santos.jpg?resize=120%2C220&#038;ssl=1\" width=\"120\" height=\"220\" srcset=\"https:\/\/i0.wp.com\/www.manquepierda.com\/historiarealbetis\/files\/2013\/08\/Jes%C3%BAs-JIM%C3%89NEZ-Santos.jpg?resize=120%2C220&amp;ssl=1 120w, https:\/\/i0.wp.com\/www.manquepierda.com\/historiarealbetis\/files\/2013\/08\/Jes%C3%BAs-JIM%C3%89NEZ-Santos.jpg?resize=328%2C600&amp;ssl=1 328w, https:\/\/i0.wp.com\/www.manquepierda.com\/historiarealbetis\/files\/2013\/08\/Jes%C3%BAs-JIM%C3%89NEZ-Santos.jpg?w=339&amp;ssl=1 339w\" sizes=\"auto, (max-width: 120px) 100vw, 120px\" \/><\/a><figcaption id=\"caption-attachment-32078\" class=\"wp-caption-text\">\u00ablos jugadores de las 13 barras\u00bb.<\/figcaption><\/figure>\n<p style=\"text-align: center\"><em><strong>2.-Zagguero.-Lateral Diestro.-Jes\u00fas JIM\u00c9NEZ Santos (a) \u00abEl Zurdo\u00bb.-No localizadas ciudades y fechas nacimiento-fallecimiento.<\/strong><\/em><\/p>\n<p style=\"text-align: center\"><em><strong>Temporadas 1925-1926 \u00e1 1932-1933; ambas inclusive.<\/strong><\/em><\/p>\n<figure id=\"attachment_32130\" aria-describedby=\"caption-attachment-32130\" style=\"width: 145px\" class=\"wp-caption aligncenter\"><a href=\"https:\/\/www.manquepierda.com\/historiarealbetis\/32118-1928-diciembre-25-10opuesto-1a-1928-1929-real-betis-balompie-2-goles-vs-cd-alaves-1\/jesusin-3\/\" rel=\"attachment wp-att-32130\"><img data-recalc-dims=\"1\" loading=\"lazy\" decoding=\"async\" class=\"size-thumbnail wp-image-32130\" alt=\"colecci\u00f3n e. a. c.\" src=\"https:\/\/i0.wp.com\/www.manquepierda.com\/historiarealbetis\/files\/2013\/08\/JESUS%C3%8DN-145x220.jpg?resize=145%2C220&#038;ssl=1\" width=\"145\" height=\"220\" srcset=\"https:\/\/i0.wp.com\/www.manquepierda.com\/historiarealbetis\/files\/2013\/08\/JESUS%C3%8DN.jpg?resize=145%2C220&amp;ssl=1 145w, https:\/\/i0.wp.com\/www.manquepierda.com\/historiarealbetis\/files\/2013\/08\/JESUS%C3%8DN.jpg?resize=397%2C600&amp;ssl=1 397w, https:\/\/i0.wp.com\/www.manquepierda.com\/historiarealbetis\/files\/2013\/08\/JESUS%C3%8DN.jpg?resize=463%2C700&amp;ssl=1 463w, https:\/\/i0.wp.com\/www.manquepierda.com\/historiarealbetis\/files\/2013\/08\/JESUS%C3%8DN.jpg?w=1059&amp;ssl=1 1059w\" sizes=\"auto, (max-width: 145px) 100vw, 145px\" \/><\/a><figcaption id=\"caption-attachment-32130\" class=\"wp-caption-text\">colecci\u00f3n e. a. c.20<\/figcaption><\/figure>\n<p style=\"text-align: center\"><em><strong>3.-Zaguero.-Lateral Zurdo.-Jes\u00fas Alberto Ruiz Medrano (a) \u00abJESUS\u00cdN\u00bb (20 a\u00f1os).-SACED\u00d3N (Guadalajara), viernes 07-Agosto-1908.-SEVILA, martes 13-Diciembre-1983.-75 A\u00f1os.-D. E. P.<\/strong><\/em><\/p>\n<p style=\"text-align: center\"><em><strong>Temporadas 1928-1929; 1930-1931 \u00e1 1932-1933; ambas inclusives.<\/strong><\/em><\/p>\n<figure id=\"attachment_32131\" aria-describedby=\"caption-attachment-32131\" style=\"width: 138px\" class=\"wp-caption aligncenter\"><a href=\"https:\/\/www.manquepierda.com\/historiarealbetis\/32118-1928-diciembre-25-10opuesto-1a-1928-1929-real-betis-balompie-2-goles-vs-cd-alaves-1\/angelillo-angel-astasio-gomez\/\" rel=\"attachment wp-att-32131\"><img data-recalc-dims=\"1\" loading=\"lazy\" decoding=\"async\" class=\"size-thumbnail wp-image-32131\" alt=\"&quot;los jugadores de las 13 barras&quot;.\" src=\"https:\/\/i0.wp.com\/www.manquepierda.com\/historiarealbetis\/files\/2013\/08\/ANGELILLO-%C3%81ngel-Astasio-G%C3%B3mez-138x220.jpg?resize=138%2C220&#038;ssl=1\" width=\"138\" height=\"220\" srcset=\"https:\/\/i0.wp.com\/www.manquepierda.com\/historiarealbetis\/files\/2013\/08\/ANGELILLO-%C3%81ngel-Astasio-G%C3%B3mez.jpg?resize=138%2C220&amp;ssl=1 138w, https:\/\/i0.wp.com\/www.manquepierda.com\/historiarealbetis\/files\/2013\/08\/ANGELILLO-%C3%81ngel-Astasio-G%C3%B3mez.jpg?resize=378%2C600&amp;ssl=1 378w, https:\/\/i0.wp.com\/www.manquepierda.com\/historiarealbetis\/files\/2013\/08\/ANGELILLO-%C3%81ngel-Astasio-G%C3%B3mez.jpg?zoom=2&amp;resize=138%2C220&amp;ssl=1 276w\" sizes=\"auto, (max-width: 138px) 100vw, 138px\" \/><\/a><figcaption id=\"caption-attachment-32131\" class=\"wp-caption-text\">\u00ablos jugadores de las 13 barras\u00bb.<\/figcaption><\/figure>\n<p style=\"text-align: center\"><em><strong>4.-Medio.-Diestro.-\u00c1ngel ASTASIO G\u00f3mez (a) \u00abANGELILLO\u00bb (20 a\u00f1os).-ALCAL\u00c1 DE GUADAIRA (Sevilla), martes 07-Julio-1908.-SEVILLA, 00-00-1968.-59 A\u00f1os.-D. E. P.<\/strong><\/em><\/p>\n<p style=\"text-align: center\"><em><strong>Temporadas 1928-1929 \u00e1 1930-1931; ambas inclusive.<\/strong><\/em><\/p>\n<figure id=\"attachment_32091\" aria-describedby=\"caption-attachment-32091\" style=\"width: 188px\" class=\"wp-caption aligncenter\"><a href=\"https:\/\/www.manquepierda.com\/historiarealbetis\/32067-1928-octubre-07-nervion-inauguracion-sevilla-fbc-1-vs-real-betis-balompie-2-goles\/jose-estevez-ale-2\/\" rel=\"attachment wp-att-32091\"><img data-recalc-dims=\"1\" loading=\"lazy\" decoding=\"async\" class=\"size-thumbnail wp-image-32091\" alt=\"colecci\u00f3n e. a. c.\" src=\"https:\/\/i0.wp.com\/www.manquepierda.com\/historiarealbetis\/files\/2013\/08\/Jos%C3%A9-EST%C3%89VEZ-Al%C3%A9.png?resize=188%2C220&#038;ssl=1\" width=\"188\" height=\"220\" srcset=\"https:\/\/i0.wp.com\/www.manquepierda.com\/historiarealbetis\/files\/2013\/08\/Jos%C3%A9-EST%C3%89VEZ-Al%C3%A9.png?resize=188%2C220&amp;ssl=1 188w, https:\/\/i0.wp.com\/www.manquepierda.com\/historiarealbetis\/files\/2013\/08\/Jos%C3%A9-EST%C3%89VEZ-Al%C3%A9.png?w=191&amp;ssl=1 191w\" sizes=\"auto, (max-width: 188px) 100vw, 188px\" \/><\/a><figcaption id=\"caption-attachment-32091\" class=\"wp-caption-text\">colecci\u00f3n e. a. c.<\/figcaption><\/figure>\n<p style=\"text-align: center\"><em><strong>5.-Medio.-Centro.-Jos\u00e9 <\/strong><\/em><em><strong>EST\u00c9VEZ Al\u00e9 (24).-\u00abCIUDAD DEL BETIS\u00bb, martes 08-Diciembre-1903.-SEVILLA, s\u00e1bado 17-Abril-1993.-89 A\u00f1os.-D. E. P.<\/strong><\/em><\/p>\n<p style=\"text-align: center\"><em><strong>Temporadas 1925-1926 \u00e1 1929-1930; ambas inclusive.<\/strong><\/em><\/p>\n<figure id=\"attachment_32092\" aria-describedby=\"caption-attachment-32092\" style=\"width: 128px\" class=\"wp-caption aligncenter\"><a href=\"https:\/\/www.manquepierda.com\/historiarealbetis\/32067-1928-octubre-07-nervion-inauguracion-sevilla-fbc-1-vs-real-betis-balompie-2-goles\/adolfito-1929-3\/\" rel=\"attachment wp-att-32092\"><img data-recalc-dims=\"1\" loading=\"lazy\" decoding=\"async\" class=\"size-full wp-image-32092\" alt=\"colecci\u00f3n e. a. c.\" src=\"https:\/\/i0.wp.com\/www.manquepierda.com\/historiarealbetis\/files\/2013\/08\/ADOLFITO-1929.jpg?resize=128%2C182&#038;ssl=1\" width=\"128\" height=\"182\" \/><\/a><figcaption id=\"caption-attachment-32092\" class=\"wp-caption-text\">colecci\u00f3n e. a. c.<\/figcaption><\/figure>\n<p style=\"text-align: center\"><em><strong>6.-Medio.-Zurdo.-ADOLFO Sancho Carrillo de Albornoz (a) \u00abADOLFO I \u00f3 ADOLFITO\u00bb (23).-\u00abCIUDAD DEL BETIS\u00bb, domingo 18-Junio-1905.-SEVILLA, lunes 13-Enero-1975.-69 A\u00f1os.-D. E. P.<\/strong><\/em><\/p>\n<p style=\"text-align: center\"><em><strong>Temporadas 1925-1926 \u00e1 1934-1935; ambas inclusive.<\/strong><\/em><\/p>\n<figure id=\"attachment_32133\" aria-describedby=\"caption-attachment-32133\" style=\"width: 138px\" class=\"wp-caption aligncenter\"><a href=\"https:\/\/www.manquepierda.com\/historiarealbetis\/32118-1928-diciembre-25-10opuesto-1a-1928-1929-real-betis-balompie-2-goles-vs-cd-alaves-1\/alvarez-1928-29\/\" rel=\"attachment wp-att-32133\"><img data-recalc-dims=\"1\" loading=\"lazy\" decoding=\"async\" class=\"size-thumbnail wp-image-32133\" alt=\"CPFS.\" src=\"https:\/\/i0.wp.com\/www.manquepierda.com\/historiarealbetis\/files\/2013\/08\/%C3%81lvarez-1928-29-138x220.jpg?resize=138%2C220&#038;ssl=1\" width=\"138\" height=\"220\" srcset=\"https:\/\/i0.wp.com\/www.manquepierda.com\/historiarealbetis\/files\/2013\/08\/%C3%81lvarez-1928-29.jpg?resize=138%2C220&amp;ssl=1 138w, https:\/\/i0.wp.com\/www.manquepierda.com\/historiarealbetis\/files\/2013\/08\/%C3%81lvarez-1928-29.jpg?resize=378%2C600&amp;ssl=1 378w, https:\/\/i0.wp.com\/www.manquepierda.com\/historiarealbetis\/files\/2013\/08\/%C3%81lvarez-1928-29.jpg?resize=441%2C700&amp;ssl=1 441w, https:\/\/i0.wp.com\/www.manquepierda.com\/historiarealbetis\/files\/2013\/08\/%C3%81lvarez-1928-29.jpg?w=698&amp;ssl=1 698w\" sizes=\"auto, (max-width: 138px) 100vw, 138px\" \/><\/a><figcaption id=\"caption-attachment-32133\" class=\"wp-caption-text\">CPFS.<\/figcaption><\/figure>\n<p style=\"text-align: center\"><em><strong>7.-Delantero.-Extremo Diestro.-Antonio \u00c1LVAREZ Benjumea (a) \u00abEl Chico\u00bb.-No localizadas ciudades y fechas nacimiento-fallecimiento.<\/strong><\/em><\/p>\n<p style=\"text-align: center\"><em><strong>Temporadas 1921-1922; 1923-1924 \u00e1 1928-1929; ambas inclusives.<\/strong><\/em><\/p>\n<figure id=\"attachment_32134\" aria-describedby=\"caption-attachment-32134\" style=\"width: 138px\" class=\"wp-caption aligncenter\"><a href=\"https:\/\/www.manquepierda.com\/historiarealbetis\/32118-1928-diciembre-25-10opuesto-1a-1928-1929-real-betis-balompie-2-goles-vs-cd-alaves-1\/andres-aranda-4\/\" rel=\"attachment wp-att-32134\"><img data-recalc-dims=\"1\" loading=\"lazy\" decoding=\"async\" class=\"size-thumbnail wp-image-32134\" alt=\"colecci\u00f3n e. a. c.\" src=\"https:\/\/i0.wp.com\/www.manquepierda.com\/historiarealbetis\/files\/2013\/08\/Andr%C3%A9s-Aranda.jpg?resize=138%2C220&#038;ssl=1\" width=\"138\" height=\"220\" srcset=\"https:\/\/i0.wp.com\/www.manquepierda.com\/historiarealbetis\/files\/2013\/08\/Andr%C3%A9s-Aranda.jpg?resize=138%2C220&amp;ssl=1 138w, https:\/\/i0.wp.com\/www.manquepierda.com\/historiarealbetis\/files\/2013\/08\/Andr%C3%A9s-Aranda.jpg?resize=378%2C600&amp;ssl=1 378w, https:\/\/i0.wp.com\/www.manquepierda.com\/historiarealbetis\/files\/2013\/08\/Andr%C3%A9s-Aranda.jpg?resize=441%2C700&amp;ssl=1 441w, https:\/\/i0.wp.com\/www.manquepierda.com\/historiarealbetis\/files\/2013\/08\/Andr%C3%A9s-Aranda.jpg?w=454&amp;ssl=1 454w\" sizes=\"auto, (max-width: 138px) 100vw, 138px\" \/><\/a><figcaption id=\"caption-attachment-32134\" class=\"wp-caption-text\">colecci\u00f3n e. a. c.<\/figcaption><\/figure>\n<p style=\"text-align: center\"><em><strong>8.-Delantero.-Interior Diestro.-Andr\u00e9s ARANDA Guti\u00e9rrez (23).-LORA DEL R\u00cdO (Sevilla), domingo 27-Agosto-1905.-Concentraci\u00f3n primer equipo-Entrenador.-ARACENA (Huelva), mi\u00e9rcoles 10-Marzo-1965.-59 A\u00f1os.-D. E. P.<\/strong><\/em><\/p>\n<p style=\"text-align: center\"><em><strong>Temporadas 1921-1922 \u00e1 1933-1934; ambas inclusive.<\/strong><\/em><\/p>\n<p style=\"text-align: center\"><em><strong>9.-Centro Delantero.-ARIETE.-Francisco LE\u00d3N Vega (a) \u00abPACO LE\u00d3N\u00bb (22).-SEVILLA, lunes 15-Octubre-1906.-No localizadas imagen; ciudad-fecha fallecimiento.<\/strong><\/em><\/p>\n<p style=\"text-align: center\"><em><strong>Temporadas 1926-1927 \u00e1 1929-1930; ambas inclusive.<\/strong><\/em><\/p>\n<figure id=\"attachment_32096\" aria-describedby=\"caption-attachment-32096\" style=\"width: 188px\" class=\"wp-caption aligncenter\"><a href=\"https:\/\/www.manquepierda.com\/historiarealbetis\/32067-1928-octubre-07-nervion-inauguracion-sevilla-fbc-1-vs-real-betis-balompie-2-goles\/enrique-garrido-reguera-3\/\" rel=\"attachment wp-att-32096\"><img data-recalc-dims=\"1\" loading=\"lazy\" decoding=\"async\" class=\"size-thumbnail wp-image-32096\" alt=\"colecci\u00f3n e. a. c.\" src=\"https:\/\/i0.wp.com\/www.manquepierda.com\/historiarealbetis\/files\/2013\/08\/ENRIQUE-Garrido-Reguera2.png?resize=188%2C220&#038;ssl=1\" width=\"188\" height=\"220\" srcset=\"https:\/\/i0.wp.com\/www.manquepierda.com\/historiarealbetis\/files\/2013\/08\/ENRIQUE-Garrido-Reguera2.png?resize=188%2C220&amp;ssl=1 188w, https:\/\/i0.wp.com\/www.manquepierda.com\/historiarealbetis\/files\/2013\/08\/ENRIQUE-Garrido-Reguera2.png?w=191&amp;ssl=1 191w\" sizes=\"auto, (max-width: 188px) 100vw, 188px\" \/><\/a><figcaption id=\"caption-attachment-32096\" class=\"wp-caption-text\">colecci\u00f3n e. a. c.<\/figcaption><\/figure>\n<p style=\"text-align: center\"><em><strong>10.-Delantero.-Interior Zurdo.-ENRIQUE Garrido Reguera.-No localizadas ciudades y fechas nacimiento-fallecimiento.<\/strong><\/em><\/p>\n<p style=\"text-align: center\"><em><strong>Temporadas 1925-1926 \u00e1 1933-1934; ambas inclusive.<\/strong><\/em><\/p>\n<figure id=\"attachment_32097\" aria-describedby=\"caption-attachment-32097\" style=\"width: 126px\" class=\"wp-caption aligncenter\"><a href=\"https:\/\/www.manquepierda.com\/historiarealbetis\/32067-1928-octubre-07-nervion-inauguracion-sevilla-fbc-1-vs-real-betis-balompie-2-goles\/romerito-antonio-romero-rodriguez\/\" rel=\"attachment wp-att-32097\"><img data-recalc-dims=\"1\" loading=\"lazy\" decoding=\"async\" class=\"size-thumbnail wp-image-32097\" alt=\"&quot;los jugadores de las 13 barras&quot;.\" src=\"https:\/\/i0.wp.com\/www.manquepierda.com\/historiarealbetis\/files\/2013\/08\/ROMERITO-Antonio-Romero-Rodr%C3%ADguez.jpg?resize=126%2C220&#038;ssl=1\" width=\"126\" height=\"220\" srcset=\"https:\/\/i0.wp.com\/www.manquepierda.com\/historiarealbetis\/files\/2013\/08\/ROMERITO-Antonio-Romero-Rodr%C3%ADguez.jpg?resize=126%2C220&amp;ssl=1 126w, https:\/\/i0.wp.com\/www.manquepierda.com\/historiarealbetis\/files\/2013\/08\/ROMERITO-Antonio-Romero-Rodr%C3%ADguez.jpg?resize=344%2C600&amp;ssl=1 344w, https:\/\/i0.wp.com\/www.manquepierda.com\/historiarealbetis\/files\/2013\/08\/ROMERITO-Antonio-Romero-Rodr%C3%ADguez.jpg?w=370&amp;ssl=1 370w\" sizes=\"auto, (max-width: 126px) 100vw, 126px\" \/><\/a><figcaption id=\"caption-attachment-32097\" class=\"wp-caption-text\">\u00ablos jugadores de las 13 barras\u00bb.<\/figcaption><\/figure>\n<p style=\"text-align: center\"><em><strong>11.-Delantero.-Extremo Zurdo.-Antonio ROMERO Rodr\u00edguez (a) \u00abROMERITO\u00bb.-No localizadas ciudades y fechas nacimiento-fallecimiento.<\/strong><\/em><\/p>\n<p style=\"text-align: center\"><em><strong>Temporadas 1924-1925 \u00e1 1929-1930; ambas inclusive.<\/strong><\/em><\/p>\n","protected":false},"excerpt":{"rendered":"<p>1928-DICIEMBRE 25-MARTES EN MADRID.-STADIUM METROPOLITANO.-ENCUENTRO VALEDERO PARA LA CLASIFICACI\u00d3N DEL D\u00c9CIMO PUESTO LIGA NACIONAL DE PRIMERA DIVISI\u00d3N-APERTURA PRIMERA TEMPORADA 1928-1929. Arbitr\u00f3 el colegiado catal\u00e1n Camorena.-Alineando a las escuadras siguientes: CLUB DEPORTIVO ALAV\u00c9S-1 Tanto. Presidente don Jos\u00e9 Gabriel De Guinea. Entrenador Amadeo Garc\u00eda De Salazar Luco. Tiburcio BERISTAIN (portero).-CIRIACO Errasti (2-1 a los 84 minutos)-Jacinto Francisco&#8230;<\/p>\n","protected":false},"author":48,"featured_media":32121,"comment_status":"open","ping_status":"open","sticky":false,"template":"","format":"standard","meta":{"_kad_post_transparent":"","_kad_post_title":"","_kad_post_layout":"","_kad_post_sidebar_id":"","_kad_post_content_style":"","_kad_post_vertical_padding":"","_kad_post_feature":"","_kad_post_feature_position":"","_kad_post_header":false,"_kad_post_footer":false,"_kad_post_classname":"","_jetpack_memberships_contains_paid_content":false,"footnotes":"","jetpack_publicize_message":"","jetpack_publicize_feature_enabled":true,"jetpack_social_post_already_shared":true,"jetpack_social_options":{"image_generator_settings":{"template":"highway","default_image_id":0,"font":"","enabled":false},"version":2}},"categories":[898,1],"tags":[2499,15598,2500,984],"class_list":["post-32118","post","type-post","status-publish","format-standard","has-post-thumbnail","hentry","category-1920-1929","category-portada","tag-2499","tag-1928-1929-torneo-clasificacion1adivision","tag-1928-29","tag-deportivo-alaves"],"jetpack_publicize_connections":[],"jetpack_featured_media_url":"https:\/\/i0.wp.com\/www.manquepierda.com\/historiarealbetis\/files\/2013\/08\/19281225RBB-2-CDAlav%C3%A9s-1.jpg?fit=2165%2C2699&ssl=1","jetpack_sharing_enabled":true,"jetpack_shortlink":"https:\/\/wp.me\/p1ij08-8m2","jetpack-related-posts":[],"_links":{"self":[{"href":"https:\/\/www.manquepierda.com\/historiarealbetis\/wp-json\/wp\/v2\/posts\/32118","targetHints":{"allow":["GET"]}}],"collection":[{"href":"https:\/\/www.manquepierda.com\/historiarealbetis\/wp-json\/wp\/v2\/posts"}],"about":[{"href":"https:\/\/www.manquepierda.com\/historiarealbetis\/wp-json\/wp\/v2\/types\/post"}],"author":[{"embeddable":true,"href":"https:\/\/www.manquepierda.com\/historiarealbetis\/wp-json\/wp\/v2\/users\/48"}],"replies":[{"embeddable":true,"href":"https:\/\/www.manquepierda.com\/historiarealbetis\/wp-json\/wp\/v2\/comments?post=32118"}],"version-history":[{"count":1,"href":"https:\/\/www.manquepierda.com\/historiarealbetis\/wp-json\/wp\/v2\/posts\/32118\/revisions"}],"predecessor-version":[{"id":95572,"href":"https:\/\/www.manquepierda.com\/historiarealbetis\/wp-json\/wp\/v2\/posts\/32118\/revisions\/95572"}],"wp:featuredmedia":[{"embeddable":true,"href":"https:\/\/www.manquepierda.com\/historiarealbetis\/wp-json\/wp\/v2\/media\/32121"}],"wp:attachment":[{"href":"https:\/\/www.manquepierda.com\/historiarealbetis\/wp-json\/wp\/v2\/media?parent=32118"}],"wp:term":[{"taxonomy":"category","embeddable":true,"href":"https:\/\/www.manquepierda.com\/historiarealbetis\/wp-json\/wp\/v2\/categories?post=32118"},{"taxonomy":"post_tag","embeddable":true,"href":"https:\/\/www.manquepierda.com\/historiarealbetis\/wp-json\/wp\/v2\/tags?post=32118"}],"curies":[{"name":"wp","href":"https:\/\/api.w.org\/{rel}","templated":true}]}}