{"id":32162,"date":"2013-08-22T15:08:15","date_gmt":"2013-08-22T13:08:15","guid":{"rendered":"http:\/\/www.manquepierda.com\/historiarealbetis\/?p=32162"},"modified":"2024-08-19T11:56:33","modified_gmt":"2024-08-19T09:56:33","slug":"1931-diciembre-20-segunda-division-sevilla-fbc-2-vs-betis-balompie-3-goals","status":"publish","type":"post","link":"https:\/\/www.manquepierda.com\/historiarealbetis\/1931-diciembre-20-segunda-division-sevilla-fbc-2-vs-betis-balompie-3-goals\/","title":{"rendered":"1931-Diciembre 20-Segunda Divisi\u00f3n: Sevilla FbC-2 vs. Betis Balompi\u00e9-3 goals."},"content":{"rendered":"<figure id=\"attachment_32163\" aria-describedby=\"caption-attachment-32163\" style=\"width: 680px\" class=\"wp-caption aligncenter\"><a href=\"https:\/\/www.manquepierda.com\/historiarealbetis\/32162-1931-diciembre-20-segunda-division-sevilla-fbc-2-vs-betis-balompie-3-goals\/19311220-sfbc-2-bb-3\/\" rel=\"attachment wp-att-32163\"><img data-recalc-dims=\"1\" loading=\"lazy\" decoding=\"async\" class=\"size-medium wp-image-32163\" alt=\"CP\u207bOFGONSANHI-AHORA317.\" src=\"https:\/\/i0.wp.com\/www.manquepierda.com\/historiarealbetis\/files\/2013\/08\/19311220-SFbC-2-BB-3.jpg?resize=680%2C490&#038;ssl=1\" width=\"680\" height=\"490\" srcset=\"https:\/\/i0.wp.com\/www.manquepierda.com\/historiarealbetis\/files\/2013\/08\/19311220-SFbC-2-BB-3.jpg?resize=680%2C490&amp;ssl=1 680w, https:\/\/i0.wp.com\/www.manquepierda.com\/historiarealbetis\/files\/2013\/08\/19311220-SFbC-2-BB-3.jpg?resize=220%2C158&amp;ssl=1 220w, https:\/\/i0.wp.com\/www.manquepierda.com\/historiarealbetis\/files\/2013\/08\/19311220-SFbC-2-BB-3.jpg?resize=960%2C693&amp;ssl=1 960w, https:\/\/i0.wp.com\/www.manquepierda.com\/historiarealbetis\/files\/2013\/08\/19311220-SFbC-2-BB-3.jpg?w=1295&amp;ssl=1 1295w\" sizes=\"auto, (max-width: 680px) 100vw, 680px\" \/><\/a><figcaption id=\"caption-attachment-32163\" class=\"wp-caption-text\">CP\u207bOriginal Foto GONSANHI-AHORA317-Madrid lunes 21-Diciembre-1931.<\/figcaption><\/figure>\n<p style=\"text-align: center\"><strong>\u00a0\u00abEl choque entre los eternos rivales andaluces di\u00f3 lugar a los acostumbrados incidentes provocados por la pasi\u00f3n de los partidarios de unos u otros colores. <\/strong><\/p>\n<p style=\"text-align: center\"><strong>\u00a0 \u00a0 \u00a0\u00a0 <em>Un espectador arroj\u00f3 una piedra contra el jugador del Betis Balompi\u00e9 PERAL,\u00a0 que result\u00f3 herido<\/em><\/strong> <em><strong>de consideraci\u00f3n\u00bb.<\/strong><\/em><\/p>\n<p style=\"text-align: center\"><em><strong>1931-DICIEMBRE 20-DOMINGO.-ESTADIO \u00abNERVI\u00d3N\u00bb.<\/strong><\/em><\/p>\n<p style=\"text-align: center\"><em><strong>TERCERA JORNADA LIGA DE SEGUNDA DIVISI\u00d3N-TEMPORADA 1931-1932.<\/strong><\/em><\/p>\n<p style=\"text-align: center\"><em><strong>\u00abGran expectaci\u00f3n m\u00e1s que ning\u00fan a\u00f1o en la \u00abCiudad del Betis\u00bb-Sevilla\u00bb.<br \/>\n<\/strong><\/em><\/p>\n<p style=\"text-align: center\"><em><strong><\/strong><\/em><strong>Primer tiempo: <\/strong><\/p>\n<p style=\"text-align: left\"><strong>\u00abOcurren varios incidentes entre el p\u00fablico,\u00a0 y uno de ellos origina la suspenci\u00f3n temporal del juego por saltar al campo varios espectadores que pretenden agredir a los jugadores blancos\u00bb.<\/strong><\/p>\n<p style=\"text-align: center\"><strong>Segundo tiempo:<\/strong><\/p>\n<p style=\"text-align: left\"><strong> \u00abA partir del 1-2 el juego se endurece;\u00a0 el p\u00fablico est\u00e1 \u00abnerviosillo\u00bb,\u00a0 y algunos arrojan piedras;\u00a0 una da en la cabeza de PERAL,\u00a0 que tiene que ser retirado del terreno de juego. <\/strong><\/p>\n<p style=\"text-align: center\"><strong>\u00abEl \u00e1rbitro constribuye bastante con su parcialidad a que los \u00e1nimos se exciten\u00bb,<\/strong><\/p>\n<p style=\"text-align: center\">Arbitr\u00f3 el colegiado del Sur MEDINA<strong> \u00abcuyo nombramiento no caus\u00f3 buena impresi\u00f3n al ser conocido por los aficionados\u00bb.<\/strong><\/p>\n<p style=\"text-align: center\">6\u00ba Clasificado-2 Puntos (1g-0e-2p).-6-5 Tantos Favor-Contra.<\/p>\n<p style=\"text-align: center\">SEVILLA CLUB DE F\u00daTBOL-2 TANTOS.<\/p>\n<p style=\"text-align: center\">1-0.-Primeros minutos: BRACERO.<\/p>\n<p style=\"text-align: center\">2-2.-Segundo tiempo: <strong>\u00abDe resultas de una falta injustificada cerca del \u00e1rea,\u00a0 Campanal I marca un \u00abgoal\u00bb, entrando el bal\u00f3n por un \u00e1ngulo\u00bb.<\/strong><\/p>\n<p style=\"text-align: center\">Presidente Bar\u00f3n de Gracia Real.-don Juan DOM\u00cdNGUEZ Osborne (14-06-1925 \u00e1 16-02-1932).<\/p>\n<p style=\"text-align: center\">Secretar\u00eda calle Sierpes n\u00ba 89.-E\/E.<\/p>\n<p style=\"text-align: center\">1930-1933.-Entrenador Jos\u00e9 QUIRANTE Pineda.<\/p>\n<figure id=\"attachment_34351\" aria-describedby=\"caption-attachment-34351\" style=\"width: 320px\" class=\"wp-caption aligncenter\"><a href=\"https:\/\/www.manquepierda.com\/historiarealbetis\/32162-1931-diciembre-20-segunda-division-sevilla-fbc-2-vs-betis-balompie-3-goals\/19311220nervion-sfbc-2-bb-3\/\" rel=\"attachment wp-att-34351\"><img data-recalc-dims=\"1\" loading=\"lazy\" decoding=\"async\" class=\"size-medium wp-image-34351\" alt=\"mmmm\" src=\"https:\/\/i0.wp.com\/www.manquepierda.com\/historiarealbetis\/files\/2013\/08\/19311220Nervi%C3%B3n-SFbC-2-BB-3.jpg?resize=320%2C600&#038;ssl=1\" width=\"320\" height=\"600\" srcset=\"https:\/\/i0.wp.com\/www.manquepierda.com\/historiarealbetis\/files\/2013\/08\/19311220Nervi%C3%B3n-SFbC-2-BB-3.jpg?resize=320%2C600&amp;ssl=1 320w, https:\/\/i0.wp.com\/www.manquepierda.com\/historiarealbetis\/files\/2013\/08\/19311220Nervi%C3%B3n-SFbC-2-BB-3.jpg?resize=117%2C220&amp;ssl=1 117w, https:\/\/i0.wp.com\/www.manquepierda.com\/historiarealbetis\/files\/2013\/08\/19311220Nervi%C3%B3n-SFbC-2-BB-3.jpg?resize=373%2C700&amp;ssl=1 373w, https:\/\/i0.wp.com\/www.manquepierda.com\/historiarealbetis\/files\/2013\/08\/19311220Nervi%C3%B3n-SFbC-2-BB-3.jpg?w=687&amp;ssl=1 687w\" sizes=\"auto, (max-width: 320px) 100vw, 320px\" \/><\/a><figcaption id=\"caption-attachment-34351\" class=\"wp-caption-text\">SEVILLA FbC-2 VS. <strong>BETIS BALOMPI\u00c9-3 GOALS.-\u00abEIZAGUIRRE <\/strong>bloca un gran tiro por alto\u00bb.-<strong>CP-MUNDO GR\u00c1FICO N\u00ba 1.051-Fot\u00f3grafo SERRANO\u00bb.<\/strong><\/figcaption><\/figure>\n<p style=\"text-align: left\">Guillermo EIZAGUIRRE-3- (portero).-Antonio MOR\u00c1N (3)-<em><strong>Manuel IGLESIAS Garc\u00eda-3-<\/strong> <\/em>(defensas).-<em><strong>Ant<\/strong><\/em><em><strong>onio REY<\/strong><\/em>\u00a0<strong>Alem\u00e1n<\/strong>-Jos\u00e9 ABAD (el peor de los 22: 0)-Fernando ARROYO (medios).-Mart\u00edn VENTOLR\u00c1 (3)-Jos\u00e9 RAMOS-Guillermo Gonz\u00e1lez Del R\u00edo Garc\u00eda (a) \u00abCAMPANAL I\u00bb-Adolfo BRACERO-Jos\u00e9 Gonz\u00e1lez Brand (a) \u00abPepe Brand\u00bb.-Delanteros.<\/p>\n<p style=\"text-align: center\"><em><strong>VS.<\/strong><\/em><\/p>\n<figure id=\"attachment_32042\" aria-describedby=\"caption-attachment-32042\" style=\"width: 154px\" class=\"wp-caption aligncenter\"><a href=\"https:\/\/www.manquepierda.com\/historiarealbetis\/32036-1933-noviembre-05-primera-division-betis-balompie-2-goles-vs-racing-santander-1\/1932-rbb-43\/\" rel=\"attachment wp-att-32042\"><img data-recalc-dims=\"1\" loading=\"lazy\" decoding=\"async\" class=\"size-full wp-image-32042\" alt=\"art\u00edfice-autor Enrique A\u00f1ino ilzarbe de Andueza.\" src=\"https:\/\/i0.wp.com\/www.manquepierda.com\/historiarealbetis\/files\/2013\/08\/1932-RBB1.jpg?resize=154%2C154&#038;ssl=1\" width=\"154\" height=\"154\" srcset=\"https:\/\/i0.wp.com\/www.manquepierda.com\/historiarealbetis\/files\/2013\/08\/1932-RBB1.jpg?w=154&amp;ssl=1 154w, https:\/\/i0.wp.com\/www.manquepierda.com\/historiarealbetis\/files\/2013\/08\/1932-RBB1.jpg?resize=500%2C500&amp;ssl=1 500w\" sizes=\"auto, (max-width: 154px) 100vw, 154px\" \/><\/a><figcaption id=\"caption-attachment-32042\" class=\"wp-caption-text\"><strong>BETIS BALOMPI\u00c9-3 GOLES.<\/strong><\/figcaption><\/figure>\n<p style=\"text-align: center\"><em><strong>Segundo Clasificado-5 Puntos.-3 encuentros jugados:\u00a0 2-Ganados,\u00a0 1-Empatado,\u00a0 0-Perdido.-9 Goles a Favor\u00a0 y\u00a0 5 Tantos en Contra.<\/strong><\/em><\/p>\n<p style=\"text-align: left\"><em><strong>1-1.-Primer Tiempo: \u00abSanz centra,\u00a0 y Vallina desv\u00eda el bal\u00f3n a los pies de TIMIMI,\u00a0 el que,\u00a0 bien colocado,\u00a0 chuta,\u00a0 rebotando el cuero en el larguero,\u00a0 y envi\u00e1ndolo a las mallas definitivamente GARCIA DE LA PUERTA.<\/strong><\/em><\/p>\n<p style=\"text-align: center\"><em><strong>El segundo tiempo es de mayor dominio b\u00e9tico.\u00a0 La l\u00ednea media se impone a la defensa sevillista y desborda por ambas alas con frecuencia.\u00a0 Este dominio da c\u00f3mo resultado el desempate:<\/strong><\/em><\/p>\n<p style=\"text-align: left\"><em><strong>1-2:\u00a0 GARC\u00cdA DE LA PUERTA que est\u00e1 jugando un partido enorme; fue tambi\u00e9n consecuencia de un \u00abch\u00fa\u00bb de Sanz,\u00a0 que da en el poste y que el madrile\u00f1o remata de forma imparable.<\/strong><\/em><\/p>\n<p style=\"text-align: left\"><em><strong>2-3.-86 Minutos:\u00a0 El Betis Balompie se crece tras el 2-2,\u00a0 y en un alarde de entusiasmo,\u00a0 cuando s\u00f3lo faltan varios minutos para terminar el derbi,\u00a0 marca el tanto de la victoria.\u00a0 Timimi pasa a GARC\u00cdA DE LA PUERTA,\u00a0 y \u00e9ste de forma inveros\u00edmil,\u00a0 desv\u00eda con la testa la trayectoria del bal\u00f3n,\u00a0 que entra en la puerta por el \u00e1ngulo contrario a la estirada de Eizaguirre.\u00a0<\/strong><\/em><\/p>\n<p style=\"text-align: center\"><em><strong> Este \u00abgoal\u00bb produjo un efecto indescriptible.\u00a0 A los cuatro minutos Medina pita final del partido,\u00a0 con la victoria b\u00e9tica de 3 tantos \u00e1 2.<\/strong><\/em><\/p>\n<p style=\"text-align: center\"><em><strong>XXV Presidente Real-BETIS BALOMPI\u00c9 Temporadas 1931-1932 \u00e1 1932-1933; ambas inclusive.<\/strong><\/em><\/p>\n<figure id=\"attachment_32164\" aria-describedby=\"caption-attachment-32164\" style=\"width: 236px\" class=\"wp-caption aligncenter\"><a href=\"https:\/\/www.manquepierda.com\/historiarealbetis\/32162-1931-diciembre-20-segunda-division-sevilla-fbc-2-vs-betis-balompie-3-goals\/jose-ignacio-mantecon-navasal-2-3\/\" rel=\"attachment wp-att-32164\"><img data-recalc-dims=\"1\" loading=\"lazy\" decoding=\"async\" class=\"size-full wp-image-32164\" alt=\"colecci\u00f3n e. a. c.\" src=\"https:\/\/i0.wp.com\/www.manquepierda.com\/historiarealbetis\/files\/2013\/08\/Jos%C3%A9-Ignacio-Mantec%C3%B3n-Navasal.2.jpg?resize=236%2C277&#038;ssl=1\" width=\"236\" height=\"277\" srcset=\"https:\/\/i0.wp.com\/www.manquepierda.com\/historiarealbetis\/files\/2013\/08\/Jos%C3%A9-Ignacio-Mantec%C3%B3n-Navasal.2.jpg?w=236&amp;ssl=1 236w, https:\/\/i0.wp.com\/www.manquepierda.com\/historiarealbetis\/files\/2013\/08\/Jos%C3%A9-Ignacio-Mantec%C3%B3n-Navasal.2.jpg?resize=187%2C220&amp;ssl=1 187w\" sizes=\"auto, (max-width: 236px) 100vw, 236px\" \/><\/a><figcaption id=\"caption-attachment-32164\" class=\"wp-caption-text\"><em><strong>DON JOS\u00c9 IGNACIO MANTEC\u00d3N NAVASAL.<\/strong><\/em><\/figcaption><\/figure>\n<p style=\"text-align: left\"><em><strong>29 A\u00f1os.-Abogado,\u00a0 Archivero,\u00a0 Bibliotecario, Historiador,\u00a0 Pol\u00edtico,\u00a0 Gobernador General de Arag\u00f3n (10-08-1937 \u00e1 27-03-1938).-En Par\u00eds: Secretario General del Servicio de Evacuaci\u00f3n de Refugiados Espa\u00f1oles.<\/strong><\/em><\/p>\n<p style=\"text-align: center\"><em><strong>ZARAGOZA, viernes 26 de Septiembre de 1902.-Ciudad de M\u00c9XICO-Distrito Federal-, domingo 20 de Junio de 1982.-79 A\u00f1os.-D. E. P.<\/strong><\/em><\/p>\n<p style=\"text-align: center\"><em><strong>Secretar\u00eda sita en calle Mu\u00f1oz Oliv\u00e9 n\u00ba 7.-\u00abCiudad del Betis\u00bb (fluvial con mayor caudal que a su paso por C\u00f3rdoba).<br \/>\n<\/strong><\/em><\/p>\n<figure id=\"attachment_32143\" aria-describedby=\"caption-attachment-32143\" style=\"width: 372px\" class=\"wp-caption aligncenter\"><a href=\"https:\/\/www.manquepierda.com\/historiarealbetis\/32140-1931-mayo-24-campeonato-espana-14-final-ida-betis-balompie-3-goals-vs-madrid-0\/emilio-sampere-oliveras-3\/\" rel=\"attachment wp-att-32143\"><img data-recalc-dims=\"1\" loading=\"lazy\" decoding=\"async\" class=\"size-full wp-image-32143\" alt=\"CPFS.\" src=\"https:\/\/i0.wp.com\/www.manquepierda.com\/historiarealbetis\/files\/2013\/08\/Emilio-Sampere-Oliveras.jpg?resize=372%2C231&#038;ssl=1\" width=\"372\" height=\"231\" srcset=\"https:\/\/i0.wp.com\/www.manquepierda.com\/historiarealbetis\/files\/2013\/08\/Emilio-Sampere-Oliveras.jpg?w=372&amp;ssl=1 372w, https:\/\/i0.wp.com\/www.manquepierda.com\/historiarealbetis\/files\/2013\/08\/Emilio-Sampere-Oliveras.jpg?resize=220%2C136&amp;ssl=1 220w\" sizes=\"auto, (max-width: 372px) 100vw, 372px\" \/><\/a><figcaption id=\"caption-attachment-32143\" class=\"wp-caption-text\"><strong>EMILIO SAMPERE OLIVERAS.-CP-FS.<\/strong><\/figcaption><\/figure>\n<p style=\"text-align: center\"><em><strong>Entrenador 1930-1932.-46 A\u00f1os.-CATALUNYA 00-00-1884.-BARCELONA, domingo 04-Diciembre-1966.-81 A\u00f1os.-D. E. P.<\/strong><\/em><\/p>\n<figure id=\"attachment_32144\" aria-describedby=\"caption-attachment-32144\" style=\"width: 191px\" class=\"wp-caption aligncenter\"><a href=\"https:\/\/www.manquepierda.com\/historiarealbetis\/32140-1931-mayo-24-campeonato-espana-14-final-ida-betis-balompie-3-goals-vs-madrid-0\/jesus-bernaldez-moreno\/\" rel=\"attachment wp-att-32144\"><img data-recalc-dims=\"1\" loading=\"lazy\" decoding=\"async\" class=\"size-full wp-image-32144\" alt=\"colecci\u00f3n e. a. c.\" src=\"https:\/\/i0.wp.com\/www.manquepierda.com\/historiarealbetis\/files\/2013\/08\/JES%C3%9AS-Bern%C3%A1ldez-Moreno.png?resize=191%2C223&#038;ssl=1\" width=\"191\" height=\"223\" srcset=\"https:\/\/i0.wp.com\/www.manquepierda.com\/historiarealbetis\/files\/2013\/08\/JES%C3%9AS-Bern%C3%A1ldez-Moreno.png?w=191&amp;ssl=1 191w, https:\/\/i0.wp.com\/www.manquepierda.com\/historiarealbetis\/files\/2013\/08\/JES%C3%9AS-Bern%C3%A1ldez-Moreno.png?resize=188%2C220&amp;ssl=1 188w\" sizes=\"auto, (max-width: 191px) 100vw, 191px\" \/><\/a><figcaption id=\"caption-attachment-32144\" class=\"wp-caption-text\"><strong>1.-GUARDAMETA.-JES\u00daS Bern\u00e1ldez Moreno (a) \u00abManos Duras\u00bb.<\/strong><\/figcaption><\/figure>\n<p style=\"text-align: center\"><em><strong>\u00a0(27).-VILLANUEVA DEL ARISCAL (Sevilla), mi\u00e9rcoles 19-Agosto-1903.-SEVILLA, viernes 06-Junio-1941.-37 A\u00f1os.-D. E. P.<\/strong><\/em><\/p>\n<p style=\"text-align: center\"><strong>2 Tantos encajados: 1-0.-Primeros minutos: BRACERO; 2-2.-Segundo Tiempo: CAMPANAL I.<\/strong><\/p>\n<p style=\"text-align: center\"><em><strong>Temporadas 1923-1924 \u00e1 1935-1936; ambas inclusive.<\/strong><\/em><\/p>\n<figure id=\"attachment_32166\" aria-describedby=\"caption-attachment-32166\" style=\"width: 127px\" class=\"wp-caption aligncenter\"><a href=\"https:\/\/www.manquepierda.com\/historiarealbetis\/32162-1931-diciembre-20-segunda-division-sevilla-fbc-2-vs-betis-balompie-3-goals\/lorenzo-tondo\/\" rel=\"attachment wp-att-32166\"><img data-recalc-dims=\"1\" loading=\"lazy\" decoding=\"async\" class=\"size-thumbnail wp-image-32166\" alt=\"colecci\u00f3n e. a. c,\" src=\"https:\/\/i0.wp.com\/www.manquepierda.com\/historiarealbetis\/files\/2013\/08\/Lorenzo-TONDO.jpg?resize=127%2C220&#038;ssl=1\" width=\"127\" height=\"220\" srcset=\"https:\/\/i0.wp.com\/www.manquepierda.com\/historiarealbetis\/files\/2013\/08\/Lorenzo-TONDO.jpg?resize=127%2C220&amp;ssl=1 127w, https:\/\/i0.wp.com\/www.manquepierda.com\/historiarealbetis\/files\/2013\/08\/Lorenzo-TONDO.jpg?resize=348%2C600&amp;ssl=1 348w, https:\/\/i0.wp.com\/www.manquepierda.com\/historiarealbetis\/files\/2013\/08\/Lorenzo-TONDO.jpg?resize=406%2C700&amp;ssl=1 406w, https:\/\/i0.wp.com\/www.manquepierda.com\/historiarealbetis\/files\/2013\/08\/Lorenzo-TONDO.jpg?w=1813&amp;ssl=1 1813w\" sizes=\"auto, (max-width: 127px) 100vw, 127px\" \/><\/a><figcaption id=\"caption-attachment-32166\" class=\"wp-caption-text\"><strong>2.-ZAGUERO-Lateral Diestro Lorenzo TONDO.<\/strong><\/figcaption><\/figure>\n<p style=\"text-align: center\"><em><strong>No localizadas ciudades y fechas nacimiento-fallecimiento.<\/strong><\/em><\/p>\n<p style=\"text-align: center\"><em><strong>Temporadas 1929-1930 \u00e1 1931-1932; ambas inclusive.<\/strong><\/em><\/p>\n<figure id=\"attachment_32146\" aria-describedby=\"caption-attachment-32146\" style=\"width: 117px\" class=\"wp-caption aligncenter\"><a href=\"https:\/\/www.manquepierda.com\/historiarealbetis\/32140-1931-mayo-24-campeonato-espana-14-final-ida-betis-balompie-3-goals-vs-madrid-0\/jesusin-jesus-alberto-ruiz-medrano-2\/\" rel=\"attachment wp-att-32146\"><img data-recalc-dims=\"1\" loading=\"lazy\" decoding=\"async\" class=\"size-full wp-image-32146\" alt=\"bdf\u00fatbol.com.es\" src=\"https:\/\/i0.wp.com\/www.manquepierda.com\/historiarealbetis\/files\/2013\/08\/JESUS%C3%8DN-Jes%C3%BAs-Alberto-Ruiz-Medrano1.jpg?resize=117%2C184&#038;ssl=1\" width=\"117\" height=\"184\" \/><\/a><figcaption id=\"caption-attachment-32146\" class=\"wp-caption-text\"><strong>3.-ZAGUERO-Lateral Zurdo Jes\u00fas Alberto Ruiz Medrano (a) \u00abJESUS\u00cdN\u00bb.<\/strong><\/figcaption><\/figure>\n<p style=\"text-align: center\"><em><strong>(22).-SACED\u00d3N (Guadalajara), viernes 07-Agosto-1908.-SEVILLA, martes 13-Diciembre-1983.-75 A\u00f1os.-D. E. P.<\/strong><\/em><\/p>\n<p style=\"text-align: center\"><em><strong>Temporadas 1928-1929; 1930-1931 \u00e1 1932-1933; ambas inclusives.<\/strong><\/em><\/p>\n<figure id=\"attachment_34359\" aria-describedby=\"caption-attachment-34359\" style=\"width: 220px\" class=\"wp-caption aligncenter\"><a href=\"https:\/\/www.manquepierda.com\/historiarealbetis\/34354-1932-enero-10-segunda-division-patronato-betis-balompie-5-vs-athletic-madrid-1\/peral-josesuarezgonzalez19320413-5\/\" rel=\"attachment wp-att-34359\"><img data-recalc-dims=\"1\" loading=\"lazy\" decoding=\"async\" class=\"size-thumbnail wp-image-34359\" alt=\"mmm\" src=\"https:\/\/i0.wp.com\/www.manquepierda.com\/historiarealbetis\/files\/2014\/01\/PERAL-Jos%C3%A9Sua%C5%95ezGonz%C3%A1lez19320413.jpg?resize=220%2C204&#038;ssl=1\" width=\"220\" height=\"204\" srcset=\"https:\/\/i0.wp.com\/www.manquepierda.com\/historiarealbetis\/files\/2014\/01\/PERAL-Jos%C3%A9Sua%C5%95ezGonz%C3%A1lez19320413.jpg?resize=220%2C204&amp;ssl=1 220w, https:\/\/i0.wp.com\/www.manquepierda.com\/historiarealbetis\/files\/2014\/01\/PERAL-Jos%C3%A9Sua%C5%95ezGonz%C3%A1lez19320413.jpg?resize=644%2C600&amp;ssl=1 644w, https:\/\/i0.wp.com\/www.manquepierda.com\/historiarealbetis\/files\/2014\/01\/PERAL-Jos%C3%A9Sua%C5%95ezGonz%C3%A1lez19320413.jpg?w=683&amp;ssl=1 683w\" sizes=\"auto, (max-width: 220px) 100vw, 220px\" \/><\/a><figcaption id=\"caption-attachment-34359\" class=\"wp-caption-text\"><strong>4.-MEDIO-Diestro Jos\u00e9 Su\u00e1rez Gonz\u00e1lez (a) \u00abPERAL\u00bb.<\/strong><\/figcaption><\/figure>\n<p style=\"text-align: center\"><em><strong>DESTAC\u00d3.-(20).-\u00abCIUDAD DEL BETIS\u00bb, lunes 10-Abril-1911.-SEVILLA, domingo 28-Mayo-1967.-56 A\u00f1os.-D. E. P.<\/strong><\/em><\/p>\n<p style=\"text-align: center\"><em><strong>Temporadas 1929-1930 \u00e1 1935-1936; 1938-1939 \u00e1 1943-1944; ambas inclusives.<\/strong><\/em><\/p>\n<figure id=\"attachment_31995\" aria-describedby=\"caption-attachment-31995\" style=\"width: 220px\" class=\"wp-caption aligncenter\"><a href=\"https:\/\/www.manquepierda.com\/historiarealbetis\/31987-1934-enero-14-patronato-primera-division-betis-balompie-1-gol-vs-athletic-club-bilbao-3\/enriquesoladreroarbide19320413\/\" rel=\"attachment wp-att-31995\"><img data-recalc-dims=\"1\" loading=\"lazy\" decoding=\"async\" class=\"size-thumbnail wp-image-31995\" alt=\"Colecci\u00f3n e. a. c.\" src=\"https:\/\/i0.wp.com\/www.manquepierda.com\/historiarealbetis\/files\/2013\/08\/EnriqueSOLADREROarbide19320413.jpg?resize=220%2C206&#038;ssl=1\" width=\"220\" height=\"206\" srcset=\"https:\/\/i0.wp.com\/www.manquepierda.com\/historiarealbetis\/files\/2013\/08\/EnriqueSOLADREROarbide19320413.jpg?resize=220%2C206&amp;ssl=1 220w, https:\/\/i0.wp.com\/www.manquepierda.com\/historiarealbetis\/files\/2013\/08\/EnriqueSOLADREROarbide19320413.jpg?resize=640%2C600&amp;ssl=1 640w, https:\/\/i0.wp.com\/www.manquepierda.com\/historiarealbetis\/files\/2013\/08\/EnriqueSOLADREROarbide19320413.jpg?w=679&amp;ssl=1 679w\" sizes=\"auto, (max-width: 220px) 100vw, 220px\" \/><\/a><figcaption id=\"caption-attachment-31995\" class=\"wp-caption-text\"><strong>5.-MEDIO-Centro.-Enrique SOLADRERO Arbide.<\/strong><\/figcaption><\/figure>\n<p style=\"text-align: center\"><em><strong>DESTAC\u00d3.-(18).-ARRIGORRIAGA (Vizcaya), mi\u00e9rcoles 30-Abril-1913.-\u00cdDEM, domingo 17-Octubre-1976.-63 A\u00f1os.-D. E. P.<\/strong><\/em><\/p>\n<p style=\"text-align: center\"><em><strong>Temporadas 1930-1931 \u00e1 1933-1934; ambas inclusive.<\/strong><\/em><\/p>\n<figure id=\"attachment_32044\" aria-describedby=\"caption-attachment-32044\" style=\"width: 220px\" class=\"wp-caption aligncenter\"><a href=\"https:\/\/www.manquepierda.com\/historiarealbetis\/32036-1933-noviembre-05-primera-division-betis-balompie-2-goles-vs-racing-santander-1\/adolfito19320413\/\" rel=\"attachment wp-att-32044\"><img data-recalc-dims=\"1\" loading=\"lazy\" decoding=\"async\" class=\"size-thumbnail wp-image-32044\" alt=\"Colecci\u00f3n e. a. c.\" src=\"https:\/\/i0.wp.com\/www.manquepierda.com\/historiarealbetis\/files\/2013\/08\/ADOLFITO19320413.jpg?resize=220%2C206&#038;ssl=1\" width=\"220\" height=\"206\" srcset=\"https:\/\/i0.wp.com\/www.manquepierda.com\/historiarealbetis\/files\/2013\/08\/ADOLFITO19320413.jpg?resize=220%2C206&amp;ssl=1 220w, https:\/\/i0.wp.com\/www.manquepierda.com\/historiarealbetis\/files\/2013\/08\/ADOLFITO19320413.jpg?resize=640%2C600&amp;ssl=1 640w, https:\/\/i0.wp.com\/www.manquepierda.com\/historiarealbetis\/files\/2013\/08\/ADOLFITO19320413.jpg?w=683&amp;ssl=1 683w\" sizes=\"auto, (max-width: 220px) 100vw, 220px\" \/><\/a><figcaption id=\"caption-attachment-32044\" class=\"wp-caption-text\"><strong>6.-MEDIO-Zurdo.-Adolfo Sancho Carrillo de Albornoz (a) \u00abADOLFITO\u00bb-\u00abADOLFO I\u00bb.<\/strong><\/figcaption><\/figure>\n<p style=\"text-align: center\"><em><strong>(25).-\u00abCIUDAD DEL BETIS\u00bb, domingo 18-Junio-1905.-SEVILLA, lunes 13-Enero-1975.-69 A\u00f1os.-D. E. P.<\/strong><\/em><\/p>\n<p style=\"text-align: center\"><em><strong>Temporadas 1925-1926 \u00e1 1934-1935; ambas inclusive.<\/strong><\/em><\/p>\n<figure id=\"attachment_32168\" aria-describedby=\"caption-attachment-32168\" style=\"width: 155px\" class=\"wp-caption aligncenter\"><a href=\"https:\/\/www.manquepierda.com\/historiarealbetis\/32162-1931-diciembre-20-segunda-division-sevilla-fbc-2-vs-betis-balompie-3-goals\/timimi1-5\/\" rel=\"attachment wp-att-32168\"><img data-recalc-dims=\"1\" loading=\"lazy\" decoding=\"async\" class=\"size-full wp-image-32168\" alt=\"colecci\u00f3n e. a. c.\" src=\"https:\/\/i0.wp.com\/www.manquepierda.com\/historiarealbetis\/files\/2013\/08\/timimi11.jpg?resize=155%2C208&#038;ssl=1\" width=\"155\" height=\"208\" \/><\/a><figcaption id=\"caption-attachment-32168\" class=\"wp-caption-text\"><strong>7.-DELANTERO-Extremo Diestro Pedro Gonz\u00e1lez S\u00e1nchez (a) \u00abTIMIMI\u00bb.<\/strong><\/figcaption><\/figure>\n<p style=\"text-align: center\"><em><strong>DESTAC\u00d3.-(20).-LAS PALMAS DE GRAN CANARIA-barrio ARENALES-domingo 01-Enero-1911.-\u00cdDEM-\u00abHospital de San Mart\u00edn\u00bb-martes 26-Enero-1960.-49 A\u00f1os.-D. E. P.<\/strong><\/em><\/p>\n<p style=\"text-align: center\"><em><strong>Temporadas 1930-1931 \u00e1 1934-1935; ambas inclusive.<\/strong><\/em><\/p>\n<figure id=\"attachment_32024\" aria-describedby=\"caption-attachment-32024\" style=\"width: 117px\" class=\"wp-caption aligncenter\"><a href=\"https:\/\/www.manquepierda.com\/historiarealbetis\/32014-1934-enero-28-primera-division-oviedo-club-futbol-4-vs-betis-balompie-3-goles\/adolfo-ii-adolfomartingonzalez-6\/\" rel=\"attachment wp-att-32024\"><img data-recalc-dims=\"1\" loading=\"lazy\" decoding=\"async\" class=\"size-thumbnail wp-image-32024\" alt=\"colecci\u00f3n e.a.c.\" src=\"https:\/\/i0.wp.com\/www.manquepierda.com\/historiarealbetis\/files\/2013\/08\/ADOLFO-II-AdolfoMart%C3%ADnGonz%C3%A1lez.jpg?resize=117%2C220&#038;ssl=1\" width=\"117\" height=\"220\" srcset=\"https:\/\/i0.wp.com\/www.manquepierda.com\/historiarealbetis\/files\/2013\/08\/ADOLFO-II-AdolfoMart%C3%ADnGonz%C3%A1lez.jpg?resize=117%2C220&amp;ssl=1 117w, https:\/\/i0.wp.com\/www.manquepierda.com\/historiarealbetis\/files\/2013\/08\/ADOLFO-II-AdolfoMart%C3%ADnGonz%C3%A1lez.jpg?w=186&amp;ssl=1 186w\" sizes=\"auto, (max-width: 117px) 100vw, 117px\" \/><\/a><figcaption id=\"caption-attachment-32024\" class=\"wp-caption-text\"><strong>8.-DELANTERO-Interior Diestro ADOLFO Mart\u00edn Gonz\u00e1lez.<\/strong><\/figcaption><\/figure>\n<p style=\"text-align: center\"><em><strong>(20).-SAN CRIST\u00d3BAL DE LA LAGUNA (Tenerife), viernes 09-Diciembre-\u00bf1910?.-\u00c9CIJA (Sevilla), s\u00e1bado 30-Octubre-2010.-96 A\u00f1os.-D. E. P.<\/strong><\/em><\/p>\n<p style=\"text-align: center\"><em><strong>Temporadas 1930-1931 \u00e1 1935-1936; 1941-1942; ambas inclusives.<\/strong><\/em><\/p>\n<figure id=\"attachment_32169\" aria-describedby=\"caption-attachment-32169\" style=\"width: 135px\" class=\"wp-caption aligncenter\"><a href=\"https:\/\/www.manquepierda.com\/historiarealbetis\/32162-1931-diciembre-20-segunda-division-sevilla-fbc-2-vs-betis-balompie-3-goals\/emiliovallinapatronato\/\" rel=\"attachment wp-att-32169\"><img data-recalc-dims=\"1\" loading=\"lazy\" decoding=\"async\" class=\"size-thumbnail wp-image-32169\" alt=\"colecci\u00f3n e. a. c.\" src=\"https:\/\/i0.wp.com\/www.manquepierda.com\/historiarealbetis\/files\/2013\/08\/EmilioVALLINAPatronato.jpg?resize=135%2C220&#038;ssl=1\" width=\"135\" height=\"220\" srcset=\"https:\/\/i0.wp.com\/www.manquepierda.com\/historiarealbetis\/files\/2013\/08\/EmilioVALLINAPatronato.jpg?resize=135%2C220&amp;ssl=1 135w, https:\/\/i0.wp.com\/www.manquepierda.com\/historiarealbetis\/files\/2013\/08\/EmilioVALLINAPatronato.jpg?resize=369%2C600&amp;ssl=1 369w, https:\/\/i0.wp.com\/www.manquepierda.com\/historiarealbetis\/files\/2013\/08\/EmilioVALLINAPatronato.jpg?resize=431%2C700&amp;ssl=1 431w, https:\/\/i0.wp.com\/www.manquepierda.com\/historiarealbetis\/files\/2013\/08\/EmilioVALLINAPatronato.jpg?w=1708&amp;ssl=1 1708w\" sizes=\"auto, (max-width: 135px) 100vw, 135px\" \/><\/a><figcaption id=\"caption-attachment-32169\" class=\"wp-caption-text\"><strong>9.-CENTRO DELANTERO-ARIETE-Emilio VALLINA Guti\u00e9rrez.<\/strong><\/figcaption><\/figure>\n<p style=\"text-align: center\"><em><strong>(23).-AVIL\u00c9S (Asturias), domingo 27-Diciembre-1908.-Condenado Consejo de Guerra, viernes 11-Febrero-1938: 20 a\u00f1os de prisi\u00f3n.-\u00cdDEM, jueves 28-Febrero-1946.-37 A\u00f1os.-D. E. P.<\/strong><\/em><\/p>\n<p style=\"text-align: center\"><em><strong>Temporada 1931-1932.<\/strong><\/em><\/p>\n<figure id=\"attachment_32171\" aria-describedby=\"caption-attachment-32171\" style=\"width: 125px\" class=\"wp-caption aligncenter\"><a href=\"https:\/\/www.manquepierda.com\/historiarealbetis\/32162-1931-diciembre-20-segunda-division-sevilla-fbc-2-vs-betis-balompie-3-goals\/1933-08-28-garcia-de-la-puerta-2\/\" rel=\"attachment wp-att-32171\"><img data-recalc-dims=\"1\" loading=\"lazy\" decoding=\"async\" class=\"size-thumbnail wp-image-32171\" alt=\"CP.\" src=\"https:\/\/i0.wp.com\/www.manquepierda.com\/historiarealbetis\/files\/2013\/08\/1933-08-28-Garc%C3%ADa-de-la-Puerta.jpg?resize=125%2C220&#038;ssl=1\" width=\"125\" height=\"220\" srcset=\"https:\/\/i0.wp.com\/www.manquepierda.com\/historiarealbetis\/files\/2013\/08\/1933-08-28-Garc%C3%ADa-de-la-Puerta.jpg?resize=125%2C220&amp;ssl=1 125w, https:\/\/i0.wp.com\/www.manquepierda.com\/historiarealbetis\/files\/2013\/08\/1933-08-28-Garc%C3%ADa-de-la-Puerta.jpg?w=245&amp;ssl=1 245w\" sizes=\"auto, (max-width: 125px) 100vw, 125px\" \/><\/a><figcaption id=\"caption-attachment-32171\" class=\"wp-caption-text\"><strong>10.-DELANTERO-Interior Zurdo.-Mariano GARC\u00cdA DE LA PUERTA.<\/strong><\/figcaption><\/figure>\n<p style=\"text-align: center\"><em><strong>DESTAC\u00d3.-(23).-BARCELONA, viernes 31-Mayo-1907.-No localizada ciudad y fecha fallecimiento.<\/strong><\/em><\/p>\n<p style=\"text-align: center\"><em><strong>***Marc\u00f3 3 goles: 1-1 al alim\u00f3n con TIMIMI-1erTiempo; 1-2\u00a0 y\u00a0 2-3 a los 86 minutos***<\/strong><\/em><\/p>\n<p style=\"text-align: center\"><em><strong>Temporadas 1931-1932 \u00e1 1933-1934; ambas inclusive.<\/strong><\/em><\/p>\n<figure id=\"attachment_32153\" aria-describedby=\"caption-attachment-32153\" style=\"width: 136px\" class=\"wp-caption aligncenter\"><a href=\"https:\/\/www.manquepierda.com\/historiarealbetis\/32140-1931-mayo-24-campeonato-espana-14-final-ida-betis-balompie-3-goals-vs-madrid-0\/rafael-sanz\/\" rel=\"attachment wp-att-32153\"><img data-recalc-dims=\"1\" loading=\"lazy\" decoding=\"async\" class=\"size-full wp-image-32153\" alt=\"bdfutbol.com.es\" src=\"https:\/\/i0.wp.com\/www.manquepierda.com\/historiarealbetis\/files\/2013\/08\/Rafael-SANZ.jpg?resize=136%2C208&#038;ssl=1\" width=\"136\" height=\"208\" \/><\/a><figcaption id=\"caption-attachment-32153\" class=\"wp-caption-text\"><strong>11.-DELANTERO-Extremo Zurdo.-Rafael SANZ.<\/strong><\/figcaption><\/figure>\n<p style=\"text-align: center\"><em><strong>No localizadas ciudades y fechas nacimiento-fallecimiento.-D. E. P.<br \/>\n<\/strong><\/em><\/p>\n<p style=\"text-align: center\"><em><strong>Temporadas 1930-1931 \u00e1 1932-1933; ambas inclusive.<\/strong><\/em><\/p>\n<figure id=\"attachment_34989\" aria-describedby=\"caption-attachment-34989\" style=\"width: 680px\" class=\"wp-caption aligncenter\"><a href=\"https:\/\/www.manquepierda.com\/historiarealbetis\/32162-1931-diciembre-20-segunda-division-sevilla-fbc-2-vs-betis-balompie-3-goals\/19311220sfbc-2-bb-3\/\" rel=\"attachment wp-att-34989\"><img data-recalc-dims=\"1\" loading=\"lazy\" decoding=\"async\" class=\"size-medium wp-image-34989\" alt=\"MMM\" src=\"https:\/\/i0.wp.com\/www.manquepierda.com\/historiarealbetis\/files\/2013\/08\/19311220SFbC-2-BB-3.jpg?resize=680%2C479&#038;ssl=1\" width=\"680\" height=\"479\" srcset=\"https:\/\/i0.wp.com\/www.manquepierda.com\/historiarealbetis\/files\/2013\/08\/19311220SFbC-2-BB-3.jpg?resize=680%2C479&amp;ssl=1 680w, https:\/\/i0.wp.com\/www.manquepierda.com\/historiarealbetis\/files\/2013\/08\/19311220SFbC-2-BB-3.jpg?resize=220%2C155&amp;ssl=1 220w, https:\/\/i0.wp.com\/www.manquepierda.com\/historiarealbetis\/files\/2013\/08\/19311220SFbC-2-BB-3.jpg?resize=960%2C676&amp;ssl=1 960w, https:\/\/i0.wp.com\/www.manquepierda.com\/historiarealbetis\/files\/2013\/08\/19311220SFbC-2-BB-3.jpg?w=1886&amp;ssl=1 1886w\" sizes=\"auto, (max-width: 680px) 100vw, 680px\" \/><\/a><figcaption id=\"caption-attachment-34989\" class=\"wp-caption-text\"><strong>\u00abSEVILLA FbC-2 TANTOS VS. BETIS BALOMPI\u00c9-3 GOLES.-MARIANO GARC\u00cdA DE LA PUERTA DESPU\u00c9S DE LOGRAR EL SEGUNDO TANTO DE LA TARDE EN UNA BONITA JUGADA PERSONAL\u00bb.-CP-ESTAMPA N\u00ba 207-Fot\u00f3grafo GONSANHNI.<\/strong><\/figcaption><\/figure>\n<figure id=\"attachment_34994\" aria-describedby=\"caption-attachment-34994\" style=\"width: 518px\" class=\"wp-caption aligncenter\"><a href=\"https:\/\/www.manquepierda.com\/historiarealbetis\/32162-1931-diciembre-20-segunda-division-sevilla-fbc-2-vs-betis-balompie-3-goals\/19311220sfbc-2-bb-3-1-jpg\/\" rel=\"attachment wp-att-34994\"><img data-recalc-dims=\"1\" loading=\"lazy\" decoding=\"async\" class=\"size-full wp-image-34994\" alt=\"MMM\" src=\"https:\/\/i0.wp.com\/www.manquepierda.com\/historiarealbetis\/files\/2013\/08\/19311220SFbC-2-BB-3.1.jpg.jpg?resize=518%2C521&#038;ssl=1\" width=\"518\" height=\"521\" srcset=\"https:\/\/i0.wp.com\/www.manquepierda.com\/historiarealbetis\/files\/2013\/08\/19311220SFbC-2-BB-3.1.jpg.jpg?w=518&amp;ssl=1 518w, https:\/\/i0.wp.com\/www.manquepierda.com\/historiarealbetis\/files\/2013\/08\/19311220SFbC-2-BB-3.1.jpg.jpg?resize=218%2C220&amp;ssl=1 218w\" sizes=\"auto, (max-width: 518px) 100vw, 518px\" \/><\/a><figcaption id=\"caption-attachment-34994\" class=\"wp-caption-text\"><strong>LVG-B-19311222-Martes.<\/strong><\/figcaption><\/figure>\n<p style=\"text-align: center\">\n","protected":false},"excerpt":{"rendered":"<p>\u00a0\u00abEl choque entre los eternos rivales andaluces di\u00f3 lugar a los acostumbrados incidentes provocados por la pasi\u00f3n de los partidarios de unos u otros colores. \u00a0 \u00a0 \u00a0\u00a0 Un espectador arroj\u00f3 una piedra contra el jugador del Betis Balompi\u00e9 PERAL,\u00a0 que result\u00f3 herido de consideraci\u00f3n\u00bb. 1931-DICIEMBRE 20-DOMINGO.-ESTADIO \u00abNERVI\u00d3N\u00bb. TERCERA JORNADA LIGA DE SEGUNDA DIVISI\u00d3N-TEMPORADA 1931-1932&#8230;.<\/p>\n","protected":false},"author":48,"featured_media":34989,"comment_status":"open","ping_status":"open","sticky":false,"template":"","format":"standard","meta":{"_kad_post_transparent":"","_kad_post_title":"","_kad_post_layout":"","_kad_post_sidebar_id":"","_kad_post_content_style":"","_kad_post_vertical_padding":"","_kad_post_feature":"","_kad_post_feature_position":"","_kad_post_header":false,"_kad_post_footer":false,"_kad_post_classname":"","_jetpack_memberships_contains_paid_content":false,"footnotes":"","jetpack_publicize_message":"","jetpack_publicize_feature_enabled":true,"jetpack_social_post_already_shared":true,"jetpack_social_options":{"image_generator_settings":{"template":"highway","default_image_id":0,"font":"","enabled":false},"version":2}},"categories":[899,1],"tags":[1029,2221,17900,916],"class_list":["post-32162","post","type-post","status-publish","format-standard","has-post-thumbnail","hentry","category-1930-1939","category-portada","tag-1029","tag-1931-32","tag-liga-segunda-1931-32","tag-sevilla-fc"],"jetpack_publicize_connections":[],"jetpack_featured_media_url":"https:\/\/i0.wp.com\/www.manquepierda.com\/historiarealbetis\/files\/2013\/08\/19311220SFbC-2-BB-3.jpg?fit=1886%2C1329&ssl=1","jetpack_sharing_enabled":true,"jetpack_shortlink":"https:\/\/wp.me\/p1ij08-8mK","jetpack-related-posts":[],"_links":{"self":[{"href":"https:\/\/www.manquepierda.com\/historiarealbetis\/wp-json\/wp\/v2\/posts\/32162","targetHints":{"allow":["GET"]}}],"collection":[{"href":"https:\/\/www.manquepierda.com\/historiarealbetis\/wp-json\/wp\/v2\/posts"}],"about":[{"href":"https:\/\/www.manquepierda.com\/historiarealbetis\/wp-json\/wp\/v2\/types\/post"}],"author":[{"embeddable":true,"href":"https:\/\/www.manquepierda.com\/historiarealbetis\/wp-json\/wp\/v2\/users\/48"}],"replies":[{"embeddable":true,"href":"https:\/\/www.manquepierda.com\/historiarealbetis\/wp-json\/wp\/v2\/comments?post=32162"}],"version-history":[{"count":1,"href":"https:\/\/www.manquepierda.com\/historiarealbetis\/wp-json\/wp\/v2\/posts\/32162\/revisions"}],"predecessor-version":[{"id":93026,"href":"https:\/\/www.manquepierda.com\/historiarealbetis\/wp-json\/wp\/v2\/posts\/32162\/revisions\/93026"}],"wp:featuredmedia":[{"embeddable":true,"href":"https:\/\/www.manquepierda.com\/historiarealbetis\/wp-json\/wp\/v2\/media\/34989"}],"wp:attachment":[{"href":"https:\/\/www.manquepierda.com\/historiarealbetis\/wp-json\/wp\/v2\/media?parent=32162"}],"wp:term":[{"taxonomy":"category","embeddable":true,"href":"https:\/\/www.manquepierda.com\/historiarealbetis\/wp-json\/wp\/v2\/categories?post=32162"},{"taxonomy":"post_tag","embeddable":true,"href":"https:\/\/www.manquepierda.com\/historiarealbetis\/wp-json\/wp\/v2\/tags?post=32162"}],"curies":[{"name":"wp","href":"https:\/\/api.w.org\/{rel}","templated":true}]}}