{"id":32221,"date":"2013-08-28T10:17:33","date_gmt":"2013-08-28T08:17:33","guid":{"rendered":"http:\/\/www.manquepierda.com\/historiarealbetis\/?p=32221"},"modified":"2024-08-21T11:07:14","modified_gmt":"2024-08-21T09:07:14","slug":"salamanca-betis-liga-1976","status":"publish","type":"post","link":"https:\/\/www.manquepierda.com\/historiarealbetis\/salamanca-betis-liga-1976\/","title":{"rendered":"Salamanca-Betis Liga 1976"},"content":{"rendered":"<figure id=\"attachment_32222\" aria-describedby=\"caption-attachment-32222\" style=\"width: 680px\" class=\"wp-caption aligncenter\"><a href=\"https:\/\/www.manquepierda.com\/historiarealbetis\/32221-salamanca-betis-liga-1976\/salamanca-betis-liga-1976-nmp-as-8-03-1976\/\" rel=\"attachment wp-att-32222\"><img data-recalc-dims=\"1\" loading=\"lazy\" decoding=\"async\" class=\"size-medium wp-image-32222\" src=\"https:\/\/i0.wp.com\/www.manquepierda.com\/historiarealbetis\/files\/2013\/08\/Salamanca-Betis-Liga-1976-NMP-AS-8-03-1976.jpg?resize=680%2C292&#038;ssl=1\" alt=\"Fuente: AS 8 de marzo de 1976\" width=\"680\" height=\"292\" srcset=\"https:\/\/i0.wp.com\/www.manquepierda.com\/historiarealbetis\/files\/2013\/08\/Salamanca-Betis-Liga-1976-NMP-AS-8-03-1976.jpg?resize=680%2C292&amp;ssl=1 680w, https:\/\/i0.wp.com\/www.manquepierda.com\/historiarealbetis\/files\/2013\/08\/Salamanca-Betis-Liga-1976-NMP-AS-8-03-1976.jpg?resize=220%2C94&amp;ssl=1 220w, https:\/\/i0.wp.com\/www.manquepierda.com\/historiarealbetis\/files\/2013\/08\/Salamanca-Betis-Liga-1976-NMP-AS-8-03-1976.jpg?w=822&amp;ssl=1 822w\" sizes=\"auto, (max-width: 680px) 100vw, 680px\" \/><\/a><figcaption id=\"caption-attachment-32222\" class=\"wp-caption-text\">Fuente: AS 8 de marzo de 1976<\/figcaption><\/figure>\n<p>&nbsp;<\/p>\n<p>7 de marzo de 1976 en El Helm\u00e1ntico\u00a0 Salamanca\u00a0 2\u00a0\u00a0 Betis 0; jornada 25 del Campeonato de Liga de Primera Divisi\u00f3n.<\/p>\n<p>&nbsp;<\/p>\n<p>En la imagen el delantero b\u00e9tico Ladinsky remata a la porter\u00eda salmantina. El bal\u00f3n ser\u00eda rechazado por el meta D\u00b4Alessandro ante la presencia de los defensas Enrique y Juanjo.<\/p>\n<p>Con goles de P\u00e9rez y Rial el conjunto local se impuso al Betis.<\/p>\n<p>Jos\u00e9 Luis Garc\u00eda Traid entrenaba a la UD Salamanca y Ferenc Szusza al Betis.<\/p>\n<p>&nbsp;<\/p>\n","protected":false},"excerpt":{"rendered":"<p>&nbsp; 7 de marzo de 1976 en El Helm\u00e1ntico\u00a0 Salamanca\u00a0 2\u00a0\u00a0 Betis 0; jornada 25 del Campeonato de Liga de Primera Divisi\u00f3n. &nbsp; En la imagen el delantero b\u00e9tico Ladinsky remata a la porter\u00eda salmantina. El bal\u00f3n ser\u00eda rechazado por el meta D\u00b4Alessandro ante la presencia de los defensas Enrique y Juanjo. Con goles de&#8230;<\/p>\n","protected":false},"author":5,"featured_media":32222,"comment_status":"open","ping_status":"open","sticky":false,"template":"","format":"standard","meta":{"_kad_post_transparent":"","_kad_post_title":"","_kad_post_layout":"","_kad_post_sidebar_id":"","_kad_post_content_style":"","_kad_post_vertical_padding":"","_kad_post_feature":"","_kad_post_feature_position":"","_kad_post_header":false,"_kad_post_footer":false,"_kad_post_classname":"","_jetpack_memberships_contains_paid_content":false,"footnotes":"","jetpack_publicize_message":"","jetpack_publicize_feature_enabled":true,"jetpack_social_post_already_shared":true,"jetpack_social_options":{"image_generator_settings":{"template":"highway","default_image_id":0,"font":"","enabled":false},"version":2}},"categories":[903,1],"tags":[2504,1556,18132,17866,829],"class_list":["post-32221","post","type-post","status-publish","format-standard","has-post-thumbnail","hentry","category-1970-1979","category-portada","tag-1975-76","tag-1556","tag-attila-ladinszky","tag-liga-primera-1975-76","tag-ud-salamanca"],"jetpack_publicize_connections":[],"jetpack_featured_media_url":"https:\/\/i0.wp.com\/www.manquepierda.com\/historiarealbetis\/files\/2013\/08\/Salamanca-Betis-Liga-1976-NMP-AS-8-03-1976.jpg?fit=822%2C354&ssl=1","jetpack_sharing_enabled":true,"jetpack_shortlink":"https:\/\/wp.me\/p1ij08-8nH","jetpack-related-posts":[],"_links":{"self":[{"href":"https:\/\/www.manquepierda.com\/historiarealbetis\/wp-json\/wp\/v2\/posts\/32221","targetHints":{"allow":["GET"]}}],"collection":[{"href":"https:\/\/www.manquepierda.com\/historiarealbetis\/wp-json\/wp\/v2\/posts"}],"about":[{"href":"https:\/\/www.manquepierda.com\/historiarealbetis\/wp-json\/wp\/v2\/types\/post"}],"author":[{"embeddable":true,"href":"https:\/\/www.manquepierda.com\/historiarealbetis\/wp-json\/wp\/v2\/users\/5"}],"replies":[{"embeddable":true,"href":"https:\/\/www.manquepierda.com\/historiarealbetis\/wp-json\/wp\/v2\/comments?post=32221"}],"version-history":[{"count":1,"href":"https:\/\/www.manquepierda.com\/historiarealbetis\/wp-json\/wp\/v2\/posts\/32221\/revisions"}],"predecessor-version":[{"id":97121,"href":"https:\/\/www.manquepierda.com\/historiarealbetis\/wp-json\/wp\/v2\/posts\/32221\/revisions\/97121"}],"wp:featuredmedia":[{"embeddable":true,"href":"https:\/\/www.manquepierda.com\/historiarealbetis\/wp-json\/wp\/v2\/media\/32222"}],"wp:attachment":[{"href":"https:\/\/www.manquepierda.com\/historiarealbetis\/wp-json\/wp\/v2\/media?parent=32221"}],"wp:term":[{"taxonomy":"category","embeddable":true,"href":"https:\/\/www.manquepierda.com\/historiarealbetis\/wp-json\/wp\/v2\/categories?post=32221"},{"taxonomy":"post_tag","embeddable":true,"href":"https:\/\/www.manquepierda.com\/historiarealbetis\/wp-json\/wp\/v2\/tags?post=32221"}],"curies":[{"name":"wp","href":"https:\/\/api.w.org\/{rel}","templated":true}]}}