{"id":32234,"date":"2013-08-31T10:09:06","date_gmt":"2013-08-31T08:09:06","guid":{"rendered":"http:\/\/www.manquepierda.com\/historiarealbetis\/?p=32234"},"modified":"2025-09-07T10:52:51","modified_gmt":"2025-09-07T08:52:51","slug":"visitamos-al-rcd-espanyol-3","status":"publish","type":"post","link":"https:\/\/www.manquepierda.com\/historiarealbetis\/visitamos-al-rcd-espanyol-3\/","title":{"rendered":"Visitamos al RCD Espanyol"},"content":{"rendered":"<figure id=\"attachment_32235\" aria-describedby=\"caption-attachment-32235\" style=\"width: 680px\" class=\"wp-caption aligncenter\"><a href=\"https:\/\/www.manquepierda.com\/historiarealbetis\/32234-visitamos-al-rcd-espanyol-3\/espanol-1970-71\/\" rel=\"attachment wp-att-32235\"><img data-recalc-dims=\"1\" loading=\"lazy\" decoding=\"async\" class=\"size-medium wp-image-32235\" src=\"https:\/\/i0.wp.com\/www.manquepierda.com\/historiarealbetis\/files\/2013\/08\/Espa%C3%B1ol-1970-71.jpg?resize=680%2C384&#038;ssl=1\" alt=\"El Espa\u00f1ol temporada 1970-71\" width=\"680\" height=\"384\" srcset=\"https:\/\/i0.wp.com\/www.manquepierda.com\/historiarealbetis\/files\/2013\/08\/Espa%C3%B1ol-1970-71.jpg?resize=680%2C384&amp;ssl=1 680w, https:\/\/i0.wp.com\/www.manquepierda.com\/historiarealbetis\/files\/2013\/08\/Espa%C3%B1ol-1970-71.jpg?resize=220%2C124&amp;ssl=1 220w, https:\/\/i0.wp.com\/www.manquepierda.com\/historiarealbetis\/files\/2013\/08\/Espa%C3%B1ol-1970-71.jpg?resize=960%2C542&amp;ssl=1 960w, https:\/\/i0.wp.com\/www.manquepierda.com\/historiarealbetis\/files\/2013\/08\/Espa%C3%B1ol-1970-71.jpg?w=1280&amp;ssl=1 1280w\" sizes=\"auto, (max-width: 680px) 100vw, 680px\" \/><\/a><figcaption id=\"caption-attachment-32235\" class=\"wp-caption-text\">El Espa\u00f1ol temporada 1970-71<\/figcaption><\/figure>\n<p>&nbsp;<\/p>\n<p><!-- [if gte mso 9]&gt;--><\/p>\n<p class=\"MsoNormal\" style=\"line-height: normal\"><span style=\"font-size: 12.0pt;font-family: 'Times New Roman','serif'\">Ma\u00f1ana domingo a las 17 horas visitamos al Real Club Deportivo Espanyol de Barcelona, club fundado en 1900 y que ha jugado 79 temporadas en Primera divisi\u00f3n y 4 en Segunda.\u00a0 Ha sido campe\u00f3n de Copa en 4 ocasiones.<\/span><\/p>\n<p class=\"MsoNormal\" style=\"line-height: normal\"><span style=\"font-size: 12.0pt;font-family: 'Times New Roman','serif'\">La primera visita del Betis a terreno espa\u00f1olista tuvo lugar el 15 de Mayo de 1932 en partido de vuelta de los octavos de final de la Copa y en que se impuso el equipo local por 3 a 0. En total han sido 57 las visitas del Betis al campo espa\u00f1olista, repartidas as\u00ed: 47 encuentros en Primera Divisi\u00f3n ( 23 victorias del Espanyol, 16 empates y 8 victorias del Betis), 3 partidos en Segunda Divisi\u00f3n (2 victorias locales y 1 empate) y 7 partidos de Copa ( 4 victorias del Espanyol, 2 empates y 1 victoria del Betis).<\/span><\/p>\n<p class=\"MsoNormal\" style=\"line-height: normal\"><span style=\"font-size: 12.0pt;font-family: 'Times New Roman','serif'\">Estos 57 partidos se han jugado en el antiguo campo de Sarri\u00e1 en 44 ocasiones, \u00a011 en el estadio de Montjuic y 2 en el de Cornell\u00e1.<\/span><\/p>\n<p class=\"MsoNormal\" style=\"line-height: normal\"><span style=\"font-size: 12.0pt;font-family: 'Times New Roman','serif'\">Entre los jugadores que han militado en Espanyol y Betis: Jos\u00e9 L\u00f3pez \u201cCanito\u201d, Carlos Garc\u00eda, Miguel Castro, Carlos Cela, Javier Chica, Javier \u201cM\u00e1gico D\u00edaz\u201d, Didac Vila, Gabino Rodr\u00edguez, Mariano Gargallo, Juan Gonell, Francisco Grau, Antonio Alvarez \u201cIto\u201d, Jos\u00e9 Mar\u00eda S\u00e1nchez \u201cJob\u201d, Janos Kuszmann, Manuel Noluca \u201cManol\u00edn\u201d, Miguel Angel Garc\u00eda, Jos\u00e9 Pardo, Francisco Rosell\u00f3, Jaume Sabat\u00e9, Salustiano S\u00e1nchez, Sergio Garc\u00eda, Faernando Tabales, V\u00edctor Torres Mestre, Antonio V\u00e1zquez, Fernando Vela, Juan Venys, Joan Verd\u00fa y Yanko Daucick.<\/span><\/p>\n<p class=\"MsoNormal\" style=\"line-height: normal\"><span style=\"font-size: 12.0pt;font-family: 'Times New Roman','serif'\">Entre los entrenadores: Pedro Sol\u00e9, Marcel Domingo, Antonio Barrios, Fernando Daucick, Javier Clemente, Juande Ramos, Luis Fern\u00e1ndez, Luis Aragon\u00e9s y Rafael Iriondo.<\/span><\/p>\n<p>&nbsp;<\/p>\n","protected":false},"excerpt":{"rendered":"<p>&nbsp; Ma\u00f1ana domingo a las 17 horas visitamos al Real Club Deportivo Espanyol de Barcelona, club fundado en 1900 y que ha jugado 79 temporadas en Primera divisi\u00f3n y 4 en Segunda.\u00a0 Ha sido campe\u00f3n de Copa en 4 ocasiones. La primera visita del Betis a terreno espa\u00f1olista tuvo lugar el 15 de Mayo de&#8230;<\/p>\n","protected":false},"author":5,"featured_media":32235,"comment_status":"open","ping_status":"open","sticky":false,"template":"","format":"standard","meta":{"_kad_post_transparent":"","_kad_post_title":"","_kad_post_layout":"","_kad_post_sidebar_id":"","_kad_post_content_style":"","_kad_post_vertical_padding":"","_kad_post_feature":"","_kad_post_feature_position":"","_kad_post_header":false,"_kad_post_footer":false,"_kad_post_classname":"","_jetpack_memberships_contains_paid_content":false,"footnotes":"","jetpack_publicize_message":"","jetpack_publicize_feature_enabled":true,"jetpack_social_post_already_shared":true,"jetpack_social_options":{"image_generator_settings":{"template":"highway","default_image_id":0,"font":"","enabled":false},"version":2}},"categories":[895,1],"tags":[1076,1249,3854,3860,7597,3852,9371,15226,2624,3855,1615,3821,1129,3508,1304,3848,3890,1377,9372,13356,3849,1931,1049,1213,2506,1456,12810,18339,1384,1138,3847,3853,3856,1215,711,3028,1048,3753,1008],"class_list":["post-32234","post","type-post","status-publish","format-standard","has-post-thumbnail","hentry","category-los-rivales","category-portada","tag-antonio-alvarez-ito","tag-antonio-barrios","tag-antonio-vazquez","tag-carlos-cela","tag-carlos-garcia","tag-cornella","tag-didac-vila","tag-fernando-daucik","tag-fernando-tabales","tag-fernando-vela","tag-francisco-grau","tag-francisco-rosello","tag-gabino-rodriguez","tag-janos-kuszmann","tag-jaume-sabate","tag-javier-magico-diaz","tag-javier-chica","tag-javier-clemente","tag-joan-verdu","tag-jose-cano-canito","tag-jose-maria-sanchez-job","tag-jose-pardo","tag-juan-venys","tag-juande-ramos","tag-julian-gonell","tag-luis-aragones","tag-luis-fernandez-entrenador","tag-manuel-fernandez-manolin-2","tag-mariano-gargallo","tag-miguel-angel-garcia","tag-miguel-castro","tag-montjuic","tag-pedro-sole","tag-rafael-iriondo","tag-rcd-espanyol","tag-salustiano-sanchez","tag-sergio-garcia","tag-victor-torres-mestre","tag-yanko-daucick"],"jetpack_publicize_connections":[],"jetpack_featured_media_url":"https:\/\/i0.wp.com\/www.manquepierda.com\/historiarealbetis\/files\/2013\/08\/Espa%C3%B1ol-1970-71.jpg?fit=1280%2C723&ssl=1","jetpack_sharing_enabled":true,"jetpack_shortlink":"https:\/\/wp.me\/p1ij08-8nU","jetpack-related-posts":[],"_links":{"self":[{"href":"https:\/\/www.manquepierda.com\/historiarealbetis\/wp-json\/wp\/v2\/posts\/32234","targetHints":{"allow":["GET"]}}],"collection":[{"href":"https:\/\/www.manquepierda.com\/historiarealbetis\/wp-json\/wp\/v2\/posts"}],"about":[{"href":"https:\/\/www.manquepierda.com\/historiarealbetis\/wp-json\/wp\/v2\/types\/post"}],"author":[{"embeddable":true,"href":"https:\/\/www.manquepierda.com\/historiarealbetis\/wp-json\/wp\/v2\/users\/5"}],"replies":[{"embeddable":true,"href":"https:\/\/www.manquepierda.com\/historiarealbetis\/wp-json\/wp\/v2\/comments?post=32234"}],"version-history":[{"count":1,"href":"https:\/\/www.manquepierda.com\/historiarealbetis\/wp-json\/wp\/v2\/posts\/32234\/revisions"}],"predecessor-version":[{"id":95320,"href":"https:\/\/www.manquepierda.com\/historiarealbetis\/wp-json\/wp\/v2\/posts\/32234\/revisions\/95320"}],"wp:featuredmedia":[{"embeddable":true,"href":"https:\/\/www.manquepierda.com\/historiarealbetis\/wp-json\/wp\/v2\/media\/32235"}],"wp:attachment":[{"href":"https:\/\/www.manquepierda.com\/historiarealbetis\/wp-json\/wp\/v2\/media?parent=32234"}],"wp:term":[{"taxonomy":"category","embeddable":true,"href":"https:\/\/www.manquepierda.com\/historiarealbetis\/wp-json\/wp\/v2\/categories?post=32234"},{"taxonomy":"post_tag","embeddable":true,"href":"https:\/\/www.manquepierda.com\/historiarealbetis\/wp-json\/wp\/v2\/tags?post=32234"}],"curies":[{"name":"wp","href":"https:\/\/api.w.org\/{rel}","templated":true}]}}