{"id":32346,"date":"2013-08-31T20:36:21","date_gmt":"2013-08-31T18:36:21","guid":{"rendered":"http:\/\/www.manquepierda.com\/historiarealbetis\/?p=32346"},"modified":"2024-09-24T07:01:12","modified_gmt":"2024-09-24T05:01:12","slug":"1934-septiempre-16-superregional-levante-sur-valencia-cf-1-vs-betis-balompie-1-goal","status":"publish","type":"post","link":"https:\/\/www.manquepierda.com\/historiarealbetis\/1934-septiempre-16-superregional-levante-sur-valencia-cf-1-vs-betis-balompie-1-goal\/","title":{"rendered":"1934-Septiembre 16-Superregional Levante-Sur: Valencia cf-1 vs. Betis Balompi\u00e9-1 goal."},"content":{"rendered":"<figure id=\"attachment_32353\" aria-describedby=\"caption-attachment-32353\" style=\"width: 680px\" class=\"wp-caption aligncenter\"><a href=\"https:\/\/www.manquepierda.com\/historiarealbetis\/32346-1934-septiempre-16-superregional-levante-sur-valencia-cf-1-vs-betis-balompie-1-goal\/19340916-vcf-1-bb-1\/\" rel=\"attachment wp-att-32353\"><img data-recalc-dims=\"1\" loading=\"lazy\" decoding=\"async\" class=\"size-medium wp-image-32353\" alt=\"CP-foto original L\u00e1zaro-Estampa n\u00ba 350.\" src=\"https:\/\/i0.wp.com\/www.manquepierda.com\/historiarealbetis\/files\/2013\/08\/19340916-vcf-1-bb-1.jpg?resize=680%2C494&#038;ssl=1\" width=\"680\" height=\"494\" srcset=\"https:\/\/i0.wp.com\/www.manquepierda.com\/historiarealbetis\/files\/2013\/08\/19340916-vcf-1-bb-1.jpg?resize=680%2C494&amp;ssl=1 680w, https:\/\/i0.wp.com\/www.manquepierda.com\/historiarealbetis\/files\/2013\/08\/19340916-vcf-1-bb-1.jpg?resize=220%2C159&amp;ssl=1 220w, https:\/\/i0.wp.com\/www.manquepierda.com\/historiarealbetis\/files\/2013\/08\/19340916-vcf-1-bb-1.jpg?resize=960%2C697&amp;ssl=1 960w, https:\/\/i0.wp.com\/www.manquepierda.com\/historiarealbetis\/files\/2013\/08\/19340916-vcf-1-bb-1.jpg?w=1142&amp;ssl=1 1142w\" sizes=\"auto, (max-width: 680px) 100vw, 680px\" \/><\/a><figcaption id=\"caption-attachment-32353\" class=\"wp-caption-text\">Serad\u00edn AEDO Renieblas marcando a Gaspar Rubio\u00a0 Meli\u00e1.-CP-foto original L\u00e1zaro-Estampa n\u00ba 350.<\/figcaption><\/figure>\n<p style=\"text-align: center\">Pie de foto original \u00abValencia, uno;\u00a0 <em><strong>Betis Balompi\u00e9, uno.\u00a0<\/strong> <\/em>Juego de dominio alterno,\u00a0 al que correspondi\u00f3 un empate l\u00f3gico\u00bb.<\/p>\n<p><em><strong>1934-SEPTIEMBRE 16-DOMINGO EN VALENCIA.-PRIMERA JORNADA DEL CAMPEONATO SUPERREGIONAL-QUINTO GRUPO-LEVANTE-SUR-OESTE.<\/strong><\/em><\/p>\n<p style=\"text-align: center\"><em><strong>CLUBES: 2-ANDALUC\u00cdA (BETIS BALOMPI\u00c9.-Sevilla FbC); 3-LEVANTE (Murcia FbC; Levante FbC; Valencia FbC).<\/strong><\/em><\/p>\n<p style=\"text-align: center\"><em><strong>ESTADIO DE MESTALLA (Inaugurado el domingo 20-Mayo-1923.-C\u00e9sped.-105&#215;68 metros).<br \/>\n<\/strong><\/em><\/p>\n<p style=\"text-align: center\"><strong>Arbitr\u00f3 el colegiado valenciano Juan Jos\u00e9 Cangas-Arg\u00fcelles Ballesteros,\u00a0 imparcial y con competencia,\u00a0 y los liniers del mismo colegio Leonarte y Soliva.<\/strong><\/p>\n<p style=\"text-align: center\"><strong>Las alineaciones fueron las siguientes:<\/strong><\/p>\n<figure id=\"attachment_32354\" aria-describedby=\"caption-attachment-32354\" style=\"width: 157px\" class=\"wp-caption aligncenter\"><a href=\"https:\/\/www.manquepierda.com\/historiarealbetis\/32346-1934-septiempre-16-superregional-levante-sur-valencia-cf-1-vs-betis-balompie-1-goal\/valencia-cf\/\" rel=\"attachment wp-att-32354\"><img data-recalc-dims=\"1\" loading=\"lazy\" decoding=\"async\" class=\"size-thumbnail wp-image-32354\" alt=\"1921-1941.\" src=\"https:\/\/i0.wp.com\/www.manquepierda.com\/historiarealbetis\/files\/2013\/08\/valencia-cf.gif?resize=157%2C220&#038;ssl=1\" width=\"157\" height=\"220\" \/><\/a><figcaption id=\"caption-attachment-32354\" class=\"wp-caption-text\">1921-1941.<\/figcaption><\/figure>\n<p style=\"text-align: center\">Presidente don Adolfo Royo Soriano.<\/p>\n<p style=\"text-align: center\">Entrenador Antonin FIVBER (Rep\u00fablica Checa).<\/p>\n<p style=\"text-align: center\">Cuarto Clasificado-1 PUNTO.-VALENCIA CLUB DE F\u00daTBOL-1 Tanto.<\/p>\n<p style=\"text-align: left\">Enrique CANO (portero).-Juan MELENCH\u00d3N-Luis Casas PASAR\u00cdN (defensas).-Inocencio BERTOL\u00cd-Carlos ITURRASPE-<em><strong>Antonio CONDE Aja<\/strong> <\/em>(medios).-Domingo TORREDEFLOT-Severiano GOIBURU-Gaspar RUBIO Meli\u00e1 <strong>(1-0.-05 minutos)<\/strong>-Juan COSTA-SANTIago Zubieta (delanteros).<\/p>\n<p style=\"text-align: center\"><em><strong>VS.<\/strong><\/em><\/p>\n<figure id=\"attachment_32042\" aria-describedby=\"caption-attachment-32042\" style=\"width: 154px\" class=\"wp-caption aligncenter\"><a href=\"https:\/\/www.manquepierda.com\/historiarealbetis\/32036-1933-noviembre-05-primera-division-betis-balompie-2-goles-vs-racing-santander-1\/1932-rbb-43\/\" rel=\"attachment wp-att-32042\"><img data-recalc-dims=\"1\" loading=\"lazy\" decoding=\"async\" class=\"size-full wp-image-32042\" alt=\"art\u00edfice-autor Enrique A\u00f1ino ilzarbe de Andueza.\" src=\"https:\/\/i0.wp.com\/www.manquepierda.com\/historiarealbetis\/files\/2013\/08\/1932-RBB1.jpg?resize=154%2C154&#038;ssl=1\" width=\"154\" height=\"154\" srcset=\"https:\/\/i0.wp.com\/www.manquepierda.com\/historiarealbetis\/files\/2013\/08\/1932-RBB1.jpg?w=154&amp;ssl=1 154w, https:\/\/i0.wp.com\/www.manquepierda.com\/historiarealbetis\/files\/2013\/08\/1932-RBB1.jpg?resize=500%2C500&amp;ssl=1 500w\" sizes=\"auto, (max-width: 154px) 100vw, 154px\" \/><\/a><figcaption id=\"caption-attachment-32042\" class=\"wp-caption-text\">art\u00edfice-autor Enrique A\u00f1ino ilzarbe de Andueza.<em><strong><\/strong><\/em><\/figcaption><\/figure>\n<p style=\"text-align: center\"><em><strong>XXVI PRESIDENTE REAL-BETIS BALOMPI\u00c9-TEMPORADAS 1933-1935; 1936-1937 \u00e1 1939-1940; ambas inclusives.<\/strong><\/em><\/p>\n<figure id=\"attachment_32211\" aria-describedby=\"caption-attachment-32211\" style=\"width: 169px\" class=\"wp-caption aligncenter\"><a href=\"https:\/\/www.manquepierda.com\/historiarealbetis\/32208-1933-diciembre-10-primera-division-betis-balompie-2-goals-vs-arenas-getxo-0\/antonio-moreno-sevillano-12\/\" rel=\"attachment wp-att-32211\"><img data-recalc-dims=\"1\" loading=\"lazy\" decoding=\"async\" class=\"size-thumbnail wp-image-32211\" alt=\"Colecci\u00f3n e. a. c.\" src=\"https:\/\/i0.wp.com\/www.manquepierda.com\/historiarealbetis\/files\/2013\/08\/Antonio-Moreno-Sevillano1.jpg?resize=169%2C220&#038;ssl=1\" width=\"169\" height=\"220\" srcset=\"https:\/\/i0.wp.com\/www.manquepierda.com\/historiarealbetis\/files\/2013\/08\/Antonio-Moreno-Sevillano1.jpg?resize=169%2C220&amp;ssl=1 169w, https:\/\/i0.wp.com\/www.manquepierda.com\/historiarealbetis\/files\/2013\/08\/Antonio-Moreno-Sevillano1.jpg?resize=461%2C600&amp;ssl=1 461w, https:\/\/i0.wp.com\/www.manquepierda.com\/historiarealbetis\/files\/2013\/08\/Antonio-Moreno-Sevillano1.jpg?w=480&amp;ssl=1 480w\" sizes=\"auto, (max-width: 169px) 100vw, 169px\" \/><\/a><figcaption id=\"caption-attachment-32211\" class=\"wp-caption-text\">Colecci\u00f3n e. a. c.<\/figcaption><\/figure>\n<p style=\"text-align: center\"><em><strong>DON ANTONIO MORENO SEVILLANO (32 a\u00f1os.-Ilustre Abogado).-Natural de OSUNA (Sevilla), viernes 09 de Agosto de 1901.-Falleci\u00f3 en SEVILLA, viernes 28 de Abril de 1978.-76 A\u00f1os.-D. E. P.<\/strong><\/em><\/p>\n<p style=\"text-align: center\"><em><strong>ENTRENADOR BETIS BALOMPI\u00c9-Temporadas 1932-1933 \u00e1 1934-1935 (Campeonato Nacional Liga Primera Divisi\u00f3n); ambas inclusive.<\/strong><\/em><\/p>\n<figure id=\"attachment_32290\" aria-describedby=\"caption-attachment-32290\" style=\"width: 133px\" class=\"wp-caption aligncenter\"><a href=\"https:\/\/www.manquepierda.com\/historiarealbetis\/32346-1934-septiempre-16-superregional-levante-sur-valencia-cf-1-vs-betis-balompie-1-goal\/patrick-joseph-oconnell-2\/\" rel=\"attachment wp-att-32290\"><img data-recalc-dims=\"1\" loading=\"lazy\" decoding=\"async\" class=\"size-thumbnail wp-image-32290\" alt=\"colecci\u00f3n e. a. c.\" src=\"https:\/\/i0.wp.com\/www.manquepierda.com\/historiarealbetis\/files\/2013\/08\/Patrick-Joseph-OCONNELL1.jpg?resize=133%2C220&#038;ssl=1\" width=\"133\" height=\"220\" srcset=\"https:\/\/i0.wp.com\/www.manquepierda.com\/historiarealbetis\/files\/2013\/08\/Patrick-Joseph-OCONNELL1.jpg?resize=133%2C220&amp;ssl=1 133w, https:\/\/i0.wp.com\/www.manquepierda.com\/historiarealbetis\/files\/2013\/08\/Patrick-Joseph-OCONNELL1.jpg?resize=363%2C600&amp;ssl=1 363w, https:\/\/i0.wp.com\/www.manquepierda.com\/historiarealbetis\/files\/2013\/08\/Patrick-Joseph-OCONNELL1.jpg?resize=424%2C700&amp;ssl=1 424w, https:\/\/i0.wp.com\/www.manquepierda.com\/historiarealbetis\/files\/2013\/08\/Patrick-Joseph-OCONNELL1.jpg?w=848&amp;ssl=1 848w\" sizes=\"auto, (max-width: 133px) 100vw, 133px\" \/><\/a><figcaption id=\"caption-attachment-32290\" class=\"wp-caption-text\">colecci\u00f3n e. a. c.<\/figcaption><\/figure>\n<p><em><strong>Mr. PATRICK JOSEPH O&#8217;CONNELL (46 a\u00f1os).-Natural de DUBLIN\u00a0 (Irlanda), martes 08 de Marzo de 1887.-Falleci\u00f3 en ST PANCRAS-Londres (Inglaterra), viernes 27 de Febrero de 1959.-71 A\u00f1os.-D. E. P.<\/strong><\/em><\/p>\n<p style=\"text-align: center\"><em><strong>3er. CLASIFICADO-1 PUNTO.-BETIS BALOMPI\u00c9-1 GOL.<\/strong><\/em><\/p>\n<figure id=\"attachment_32355\" aria-describedby=\"caption-attachment-32355\" style=\"width: 82px\" class=\"wp-caption aligncenter\"><a href=\"https:\/\/www.manquepierda.com\/historiarealbetis\/32346-1934-septiempre-16-superregional-levante-sur-valencia-cf-1-vs-betis-balompie-1-goal\/luis-casas-pasarin\/\" rel=\"attachment wp-att-32355\"><img data-recalc-dims=\"1\" loading=\"lazy\" decoding=\"async\" class=\"size-full wp-image-32355\" alt=\"web oficial vcf.\" src=\"https:\/\/i0.wp.com\/www.manquepierda.com\/historiarealbetis\/files\/2013\/08\/Luis-Casas-Pasar%C3%ADn.jpg?resize=82%2C105&#038;ssl=1\" width=\"82\" height=\"105\" \/><\/a><figcaption id=\"caption-attachment-32355\" class=\"wp-caption-text\">ciberche.net<\/figcaption><\/figure>\n<p style=\"text-align: left\"><em><strong> 1-1:\u00a0 \u00abMala jugada de PASAR\u00cdN,\u00a0 peor enmendada por CANO,\u00a0 que de espaldas a su porter\u00eda,\u00a0 quiso despejar atolondrado un globo alt\u00edsimo que el veterano 3 gallego dej\u00f3 colgado sobre el larguero en las postrimer\u00edas del primer tiempo\u00bb.<\/strong><\/em><\/p>\n<figure id=\"attachment_32040\" aria-describedby=\"caption-attachment-32040\" style=\"width: 128px\" class=\"wp-caption aligncenter\"><a href=\"https:\/\/www.manquepierda.com\/historiarealbetis\/32036-1933-noviembre-05-primera-division-betis-balompie-2-goles-vs-racing-santander-1\/joaquinurquiagalegarbur-7\/\" rel=\"attachment wp-att-32040\"><img data-recalc-dims=\"1\" loading=\"lazy\" decoding=\"async\" class=\"size-thumbnail wp-image-32040\" alt=\"colecci\u00f3n e. a. c.\" src=\"https:\/\/i0.wp.com\/www.manquepierda.com\/historiarealbetis\/files\/2013\/08\/Joaqu%C3%ADnURQUIAGALegarbur1.jpg?resize=128%2C220&#038;ssl=1\" width=\"128\" height=\"220\" srcset=\"https:\/\/i0.wp.com\/www.manquepierda.com\/historiarealbetis\/files\/2013\/08\/Joaqu%C3%ADnURQUIAGALegarbur1.jpg?resize=128%2C220&amp;ssl=1 128w, https:\/\/i0.wp.com\/www.manquepierda.com\/historiarealbetis\/files\/2013\/08\/Joaqu%C3%ADnURQUIAGALegarbur1.jpg?resize=350%2C600&amp;ssl=1 350w, https:\/\/i0.wp.com\/www.manquepierda.com\/historiarealbetis\/files\/2013\/08\/Joaqu%C3%ADnURQUIAGALegarbur1.jpg?resize=409%2C700&amp;ssl=1 409w, https:\/\/i0.wp.com\/www.manquepierda.com\/historiarealbetis\/files\/2013\/08\/Joaqu%C3%ADnURQUIAGALegarbur1.jpg?w=633&amp;ssl=1 633w\" sizes=\"auto, (max-width: 128px) 100vw, 128px\" \/><\/a><figcaption id=\"caption-attachment-32040\" class=\"wp-caption-text\">colecci\u00f3n e. a. c.<\/figcaption><\/figure>\n<p style=\"text-align: center\"><em><strong>1.-Guardameta (Destac\u00f3).-Joaqu\u00edn URQUIAGA Legarburu (24).-ZORROTZA (Bilbao), martes 29-Marzo-1910.-BILBAO (Vizcaya), domingo 25-Julio-1965.-55 A\u00f1os.-D. E. P.<\/strong><\/em><\/p>\n<p style=\"text-align: center\"><em><strong>Temporadas 1932-1933 \u00e1 1935-1936; ambas inclusive.<\/strong><\/em><\/p>\n<figure id=\"attachment_31992\" aria-describedby=\"caption-attachment-31992\" style=\"width: 171px\" class=\"wp-caption aligncenter\"><a href=\"https:\/\/www.manquepierda.com\/historiarealbetis\/31987-1934-enero-14-patronato-primera-division-betis-balompie-1-gol-vs-athletic-club-bilbao-3\/areso-4\/\" rel=\"attachment wp-att-31992\"><img data-recalc-dims=\"1\" loading=\"lazy\" decoding=\"async\" class=\"size-thumbnail wp-image-31992\" alt=\"Colecci\u00f3n e. a. c.\" src=\"https:\/\/i0.wp.com\/www.manquepierda.com\/historiarealbetis\/files\/2013\/08\/ARESO.jpg?resize=171%2C220&#038;ssl=1\" width=\"171\" height=\"220\" srcset=\"https:\/\/i0.wp.com\/www.manquepierda.com\/historiarealbetis\/files\/2013\/08\/ARESO.jpg?resize=171%2C220&amp;ssl=1 171w, https:\/\/i0.wp.com\/www.manquepierda.com\/historiarealbetis\/files\/2013\/08\/ARESO.jpg?w=250&amp;ssl=1 250w\" sizes=\"auto, (max-width: 171px) 100vw, 171px\" \/><\/a><figcaption id=\"caption-attachment-31992\" class=\"wp-caption-text\">Colecci\u00f3n e. a. c.<\/figcaption><\/figure>\n<p style=\"text-align: center\"><em><strong>2.-Zaguero.-Lateral Diestro (Regular).-Pedro Pablo ARESO Aramburu (24).-VILLAFRANCA DE ORIA u ORDICIA (Guip\u00fazcoa), lunes 15-Marzo-1909.-No localizada ciudad y fecha de fallecimiento, si ha lugar D. E. P.<\/strong><\/em><\/p>\n<p style=\"text-align: center\"><em><strong>Temporadas 1932-1933 \u00e1 1934-1935; ambas inclusive.<\/strong><\/em><\/p>\n<figure id=\"attachment_31993\" aria-describedby=\"caption-attachment-31993\" style=\"width: 161px\" class=\"wp-caption aligncenter\"><a href=\"https:\/\/www.manquepierda.com\/historiarealbetis\/31987-1934-enero-14-patronato-primera-division-betis-balompie-1-gol-vs-athletic-club-bilbao-3\/aedo-5\/\" rel=\"attachment wp-att-31993\"><img data-recalc-dims=\"1\" loading=\"lazy\" decoding=\"async\" class=\"size-thumbnail wp-image-31993\" alt=\"Colecci\u00f3n e. a. c.\" src=\"https:\/\/i0.wp.com\/www.manquepierda.com\/historiarealbetis\/files\/2013\/08\/AEDO.jpg?resize=161%2C220&#038;ssl=1\" width=\"161\" height=\"220\" srcset=\"https:\/\/i0.wp.com\/www.manquepierda.com\/historiarealbetis\/files\/2013\/08\/AEDO.jpg?resize=161%2C220&amp;ssl=1 161w, https:\/\/i0.wp.com\/www.manquepierda.com\/historiarealbetis\/files\/2013\/08\/AEDO.jpg?w=183&amp;ssl=1 183w\" sizes=\"auto, (max-width: 161px) 100vw, 161px\" \/><\/a><figcaption id=\"caption-attachment-31993\" class=\"wp-caption-text\">Colecci\u00f3n e. a. c.<\/figcaption><\/figure>\n<p style=\"text-align: center\"><em><strong>3.-Zaguero.-Lateral Zurdo (Regular).-Seraf\u00edn AEDO Renieblas (25).-BARAKALDO (Vizcaya), mi\u00e9rcoles 11-Noviembre-1908.-M\u00c9XICO Distrito Federal, viernes 14-Octubre-1988.-79 A\u00f1os.-D. E. P.<\/strong><\/em><\/p>\n<p style=\"text-align: center\"><em><strong>Temporadas 1933-1934 \u00e1 1935-1936; ambas inclusive.<\/strong><\/em><\/p>\n<figure id=\"attachment_31994\" aria-describedby=\"caption-attachment-31994\" style=\"width: 220px\" class=\"wp-caption aligncenter\"><a href=\"https:\/\/www.manquepierda.com\/historiarealbetis\/31987-1934-enero-14-patronato-primera-division-betis-balompie-1-gol-vs-athletic-club-bilbao-3\/peral-josesuarezgonzalez19320413-2\/\" rel=\"attachment wp-att-31994\"><img data-recalc-dims=\"1\" loading=\"lazy\" decoding=\"async\" class=\"size-thumbnail wp-image-31994\" alt=\"Colecci\u00f3n e. a. c.\" src=\"https:\/\/i0.wp.com\/www.manquepierda.com\/historiarealbetis\/files\/2013\/08\/PERAL-Jos%C3%A9Sua%C5%95ezGonz%C3%A1lez19320413-220x204.jpg?resize=220%2C204&#038;ssl=1\" width=\"220\" height=\"204\" srcset=\"https:\/\/i0.wp.com\/www.manquepierda.com\/historiarealbetis\/files\/2013\/08\/PERAL-Jos%C3%A9Sua%C5%95ezGonz%C3%A1lez19320413.jpg?resize=220%2C204&amp;ssl=1 220w, https:\/\/i0.wp.com\/www.manquepierda.com\/historiarealbetis\/files\/2013\/08\/PERAL-Jos%C3%A9Sua%C5%95ezGonz%C3%A1lez19320413.jpg?resize=644%2C600&amp;ssl=1 644w, https:\/\/i0.wp.com\/www.manquepierda.com\/historiarealbetis\/files\/2013\/08\/PERAL-Jos%C3%A9Sua%C5%95ezGonz%C3%A1lez19320413.jpg?w=683&amp;ssl=1 683w\" sizes=\"auto, (max-width: 220px) 100vw, 220px\" \/><\/a><figcaption id=\"caption-attachment-31994\" class=\"wp-caption-text\">Colecci\u00f3n e. a. c.<\/figcaption><\/figure>\n<p style=\"text-align: center\"><em><strong>4.-Medio.-Diestro (1).-Jos\u00e9 Su\u00e1rez Gonz\u00e1lez (23).-CIUDAD DEL BETIS, lunes 10-Abril-1911.-SEVILLA, domingo 28-Mayo-1967.-56 A\u00f1os.-D. E. P.<\/strong><\/em><\/p>\n<p style=\"text-align: center\"><em><strong> \u00abPERAL\u00bb-Temporadas 1929-1930 \u00e1 1935-1936; 1938-1939 \u00e1 1943-1944; ambas inclusives.<\/strong><\/em><\/p>\n<figure id=\"attachment_31996\" aria-describedby=\"caption-attachment-31996\" style=\"width: 188px\" class=\"wp-caption aligncenter\"><a href=\"https:\/\/www.manquepierda.com\/historiarealbetis\/31987-1934-enero-14-patronato-primera-division-betis-balompie-1-gol-vs-athletic-club-bilbao-3\/larrinoa-3\/\" rel=\"attachment wp-att-31996\"><img data-recalc-dims=\"1\" loading=\"lazy\" decoding=\"async\" class=\"size-thumbnail wp-image-31996\" alt=\"Colecci\u00f3n Enrique A\u00f1ino Ca\u00f1al.\" src=\"https:\/\/i0.wp.com\/www.manquepierda.com\/historiarealbetis\/files\/2013\/08\/LARRINOA.png?resize=188%2C220&#038;ssl=1\" width=\"188\" height=\"220\" srcset=\"https:\/\/i0.wp.com\/www.manquepierda.com\/historiarealbetis\/files\/2013\/08\/LARRINOA.png?resize=188%2C220&amp;ssl=1 188w, https:\/\/i0.wp.com\/www.manquepierda.com\/historiarealbetis\/files\/2013\/08\/LARRINOA.png?w=191&amp;ssl=1 191w\" sizes=\"auto, (max-width: 188px) 100vw, 188px\" \/><\/a><figcaption id=\"caption-attachment-31996\" class=\"wp-caption-text\">Colecci\u00f3n e. a. c.<\/figcaption><\/figure>\n<p style=\"text-align: center\"><em><strong>5.-Medio.-Centro (1).-Rufino Fern\u00e1ndez De LARRINOA Magunaurrekoetxea (24).-ARRIGORRIAGA (Vizcaya), lunes 11-Enero-1909.-BASAURI (Vizcaya), mi\u00e9rcoles 05-Diciembre-2001.-91 A\u00f1os.-D. E. P.<\/strong><\/em><\/p>\n<p style=\"text-align: center\"><em><strong>Temporadas 1933-1934 \u00e1 1935-1936; ambas inclusive.<\/strong><\/em><\/p>\n<figure id=\"attachment_32047\" aria-describedby=\"caption-attachment-32047\" style=\"width: 220px\" class=\"wp-caption aligncenter\"><a href=\"https:\/\/www.manquepierda.com\/historiarealbetis\/32036-1933-noviembre-05-primera-division-betis-balompie-2-goles-vs-racing-santander-1\/simonlecueandrade1935\/\" rel=\"attachment wp-att-32047\"><img data-recalc-dims=\"1\" loading=\"lazy\" decoding=\"async\" class=\"size-thumbnail wp-image-32047\" alt=\"colecci\u00f3n e. a. c.\" src=\"https:\/\/i0.wp.com\/www.manquepierda.com\/historiarealbetis\/files\/2013\/08\/Sim%C3%B3nLECUEandrade1935.jpg?resize=220%2C195&#038;ssl=1\" width=\"220\" height=\"195\" srcset=\"https:\/\/i0.wp.com\/www.manquepierda.com\/historiarealbetis\/files\/2013\/08\/Sim%C3%B3nLECUEandrade1935.jpg?resize=220%2C195&amp;ssl=1 220w, https:\/\/i0.wp.com\/www.manquepierda.com\/historiarealbetis\/files\/2013\/08\/Sim%C3%B3nLECUEandrade1935.jpg?resize=674%2C600&amp;ssl=1 674w, https:\/\/i0.wp.com\/www.manquepierda.com\/historiarealbetis\/files\/2013\/08\/Sim%C3%B3nLECUEandrade1935.jpg?w=734&amp;ssl=1 734w\" sizes=\"auto, (max-width: 220px) 100vw, 220px\" \/><\/a><figcaption id=\"caption-attachment-32047\" class=\"wp-caption-text\">colecci\u00f3n e. a. c.<\/figcaption><\/figure>\n<p style=\"text-align: center\"><em><strong>6.-Medio.-Zurdo (Destac\u00f3).-Sim\u00f3n LECUE Andrade (22).-ARRIGORRIAGA (Vizcaya), domingo 11-Febrero-1912.-MADRID, lunes 27-Febrero-1984.-72 A\u00f1os menos 16 d\u00edas.-D. E. P.<\/strong><\/em><\/p>\n<p style=\"text-align: center\"><em><strong>Temporadas 1932-1933 \u00e1 1934-1935; ambas inclusive.<\/strong><\/em><\/p>\n<figure id=\"attachment_32358\" aria-describedby=\"caption-attachment-32358\" style=\"width: 120px\" class=\"wp-caption aligncenter\"><a href=\"https:\/\/www.manquepierda.com\/historiarealbetis\/32346-1934-septiempre-16-superregional-levante-sur-valencia-cf-1-vs-betis-balompie-1-goal\/19350217-timimi-2\/\" rel=\"attachment wp-att-32358\"><img data-recalc-dims=\"1\" loading=\"lazy\" decoding=\"async\" class=\"size-thumbnail wp-image-32358\" alt=\"CPFS.e.a.c.\" src=\"https:\/\/i0.wp.com\/www.manquepierda.com\/historiarealbetis\/files\/2013\/08\/19350217-TIMIMI1.jpg?resize=120%2C220&#038;ssl=1\" width=\"120\" height=\"220\" srcset=\"https:\/\/i0.wp.com\/www.manquepierda.com\/historiarealbetis\/files\/2013\/08\/19350217-TIMIMI1.jpg?resize=120%2C220&amp;ssl=1 120w, https:\/\/i0.wp.com\/www.manquepierda.com\/historiarealbetis\/files\/2013\/08\/19350217-TIMIMI1.jpg?resize=327%2C600&amp;ssl=1 327w, https:\/\/i0.wp.com\/www.manquepierda.com\/historiarealbetis\/files\/2013\/08\/19350217-TIMIMI1.jpg?resize=382%2C700&amp;ssl=1 382w, https:\/\/i0.wp.com\/www.manquepierda.com\/historiarealbetis\/files\/2013\/08\/19350217-TIMIMI1.jpg?w=1136&amp;ssl=1 1136w\" sizes=\"auto, (max-width: 120px) 100vw, 120px\" \/><\/a><figcaption id=\"caption-attachment-32358\" class=\"wp-caption-text\">CPFS.e.a.c.<\/figcaption><\/figure>\n<p style=\"text-align: center\"><em><strong>7.-Delantero.-Extremo Diestro (1).-Pedro Gonz\u00e1lez S\u00e1nchez \u00abTIMIMI\u00bb (23).-LAS PALMAS DE GRAN CANARIA-Barrio ARENALES-martes 01-Enero-1901.-\u00cdDEM-Hospital de San Mart\u00edn-martes 26-Enero-1960.-59 A\u00f1os.-D. E. P.<\/strong><\/em><\/p>\n<p style=\"text-align: center\"><em><strong>Temporadas 1930-1931 \u00e1 1934-1935; ambas inclusive.<\/strong><\/em><\/p>\n<figure id=\"attachment_32359\" aria-describedby=\"caption-attachment-32359\" style=\"width: 92px\" class=\"wp-caption aligncenter\"><a href=\"https:\/\/www.manquepierda.com\/historiarealbetis\/32346-1934-septiempre-16-superregional-levante-sur-valencia-cf-1-vs-betis-balompie-1-goal\/rancel-4\/\" rel=\"attachment wp-att-32359\"><img data-recalc-dims=\"1\" loading=\"lazy\" decoding=\"async\" class=\"size-thumbnail wp-image-32359\" alt=\"colecci\u00f3n e. a. c.\" src=\"https:\/\/i0.wp.com\/www.manquepierda.com\/historiarealbetis\/files\/2013\/08\/Rancel.jpg?resize=92%2C220&#038;ssl=1\" width=\"92\" height=\"220\" srcset=\"https:\/\/i0.wp.com\/www.manquepierda.com\/historiarealbetis\/files\/2013\/08\/Rancel.jpg?resize=92%2C220&amp;ssl=1 92w, https:\/\/i0.wp.com\/www.manquepierda.com\/historiarealbetis\/files\/2013\/08\/Rancel.jpg?resize=252%2C600&amp;ssl=1 252w, https:\/\/i0.wp.com\/www.manquepierda.com\/historiarealbetis\/files\/2013\/08\/Rancel.jpg?resize=294%2C700&amp;ssl=1 294w, https:\/\/i0.wp.com\/www.manquepierda.com\/historiarealbetis\/files\/2013\/08\/Rancel.jpg?w=434&amp;ssl=1 434w\" sizes=\"auto, (max-width: 92px) 100vw, 92px\" \/><\/a><figcaption id=\"caption-attachment-32359\" class=\"wp-caption-text\">colecci\u00f3n e. a. c.<\/figcaption><\/figure>\n<p style=\"text-align: center\"><em><strong>8.-Delantero.-Interior Diestro (1).-Jos\u00e9 RANCEL Toledo (21 a\u00f1os reci\u00e9n cumplidos).-SANTA CRUZ DE SANTIAGO DE TENERIFE, martes 16-Septiembre-1913.-No localizada ciudad y fecha fallecimiento, si ha lugar D. E. P. <\/strong><\/em><\/p>\n<p style=\"text-align: left\"><strong>Nuestra referencia: \u00abBolet\u00edn Oficial del Estado-N\u00ba 123-P\u00e1gina 4412.-Juzgado Primera Instancia de Murcia, jueves 17 de Marzo de 2005\u00bb: \u00abA instancia de do\u00f1a Mar\u00eda Celia RANCEL Mar\u00edn para declaraci\u00f3n de fallecimiento de don JOS\u00c9 RANCEL TOLEDO,\u00a0 natural de Santa Cruz de Tenerife,\u00a0 de 91 a\u00f1os de edad,\u00a0 quien se ausent\u00f3 de su \u00faltimo domicilio en Murcia,\u00a0 no teni\u00e9ndose noticias de \u00e9l desde 1980 e ignor\u00e1ndose su paradero&#8230;\u00bb.<\/strong><\/p>\n<p style=\"text-align: center\"><em><strong>Temporadas 1934-1935\u00a0 y\u00a0 1935-1936.<\/strong><\/em><\/p>\n<figure id=\"attachment_32046\" aria-describedby=\"caption-attachment-32046\" style=\"width: 144px\" class=\"wp-caption aligncenter\"><a href=\"https:\/\/www.manquepierda.com\/historiarealbetis\/32036-1933-noviembre-05-primera-division-betis-balompie-2-goles-vs-racing-santander-1\/victorio-unamuno-ibarzabal-3\/\" rel=\"attachment wp-att-32046\"><img data-recalc-dims=\"1\" loading=\"lazy\" decoding=\"async\" class=\"size-thumbnail wp-image-32046\" alt=\"Colecci\u00f3n e. a. c.\" src=\"https:\/\/i0.wp.com\/www.manquepierda.com\/historiarealbetis\/files\/2013\/08\/Victorio-UNAMUNO-Ibarzabal.jpg?resize=144%2C220&#038;ssl=1\" width=\"144\" height=\"220\" srcset=\"https:\/\/i0.wp.com\/www.manquepierda.com\/historiarealbetis\/files\/2013\/08\/Victorio-UNAMUNO-Ibarzabal.jpg?resize=144%2C220&amp;ssl=1 144w, https:\/\/i0.wp.com\/www.manquepierda.com\/historiarealbetis\/files\/2013\/08\/Victorio-UNAMUNO-Ibarzabal.jpg?resize=395%2C600&amp;ssl=1 395w, https:\/\/i0.wp.com\/www.manquepierda.com\/historiarealbetis\/files\/2013\/08\/Victorio-UNAMUNO-Ibarzabal.jpg?resize=461%2C700&amp;ssl=1 461w, https:\/\/i0.wp.com\/www.manquepierda.com\/historiarealbetis\/files\/2013\/08\/Victorio-UNAMUNO-Ibarzabal.jpg?w=627&amp;ssl=1 627w\" sizes=\"auto, (max-width: 144px) 100vw, 144px\" \/><\/a><figcaption id=\"caption-attachment-32046\" class=\"wp-caption-text\">Colecci\u00f3n e. a. c.<\/figcaption><\/figure>\n<p style=\"text-align: center\"><em><strong>9.-Centro Delantero.-ARIETE (1).-Victorio UNAMUNO Ibarzabal (25).-BERGARA (Guip\u00fazcoa), lunes 25-Enero-1909.-DURANGO (Vizcaya), viernes 20-Mayo-1988.-79 A\u00f1os.-D. E. P.<\/strong><\/em><\/p>\n<p style=\"text-align: center\"><em><strong>Temporadas 1933-1934 \u00e1 1935-1936; ambas inclusive.<\/strong><\/em><\/p>\n<figure id=\"attachment_32361\" aria-describedby=\"caption-attachment-32361\" style=\"width: 129px\" class=\"wp-caption aligncenter\"><a href=\"https:\/\/www.manquepierda.com\/historiarealbetis\/32346-1934-septiempre-16-superregional-levante-sur-valencia-cf-1-vs-betis-balompie-1-goal\/fernandez-delantero-1934\/\" rel=\"attachment wp-att-32361\"><img data-recalc-dims=\"1\" loading=\"lazy\" decoding=\"async\" class=\"size-thumbnail wp-image-32361\" alt=\"&quot;los jugadores de las 13 barras&quot;.\" src=\"https:\/\/i0.wp.com\/www.manquepierda.com\/historiarealbetis\/files\/2013\/08\/Fern%C3%A1ndez-Delantero-1934.jpg?resize=129%2C220&#038;ssl=1\" width=\"129\" height=\"220\" srcset=\"https:\/\/i0.wp.com\/www.manquepierda.com\/historiarealbetis\/files\/2013\/08\/Fern%C3%A1ndez-Delantero-1934.jpg?resize=129%2C220&amp;ssl=1 129w, https:\/\/i0.wp.com\/www.manquepierda.com\/historiarealbetis\/files\/2013\/08\/Fern%C3%A1ndez-Delantero-1934.jpg?w=336&amp;ssl=1 336w\" sizes=\"auto, (max-width: 129px) 100vw, 129px\" \/><\/a><figcaption id=\"caption-attachment-32361\" class=\"wp-caption-text\">\u00ablos jugadores de las 13 barras\u00bb.<\/figcaption><\/figure>\n<p style=\"text-align: center\"><em><strong>10.-Delantero.-Interior Zurdo (1).-FERN\u00c1NDEZ.-No localizadas ciudades y fechas de nacimiento-fallecimiento.<br \/>\n<\/strong><\/em><\/p>\n<p style=\"text-align: center\"><em><strong>Temporada 1934-1935.<\/strong><\/em><\/p>\n<figure id=\"attachment_32302\" aria-describedby=\"caption-attachment-32302\" style=\"width: 147px\" class=\"wp-caption aligncenter\"><a href=\"https:\/\/www.manquepierda.com\/historiarealbetis\/32346-1934-septiempre-16-superregional-levante-sur-valencia-cf-1-vs-betis-balompie-1-goal\/valera-6\/\" rel=\"attachment wp-att-32302\"><img data-recalc-dims=\"1\" loading=\"lazy\" decoding=\"async\" class=\"size-thumbnail wp-image-32302\" alt=\"colecci\u00f3n e. a. c.\" src=\"https:\/\/i0.wp.com\/www.manquepierda.com\/historiarealbetis\/files\/2013\/08\/VALERA.jpg?resize=147%2C220&#038;ssl=1\" width=\"147\" height=\"220\" srcset=\"https:\/\/i0.wp.com\/www.manquepierda.com\/historiarealbetis\/files\/2013\/08\/VALERA.jpg?resize=147%2C220&amp;ssl=1 147w, https:\/\/i0.wp.com\/www.manquepierda.com\/historiarealbetis\/files\/2013\/08\/VALERA.jpg?w=303&amp;ssl=1 303w\" sizes=\"auto, (max-width: 147px) 100vw, 147px\" \/><\/a><figcaption id=\"caption-attachment-32302\" class=\"wp-caption-text\">colecci\u00f3n e. a. c.<\/figcaption><\/figure>\n<p style=\"text-align: center\"><em><strong>11.-Delantero.-Extremo Zurdo (1).-Jos\u00e9 VALERA Nocera (18).-SEVILLA, viernes 26-Mayo-1911.-JEREZ DE LA FRONTERA (C\u00e1diz), s\u00e1bado 13-Mayo-2006.-90 A\u00f1os menos 13 d\u00edas.-D. E. P.<br \/>\n<\/strong><\/em><\/p>\n<p style=\"text-align: center\"><em><strong>Temporadas 1933-1934 \u00e1 1935-1936; 1938-1939 \u00e1 1940-1941; ambas inclusive.<\/strong><\/em><\/p>\n<p style=\"text-align: center\">Observaci\u00f3n.<\/p>\n<p style=\"text-align: left\">En la cr\u00f3nica del partido por parte de un periodista valenciano en el ABC-Madrid\/Sevilla,\u00a0 comentaba que se notaba \u00abla ausencia de<em><strong> Enrique SOLADRERO Arbide\u00bb que hab\u00eda jugado en Mestalla la temporada anterior.<\/strong><\/em><\/p>\n<figure id=\"attachment_32356\" aria-describedby=\"caption-attachment-32356\" style=\"width: 220px\" class=\"wp-caption aligncenter\"><a href=\"https:\/\/www.manquepierda.com\/historiarealbetis\/32346-1934-septiempre-16-superregional-levante-sur-valencia-cf-1-vs-betis-balompie-1-goal\/clasificacion-5ogrupo\/\" rel=\"attachment wp-att-32356\"><img data-recalc-dims=\"1\" loading=\"lazy\" decoding=\"async\" class=\"size-thumbnail wp-image-32356\" alt=\"ABC-Madrid\" src=\"https:\/\/i0.wp.com\/www.manquepierda.com\/historiarealbetis\/files\/2013\/08\/Clasificaci%C3%B3n-5%C2%BAGrupo.jpg?resize=220%2C200&#038;ssl=1\" width=\"220\" height=\"200\" srcset=\"https:\/\/i0.wp.com\/www.manquepierda.com\/historiarealbetis\/files\/2013\/08\/Clasificaci%C3%B3n-5%C2%BAGrupo.jpg?resize=220%2C200&amp;ssl=1 220w, https:\/\/i0.wp.com\/www.manquepierda.com\/historiarealbetis\/files\/2013\/08\/Clasificaci%C3%B3n-5%C2%BAGrupo.jpg?resize=656%2C600&amp;ssl=1 656w, https:\/\/i0.wp.com\/www.manquepierda.com\/historiarealbetis\/files\/2013\/08\/Clasificaci%C3%B3n-5%C2%BAGrupo.jpg?w=683&amp;ssl=1 683w\" sizes=\"auto, (max-width: 220px) 100vw, 220px\" \/><\/a><figcaption id=\"caption-attachment-32356\" class=\"wp-caption-text\">ABC-Madrid<\/figcaption><\/figure>\n","protected":false},"excerpt":{"rendered":"<p>Pie de foto original \u00abValencia, uno;\u00a0 Betis Balompi\u00e9, uno.\u00a0 Juego de dominio alterno,\u00a0 al que correspondi\u00f3 un empate l\u00f3gico\u00bb. 1934-SEPTIEMBRE 16-DOMINGO EN VALENCIA.-PRIMERA JORNADA DEL CAMPEONATO SUPERREGIONAL-QUINTO GRUPO-LEVANTE-SUR-OESTE. CLUBES: 2-ANDALUC\u00cdA (BETIS BALOMPI\u00c9.-Sevilla FbC); 3-LEVANTE (Murcia FbC; Levante FbC; Valencia FbC). ESTADIO DE MESTALLA (Inaugurado el domingo 20-Mayo-1923.-C\u00e9sped.-105&#215;68 metros). Arbitr\u00f3 el colegiado valenciano Juan Jos\u00e9 Cangas-Arg\u00fcelles&#8230;<\/p>\n","protected":false},"author":48,"featured_media":32353,"comment_status":"open","ping_status":"open","sticky":false,"template":"","format":"standard","meta":{"_kad_post_transparent":"","_kad_post_title":"","_kad_post_layout":"","_kad_post_sidebar_id":"","_kad_post_content_style":"","_kad_post_vertical_padding":"","_kad_post_feature":"","_kad_post_feature_position":"","_kad_post_header":false,"_kad_post_footer":false,"_kad_post_classname":"","_jetpack_memberships_contains_paid_content":false,"footnotes":"","jetpack_publicize_message":"","jetpack_publicize_feature_enabled":true,"jetpack_social_post_already_shared":true,"jetpack_social_options":{"image_generator_settings":{"template":"highway","default_image_id":0,"font":"","enabled":false},"version":2}},"categories":[899,1],"tags":[1536,2267,17871,2285],"class_list":["post-32346","post","type-post","status-publish","format-standard","has-post-thumbnail","hentry","category-1930-1939","category-portada","tag-1536","tag-1934-35","tag-campeonato-mancomunado-1934-35","tag-valencia-cf"],"jetpack_publicize_connections":[],"jetpack_featured_media_url":"https:\/\/i0.wp.com\/www.manquepierda.com\/historiarealbetis\/files\/2013\/08\/19340916-vcf-1-bb-1.jpg?fit=1142%2C830&ssl=1","jetpack_sharing_enabled":true,"jetpack_shortlink":"https:\/\/wp.me\/p1ij08-8pI","jetpack-related-posts":[],"_links":{"self":[{"href":"https:\/\/www.manquepierda.com\/historiarealbetis\/wp-json\/wp\/v2\/posts\/32346","targetHints":{"allow":["GET"]}}],"collection":[{"href":"https:\/\/www.manquepierda.com\/historiarealbetis\/wp-json\/wp\/v2\/posts"}],"about":[{"href":"https:\/\/www.manquepierda.com\/historiarealbetis\/wp-json\/wp\/v2\/types\/post"}],"author":[{"embeddable":true,"href":"https:\/\/www.manquepierda.com\/historiarealbetis\/wp-json\/wp\/v2\/users\/48"}],"replies":[{"embeddable":true,"href":"https:\/\/www.manquepierda.com\/historiarealbetis\/wp-json\/wp\/v2\/comments?post=32346"}],"version-history":[{"count":1,"href":"https:\/\/www.manquepierda.com\/historiarealbetis\/wp-json\/wp\/v2\/posts\/32346\/revisions"}],"predecessor-version":[{"id":99646,"href":"https:\/\/www.manquepierda.com\/historiarealbetis\/wp-json\/wp\/v2\/posts\/32346\/revisions\/99646"}],"wp:featuredmedia":[{"embeddable":true,"href":"https:\/\/www.manquepierda.com\/historiarealbetis\/wp-json\/wp\/v2\/media\/32353"}],"wp:attachment":[{"href":"https:\/\/www.manquepierda.com\/historiarealbetis\/wp-json\/wp\/v2\/media?parent=32346"}],"wp:term":[{"taxonomy":"category","embeddable":true,"href":"https:\/\/www.manquepierda.com\/historiarealbetis\/wp-json\/wp\/v2\/categories?post=32346"},{"taxonomy":"post_tag","embeddable":true,"href":"https:\/\/www.manquepierda.com\/historiarealbetis\/wp-json\/wp\/v2\/tags?post=32346"}],"curies":[{"name":"wp","href":"https:\/\/api.w.org\/{rel}","templated":true}]}}