{"id":32610,"date":"2013-10-01T07:53:10","date_gmt":"2013-10-01T05:53:10","guid":{"rendered":"http:\/\/www.manquepierda.com\/historiarealbetis\/?p=32610"},"modified":"2024-08-28T13:37:29","modified_gmt":"2024-08-28T11:37:29","slug":"32610","status":"publish","type":"post","link":"https:\/\/www.manquepierda.com\/historiarealbetis\/32610\/","title":{"rendered":"Betis-Real C\u00f3rdoba Liga 1946"},"content":{"rendered":"<p><a href=\"https:\/\/www.manquepierda.com\/historiarealbetis\/32610-32610\/sept-19-betis-cordoba-liga-1946-pineda-marca\/\" rel=\"attachment wp-att-32611\"><img data-recalc-dims=\"1\" loading=\"lazy\" decoding=\"async\" class=\"aligncenter size-medium wp-image-32611\" src=\"https:\/\/i0.wp.com\/www.manquepierda.com\/historiarealbetis\/files\/2013\/09\/Sept-19-Betis-C%C3%B3rdoba-Liga-1946-Pineda-marca.jpg?resize=680%2C480&#038;ssl=1\" alt=\" Betis-C\u00f3rdoba Liga 1946 Pineda marca\" width=\"680\" height=\"480\" srcset=\"https:\/\/i0.wp.com\/www.manquepierda.com\/historiarealbetis\/files\/2013\/09\/Sept-19-Betis-C%C3%B3rdoba-Liga-1946-Pineda-marca.jpg?resize=680%2C480&amp;ssl=1 680w, https:\/\/i0.wp.com\/www.manquepierda.com\/historiarealbetis\/files\/2013\/09\/Sept-19-Betis-C%C3%B3rdoba-Liga-1946-Pineda-marca.jpg?resize=220%2C155&amp;ssl=1 220w, https:\/\/i0.wp.com\/www.manquepierda.com\/historiarealbetis\/files\/2013\/09\/Sept-19-Betis-C%C3%B3rdoba-Liga-1946-Pineda-marca.jpg?resize=960%2C678&amp;ssl=1 960w, https:\/\/i0.wp.com\/www.manquepierda.com\/historiarealbetis\/files\/2013\/09\/Sept-19-Betis-C%C3%B3rdoba-Liga-1946-Pineda-marca.jpg?resize=75%2C52&amp;ssl=1 75w, https:\/\/i0.wp.com\/www.manquepierda.com\/historiarealbetis\/files\/2013\/09\/Sept-19-Betis-C%C3%B3rdoba-Liga-1946-Pineda-marca.jpg?w=1011&amp;ssl=1 1011w\" sizes=\"auto, (max-width: 680px) 100vw, 680px\" \/><\/a><\/p>\n<p>20 de octubre de 1946 en Heli\u00f3polis\u00a0 Betis\u00a0 1\u00a0\u00a0 Real C\u00f3rdoba 1;\u00a0 jornada\u00a0 5 del Campeonato de Liga de Segunda Divisi\u00f3n.<\/p>\n<p>En la imagen el delantero b\u00e9tico Pineda bate al portero cordobesista Mart\u00edn en el minuto 42 obteniendo el 1 a 0. El otro jugador b\u00e9tico que\u00a0 aparece en la imagen es M\u00e1ximo. Despu\u00e9s empatar\u00eda Mu\u00f1oz para el equipo visitante.<\/p>\n<p>Patrick O\u00b4Connell entrenaba al Betis y Antonio Bonet al Real C\u00f3rdoba.<\/p>\n","protected":false},"excerpt":{"rendered":"<p>20 de octubre de 1946 en Heli\u00f3polis\u00a0 Betis\u00a0 1\u00a0\u00a0 Real C\u00f3rdoba 1;\u00a0 jornada\u00a0 5 del Campeonato de Liga de Segunda Divisi\u00f3n. En la imagen el delantero b\u00e9tico Pineda bate al portero cordobesista Mart\u00edn en el minuto 42 obteniendo el 1 a 0. El otro jugador b\u00e9tico que\u00a0 aparece en la imagen es M\u00e1ximo. Despu\u00e9s empatar\u00eda&#8230;<\/p>\n","protected":false},"author":5,"featured_media":32611,"comment_status":"open","ping_status":"open","sticky":false,"template":"","format":"standard","meta":{"_kad_post_transparent":"","_kad_post_title":"","_kad_post_layout":"","_kad_post_sidebar_id":"","_kad_post_content_style":"","_kad_post_vertical_padding":"","_kad_post_feature":"","_kad_post_feature_position":"","_kad_post_header":false,"_kad_post_footer":false,"_kad_post_classname":"","_jetpack_memberships_contains_paid_content":false,"footnotes":"","jetpack_publicize_message":"","jetpack_publicize_feature_enabled":true,"jetpack_social_post_already_shared":true,"jetpack_social_options":{"image_generator_settings":{"template":"highway","default_image_id":0,"font":"","enabled":false},"version":2}},"categories":[900,1],"tags":[1283,2458,1079,17850,2537,16843],"class_list":["post-32610","post","type-post","status-publish","format-standard","has-post-thumbnail","hentry","category-1940-1949","category-portada","tag-1283","tag-1946-47","tag-jose-pineda","tag-liga-segunda-1946-47","tag-maximo-benito","tag-rcd-cordoba"],"jetpack_publicize_connections":[],"jetpack_featured_media_url":"https:\/\/i0.wp.com\/www.manquepierda.com\/historiarealbetis\/files\/2013\/09\/Sept-19-Betis-C%C3%B3rdoba-Liga-1946-Pineda-marca.jpg?fit=1011%2C715&ssl=1","jetpack_sharing_enabled":true,"jetpack_shortlink":"https:\/\/wp.me\/s1ij08-32610","jetpack-related-posts":[],"_links":{"self":[{"href":"https:\/\/www.manquepierda.com\/historiarealbetis\/wp-json\/wp\/v2\/posts\/32610","targetHints":{"allow":["GET"]}}],"collection":[{"href":"https:\/\/www.manquepierda.com\/historiarealbetis\/wp-json\/wp\/v2\/posts"}],"about":[{"href":"https:\/\/www.manquepierda.com\/historiarealbetis\/wp-json\/wp\/v2\/types\/post"}],"author":[{"embeddable":true,"href":"https:\/\/www.manquepierda.com\/historiarealbetis\/wp-json\/wp\/v2\/users\/5"}],"replies":[{"embeddable":true,"href":"https:\/\/www.manquepierda.com\/historiarealbetis\/wp-json\/wp\/v2\/comments?post=32610"}],"version-history":[{"count":1,"href":"https:\/\/www.manquepierda.com\/historiarealbetis\/wp-json\/wp\/v2\/posts\/32610\/revisions"}],"predecessor-version":[{"id":98110,"href":"https:\/\/www.manquepierda.com\/historiarealbetis\/wp-json\/wp\/v2\/posts\/32610\/revisions\/98110"}],"wp:featuredmedia":[{"embeddable":true,"href":"https:\/\/www.manquepierda.com\/historiarealbetis\/wp-json\/wp\/v2\/media\/32611"}],"wp:attachment":[{"href":"https:\/\/www.manquepierda.com\/historiarealbetis\/wp-json\/wp\/v2\/media?parent=32610"}],"wp:term":[{"taxonomy":"category","embeddable":true,"href":"https:\/\/www.manquepierda.com\/historiarealbetis\/wp-json\/wp\/v2\/categories?post=32610"},{"taxonomy":"post_tag","embeddable":true,"href":"https:\/\/www.manquepierda.com\/historiarealbetis\/wp-json\/wp\/v2\/tags?post=32610"}],"curies":[{"name":"wp","href":"https:\/\/api.w.org\/{rel}","templated":true}]}}