{"id":32650,"date":"2013-09-20T07:33:36","date_gmt":"2013-09-20T05:33:36","guid":{"rendered":"http:\/\/www.manquepierda.com\/historiarealbetis\/?p=32650"},"modified":"2024-08-21T11:06:35","modified_gmt":"2024-08-21T09:06:35","slug":"betis-granada-liga-1976","status":"publish","type":"post","link":"https:\/\/www.manquepierda.com\/historiarealbetis\/betis-granada-liga-1976\/","title":{"rendered":"Betis-Granada Liga 1976"},"content":{"rendered":"<figure id=\"attachment_32651\" aria-describedby=\"caption-attachment-32651\" style=\"width: 544px\" class=\"wp-caption aligncenter\"><a href=\"https:\/\/www.manquepierda.com\/historiarealbetis\/32650-betis-granada-liga-1976\/betis-granada-liga-1976-nmp-marca-29-03-1976\/\" rel=\"attachment wp-att-32651\"><img data-recalc-dims=\"1\" loading=\"lazy\" decoding=\"async\" class=\"size-full wp-image-32651\" src=\"https:\/\/i0.wp.com\/www.manquepierda.com\/historiarealbetis\/files\/2013\/09\/Betis-Granada-Liga-1976-NMP-Marca-29-03-1976.jpg?resize=544%2C467&#038;ssl=1\" alt=\"Fuente: Marca 29 de marzo de 1976\" width=\"544\" height=\"467\" srcset=\"https:\/\/i0.wp.com\/www.manquepierda.com\/historiarealbetis\/files\/2013\/09\/Betis-Granada-Liga-1976-NMP-Marca-29-03-1976.jpg?w=544&amp;ssl=1 544w, https:\/\/i0.wp.com\/www.manquepierda.com\/historiarealbetis\/files\/2013\/09\/Betis-Granada-Liga-1976-NMP-Marca-29-03-1976.jpg?resize=220%2C188&amp;ssl=1 220w\" sizes=\"auto, (max-width: 544px) 100vw, 544px\" \/><\/a><figcaption id=\"caption-attachment-32651\" class=\"wp-caption-text\">Fuente: Marca 29 de marzo de 1976<\/figcaption><\/figure>\n<p>&nbsp;<\/p>\n<p>28 de marzo de 1976 en el Benito Villamar\u00edn\u00a0 Betis\u00a0 4\u00a0 Granada 1; jornada 28 del Campeonato de Liga de Primera Divisi\u00f3n.<\/p>\n<p>En la imagen el cabezazo de Ladinski que en el minuto 20 supuso el 1-0. Dos tantos m\u00e1s del ariete h\u00fangaro y otro de Eulate dieron la victoria al Betis, mientras que Alfredo Megido hizo el del Granada.<\/p>\n<p>Ferenc Szusza entrenaba al Betis y Miguel Mu\u00f1oz al Granada.<\/p>\n","protected":false},"excerpt":{"rendered":"<p>&nbsp; 28 de marzo de 1976 en el Benito Villamar\u00edn\u00a0 Betis\u00a0 4\u00a0 Granada 1; jornada 28 del Campeonato de Liga de Primera Divisi\u00f3n. En la imagen el cabezazo de Ladinski que en el minuto 20 supuso el 1-0. Dos tantos m\u00e1s del ariete h\u00fangaro y otro de Eulate dieron la victoria al Betis, mientras que&#8230;<\/p>\n","protected":false},"author":5,"featured_media":32651,"comment_status":"open","ping_status":"open","sticky":false,"template":"","format":"standard","meta":{"_kad_post_transparent":"","_kad_post_title":"","_kad_post_layout":"","_kad_post_sidebar_id":"","_kad_post_content_style":"","_kad_post_vertical_padding":"","_kad_post_feature":"","_kad_post_feature_position":"","_kad_post_header":false,"_kad_post_footer":false,"_kad_post_classname":"","_jetpack_memberships_contains_paid_content":false,"footnotes":"","jetpack_publicize_message":"","jetpack_publicize_feature_enabled":true,"jetpack_social_post_already_shared":true,"jetpack_social_options":{"image_generator_settings":{"template":"highway","default_image_id":0,"font":"","enabled":false},"version":2}},"categories":[903,1],"tags":[2504,1556,18132,3134,17866],"class_list":["post-32650","post","type-post","status-publish","format-standard","has-post-thumbnail","hentry","category-1970-1979","category-portada","tag-1975-76","tag-1556","tag-attila-ladinszky","tag-granada-cf","tag-liga-primera-1975-76"],"jetpack_publicize_connections":[],"jetpack_featured_media_url":"https:\/\/i0.wp.com\/www.manquepierda.com\/historiarealbetis\/files\/2013\/09\/Betis-Granada-Liga-1976-NMP-Marca-29-03-1976.jpg?fit=544%2C467&ssl=1","jetpack_sharing_enabled":true,"jetpack_shortlink":"https:\/\/wp.me\/p1ij08-8uC","jetpack-related-posts":[],"_links":{"self":[{"href":"https:\/\/www.manquepierda.com\/historiarealbetis\/wp-json\/wp\/v2\/posts\/32650","targetHints":{"allow":["GET"]}}],"collection":[{"href":"https:\/\/www.manquepierda.com\/historiarealbetis\/wp-json\/wp\/v2\/posts"}],"about":[{"href":"https:\/\/www.manquepierda.com\/historiarealbetis\/wp-json\/wp\/v2\/types\/post"}],"author":[{"embeddable":true,"href":"https:\/\/www.manquepierda.com\/historiarealbetis\/wp-json\/wp\/v2\/users\/5"}],"replies":[{"embeddable":true,"href":"https:\/\/www.manquepierda.com\/historiarealbetis\/wp-json\/wp\/v2\/comments?post=32650"}],"version-history":[{"count":1,"href":"https:\/\/www.manquepierda.com\/historiarealbetis\/wp-json\/wp\/v2\/posts\/32650\/revisions"}],"predecessor-version":[{"id":97120,"href":"https:\/\/www.manquepierda.com\/historiarealbetis\/wp-json\/wp\/v2\/posts\/32650\/revisions\/97120"}],"wp:featuredmedia":[{"embeddable":true,"href":"https:\/\/www.manquepierda.com\/historiarealbetis\/wp-json\/wp\/v2\/media\/32651"}],"wp:attachment":[{"href":"https:\/\/www.manquepierda.com\/historiarealbetis\/wp-json\/wp\/v2\/media?parent=32650"}],"wp:term":[{"taxonomy":"category","embeddable":true,"href":"https:\/\/www.manquepierda.com\/historiarealbetis\/wp-json\/wp\/v2\/categories?post=32650"},{"taxonomy":"post_tag","embeddable":true,"href":"https:\/\/www.manquepierda.com\/historiarealbetis\/wp-json\/wp\/v2\/tags?post=32650"}],"curies":[{"name":"wp","href":"https:\/\/api.w.org\/{rel}","templated":true}]}}