{"id":32687,"date":"2013-09-25T07:18:42","date_gmt":"2013-09-25T05:18:42","guid":{"rendered":"http:\/\/www.manquepierda.com\/historiarealbetis\/?p=32687"},"modified":"2024-08-21T11:21:09","modified_gmt":"2024-08-21T09:21:09","slug":"athletic-betis-liga-2005","status":"publish","type":"post","link":"https:\/\/www.manquepierda.com\/historiarealbetis\/athletic-betis-liga-2005\/","title":{"rendered":"Athletic-Betis Liga 2005"},"content":{"rendered":"<figure id=\"attachment_32688\" aria-describedby=\"caption-attachment-32688\" style=\"width: 680px\" class=\"wp-caption aligncenter\"><a href=\"https:\/\/www.manquepierda.com\/historiarealbetis\/?attachment_id=32688\" rel=\"attachment wp-att-32688\"><img data-recalc-dims=\"1\" loading=\"lazy\" decoding=\"async\" class=\"size-medium wp-image-32688\" alt=\"Fuente: Diario de Sevilla 14 de febrero de 2005\" src=\"https:\/\/i0.wp.com\/www.manquepierda.com\/historiarealbetis\/files\/2013\/09\/Athletic-Betis-Liga-2005-NMP-Diario-de-Sevilla-14-2-2005.jpg?resize=680%2C315&#038;ssl=1\" width=\"680\" height=\"315\" srcset=\"https:\/\/i0.wp.com\/www.manquepierda.com\/historiarealbetis\/files\/2013\/09\/Athletic-Betis-Liga-2005-NMP-Diario-de-Sevilla-14-2-2005.jpg?resize=680%2C315&amp;ssl=1 680w, https:\/\/i0.wp.com\/www.manquepierda.com\/historiarealbetis\/files\/2013\/09\/Athletic-Betis-Liga-2005-NMP-Diario-de-Sevilla-14-2-2005.jpg?resize=220%2C102&amp;ssl=1 220w, https:\/\/i0.wp.com\/www.manquepierda.com\/historiarealbetis\/files\/2013\/09\/Athletic-Betis-Liga-2005-NMP-Diario-de-Sevilla-14-2-2005.jpg?resize=960%2C445&amp;ssl=1 960w, https:\/\/i0.wp.com\/www.manquepierda.com\/historiarealbetis\/files\/2013\/09\/Athletic-Betis-Liga-2005-NMP-Diario-de-Sevilla-14-2-2005.jpg?w=1190&amp;ssl=1 1190w\" sizes=\"auto, (max-width: 680px) 100vw, 680px\" \/><\/a><figcaption id=\"caption-attachment-32688\" class=\"wp-caption-text\">Fuente: Diario de Sevilla 14 de febrero de 2005<\/figcaption><\/figure>\n<p>&nbsp;<\/p>\n<p>13 de febrero de 2005 en San Mam\u00e9s\u00a0 Athletic 4\u00a0 Betis 4;\u00a0 jornada 23 del Campeonato de Liga de Primera Divisi\u00f3n.<\/p>\n<p>En la imagen Joaqu\u00edn desborda al portero bilbaino Aranzubia para poner el 0-2 en el marcador.<\/p>\n<p>Un espectacular partido en la Catedral con un f\u00fatbol de ataque total por ambos bandos. A los 24 minutos el Betis ganaba 0-3, al haber marcado Oliveira en el minuto 4, Joaqu\u00edn en el 11 y Oliveira de nuevo en el 24. Urz\u00e1iz acortaba distancias con goles en los minutos 32 y 34 y en el 47 Gurpegui establec\u00eda la igualada. Se adelantaba el Athletic con un gol de Yeste en el 69 y Ricardo Oliveira hac\u00eda la igualada definitiva a 4 en el 79.<\/p>\n<p>Ernesto Valverde entrenaba al Athletic y Lorenzo Serra al Betis.<\/p>\n","protected":false},"excerpt":{"rendered":"<p>&nbsp; 13 de febrero de 2005 en San Mam\u00e9s\u00a0 Athletic 4\u00a0 Betis 4;\u00a0 jornada 23 del Campeonato de Liga de Primera Divisi\u00f3n. En la imagen Joaqu\u00edn desborda al portero bilbaino Aranzubia para poner el 0-2 en el marcador. Un espectacular partido en la Catedral con un f\u00fatbol de ataque total por ambos bandos. A los&#8230;<\/p>\n","protected":false},"author":5,"featured_media":32688,"comment_status":"open","ping_status":"open","sticky":false,"template":"","format":"standard","meta":{"_kad_post_transparent":"","_kad_post_title":"","_kad_post_layout":"","_kad_post_sidebar_id":"","_kad_post_content_style":"","_kad_post_vertical_padding":"","_kad_post_feature":"","_kad_post_feature_position":"","_kad_post_header":false,"_kad_post_footer":false,"_kad_post_classname":"","_jetpack_memberships_contains_paid_content":false,"footnotes":"","jetpack_publicize_message":"","jetpack_publicize_feature_enabled":true,"jetpack_social_post_already_shared":true,"jetpack_social_options":{"image_generator_settings":{"template":"highway","default_image_id":0,"font":"","enabled":false},"version":2}},"categories":[4823,1],"tags":[5910,1630,124,3912,17906],"class_list":["post-32687","post","type-post","status-publish","format-standard","has-post-thumbnail","hentry","category-2000-2009","category-portada","tag-2004-05","tag-1630","tag-athletic-club","tag-joaquin-sanchez","tag-liga-primera-2004-05"],"jetpack_publicize_connections":[],"jetpack_featured_media_url":"https:\/\/i0.wp.com\/www.manquepierda.com\/historiarealbetis\/files\/2013\/09\/Athletic-Betis-Liga-2005-NMP-Diario-de-Sevilla-14-2-2005.jpg?fit=1190%2C552&ssl=1","jetpack_sharing_enabled":true,"jetpack_shortlink":"https:\/\/wp.me\/p1ij08-8vd","jetpack-related-posts":[],"_links":{"self":[{"href":"https:\/\/www.manquepierda.com\/historiarealbetis\/wp-json\/wp\/v2\/posts\/32687","targetHints":{"allow":["GET"]}}],"collection":[{"href":"https:\/\/www.manquepierda.com\/historiarealbetis\/wp-json\/wp\/v2\/posts"}],"about":[{"href":"https:\/\/www.manquepierda.com\/historiarealbetis\/wp-json\/wp\/v2\/types\/post"}],"author":[{"embeddable":true,"href":"https:\/\/www.manquepierda.com\/historiarealbetis\/wp-json\/wp\/v2\/users\/5"}],"replies":[{"embeddable":true,"href":"https:\/\/www.manquepierda.com\/historiarealbetis\/wp-json\/wp\/v2\/comments?post=32687"}],"version-history":[{"count":1,"href":"https:\/\/www.manquepierda.com\/historiarealbetis\/wp-json\/wp\/v2\/posts\/32687\/revisions"}],"predecessor-version":[{"id":97408,"href":"https:\/\/www.manquepierda.com\/historiarealbetis\/wp-json\/wp\/v2\/posts\/32687\/revisions\/97408"}],"wp:featuredmedia":[{"embeddable":true,"href":"https:\/\/www.manquepierda.com\/historiarealbetis\/wp-json\/wp\/v2\/media\/32688"}],"wp:attachment":[{"href":"https:\/\/www.manquepierda.com\/historiarealbetis\/wp-json\/wp\/v2\/media?parent=32687"}],"wp:term":[{"taxonomy":"category","embeddable":true,"href":"https:\/\/www.manquepierda.com\/historiarealbetis\/wp-json\/wp\/v2\/categories?post=32687"},{"taxonomy":"post_tag","embeddable":true,"href":"https:\/\/www.manquepierda.com\/historiarealbetis\/wp-json\/wp\/v2\/tags?post=32687"}],"curies":[{"name":"wp","href":"https:\/\/api.w.org\/{rel}","templated":true}]}}