{"id":32697,"date":"2013-09-23T07:20:31","date_gmt":"2013-09-23T05:20:31","guid":{"rendered":"http:\/\/www.manquepierda.com\/historiarealbetis\/?p=32697"},"modified":"2024-09-24T07:10:11","modified_gmt":"2024-09-24T05:10:11","slug":"entrevista-rafael-iriondo-1976","status":"publish","type":"post","link":"https:\/\/www.manquepierda.com\/historiarealbetis\/entrevista-rafael-iriondo-1976\/","title":{"rendered":"Entrevista Rafael Iriondo 1976"},"content":{"rendered":"<p><a href=\"https:\/\/www.manquepierda.com\/historiarealbetis\/32697-entrevista-rafael-iriondo-1976\/rafael-iriondo-2\/\" rel=\"attachment wp-att-32698\"><img data-recalc-dims=\"1\" loading=\"lazy\" decoding=\"async\" class=\"size-full wp-image-32698 alignleft\" src=\"https:\/\/i0.wp.com\/www.manquepierda.com\/historiarealbetis\/files\/2013\/09\/Rafael-Iriondo-.jpg?resize=400%2C200&#038;ssl=1\" alt=\"Rafael Iriondo\" width=\"400\" height=\"200\" srcset=\"https:\/\/i0.wp.com\/www.manquepierda.com\/historiarealbetis\/files\/2013\/09\/Rafael-Iriondo-.jpg?w=400&amp;ssl=1 400w, https:\/\/i0.wp.com\/www.manquepierda.com\/historiarealbetis\/files\/2013\/09\/Rafael-Iriondo-.jpg?resize=220%2C110&amp;ssl=1 220w\" sizes=\"auto, (max-width: 400px) 100vw, 400px\" \/><\/a> Rafael Iriondo lleg\u00f3 al Betis en noviembre de 1976 para suplir a Ferenc Szusza, tal como vimos <a title=\"La despedida de Szusza y la llegada de Iriondo 1976\" href=\"https:\/\/www.manquepierda.com\/historiarealbetis\/19280-la-despedida-de-ferenc-szusza-1976\/\">aqu\u00ed<\/a>.<\/p>\n<p>No fueron f\u00e1ciles los principios en el equipo b\u00e9tico, pues el equipo no terminada de arrancar y se debat\u00eda en la zona baja de la clasificaci\u00f3n. Cuando esta entrevista se public\u00f3 en AS, el 4 de diciembre de 1976, el Betis era el 13\u00ba y de 4 partidos jugados bajo la batuta de Iriondo hab\u00eda ganado 1, empatado 1 y perdido 2. El Real Madrid era el pr\u00f3ximo rival en casa.<\/p>\n<p>En la interesante entrevista Rafa Iriondo nos cuenta sus inicios en el mundo del f\u00fatbol, primero como jugador del modesto Guernica antes de la guerra civil, su pase al Athletic en 1939, donde form\u00f3 parte de una de las delanteras m\u00edticas en la historia del f\u00fatbol espa\u00f1ol, y su etapa posterior en\u00a0 los banquillos, donde comenz\u00f3 entrenando al modesto Indauchu bilba\u00edno, adem\u00e1s de contarnos cosas curiosas de su vida personal y familiar.<\/p>\n<p>Por cierto, el Betis gan\u00f3 2-1 al Madrid, sum\u00f3 2 victorias m\u00e1s en el mes de diciembre y al finalizar el a\u00f1o ya era 7\u00ba en la clasificaci\u00f3n.<\/p>\n<p><!-- [if gte mso 9]&gt;--><\/p>\n<p>&nbsp;<\/p>\n<p class=\"MsoNormal\"><span style=\"color: #008000\"><em><span lang=\"ES-TRAD\" style=\"font-family: 'Verdana','sans-serif'\">Es un nombre y un hombre legendario en el f\u00fatbol espa\u00f1ol. Ha escrito una p\u00e1gina de la mejor historia futbol\u00edstica espa\u00f1ola. Su nombre, Rafael Iriondo Aurtenechea, nacido en Guernica (Vizcaya), el a\u00f1o de 1919. Su nombre, nos lo sab\u00edamos los ni\u00f1os de los a\u00f1os 40 \u00f3 50, iba unido al de las delanteras m\u00e1s rutilantes que ha tenido equipo alguno de club. Aquella de Iriondo, Venancio, Zarra, Panizo y Ga\u00ednza. <\/span><\/em><\/span><\/p>\n<p class=\"MsoNormal\"><span style=\"color: #008000\"><em><span lang=\"ES-TRAD\" style=\"font-family: 'Verdana','sans-serif'\">Cuando menos lo so\u00f1aba, al cabo de tantos a\u00f1os, quiz\u00e1 anhel\u00e1ndolo o tal vez presinti\u00e9ndolo como una aventura m\u00e1s que a\u00f1adir a su largo historial profesional, Rafa Iriondo ha recalado por los pagos del sur de la naci\u00f3n, \u00e9, que no tuvo m\u00e1s horizonte que el litoral norte\u00f1o o, todo lo m\u00e1s, asom\u00e1ndose al Mediterr\u00e1neo, intentar en el Espa\u00f1ol de Barcelona dejar su siembra futbol\u00edstica, o acercarse junto al Moncayo para conseguir con el Zaragoza un ascenso a Primera.<\/span><\/em><\/span><\/p>\n<p class=\"MsoNormal\"><span style=\"color: #008000\"><em><span lang=\"ES-TRAD\" style=\"font-family: 'Verdana','sans-serif'\">Pero Iriondo es por vez primera un integrante m\u00e1s del f\u00fatbol andaluz. Est\u00e1 con el Betis y en el Betis porque un d\u00eda, despu\u00e9s de m\u00e1s de cinco temporadas, Ferenc Szusza no pudo retrasar m\u00e1s su incorporaci\u00f3n al f\u00fatbol h\u00fangaro y plante\u00f3 la cuesti\u00f3n de su marcha en pleno campeonato.<\/span><\/em><\/span><\/p>\n<p class=\"MsoNormal\"><span style=\"color: #008000\"><em><span lang=\"ES-TRAD\" style=\"font-family: 'Verdana','sans-serif'\">Jug\u00f3 el Betis en San Sebasti\u00e1n frente a la Real. Iriondo, que vive en Bilbao, se acerc\u00f3 hasta Atocha porque es hombre de f\u00fatbol. Y en el propio estadio donostiarra se gest\u00f3 su compromiso con el Betis. Cuando todo estaba ya arreglado y se dispon\u00eda a dar cuenta a la familia y a venirse a Sevilla, una rara sensaci\u00f3n le invadi\u00f3.<\/span><\/em><\/span><\/p>\n<p class=\"MsoListParagraph\" style=\"text-indent: -18.0pt\"><span style=\"color: #008000\"><em><span lang=\"ES-TRAD\" style=\"font-family: 'Verdana','sans-serif'\">&#8211;<span style=\"font-family: 'Times New Roman';font-variant: normal;font-weight: normal;font-size: 7pt;line-height: normal\">\u00a0\u00a0\u00a0\u00a0\u00a0 <\/span><\/span><span lang=\"ES-TRAD\" style=\"font-family: 'Verdana','sans-serif'\">Pues s\u00ed, dice ahora record\u00e1ndolo, pues por vez primera, ven\u00eda a un equipo, a un club del sur de Espa\u00f1a. \u00bfHabr\u00e9 estado yo veces en Andaluc\u00eda, en Sevilla como jugador y entrenador? Pero vivir aqu\u00ed\u2026 Esto s\u00ed que era para m\u00ed una aventura, algo inesperada<\/span><\/em><\/span><\/p>\n<p class=\"MsoNormal\"><span style=\"color: #008000\"><em><span lang=\"ES-TRAD\" style=\"font-family: 'Verdana','sans-serif'\">Este buen vasco es un hombre serio, que no reh\u00faye el di\u00e1logo, que atiende siempre a quien le busca. Quiz\u00e1 no es un hombre de muchas palabras, o por lo menos de las que le gustar\u00edan al periodista. Sin embargo, es preciso y concreto. Como a retazos nos va contando su ejecutoria profesional.<\/span><\/em><\/span><\/p>\n<p class=\"MsoListParagraphCxSpFirst\" style=\"text-indent: -18.0pt\"><span style=\"color: #008000\"><em><span lang=\"ES-TRAD\" style=\"font-family: 'Verdana','sans-serif'\">&#8211;<span style=\"font-family: 'Times New Roman';font-variant: normal;font-weight: normal;font-size: 7pt;line-height: normal\">\u00a0\u00a0\u00a0\u00a0\u00a0 <\/span><\/span><span lang=\"ES-TRAD\" style=\"font-family: 'Verdana','sans-serif'\">Pues ver\u00e1s. Comenc\u00e9 a jugar al f\u00fatbol a los diecis\u00e9is a\u00f1os, en el Guernica, en el a\u00f1o 1935. Como todos los chavales de por all\u00e1, busc\u00e1bamos cualquier ocasi\u00f3n para ponernos a jugar al f\u00fatbol. Yo siempre me pon\u00eda muy arriba para recibir el bal\u00f3n y lanzarme a correr. Algunas veces me situaban de defensa o de medio ala, pero yo siempre ten\u00eda tendencia a correr por la banda. M\u00e1s de una bronca de los compa\u00f1eros me gan\u00e9 en aquellos a\u00f1os, porque me lanzaba por las alas y dejaba atr\u00e1s la zona de la defensa\u2026 \u00a1Qu\u00e9 tiempos\u00a1<\/span><\/em><\/span><\/p>\n<p class=\"MsoListParagraphCxSpMiddle\" style=\"text-indent: -18.0pt\"><span style=\"color: #008000\"><em><span lang=\"ES-TRAD\" style=\"font-family: 'Verdana','sans-serif'\">&#8211;<span style=\"font-family: 'Times New Roman';font-variant: normal;font-weight: normal;font-size: 7pt;line-height: normal\">\u00a0\u00a0\u00a0\u00a0\u00a0 <\/span><\/span><span lang=\"ES-TRAD\" style=\"font-family: 'Verdana','sans-serif'\">\u00bfEstuvo mucho tiempo en el Guernica?<\/span><\/em><\/span><\/p>\n<p class=\"MsoListParagraphCxSpMiddle\" style=\"text-indent: -18.0pt\"><span style=\"color: #008000\"><em><span lang=\"ES-TRAD\" style=\"font-family: 'Verdana','sans-serif'\">&#8211;<span style=\"font-family: 'Times New Roman';font-variant: normal;font-weight: normal;font-size: 7pt;line-height: normal\">\u00a0\u00a0\u00a0\u00a0\u00a0 <\/span><\/span><span lang=\"ES-TRAD\" style=\"font-family: 'Verdana','sans-serif'\">Poco, poco. Como durante la guerra se interrumpi\u00f3 el f\u00fatbol, al menos oficialmente, en cuanto termin\u00f3 ingres\u00e9 en el Athletic de Bilbao. Era, l\u00f3gicamente, mi aspiraci\u00f3n. Yo ten\u00eda entonces unos veinte a\u00f1os. Y en el Athletic estuve hasta casi el final de mi vida como jugador\u2026<\/span><\/em><\/span><\/p>\n<p class=\"MsoListParagraphCxSpMiddle\" style=\"text-indent: -18.0pt\"><span style=\"color: #008000\"><em><span lang=\"ES-TRAD\" style=\"font-family: 'Verdana','sans-serif'\">&#8211;<span style=\"font-family: 'Times New Roman';font-variant: normal;font-weight: normal;font-size: 7pt;line-height: normal\">\u00a0\u00a0\u00a0\u00a0\u00a0 <\/span><\/span><span lang=\"ES-TRAD\" style=\"font-family: 'Verdana','sans-serif'\">\u00bfS\u00f3lo en el Athletic?<\/span><\/em><\/span><\/p>\n<p class=\"MsoListParagraphCxSpMiddle\" style=\"text-indent: -18.0pt\"><span style=\"color: #008000\"><em><span lang=\"ES-TRAD\" style=\"font-family: 'Verdana','sans-serif'\">&#8211;<span style=\"font-family: 'Times New Roman';font-variant: normal;font-weight: normal;font-size: 7pt;line-height: normal\">\u00a0\u00a0\u00a0\u00a0\u00a0 <\/span><\/span><span lang=\"ES-TRAD\" style=\"font-family: 'Verdana','sans-serif'\">No. Las dos \u00faltimas temporadas jugu\u00e9 con la Real Sociedad<\/span><\/em><\/span><\/p>\n<p class=\"MsoListParagraphCxSpMiddle\" style=\"text-indent: -18.0pt\"><span style=\"color: #008000\"><em><span lang=\"ES-TRAD\" style=\"font-family: 'Verdana','sans-serif'\">&#8211;<span style=\"font-family: 'Times New Roman';font-variant: normal;font-weight: normal;font-size: 7pt;line-height: normal\">\u00a0\u00a0\u00a0\u00a0\u00a0 <\/span><\/span><span lang=\"ES-TRAD\" style=\"font-family: 'Verdana','sans-serif'\">\u00bfQu\u00e9 recuerda m\u00e1s, con agrado, de su \u00e9poca de jugador?<\/span><\/em><\/span><\/p>\n<p class=\"MsoListParagraphCxSpMiddle\" style=\"text-indent: -18.0pt\"><span style=\"color: #008000\"><em><span lang=\"ES-TRAD\" style=\"font-family: 'Verdana','sans-serif'\">&#8211;<span style=\"font-family: 'Times New Roman';font-variant: normal;font-weight: normal;font-size: 7pt;line-height: normal\">\u00a0\u00a0\u00a0\u00a0\u00a0 <\/span><\/span><span lang=\"ES-TRAD\" style=\"font-family: 'Verdana','sans-serif'\">Bueno, es largo el recuerdo. Campeonatos ganados, entorchados de internacional\u2026 S\u00ed, quiz\u00e1 lo que recuerdo ahora en la lejan\u00eda con m\u00e1s agrado es el haber sido futbolista y el cobrar por serlo, porque si en mi juventud me piden dinero por jugar, lo hubiera dado. Simplemente el haberme dedicado a esta profesi\u00f3n\u2026, y naturalmente, la entra\u00f1able camarader\u00eda de aquellos tiempos legendarios. En el Athletic todos \u00e9ramos un solo hombre\u2026<\/span><\/em><\/span><\/p>\n<p class=\"MsoListParagraphCxSpMiddle\" style=\"text-indent: -18.0pt\"><span style=\"color: #008000\"><em><span lang=\"ES-TRAD\" style=\"font-family: 'Verdana','sans-serif'\">&#8211;<span style=\"font-family: 'Times New Roman';font-variant: normal;font-weight: normal;font-size: 7pt;line-height: normal\">\u00a0\u00a0\u00a0\u00a0\u00a0 <\/span><\/span><span lang=\"ES-TRAD\" style=\"font-family: 'Verdana','sans-serif'\">\u00bfQu\u00e9 le dicen a usted los nombres de Iriondo, Venancio, Zarra, Panizo y Ga\u00ednza?<\/span><\/em><\/span><\/p>\n<p class=\"MsoListParagraphCxSpMiddle\" style=\"text-indent: -18.0pt\"><span style=\"color: #008000\"><em><span lang=\"ES-TRAD\" style=\"font-family: 'Verdana','sans-serif'\">&#8211;<span style=\"font-family: 'Times New Roman';font-variant: normal;font-weight: normal;font-size: 7pt;line-height: normal\">\u00a0\u00a0\u00a0\u00a0\u00a0 <\/span><\/span><span lang=\"ES-TRAD\" style=\"font-family: 'Verdana','sans-serif'\">Es el resumen y compendio de aquellos tiempos. Yo jugu\u00e9 con muchos otros futbolistas, cuya enumeraci\u00f3n ser\u00eda muy larga, todos excelentes jugadores; pero estos cinco que menciona son el compendio de toda la \u00e9poca. Todos sab\u00edamos lo que iba a hacer el otro con el bal\u00f3n en los pies, y ah\u00ed estaba el secreto del \u00e9xito.<\/span><\/em><\/span><\/p>\n<p class=\"MsoListParagraphCxSpMiddle\" style=\"text-indent: -18.0pt\"><span style=\"color: #008000\"><em><span lang=\"ES-TRAD\" style=\"font-family: 'Verdana','sans-serif'\">&#8211;<span style=\"font-family: 'Times New Roman';font-variant: normal;font-weight: normal;font-size: 7pt;line-height: normal\">\u00a0\u00a0\u00a0\u00a0\u00a0 <\/span><\/span><span lang=\"ES-TRAD\" style=\"font-family: 'Verdana','sans-serif'\">\u00bfPor qu\u00e9 no jug\u00f3 m\u00e1s veces como internacional?<\/span><\/em><\/span><\/p>\n<p class=\"MsoListParagraphCxSpLast\" style=\"text-indent: -18.0pt\"><span style=\"color: #008000\"><em><span lang=\"ES-TRAD\" style=\"font-family: 'Verdana','sans-serif'\">&#8211;<span style=\"font-family: 'Times New Roman';font-variant: normal;font-weight: normal;font-size: 7pt;line-height: normal\">\u00a0\u00a0\u00a0\u00a0\u00a0 <\/span><\/span><span lang=\"ES-TRAD\" style=\"font-family: 'Verdana','sans-serif'\">No era f\u00e1cil entonces. Hab\u00eda extremos extraordinarios. Fui seleccionado numerosas veces, pero s\u00f3lo jugu\u00e9 dos partidos.<\/span><\/em><\/span><\/p>\n<p class=\"MsoNormal\"><span style=\"color: #008000\"><em><span lang=\"ES-TRAD\" style=\"font-family: 'Verdana','sans-serif'\">Al quedar atr\u00e1s su etapa de jugador se inici\u00f3 para Iriondo otra ejecutoria en el f\u00fatbol. La de entrenador. Y Rafa Iriondo se inici\u00f3 en los equipos del terru\u00f1o<\/span><\/em><\/span><\/p>\n<p class=\"MsoListParagraphCxSpFirst\" style=\"text-indent: -18.0pt\"><span style=\"color: #008000\"><em><span lang=\"ES-TRAD\" style=\"font-family: 'Verdana','sans-serif'\">&#8211;<span style=\"font-family: 'Times New Roman';font-variant: normal;font-weight: normal;font-size: 7pt;line-height: normal\">\u00a0\u00a0\u00a0\u00a0\u00a0 <\/span><\/span><span lang=\"ES-TRAD\" style=\"font-family: 'Verdana','sans-serif'\">Es natural. Entren\u00e9 al Indauchu; por cierto, que en total unas seis \u00f3 siete temporadas, aunque en diferentes \u00e9pocas. Tambi\u00e9n al Baracaldo y al Deportivo Alav\u00e9s. Me acuerdo que me inici\u00e9 como entrenador en el Indauchu, en la temporada 1955-56. M\u00e1s tarde, dirig\u00ed igualmente al Bilbao Athletic, filial del Athletic. Mi primera oportunidad fuera de la regi\u00f3n fue para entrenar al Espa\u00f1ol, con el que ascendimos a Primera. Y m\u00e1s tarde, con el Real Zaragoza, tambi\u00e9n se logr\u00f3 al ascenso.<\/span><\/em><\/span><\/p>\n<p class=\"MsoListParagraphCxSpMiddle\" style=\"text-indent: -18.0pt\"><span style=\"color: #008000\"><em><span lang=\"ES-TRAD\" style=\"font-family: 'Verdana','sans-serif'\">&#8211;<span style=\"font-family: 'Times New Roman';font-variant: normal;font-weight: normal;font-size: 7pt;line-height: normal\">\u00a0\u00a0\u00a0\u00a0\u00a0 <\/span><\/span><span lang=\"ES-TRAD\" style=\"font-family: 'Verdana','sans-serif'\">\u00bfHizo esto que subiera su papel?<\/span><\/em><\/span><\/p>\n<p class=\"MsoListParagraphCxSpMiddle\" style=\"text-indent: -18.0pt\"><span style=\"color: #008000\"><em><span lang=\"ES-TRAD\" style=\"font-family: 'Verdana','sans-serif'\">&#8211;<span style=\"font-family: 'Times New Roman';font-variant: normal;font-weight: normal;font-size: 7pt;line-height: normal\">\u00a0\u00a0\u00a0\u00a0\u00a0 <\/span><\/span><span lang=\"ES-TRAD\" style=\"font-family: 'Verdana','sans-serif'\">Posiblemente. Ya hab\u00eda entrenado antes al Athletic. Estuve despu\u00e9s dos a\u00f1os con la Real y, finalmente, otra vez en el Athletic, otras dos temporadas.<\/span><\/em><\/span><\/p>\n<p class=\"MsoListParagraphCxSpMiddle\" style=\"text-indent: -18.0pt\"><span style=\"color: #008000\"><em><span lang=\"ES-TRAD\" style=\"font-family: 'Verdana','sans-serif'\">&#8211;<span style=\"font-family: 'Times New Roman';font-variant: normal;font-weight: normal;font-size: 7pt;line-height: normal\">\u00a0\u00a0\u00a0\u00a0\u00a0 <\/span><\/span><span lang=\"ES-TRAD\" style=\"font-family: 'Verdana','sans-serif'\">\u00bfSus conquistas con los equipos vascos?<\/span><\/em><\/span><\/p>\n<p class=\"MsoListParagraphCxSpLast\" style=\"text-indent: -18.0pt\"><span style=\"color: #008000\"><em><span lang=\"ES-TRAD\" style=\"font-family: 'Verdana','sans-serif'\">&#8211;<span style=\"font-family: 'Times New Roman';font-variant: normal;font-weight: normal;font-size: 7pt;line-height: normal\">\u00a0\u00a0\u00a0\u00a0\u00a0 <\/span><\/span><span lang=\"ES-TRAD\" style=\"font-family: 'Verdana','sans-serif'\">Hombre, pues con la Real Sociedad jugamos el torneo de la UEFA, y lo mismo con el equipo de San Mam\u00e9s, precisamente el torneo en el que ahora interviene, y en el que tan rotundo resultado obtuvo hace unos d\u00edas frente al Milan.<\/span><\/em><\/span><\/p>\n<p class=\"MsoNormal\"><span style=\"color: #008000\"><em><span lang=\"ES-TRAD\" style=\"font-family: 'Verdana','sans-serif'\">Rafael Iriondo es casado. Tiene nueve hijos. L\u00f3gicamente, no puede estar montando y desmontando cada a\u00f1o o cada dos a\u00f1os su casa.<\/span><\/em><\/span><\/p>\n<p class=\"MsoListParagraph\" style=\"text-indent: -18.0pt\"><span style=\"color: #008000\"><em><span lang=\"ES-TRAD\" style=\"font-family: 'Verdana','sans-serif'\">&#8211;<span style=\"font-family: 'Times New Roman';font-variant: normal;font-weight: normal;font-size: 7pt;line-height: normal\">\u00a0\u00a0\u00a0\u00a0\u00a0 <\/span><\/span><span lang=\"ES-TRAD\" style=\"font-family: 'Verdana','sans-serif'\">No, no. Yo tengo mi casa en Bilbao. All\u00ed est\u00e1 la mujer y los hijos. Por cierto que el mayor ya est\u00e1 casado. No soy abuelo todav\u00eda, pero espero serlo muy pronto. Pero la familia queda all\u00ed y yo doy las escapadas que puedo.<\/span><\/em><\/span><\/p>\n<p class=\"MsoNormal\"><span style=\"color: #008000\"><em><span lang=\"ES-TRAD\" style=\"font-family: 'Verdana','sans-serif'\">Iriondo est\u00e1, pues, en las condiciones de hacer un resumen, un balance de su experiencia futbol\u00edstica. Es una autoridad en la materia.<\/span><\/em><\/span><\/p>\n<p class=\"MsoListParagraphCxSpFirst\" style=\"text-indent: -18.0pt\"><span style=\"color: #008000\"><em><span lang=\"ES-TRAD\" style=\"font-family: 'Verdana','sans-serif'\">&#8211;<span style=\"font-family: 'Times New Roman';font-variant: normal;font-weight: normal;font-size: 7pt;line-height: normal\">\u00a0\u00a0\u00a0\u00a0\u00a0 <\/span><\/span><span lang=\"ES-TRAD\" style=\"font-family: 'Verdana','sans-serif'\">\u00bfC\u00f3mo es el f\u00fatbol de ahora y el de antes?<\/span><\/em><\/span><\/p>\n<p class=\"MsoListParagraphCxSpMiddle\" style=\"text-indent: -18.0pt\"><span style=\"color: #008000\"><em><span lang=\"ES-TRAD\" style=\"font-family: 'Verdana','sans-serif'\">&#8211;<span style=\"font-family: 'Times New Roman';font-variant: normal;font-weight: normal;font-size: 7pt;line-height: normal\">\u00a0\u00a0\u00a0\u00a0\u00a0 <\/span><\/span><span lang=\"ES-TRAD\" style=\"font-family: 'Verdana','sans-serif'\">Cierto que ha evolucionado mucho el f\u00fatbol y cada vez es m\u00e1s dif\u00edcil hacer un juego brillante de ataque. Las t\u00e1cticas son en su mayor\u00eda de contenci\u00f3n y es, indudablemente, menos vistoso. Yo pienso que ahora el juego es m\u00e1s dif\u00edcil para los delanteros, que encuentran m\u00e1s dificultades para llegar en condiciones al \u00e1rea rival.<\/span><\/em><\/span><\/p>\n<p class=\"MsoListParagraphCxSpMiddle\" style=\"text-indent: -18.0pt\"><span style=\"color: #008000\"><em><span lang=\"ES-TRAD\" style=\"font-family: 'Verdana','sans-serif'\">&#8211;<span style=\"font-family: 'Times New Roman';font-variant: normal;font-weight: normal;font-size: 7pt;line-height: normal\">\u00a0\u00a0\u00a0\u00a0\u00a0 <\/span><\/span><span lang=\"ES-TRAD\" style=\"font-family: 'Verdana','sans-serif'\">\u00bfQu\u00e9 es lo que le falta a este f\u00fatbol nuestro en relaci\u00f3n con el de antes?<\/span><\/em><\/span><\/p>\n<p class=\"MsoListParagraphCxSpMiddle\" style=\"text-indent: -18.0pt\"><span style=\"color: #008000\"><em><span lang=\"ES-TRAD\" style=\"font-family: 'Verdana','sans-serif'\">&#8211;<span style=\"font-family: 'Times New Roman';font-variant: normal;font-weight: normal;font-size: 7pt;line-height: normal\">\u00a0\u00a0\u00a0\u00a0\u00a0 <\/span><\/span><span lang=\"ES-TRAD\" style=\"font-family: 'Verdana','sans-serif'\">La velocidad. Sencillamente, la velocidad. Este es mi caballo de batalla.<\/span><\/em><\/span><\/p>\n<p class=\"MsoListParagraphCxSpMiddle\" style=\"text-indent: -18.0pt\"><span style=\"color: #008000\"><em><span lang=\"ES-TRAD\" style=\"font-family: 'Verdana','sans-serif'\">&#8211;<span style=\"font-family: 'Times New Roman';font-variant: normal;font-weight: normal;font-size: 7pt;line-height: normal\">\u00a0\u00a0\u00a0\u00a0\u00a0 <\/span><\/span><span lang=\"ES-TRAD\" style=\"font-family: 'Verdana','sans-serif'\">\u00bfLe gustan los extremos como los de su \u00e9poca?<\/span><\/em><\/span><\/p>\n<p class=\"MsoListParagraphCxSpMiddle\" style=\"text-indent: -18.0pt\"><span style=\"color: #008000\"><em><span lang=\"ES-TRAD\" style=\"font-family: 'Verdana','sans-serif'\">&#8211;<span style=\"font-family: 'Times New Roman';font-variant: normal;font-weight: normal;font-size: 7pt;line-height: normal\">\u00a0\u00a0\u00a0\u00a0\u00a0 <\/span><\/span><span lang=\"ES-TRAD\" style=\"font-family: 'Verdana','sans-serif'\">Hoy no hay extremos con velocidad, porque es la velocidad lo que se ha perdido. Llevamos mucho a\u00f1os sin que salgan extremos como los de antes: Epi, Basora, Gorostiza, etc<\/span><\/em><\/span><\/p>\n<p class=\"MsoListParagraphCxSpLast\" style=\"text-indent: -18.0pt\"><span style=\"color: #008000\"><em><span lang=\"ES-TRAD\" style=\"font-family: 'Verdana','sans-serif'\">&#8211;<span style=\"font-family: 'Times New Roman';font-variant: normal;font-weight: normal;font-size: 7pt;line-height: normal\">\u00a0\u00a0\u00a0\u00a0\u00a0 <\/span><\/span><span lang=\"ES-TRAD\" style=\"font-family: 'Verdana','sans-serif'\">Es que ahora, le decimos, con los marcajes, con los sistemas de contenci\u00f3n, como se\u00f1alas, es muy dif\u00edcil que un extremo se escape<\/span><\/em><\/span><\/p>\n<p class=\"MsoNormal\"><span style=\"color: #008000\"><em><span lang=\"ES-TRAD\" style=\"font-family: 'Verdana','sans-serif'\">Iriondo sonr\u00ede y mueve la cabeza. Y dice:<\/span><\/em><\/span><\/p>\n<p class=\"MsoListParagraph\" style=\"text-indent: -18.0pt\"><span style=\"color: #008000\"><em><span lang=\"ES-TRAD\" style=\"font-family: 'Verdana','sans-serif'\">&#8211;<span style=\"font-family: 'Times New Roman';font-variant: normal;font-weight: normal;font-size: 7pt;line-height: normal\">\u00a0\u00a0\u00a0\u00a0\u00a0 <\/span><\/span><span lang=\"ES-TRAD\" style=\"font-family: 'Verdana','sans-serif'\">S\u00ed. Es verdad. Pero cuando sale un jugador con velocidad se impone siempre. Ah\u00ed est\u00e1 el m\u00e1s reciente caso del madrile\u00f1o Gento. Insisto en que es m\u00e1s dif\u00edcil a los delanteros desenvolverse. Pero tambi\u00e9n pienso que un buen rematador de cabeza podr\u00eda hacer muchos goles.<\/span><\/em><\/span><\/p>\n<p class=\"MsoNormal\"><span style=\"color: #008000\"><em><span lang=\"ES-TRAD\" style=\"font-family: 'Verdana','sans-serif'\">Nos tenemos que referir a forzosamente al partido que el Betis va a jugar el domingo frente al Real Madrid y a la situaci\u00f3n del equipo b\u00e9tico. Iriondo dice:<\/span><\/em><\/span><\/p>\n<p class=\"MsoListParagraphCxSpFirst\" style=\"text-indent: -18.0pt\"><span style=\"color: #008000\"><em><span lang=\"ES-TRAD\" style=\"font-family: 'Verdana','sans-serif'\">&#8211;<span style=\"font-family: 'Times New Roman';font-variant: normal;font-weight: normal;font-size: 7pt;line-height: normal\">\u00a0\u00a0\u00a0\u00a0\u00a0 <\/span><\/span><span lang=\"ES-TRAD\" style=\"font-family: 'Verdana','sans-serif'\">Ese partido de Santander\u2026 Si hubi\u00e9ramos empatado al menos\u2026 y el caso es que estuvimos a punto de lograrlo. Mira, en la primera parte, en la que el Racing marc\u00f3 su gol primero, y todos dicen que en fuera de juego, el Betis fue superior, sin duda alguna, con clar\u00edsimas ocasiones de haberse anticipado en el marcador. Despu\u00e9s vinieron los goles\u2026 Pero reaccion\u00f3 formidablemente el equipo. De verdad\u2026 Se marcaron tres goles y se pudo lograr el empate. Bueno, pues si se consigue, el partido del domingo con el Madrid ser\u00eda de menos importancia\u2026 <\/span><\/em><\/span><\/p>\n<p class=\"MsoListParagraphCxSpMiddle\" style=\"text-indent: -18.0pt\"><span style=\"color: #008000\"><em><span lang=\"ES-TRAD\" style=\"font-family: 'Verdana','sans-serif'\">&#8211;<span style=\"font-family: 'Times New Roman';font-variant: normal;font-weight: normal;font-size: 7pt;line-height: normal\">\u00a0\u00a0\u00a0\u00a0\u00a0 <\/span><\/span><span lang=\"ES-TRAD\" style=\"font-family: 'Verdana','sans-serif'\">\u00bfPor qu\u00e9?<\/span><\/em><\/span><\/p>\n<p class=\"MsoListParagraphCxSpMiddle\" style=\"text-indent: -18.0pt\"><span style=\"color: #008000\"><em><span lang=\"ES-TRAD\" style=\"font-family: 'Verdana','sans-serif'\">&#8211;<span style=\"font-family: 'Times New Roman';font-variant: normal;font-weight: normal;font-size: 7pt;line-height: normal\">\u00a0\u00a0\u00a0\u00a0\u00a0 <\/span><\/span><span lang=\"ES-TRAD\" style=\"font-family: 'Verdana','sans-serif'\">Pues porque jugar con el Madrid siempre es dif\u00edcil y complicado. Con un solo negativo no tendr\u00eda la importancia que ahora tiene.<\/span><\/em><\/span><\/p>\n<p class=\"MsoListParagraphCxSpMiddle\" style=\"text-indent: -18.0pt\"><span style=\"color: #008000\"><em><span lang=\"ES-TRAD\" style=\"font-family: 'Verdana','sans-serif'\">&#8211;<span style=\"font-family: 'Times New Roman';font-variant: normal;font-weight: normal;font-size: 7pt;line-height: normal\">\u00a0\u00a0\u00a0\u00a0\u00a0 <\/span><\/span><span lang=\"ES-TRAD\" style=\"font-family: 'Verdana','sans-serif'\">\u00bfAcaso est\u00e1 pesimista Iriondo?<\/span><\/em><\/span><\/p>\n<p class=\"MsoListParagraphCxSpMiddle\" style=\"text-indent: -18.0pt\"><span style=\"color: #008000\"><em><span lang=\"ES-TRAD\" style=\"font-family: 'Verdana','sans-serif'\">&#8211;<span style=\"font-family: 'Times New Roman';font-variant: normal;font-weight: normal;font-size: 7pt;line-height: normal\">\u00a0\u00a0\u00a0\u00a0\u00a0 <\/span><\/span><span lang=\"ES-TRAD\" style=\"font-family: 'Verdana','sans-serif'\">No, qu\u00e9 va. Lo que pasa es que soy realista. Y para m\u00ed, pr\u00e1cticamente, el Real Madrid es el mejor, y, por tanto, aspirante al t\u00edtulo de campe\u00f3n \u00a0\u00a0\u00a0<\/span><\/em><\/span><\/p>\n<p class=\"MsoListParagraphCxSpMiddle\" style=\"text-indent: -18.0pt\"><span style=\"color: #008000\"><em><span lang=\"ES-TRAD\" style=\"font-family: 'Verdana','sans-serif'\">&#8211;<span style=\"font-family: 'Times New Roman';font-variant: normal;font-weight: normal;font-size: 7pt;line-height: normal\">\u00a0\u00a0\u00a0\u00a0\u00a0 <\/span><\/span><span lang=\"ES-TRAD\" style=\"font-family: 'Verdana','sans-serif'\">\u00bfPese a que se dice que no anda bien el conjunto madridista?<\/span><\/em><\/span><\/p>\n<p class=\"MsoListParagraphCxSpMiddle\" style=\"text-indent: -18.0pt\"><span style=\"color: #008000\"><em><span lang=\"ES-TRAD\" style=\"font-family: 'Verdana','sans-serif'\">&#8211;<span style=\"font-family: 'Times New Roman';font-variant: normal;font-weight: normal;font-size: 7pt;line-height: normal\">\u00a0\u00a0\u00a0\u00a0\u00a0 <\/span><\/span><span lang=\"ES-TRAD\" style=\"font-family: 'Verdana','sans-serif'\">Es posible que no tenga una racha muy brillante, pero en cualquier momento, porque tiene jugadores para ello, reacciona positivamente. Nosotros tenemos que afrontar el partido con serenidad, sin perder la cabeza. Porque lo \u00faltimo que se pierde es la esperanza y la serenidad. Pensamos frenar el domingo al Madrid y ganar el partido.<\/span><\/em><\/span><\/p>\n<p class=\"MsoListParagraphCxSpMiddle\" style=\"text-indent: -18.0pt\"><span style=\"color: #008000\"><em><span lang=\"ES-TRAD\" style=\"font-family: 'Verdana','sans-serif'\">&#8211;<span style=\"font-family: 'Times New Roman';font-variant: normal;font-weight: normal;font-size: 7pt;line-height: normal\">\u00a0\u00a0\u00a0\u00a0\u00a0 <\/span><\/span><span lang=\"ES-TRAD\" style=\"font-family: 'Verdana','sans-serif'\">\u00bfC\u00f3mo se le han dado los partidos frente al Madrid?<\/span><\/em><\/span><\/p>\n<p class=\"MsoListParagraphCxSpMiddle\" style=\"text-indent: -18.0pt\"><span style=\"color: #008000\"><em><span lang=\"ES-TRAD\" style=\"font-family: 'Verdana','sans-serif'\">&#8211;<span style=\"font-family: 'Times New Roman';font-variant: normal;font-weight: normal;font-size: 7pt;line-height: normal\">\u00a0\u00a0\u00a0\u00a0\u00a0 <\/span><\/span><span lang=\"ES-TRAD\" style=\"font-family: 'Verdana','sans-serif'\">Pues ver\u00e1s. Dirigiendo al Athletic de Bilbao no perd\u00ed nunca ning\u00fan partido con el Madrid; pero, en cambio, como entrenador de la Real Sociedad no conseguimos ganar ninguno\u00a0 y siempre se registr\u00f3 un empate en Atocha. Y es que la Real creo que no le ha ganado todav\u00eda al Madrid.<\/span><\/em><\/span><\/p>\n<p class=\"MsoListParagraphCxSpMiddle\" style=\"text-indent: -18.0pt\"><span style=\"color: #008000\"><em><span lang=\"ES-TRAD\" style=\"font-family: 'Verdana','sans-serif'\">&#8211;<span style=\"font-family: 'Times New Roman';font-variant: normal;font-weight: normal;font-size: 7pt;line-height: normal\">\u00a0\u00a0\u00a0\u00a0\u00a0 <\/span><\/span><span lang=\"ES-TRAD\" style=\"font-family: 'Verdana','sans-serif'\">\u00bfSer\u00eda problem\u00e1tica la situaci\u00f3n del Betis caso de perder?<\/span><\/em><\/span><\/p>\n<p class=\"MsoListParagraphCxSpMiddle\" style=\"text-indent: -18.0pt\"><span style=\"color: #008000\"><em><span lang=\"ES-TRAD\" style=\"font-family: 'Verdana','sans-serif'\">&#8211;<span style=\"font-family: 'Times New Roman';font-variant: normal;font-weight: normal;font-size: 7pt;line-height: normal\">\u00a0\u00a0\u00a0\u00a0\u00a0 <\/span><\/span><span lang=\"ES-TRAD\" style=\"font-family: 'Verdana','sans-serif'\">S\u00ed lo ser\u00eda. No porque sea una situaci\u00f3n dram\u00e1tica, sino porque ya se sabe lo que pasa. La gente se pone nerviosa\u2026 Pero no, no hay que pensar en ello<\/span><\/em><\/span><\/p>\n<p class=\"MsoListParagraphCxSpMiddle\" style=\"text-indent: -18.0pt\"><span style=\"color: #008000\"><em><span lang=\"ES-TRAD\" style=\"font-family: 'Verdana','sans-serif'\">&#8211;<span style=\"font-family: 'Times New Roman';font-variant: normal;font-weight: normal;font-size: 7pt;line-height: normal\">\u00a0\u00a0\u00a0\u00a0\u00a0 <\/span><\/span><span lang=\"ES-TRAD\" style=\"font-family: 'Verdana','sans-serif'\">\u00bfProblemas de alineaci\u00f3n?<\/span><\/em><\/span><\/p>\n<p class=\"MsoListParagraphCxSpMiddle\" style=\"text-indent: -18.0pt\"><span style=\"color: #008000\"><em><span lang=\"ES-TRAD\" style=\"font-family: 'Verdana','sans-serif'\">&#8211;<span style=\"font-family: 'Times New Roman';font-variant: normal;font-weight: normal;font-size: 7pt;line-height: normal\">\u00a0\u00a0\u00a0\u00a0\u00a0 <\/span><\/span><span lang=\"ES-TRAD\" style=\"font-family: 'Verdana','sans-serif'\">Bueno, el que plantea la lesi\u00f3n de Ladinski. Esto s\u00ed me har\u00eda meditar para buscar el sustituto id\u00f3neo. Pero no est\u00e1 descartado que pueda contar con Atila\u2026 Le haremos una prueba a fondo cuando se acerque el partido.<\/span><\/em><\/span><\/p>\n<p class=\"MsoListParagraphCxSpMiddle\" style=\"text-indent: -18.0pt\"><span style=\"color: #008000\"><em><span lang=\"ES-TRAD\" style=\"font-family: 'Verdana','sans-serif'\">&#8211;<span style=\"font-family: 'Times New Roman';font-variant: normal;font-weight: normal;font-size: 7pt;line-height: normal\">\u00a0\u00a0\u00a0\u00a0\u00a0 <\/span><\/span><span lang=\"ES-TRAD\" style=\"font-family: 'Verdana','sans-serif'\">\u00bfCu\u00e1l es el balance de Iriondo como entrenador en las \u00faltimas temporadas?<\/span><\/em><\/span><\/p>\n<p class=\"MsoListParagraphCxSpLast\" style=\"text-indent: -18.0pt\"><span style=\"color: #008000\"><em><span lang=\"ES-TRAD\" style=\"font-family: 'Verdana','sans-serif'\">&#8211;<span style=\"font-family: 'Times New Roman';font-variant: normal;font-weight: normal;font-size: 7pt;line-height: normal\">\u00a0\u00a0\u00a0\u00a0\u00a0 <\/span><\/span><span lang=\"ES-TRAD\" style=\"font-family: 'Verdana','sans-serif'\">Yo, al menos, estoy satisfecho de mi labor como entrenador, tanto en el Athletic como en la Real Sociedad. Lo que pretendo es que se pueda decir lo mismo de esta estancia m\u00eda aqu\u00ed, con el Betis.<\/span><\/em><\/span><\/p>\n<p class=\"MsoNormal\"><em><span lang=\"ES-TRAD\" style=\"font-family: 'Verdana','sans-serif'\"><span style=\"color: #008000\">Ha terminado la charla con Rafa Iriondo. Hemos dado un largo paseo por las instalaciones del Villamar\u00edn mientras dialog\u00e1bamos. Iriondo tiene prisa por llegar a casa para hablar con la familia. La esposa y los nueve hijos; el mayor, casado. Una larga descendencia. Iriondo es un padrazo. Una gran persona, digna de suerte.\u00a0<\/span>\u00a0 <\/span><\/em><\/p>\n<p class=\"MsoNormal\"><em><span lang=\"ES-TRAD\" style=\"font-family: 'Verdana','sans-serif'\">\u00a0<\/span><\/em><\/p>\n<p><span lang=\"ES-TRAD\" style=\"font-size: 11.0pt;line-height: 115%;font-family: 'Verdana','sans-serif'\">Fuente: Justo Andr\u00e9s en AS 4 de diciembre de 1976<br \/>\n<\/span><\/p>\n","protected":false},"excerpt":{"rendered":"<p>Rafael Iriondo lleg\u00f3 al Betis en noviembre de 1976 para suplir a Ferenc Szusza, tal como vimos aqu\u00ed. No fueron f\u00e1ciles los principios en el equipo b\u00e9tico, pues el equipo no terminada de arrancar y se debat\u00eda en la zona baja de la clasificaci\u00f3n. Cuando esta entrevista se public\u00f3 en AS, el 4 de diciembre&#8230;<\/p>\n","protected":false},"author":5,"featured_media":32698,"comment_status":"open","ping_status":"open","sticky":false,"template":"","format":"standard","meta":{"_kad_post_transparent":"","_kad_post_title":"","_kad_post_layout":"","_kad_post_sidebar_id":"","_kad_post_content_style":"","_kad_post_vertical_padding":"","_kad_post_feature":"","_kad_post_feature_position":"","_kad_post_header":false,"_kad_post_footer":false,"_kad_post_classname":"","_jetpack_memberships_contains_paid_content":false,"footnotes":"","jetpack_publicize_message":"","jetpack_publicize_feature_enabled":true,"jetpack_social_post_already_shared":true,"jetpack_social_options":{"image_generator_settings":{"template":"highway","default_image_id":0,"font":"","enabled":false},"version":2}},"categories":[903,892,1],"tags":[1556,2238,17030,1215],"class_list":["post-32697","post","type-post","status-publish","format-standard","has-post-thumbnail","hentry","category-1970-1979","category-entrenadores-temas","category-portada","tag-1556","tag-1976-77","tag-justo-andres","tag-rafael-iriondo"],"jetpack_publicize_connections":[],"jetpack_featured_media_url":"https:\/\/i0.wp.com\/www.manquepierda.com\/historiarealbetis\/files\/2013\/09\/Rafael-Iriondo-.jpg?fit=400%2C200&ssl=1","jetpack_sharing_enabled":true,"jetpack_shortlink":"https:\/\/wp.me\/p1ij08-8vn","jetpack-related-posts":[],"_links":{"self":[{"href":"https:\/\/www.manquepierda.com\/historiarealbetis\/wp-json\/wp\/v2\/posts\/32697","targetHints":{"allow":["GET"]}}],"collection":[{"href":"https:\/\/www.manquepierda.com\/historiarealbetis\/wp-json\/wp\/v2\/posts"}],"about":[{"href":"https:\/\/www.manquepierda.com\/historiarealbetis\/wp-json\/wp\/v2\/types\/post"}],"author":[{"embeddable":true,"href":"https:\/\/www.manquepierda.com\/historiarealbetis\/wp-json\/wp\/v2\/users\/5"}],"replies":[{"embeddable":true,"href":"https:\/\/www.manquepierda.com\/historiarealbetis\/wp-json\/wp\/v2\/comments?post=32697"}],"version-history":[{"count":1,"href":"https:\/\/www.manquepierda.com\/historiarealbetis\/wp-json\/wp\/v2\/posts\/32697\/revisions"}],"predecessor-version":[{"id":99652,"href":"https:\/\/www.manquepierda.com\/historiarealbetis\/wp-json\/wp\/v2\/posts\/32697\/revisions\/99652"}],"wp:featuredmedia":[{"embeddable":true,"href":"https:\/\/www.manquepierda.com\/historiarealbetis\/wp-json\/wp\/v2\/media\/32698"}],"wp:attachment":[{"href":"https:\/\/www.manquepierda.com\/historiarealbetis\/wp-json\/wp\/v2\/media?parent=32697"}],"wp:term":[{"taxonomy":"category","embeddable":true,"href":"https:\/\/www.manquepierda.com\/historiarealbetis\/wp-json\/wp\/v2\/categories?post=32697"},{"taxonomy":"post_tag","embeddable":true,"href":"https:\/\/www.manquepierda.com\/historiarealbetis\/wp-json\/wp\/v2\/tags?post=32697"}],"curies":[{"name":"wp","href":"https:\/\/api.w.org\/{rel}","templated":true}]}}