{"id":32818,"date":"2013-10-05T07:53:10","date_gmt":"2013-10-05T05:53:10","guid":{"rendered":"http:\/\/www.manquepierda.com\/historiarealbetis\/?p=32818"},"modified":"2024-10-13T22:55:32","modified_gmt":"2024-10-13T20:55:32","slug":"32818","status":"publish","type":"post","link":"https:\/\/www.manquepierda.com\/historiarealbetis\/32818\/","title":{"rendered":"Visitamos al Getafe CF"},"content":{"rendered":"<p><a href=\"https:\/\/www.manquepierda.com\/historiarealbetis\/32818-32818\/lg_getafe2\/\" rel=\"attachment wp-att-32819\"><img data-recalc-dims=\"1\" loading=\"lazy\" decoding=\"async\" class=\"alignleft wp-image-32819\" src=\"https:\/\/i0.wp.com\/www.manquepierda.com\/historiarealbetis\/files\/2013\/10\/lg_Getafe2.jpg?resize=270%2C288&#038;ssl=1\" alt=\"lg_Getafe2\" width=\"270\" height=\"288\" srcset=\"https:\/\/i0.wp.com\/www.manquepierda.com\/historiarealbetis\/files\/2013\/10\/lg_Getafe2.jpg?resize=563%2C600&amp;ssl=1 563w, https:\/\/i0.wp.com\/www.manquepierda.com\/historiarealbetis\/files\/2013\/10\/lg_Getafe2.jpg?resize=206%2C220&amp;ssl=1 206w, https:\/\/i0.wp.com\/www.manquepierda.com\/historiarealbetis\/files\/2013\/10\/lg_Getafe2.jpg?w=595&amp;ssl=1 595w\" sizes=\"auto, (max-width: 270px) 100vw, 270px\" \/><\/a><\/p>\n<p>&nbsp;<\/p>\n<p><!-- [if gte mso 9]&gt;--><\/p>\n<p>&nbsp;<\/p>\n<p class=\"MsoNormal\" style=\"line-height: normal\"><span style=\"font-size: 12.0pt;font-family: 'Times New Roman','serif'\">\u00a0Ma\u00f1ana a \u00a0las 19 horas el Betis visitar\u00e1 al Getafe Club de F\u00fatbol en el Coliseum Alfonso P\u00e9rez.<\/span><\/p>\n<p class=\"MsoNormal\" style=\"line-height: normal\"><span style=\"font-size: 12.0pt;font-family: 'Times New Roman','serif'\">Con el caso del Getafe CF asistimos a un ejemplo de club que contin\u00faa la tradici\u00f3n hist\u00f3rica de un club anterior. El Club Getafe Deportivo, fundado en 1945, se disuelve legalmente en julio de 1983 ante la imposibilidad\u00a0 de cubrir sus deudas econ\u00f3micas. Le sucede el Getafe Club de F\u00fatbol que arranca desde las categor\u00edas regionales. Mantiene los colores azules del club anterior, un escudo muy parecido y sigue jugando en el mismo campo de Las Margaritas.<\/span><\/p>\n<p class=\"MsoNormal\" style=\"line-height: normal\"><span style=\"font-size: 12.0pt;font-family: 'Times New Roman','serif'\">Tomado como base esta refundaci\u00f3n en 1983 el Getafe Club de F\u00fatbol ha disputado 10 temporadas en Primera Divisi\u00f3n, 6 en Segunda, 11 en Segunda B y 1 en Tercera.<\/span><\/p>\n<p class=\"MsoNormal\" style=\"line-height: normal\"><span style=\"font-size: 12.0pt;font-family: 'Times New Roman','serif'\">La primera visita del Betis al actual club getafense tuvo lugar el 20 de Noviembre de 1991 en partido de ida de la 5\u00aa ronda de la Copa y que concluy\u00f3 con victoria local por 1-0. Antes, el Betis ya hab\u00eda jugado contra el extinto Club Getafe Deportivo, con un empate a 0 en partido de Segunda Divisi\u00f3n. Ambos partidos se jugaron en el desaparecido campo de Las Margaritas.<\/span><\/p>\n<p class=\"MsoNormal\" style=\"line-height: normal\"><span style=\"font-size: 12.0pt;font-family: 'Times New Roman','serif'\">Han sido 7 partidos disputados en Primera Divisi\u00f3n (2 victoria locales, 3 empates y 2 victorias b\u00e9ticas), 1 partido en Segunda (victoria b\u00e9tica)\u00a0 y 2 partidos de Copa (1 victoria para cada equipo). De estos 10 partidos 1 se jug\u00f3 en el campo de Las Margaritas y 9 en el Coliseum Alfonso P\u00e9rez.<\/span><\/p>\n<p class=\"MsoNormal\" style=\"line-height: normal\"><span style=\"font-size: 12.0pt;font-family: 'Times New Roman','serif'\">\u00a0<\/span><\/p>\n<p class=\"MsoNormal\" style=\"line-height: normal\"><span style=\"font-size: 12.0pt;font-family: 'Times New Roman','serif'\">Entre los jugadores que han militado en ambos clubs podemos destacar a Jos\u00e9 Tom\u00e1s Escalante,a Dionisio G\u00f3mez \u201cDioni\u201d y a Marcial Gonz\u00e1lez en el Club Getafe Deportivo extinguido y a David Belenguer, Antonio Est\u00e9vez, Juanfran Moreno, \u00a0Mario Alvarez, Jos\u00e9 Mel, Ignacio P\u00e9rez \u201cNacho\u201d,\u00a0 Victoriano Rivas \u201cNano\u201d, Rub\u00e9n P\u00e9rez y Xavi Torres en el actual Getafe Club de F\u00fatbol.<\/span><\/p>\n<p class=\"MsoNormal\" style=\"line-height: normal\"><span style=\"font-size: 12.0pt;font-family: 'Times New Roman','serif'\">Entre los entrenadores s\u00f3lo Pepe Mel ha dirigido a los dos conjuntos<\/span><\/p>\n","protected":false},"excerpt":{"rendered":"<p>&nbsp; &nbsp; \u00a0Ma\u00f1ana a \u00a0las 19 horas el Betis visitar\u00e1 al Getafe Club de F\u00fatbol en el Coliseum Alfonso P\u00e9rez. Con el caso del Getafe CF asistimos a un ejemplo de club que contin\u00faa la tradici\u00f3n hist\u00f3rica de un club anterior. El Club Getafe Deportivo, fundado en 1945, se disuelve legalmente en julio de 1983&#8230;<\/p>\n","protected":false},"author":5,"featured_media":32819,"comment_status":"open","ping_status":"open","sticky":false,"template":"","format":"standard","meta":{"_kad_post_transparent":"","_kad_post_title":"","_kad_post_layout":"","_kad_post_sidebar_id":"","_kad_post_content_style":"","_kad_post_vertical_padding":"","_kad_post_feature":"","_kad_post_feature_position":"","_kad_post_header":false,"_kad_post_footer":false,"_kad_post_classname":"","_jetpack_memberships_contains_paid_content":false,"footnotes":"","jetpack_publicize_message":"","jetpack_publicize_feature_enabled":true,"jetpack_social_post_already_shared":true,"jetpack_social_options":{"image_generator_settings":{"template":"highway","default_image_id":0,"font":"","enabled":false},"version":2}},"categories":[895,1],"tags":[1348,1486,3277,403,1487,1346,9994,3964,3574,655,751,1371,9544],"class_list":["post-32818","post","type-post","status-publish","format-standard","has-post-thumbnail","hentry","category-los-rivales","category-portada","tag-antonio-estevez","tag-david-belenguer","tag-dionisio-gomez-dioni","tag-getafe-cf","tag-ignacio-perez-nacho","tag-jose-tomas-escalante","tag-juan-francisco-moreno-juanfran","tag-marcial-gonzalez","tag-mario-alvarez","tag-pepe-mel","tag-ruben-perez","tag-victoriano-rivas-nano","tag-xavi-torres"],"jetpack_publicize_connections":[],"jetpack_featured_media_url":"https:\/\/i0.wp.com\/www.manquepierda.com\/historiarealbetis\/files\/2013\/10\/lg_Getafe2.jpg?fit=595%2C633&ssl=1","jetpack_sharing_enabled":true,"jetpack_shortlink":"https:\/\/wp.me\/s1ij08-32818","jetpack-related-posts":[],"_links":{"self":[{"href":"https:\/\/www.manquepierda.com\/historiarealbetis\/wp-json\/wp\/v2\/posts\/32818","targetHints":{"allow":["GET"]}}],"collection":[{"href":"https:\/\/www.manquepierda.com\/historiarealbetis\/wp-json\/wp\/v2\/posts"}],"about":[{"href":"https:\/\/www.manquepierda.com\/historiarealbetis\/wp-json\/wp\/v2\/types\/post"}],"author":[{"embeddable":true,"href":"https:\/\/www.manquepierda.com\/historiarealbetis\/wp-json\/wp\/v2\/users\/5"}],"replies":[{"embeddable":true,"href":"https:\/\/www.manquepierda.com\/historiarealbetis\/wp-json\/wp\/v2\/comments?post=32818"}],"version-history":[{"count":1,"href":"https:\/\/www.manquepierda.com\/historiarealbetis\/wp-json\/wp\/v2\/posts\/32818\/revisions"}],"predecessor-version":[{"id":98836,"href":"https:\/\/www.manquepierda.com\/historiarealbetis\/wp-json\/wp\/v2\/posts\/32818\/revisions\/98836"}],"wp:featuredmedia":[{"embeddable":true,"href":"https:\/\/www.manquepierda.com\/historiarealbetis\/wp-json\/wp\/v2\/media\/32819"}],"wp:attachment":[{"href":"https:\/\/www.manquepierda.com\/historiarealbetis\/wp-json\/wp\/v2\/media?parent=32818"}],"wp:term":[{"taxonomy":"category","embeddable":true,"href":"https:\/\/www.manquepierda.com\/historiarealbetis\/wp-json\/wp\/v2\/categories?post=32818"},{"taxonomy":"post_tag","embeddable":true,"href":"https:\/\/www.manquepierda.com\/historiarealbetis\/wp-json\/wp\/v2\/tags?post=32818"}],"curies":[{"name":"wp","href":"https:\/\/api.w.org\/{rel}","templated":true}]}}