{"id":32832,"date":"2013-10-03T15:58:39","date_gmt":"2013-10-03T13:58:39","guid":{"rendered":"http:\/\/www.manquepierda.com\/historiarealbetis\/?p=32832"},"modified":"2024-08-12T17:02:35","modified_gmt":"2024-08-12T15:02:35","slug":"1931-noviembre-15-andalucia-10jornada-cordoba-racing-club-1-vs-betis-balompie-3","status":"publish","type":"post","link":"https:\/\/www.manquepierda.com\/historiarealbetis\/1931-noviembre-15-andalucia-10jornada-cordoba-racing-club-1-vs-betis-balompie-3\/","title":{"rendered":"1931-Noviembre 15-Andaluc\u00eda.-C\u00f3rdoba Racing Club-1 Betis Balompi\u00e9-3.-Recortes Prensa."},"content":{"rendered":"<p style=\"text-align: justify\">CAMPEONATO REGIONAL ANDALUC\u00cdA-PRIMERA CATEGOR\u00cdA-1931.-DESDE DOMINGO 13 SEPTIEMBRE HASTA DOMINGO 15 NOVIEMBRE DE 1931.-AMBAS FECHAS INCLUSIVE.<\/p>\n<p style=\"text-align: justify\"><em><strong>1931-NOVIEMBRE 15-DOMINGO EN C\u00d3RDOBA.-\u00abSTADIUM AM\u00c9RICA\u00bb (\u00abHuerta de la Cercadilla\u00bb 1929-1945.-Capacidad 5.000 espectadores.-Inauguraci\u00f3n: lunes 28-Mayo-1923).-A las 15&#8217;15 horas:<br \/>\n<\/strong><\/em><\/p>\n<p style=\"text-align: center\"><img data-recalc-dims=\"1\" loading=\"lazy\" decoding=\"async\" class=\"aligncenter size-full wp-image-54567\" src=\"https:\/\/i0.wp.com\/www.manquepierda.com\/historiarealbetis\/files\/2013\/10\/19311115POL%C3%8DTICA2.jpg?resize=842%2C666&#038;ssl=1\" alt=\"19311115politica2\" width=\"842\" height=\"666\" srcset=\"https:\/\/i0.wp.com\/www.manquepierda.com\/historiarealbetis\/files\/2013\/10\/19311115POL%C3%8DTICA2.jpg?w=842&amp;ssl=1 842w, https:\/\/i0.wp.com\/www.manquepierda.com\/historiarealbetis\/files\/2013\/10\/19311115POL%C3%8DTICA2.jpg?resize=220%2C174&amp;ssl=1 220w, https:\/\/i0.wp.com\/www.manquepierda.com\/historiarealbetis\/files\/2013\/10\/19311115POL%C3%8DTICA2.jpg?resize=680%2C538&amp;ssl=1 680w, https:\/\/i0.wp.com\/www.manquepierda.com\/historiarealbetis\/files\/2013\/10\/19311115POL%C3%8DTICA2.jpg?resize=768%2C607&amp;ssl=1 768w\" sizes=\"auto, (max-width: 842px) 100vw, 842px\" \/><\/p>\n<p style=\"text-align: justify\"><em><strong>D\u00c9CIMA JORNADA Y \u00daLTIMA DEL CAMPEONATO ANDALUCIA PRIMERA CATEGOR\u00cdA-FEDERACI\u00d3N REGIONAL SUR-1931.<\/strong><\/em><\/p>\n<p style=\"text-align: center\">Arbitr\u00f3 Luis Medina Toledo.-<span style=\"color: #333333\"><em><strong>\u00abTuvo que ser custodiado por la Guardia Civil\u00bb.<br \/>\n<\/strong><\/em><\/span><\/p>\n<p style=\"text-align: center\">ALINEACIONES DE AMBAS ESCUADRAS:<\/p>\n<p style=\"text-align: center\"><strong>1931-1932.-TERCERA DIVISI\u00d3N-GRUPO IV-CENTRO-SUR.<\/strong><\/p>\n<p style=\"text-align: left\"><a href=\"https:\/\/www.manquepierda.com\/historiarealbetis\/32832-1931-noviembre-15-andalucia-10jornada-cordoba-racing-club-1-vs-betis-balompie-3\/crc\/\" rel=\"attachment wp-att-32835\"><img data-recalc-dims=\"1\" loading=\"lazy\" decoding=\"async\" class=\"aligncenter size-thumbnail wp-image-32835\" src=\"https:\/\/i0.wp.com\/www.manquepierda.com\/historiarealbetis\/files\/2013\/10\/CRC.jpg?resize=173%2C220&#038;ssl=1\" alt=\"C\u00f3rdoba Racing Club\" width=\"173\" height=\"220\" srcset=\"https:\/\/i0.wp.com\/www.manquepierda.com\/historiarealbetis\/files\/2013\/10\/CRC.jpg?resize=173%2C220&amp;ssl=1 173w, https:\/\/i0.wp.com\/www.manquepierda.com\/historiarealbetis\/files\/2013\/10\/CRC.jpg?w=242&amp;ssl=1 242w\" sizes=\"auto, (max-width: 173px) 100vw, 173px\" \/><\/a><strong>3er. CLASIFICADO.-1929-1934.-C\u00d3RDOBA R\u00c1CING CLUB-1 Tanto.<\/strong><\/p>\n<p style=\"text-align: center\"><img data-recalc-dims=\"1\" loading=\"lazy\" decoding=\"async\" class=\"aligncenter size-full wp-image-54568\" src=\"https:\/\/i0.wp.com\/www.manquepierda.com\/historiarealbetis\/files\/2013\/10\/Manuel-BUENO-Fern%C3%A1ndez.jpg?resize=82%2C116&#038;ssl=1\" alt=\"manuel-bueno-fernandez\" width=\"82\" height=\"116\" \/><\/p>\n<p style=\"text-align: justify\">1-<strong>(3 goles encajados).-<\/strong>Manuel BUENO Fern\u00e1ndez (21 a\u00f1os+10 meses menos 5 d\u00edas)-Natural de Alcal\u00e1 de Guadaira (Sevilla), jueves 20 Enero de 1910.<\/p>\n<p style=\"text-align: left\">2-JIM\u00c9NEZ.-3-Jos\u00e9 MONGE Iglesias.<\/p>\n<p style=\"text-align: left\">4-SANTIAGO.-5-CABALLERO.-6-ANICETO.<\/p>\n<p style=\"text-align: left\">7-MARIANO.-8-ROMERO.-9-GUAL.<\/p>\n<p style=\"text-align: left\">10-Rafael LOZANO G\u00f3mez (25 a\u00f1os+11 meses+11 d\u00edas)-Nartural de Madrid, lunes 4 Diciembre de 1905.<\/p>\n<p style=\"text-align: center\"><img data-recalc-dims=\"1\" loading=\"lazy\" decoding=\"async\" class=\"aligncenter size-full wp-image-54573\" src=\"https:\/\/i0.wp.com\/www.manquepierda.com\/historiarealbetis\/files\/2013\/10\/rlg.jpg?resize=86%2C103&#038;ssl=1\" alt=\"rlg\" width=\"86\" height=\"103\" \/><\/p>\n<p style=\"text-align: justify\"><em><span style=\"color: #333333\">\u00ab1-2.-76 minutos.-Santiago que con Bueno y sus compa\u00f1eros de l\u00ednea los mejores, cambia el juego a Lozano, quien dribla, y larga un fuerte chut que se le escapa a Jes\u00fas por hacer la estirada a destiempo*<\/span><\/em><\/p>\n<p style=\"text-align: left\">11-JUAN ANTONIO.<\/p>\n<p style=\"text-align: center\"><em><strong>VS.<\/strong><\/em><\/p>\n<p style=\"text-align: center\"><em>\u00abTermin\u00f3 la primera parte con un empate \u00e1 0 tantos y un dominio aplastante de los nuestros.<\/em><\/p>\n<p style=\"text-align: justify\"><em><span style=\"color: #333333\"><strong>La gran actuaci\u00f3n de Tenorio-Aranda-Jes\u00fas, no permiti\u00f3 que la vanguardia cordobesa marcara el tanto correspondiente a su presi\u00f3n.<\/strong><\/span><\/em><\/p>\n<p style=\"text-align: justify\"><em><span style=\"color: #333333\"><strong>En los primeros 45 minutos, se castig\u00f3 al Betis con 2 c\u00f3rners y 2 off-side y al Racing con 1 saque de esquina.<\/strong><\/span><\/em><\/p>\n<p style=\"text-align: center\"><em><span style=\"color: #333333\"><strong>Las mejores jugada de esta fase fueron: <\/strong><\/span><\/em><\/p>\n<p style=\"text-align: justify\"><em><span style=\"color: #333333\"><strong>Una, a cargo de Bueno, el que, cuando dispon\u00edase a chutar Sanz s\u00f3lo y ante dos metros de la puerta, arroj\u00f3se de forma temeraria a los pies, consiguiendo salvar un gol seguro.<\/strong><\/span><\/em><\/p>\n<p style=\"text-align: justify\"><em>La otra fue una internada de Mariano, quien la coron\u00f3 con un gran chut <strong>que Jes\u00fas par\u00f3 comprometido.<\/strong><\/em><\/p>\n<p style=\"text-align: justify\"><strong><span style=\"color: #333333\"><em>Tras el descanso reglamentario, empez\u00f3 el dominio del Betis Balompi\u00e9, que ligaban mejores jugadas y aprovechaban el agotamiento y el cansancio que por momentos se apoderaba en las filas del C\u00f3rdoba Racing Club.<\/em><\/span><\/strong><\/p>\n<p style=\"text-align: justify\"><em><strong><span style=\"color: #008000\">XXV Presidente BETIS BALOMPI\u00c9, don Jos\u00e9 Ignacio MANTEC\u00d3N NAVASAL (29 a\u00f1os+2 meses menos 11 <img data-recalc-dims=\"1\" loading=\"lazy\" decoding=\"async\" class=\"alignright size-thumbnail wp-image-54569\" src=\"https:\/\/i0.wp.com\/www.manquepierda.com\/historiarealbetis\/files\/2013\/10\/Jos%C3%A9-Ignacio-MANTEC%C3%93N-NAVASAL-2.jpg?resize=187%2C220&#038;ssl=1\" alt=\"jose-ignacio-mantecon-navasal-2\" width=\"187\" height=\"220\" srcset=\"https:\/\/i0.wp.com\/www.manquepierda.com\/historiarealbetis\/files\/2013\/10\/Jos%C3%A9-Ignacio-MANTEC%C3%93N-NAVASAL-2.jpg?resize=187%2C220&amp;ssl=1 187w, https:\/\/i0.wp.com\/www.manquepierda.com\/historiarealbetis\/files\/2013\/10\/Jos%C3%A9-Ignacio-MANTEC%C3%93N-NAVASAL-2.jpg?w=236&amp;ssl=1 236w\" sizes=\"auto, (max-width: 187px) 100vw, 187px\" \/>d\u00edas)-Natural de Zaragoza, viernes 26 Septiembre de 1902.<\/span><\/strong><\/em><\/p>\n<p style=\"text-align: justify\"><em><strong><span style=\"color: #008000\">1926-Septiembre, Oficial Tercero del Cuerpo de Facultativo de Archiveros, Bibliotecarios y Arque\u00f3logos de Espa\u00f1a destinado a Sevilla para ingresar en el Archivo General de Indias; Guerra Civil-Gobernador general Republicano en Arag\u00f3n.-Obituario en M\u00e9xico-Distrito Federal-domingo 20 Junio de 1982 (79 A\u00f1os+9 meses menos 6 d\u00edas) D. E. P.<\/span><\/strong><\/em><\/p>\n<p style=\"text-align: justify\"><span style=\"color: #008000\"><strong><img data-recalc-dims=\"1\" loading=\"lazy\" decoding=\"async\" class=\"alignleft size-thumbnail wp-image-54570\" src=\"https:\/\/i0.wp.com\/www.manquepierda.com\/historiarealbetis\/files\/2013\/10\/Emilio-SAMPERE-Oliveras-02-Campe%C3%B3n1932.jpg?resize=220%2C137&#038;ssl=1\" alt=\"emilio-sampere-oliveras-02-campeon1932\" width=\"220\" height=\"137\" srcset=\"https:\/\/i0.wp.com\/www.manquepierda.com\/historiarealbetis\/files\/2013\/10\/Emilio-SAMPERE-Oliveras-02-Campe%C3%B3n1932.jpg?resize=220%2C137&amp;ssl=1 220w, https:\/\/i0.wp.com\/www.manquepierda.com\/historiarealbetis\/files\/2013\/10\/Emilio-SAMPERE-Oliveras-02-Campe%C3%B3n1932.jpg?w=498&amp;ssl=1 498w\" sizes=\"auto, (max-width: 220px) 100vw, 220px\" \/>Entrenador Emilio SAMPERE Oliveras (47 a\u00f1os)-Natural \u00bfCatalu\u00f1a? 00-00-1884.-Obituario en Barcelona, domingo 4 Diciembre de 1966 (82 A\u00f1os) D. E. P.<\/strong><\/span><\/p>\n<p style=\"text-align: justify\"><span style=\"color: #008000\"><strong>SEGUNDO CLASIFICADO CON 8 PUNTOS (3-GANADOS+2-EMPATADOS+1-PERDIDO) 13-GOLES A FAVOR Y 10-TANTOS EN CONTRA.<\/strong><\/span><\/p>\n<figure id=\"attachment_54572\" aria-describedby=\"caption-attachment-54572\" style=\"width: 154px\" class=\"wp-caption aligncenter\"><img data-recalc-dims=\"1\" loading=\"lazy\" decoding=\"async\" class=\"size-full wp-image-54572\" src=\"https:\/\/i0.wp.com\/www.manquepierda.com\/historiarealbetis\/files\/2013\/10\/1931-32BB-1.jpg?resize=154%2C154&#038;ssl=1\" alt=\"BETIS BALOMPI\u00c9-3 GOLES.\" width=\"154\" height=\"154\" \/><figcaption id=\"caption-attachment-54572\" class=\"wp-caption-text\">BETIS BALOMPI\u00c9-3 GOLES.<\/figcaption><\/figure>\n<p style=\"text-align: left\">Guardameta:<\/p>\n<p style=\"text-align: center\"><a href=\"https:\/\/www.manquepierda.com\/historiarealbetis\/32832-1931-noviembre-15-andalucia-10jornada-cordoba-racing-club-1-vs-betis-balompie-3\/jesus-bernaldez-moreno-11\/\" rel=\"attachment wp-att-44633\"><img data-recalc-dims=\"1\" loading=\"lazy\" decoding=\"async\" class=\"aligncenter size-thumbnail wp-image-44633\" src=\"https:\/\/i0.wp.com\/www.manquepierda.com\/historiarealbetis\/files\/2013\/10\/JES%C3%9AS-Bern%C3%A1ldez-Moreno.png?resize=188%2C220&#038;ssl=1\" alt=\"JES\u00daS Bern\u00e1ldez Moreno\" width=\"188\" height=\"220\" srcset=\"https:\/\/i0.wp.com\/www.manquepierda.com\/historiarealbetis\/files\/2013\/10\/JES%C3%9AS-Bern%C3%A1ldez-Moreno.png?resize=188%2C220&amp;ssl=1 188w, https:\/\/i0.wp.com\/www.manquepierda.com\/historiarealbetis\/files\/2013\/10\/JES%C3%9AS-Bern%C3%A1ldez-Moreno.png?w=191&amp;ssl=1 191w\" sizes=\"auto, (max-width: 188px) 100vw, 188px\" \/><\/a><strong>Jes\u00fas Bern\u00e1ldez Moreno (a) \u00abManos Duras\u00bb.<\/strong><\/p>\n<p style=\"text-align: justify\"><em><strong>1.-(28).-VILLANUEVA DEL ARISCAL (Sevilla), mi\u00e9rcoles 19-Agosto-1903.-SEVILLA, viernes 06-Junio-1941.-37 A\u00f1os.-D. E. P.<\/strong><\/em><\/p>\n<p style=\"text-align: left\">Zagueros:<\/p>\n<figure id=\"attachment_32837\" aria-describedby=\"caption-attachment-32837\" style=\"width: 132px\" class=\"wp-caption aligncenter\"><a href=\"https:\/\/www.manquepierda.com\/historiarealbetis\/32832-1931-noviembre-15-andalucia-10jornada-cordoba-racing-club-1-vs-betis-balompie-3\/tenorio-2\/\" rel=\"attachment wp-att-32837\"><img data-recalc-dims=\"1\" loading=\"lazy\" decoding=\"async\" class=\"size-full wp-image-32837\" src=\"https:\/\/i0.wp.com\/www.manquepierda.com\/historiarealbetis\/files\/2013\/10\/TENORIO.jpg?resize=132%2C184&#038;ssl=1\" alt=\"Antonio TENORIO Mart\u00ednez.\" width=\"132\" height=\"184\" \/><\/a><figcaption id=\"caption-attachment-32837\" class=\"wp-caption-text\">Antonio TENORIO Mart\u00ednez.<\/figcaption><\/figure>\n<p style=\"text-align: justify\"><em><strong>2.-Zaguero.-Diestro (27).-CIUDAD DEL BETIS 00-00-1903.-SEVILLA, mi\u00e9rcoles 21-Abril-1982.-78 A\u00f1os.-D. E. P.<\/strong><\/em><\/p>\n<figure id=\"attachment_32839\" aria-describedby=\"caption-attachment-32839\" style=\"width: 136px\" class=\"wp-caption aligncenter\"><a href=\"https:\/\/www.manquepierda.com\/historiarealbetis\/32832-1931-noviembre-15-andalucia-10jornada-cordoba-racing-club-1-vs-betis-balompie-3\/aranda-gutierrez-andres-39\/\" rel=\"attachment wp-att-32839\"><img data-recalc-dims=\"1\" loading=\"lazy\" decoding=\"async\" class=\"size-thumbnail wp-image-32839\" src=\"https:\/\/i0.wp.com\/www.manquepierda.com\/historiarealbetis\/files\/2013\/10\/Aranda-Guti%C3%A9rrez-Andr%C3%A9s.jpg?resize=136%2C220&#038;ssl=1\" alt=\"Andr\u00e9s ARANDA Guti\u00e9rrez.\" width=\"136\" height=\"220\" srcset=\"https:\/\/i0.wp.com\/www.manquepierda.com\/historiarealbetis\/files\/2013\/10\/Aranda-Guti%C3%A9rrez-Andr%C3%A9s.jpg?resize=136%2C220&amp;ssl=1 136w, https:\/\/i0.wp.com\/www.manquepierda.com\/historiarealbetis\/files\/2013\/10\/Aranda-Guti%C3%A9rrez-Andr%C3%A9s.jpg?w=315&amp;ssl=1 315w\" sizes=\"auto, (max-width: 136px) 100vw, 136px\" \/><\/a><figcaption id=\"caption-attachment-32839\" class=\"wp-caption-text\">Andr\u00e9s ARANDA Guti\u00e9rrez.<\/figcaption><\/figure>\n<p style=\"text-align: justify\"><em><strong>3.-Zaguero.-Zurdo (26).-LORA DEL R\u00cdO (Sevilla), domingo 27-Agosto-1905.-ARACENA (Huelva)-concentraci\u00f3n entrenador primer equipo-mi\u00e9rcoles 10-Marzo-1965.-59 A\u00f1os.-D. E. P.<br \/>\n<\/strong><\/em><\/p>\n<p style=\"text-align: left\">Medios:<\/p>\n<figure id=\"attachment_32840\" aria-describedby=\"caption-attachment-32840\" style=\"width: 211px\" class=\"wp-caption aligncenter\"><a href=\"https:\/\/www.manquepierda.com\/historiarealbetis\/32832-1931-noviembre-15-andalucia-10jornada-cordoba-racing-club-1-vs-betis-balompie-3\/peral-4\/\" rel=\"attachment wp-att-32840\"><img data-recalc-dims=\"1\" loading=\"lazy\" decoding=\"async\" class=\"size-thumbnail wp-image-32840\" src=\"https:\/\/i0.wp.com\/www.manquepierda.com\/historiarealbetis\/files\/2013\/10\/Peral.jpg?resize=211%2C220&#038;ssl=1\" alt=\"Jos\u00e9 Su\u00e1rez Gonz\u00e1lez (a) &quot;PERAL&quot;.\" width=\"211\" height=\"220\" srcset=\"https:\/\/i0.wp.com\/www.manquepierda.com\/historiarealbetis\/files\/2013\/10\/Peral.jpg?resize=211%2C220&amp;ssl=1 211w, https:\/\/i0.wp.com\/www.manquepierda.com\/historiarealbetis\/files\/2013\/10\/Peral.jpg?resize=578%2C600&amp;ssl=1 578w, https:\/\/i0.wp.com\/www.manquepierda.com\/historiarealbetis\/files\/2013\/10\/Peral.jpg?resize=674%2C700&amp;ssl=1 674w, https:\/\/i0.wp.com\/www.manquepierda.com\/historiarealbetis\/files\/2013\/10\/Peral.jpg?w=714&amp;ssl=1 714w\" sizes=\"auto, (max-width: 211px) 100vw, 211px\" \/><\/a><figcaption id=\"caption-attachment-32840\" class=\"wp-caption-text\">Jos\u00e9 Su\u00e1rez Gonz\u00e1lez (a) \u00abPERAL\u00bb.<\/figcaption><\/figure>\n<p style=\"text-align: justify\"><em><strong>4.-Diestro (20).-CIUDAD DEL BETIS, lunes 10-Abril-1911.-SEVILLA, domingo 28-Mayo-1967.-56 A\u00f1os.-D. E. P.<br \/>\n<\/strong><\/em><\/p>\n<figure id=\"attachment_32789\" aria-describedby=\"caption-attachment-32789\" style=\"width: 162px\" class=\"wp-caption aligncenter\"><a href=\"https:\/\/www.manquepierda.com\/historiarealbetis\/32785-1931-octubre-04-andalucia-primera-categoria-4ajornada-sevilla-cf-4-vs-betis-balompie-2-goals\/soladrero-3\/\" rel=\"attachment wp-att-32789\"><img data-recalc-dims=\"1\" loading=\"lazy\" decoding=\"async\" class=\"size-thumbnail wp-image-32789\" src=\"https:\/\/i0.wp.com\/www.manquepierda.com\/historiarealbetis\/files\/2013\/10\/Soladrero.jpg?resize=162%2C220&#038;ssl=1\" alt=\"Enrique SOLADRERO Arbide.\" width=\"162\" height=\"220\" srcset=\"https:\/\/i0.wp.com\/www.manquepierda.com\/historiarealbetis\/files\/2013\/10\/Soladrero.jpg?resize=162%2C220&amp;ssl=1 162w, https:\/\/i0.wp.com\/www.manquepierda.com\/historiarealbetis\/files\/2013\/10\/Soladrero.jpg?resize=443%2C600&amp;ssl=1 443w, https:\/\/i0.wp.com\/www.manquepierda.com\/historiarealbetis\/files\/2013\/10\/Soladrero.jpg?resize=517%2C700&amp;ssl=1 517w, https:\/\/i0.wp.com\/www.manquepierda.com\/historiarealbetis\/files\/2013\/10\/Soladrero.jpg?w=702&amp;ssl=1 702w\" sizes=\"auto, (max-width: 162px) 100vw, 162px\" \/><\/a><figcaption id=\"caption-attachment-32789\" class=\"wp-caption-text\">Enrique SOLADRERO Arbide.<\/figcaption><\/figure>\n<p style=\"text-align: justify\"><em><strong>5.-Centro (18).-ARRIGORRIAGA (Vizcaya), mi\u00e9rcoles 30-Abril-1913.-\u00cdDEM, domingo 17-Octubre-1976.-63 A\u00f1os.-D. E. P.<br \/>\n<\/strong><\/em><\/p>\n<figure id=\"attachment_32841\" aria-describedby=\"caption-attachment-32841\" style=\"width: 128px\" class=\"wp-caption aligncenter\"><a href=\"https:\/\/www.manquepierda.com\/historiarealbetis\/32832-1931-noviembre-15-andalucia-10jornada-cordoba-racing-club-1-vs-betis-balompie-3\/adolfito-1929-4\/\" rel=\"attachment wp-att-32841\"><img data-recalc-dims=\"1\" loading=\"lazy\" decoding=\"async\" class=\"size-full wp-image-32841\" src=\"https:\/\/i0.wp.com\/www.manquepierda.com\/historiarealbetis\/files\/2013\/10\/ADOLFITO-1929.jpg?resize=128%2C182&#038;ssl=1\" alt=\"ADOLFO Sancho Carrillo de Albornoz (a) &quot;ADOLFITO \u00f3 Adolfo I&quot;.\" width=\"128\" height=\"182\" \/><\/a><figcaption id=\"caption-attachment-32841\" class=\"wp-caption-text\">ADOLFO Sancho Carrillo de Albornoz (a) \u00abADOLFITO \u00f3 Adolfo I\u00bb.<\/figcaption><\/figure>\n<p style=\"text-align: justify\"><em><strong>6.-Zurdo (26).-CIUDAD DEL BETIS, domingo 18-Junio-1905.-SEVILLA, lunes 13-Enero-1975.-69 A\u00f1os.-D. E. P.<br \/>\n<\/strong><\/em><\/p>\n<p style=\"text-align: left\">Delanteros:<\/p>\n<figure id=\"attachment_32842\" aria-describedby=\"caption-attachment-32842\" style=\"width: 155px\" class=\"wp-caption aligncenter\"><a href=\"https:\/\/www.manquepierda.com\/historiarealbetis\/32832-1931-noviembre-15-andalucia-10jornada-cordoba-racing-club-1-vs-betis-balompie-3\/timimi1-6\/\" rel=\"attachment wp-att-32842\"><img data-recalc-dims=\"1\" loading=\"lazy\" decoding=\"async\" class=\"size-full wp-image-32842\" src=\"https:\/\/i0.wp.com\/www.manquepierda.com\/historiarealbetis\/files\/2013\/10\/timimi1.jpg?resize=155%2C208&#038;ssl=1\" alt=\"Pedro Gonz\u00e1lez S\u00e1nchez (a)&quot;TIMIMI&quot;.\" width=\"155\" height=\"208\" \/><\/a><figcaption id=\"caption-attachment-32842\" class=\"wp-caption-text\">Pedro Gonz\u00e1lez S\u00e1nchez (a)\u00bbTIMIMI\u00bb.<\/figcaption><\/figure>\n<p style=\"text-align: justify\"><em><strong>7.-Extremo Diestro (20).-LAS PALMAS DE GRAN CANARIA-Barrio Arenales-domingo 1\u00ba-Enero-1911.-\u00cdDEM-Hospital de San Mart\u00edn-martes 26-Enero-1960.-49 A\u00f1os.-D. E. P.<br \/>\n<\/strong><\/em><\/p>\n<figure id=\"attachment_32843\" aria-describedby=\"caption-attachment-32843\" style=\"width: 117px\" class=\"wp-caption aligncenter\"><a href=\"https:\/\/www.manquepierda.com\/historiarealbetis\/32832-1931-noviembre-15-andalucia-10jornada-cordoba-racing-club-1-vs-betis-balompie-3\/adolfo-martin-01-3\/\" rel=\"attachment wp-att-32843\"><img data-recalc-dims=\"1\" loading=\"lazy\" decoding=\"async\" class=\"size-thumbnail wp-image-32843\" src=\"https:\/\/i0.wp.com\/www.manquepierda.com\/historiarealbetis\/files\/2013\/10\/Adolfo-Mart%C3%ADn-01.jpg?resize=117%2C220&#038;ssl=1\" alt=\"ADOLFO Mart\u00edn Gonz\u00e1lez (a) &quot;ADOLFO II&quot;.\" width=\"117\" height=\"220\" srcset=\"https:\/\/i0.wp.com\/www.manquepierda.com\/historiarealbetis\/files\/2013\/10\/Adolfo-Mart%C3%ADn-01.jpg?resize=117%2C220&amp;ssl=1 117w, https:\/\/i0.wp.com\/www.manquepierda.com\/historiarealbetis\/files\/2013\/10\/Adolfo-Mart%C3%ADn-01.jpg?w=186&amp;ssl=1 186w\" sizes=\"auto, (max-width: 117px) 100vw, 117px\" \/><\/a><figcaption id=\"caption-attachment-32843\" class=\"wp-caption-text\">ADOLFO Mart\u00edn Gonz\u00e1lez (a) \u00abADOLFO II\u00bb.<\/figcaption><\/figure>\n<p style=\"text-align: justify\"><em><strong><span style=\"color: #008000\">*0-2.-68 minutos.-Otra escapada de \u00abTimimi\u00bb, quien centra, y estando en declarado \u00abfuera de la jugada\u00bb Romero y Adolfo Mart\u00edn, \u00e9ste remata, consiguiendo batir a Bueno*<\/span><br \/>\n<\/strong><\/em><\/p>\n<p style=\"text-align: justify\"><em><strong>8.-Interior Diestro (17 a\u00f1os+11 meses+6 d\u00edas)-Natural de San Crist\u00f3bal de La Laguna (Tenerife), martes 9 Diciembre de 1913.-Obituario, viernes 5 Septiembre de 1975 (61 A\u00f1os+9 meses menos 4 d\u00edas) D. E. P.<br \/>\n<\/strong><\/em><\/p>\n<figure id=\"attachment_32844\" aria-describedby=\"caption-attachment-32844\" style=\"width: 188px\" class=\"wp-caption aligncenter\"><a href=\"https:\/\/www.manquepierda.com\/historiarealbetis\/32832-1931-noviembre-15-andalucia-10jornada-cordoba-racing-club-1-vs-betis-balompie-3\/rosendo-romero-garcia-2\/\" rel=\"attachment wp-att-32844\"><img data-recalc-dims=\"1\" loading=\"lazy\" decoding=\"async\" class=\"size-thumbnail wp-image-32844\" src=\"https:\/\/i0.wp.com\/www.manquepierda.com\/historiarealbetis\/files\/2013\/10\/Rosendo-ROMERO-Garc%C3%ADa.png?resize=188%2C220&#038;ssl=1\" alt=\"Rosendo ROMERO Garc\u00eda (a) &quot;El Chato&quot;.\" width=\"188\" height=\"220\" srcset=\"https:\/\/i0.wp.com\/www.manquepierda.com\/historiarealbetis\/files\/2013\/10\/Rosendo-ROMERO-Garc%C3%ADa.png?resize=188%2C220&amp;ssl=1 188w, https:\/\/i0.wp.com\/www.manquepierda.com\/historiarealbetis\/files\/2013\/10\/Rosendo-ROMERO-Garc%C3%ADa.png?w=191&amp;ssl=1 191w\" sizes=\"auto, (max-width: 188px) 100vw, 188px\" \/><\/a><figcaption id=\"caption-attachment-32844\" class=\"wp-caption-text\">Rosendo ROMERO Garc\u00eda (a) \u00abEl Chato\u00bb.<\/figcaption><\/figure>\n<p style=\"text-align: justify\"><em><strong>9.-Centro Delantero.-ARIETE (20).-MARCHENA (Sevilla), 00-00-1910.-No localizada ciudad y fecha fallecimiento si ha lugar D. E. P.<br \/>\n<\/strong><\/em><\/p>\n<figure id=\"attachment_32096\" aria-describedby=\"caption-attachment-32096\" style=\"width: 188px\" class=\"wp-caption aligncenter\"><a href=\"https:\/\/www.manquepierda.com\/historiarealbetis\/32067-1928-octubre-07-nervion-inauguracion-sevilla-fbc-1-vs-real-betis-balompie-2-goles\/enrique-garrido-reguera-3\/\" rel=\"attachment wp-att-32096\"><img data-recalc-dims=\"1\" loading=\"lazy\" decoding=\"async\" class=\"size-thumbnail wp-image-32096\" src=\"https:\/\/i0.wp.com\/www.manquepierda.com\/historiarealbetis\/files\/2013\/08\/ENRIQUE-Garrido-Reguera2.png?resize=188%2C220&#038;ssl=1\" alt=\"ENRIQUE Garrido Reguera.\" width=\"188\" height=\"220\" srcset=\"https:\/\/i0.wp.com\/www.manquepierda.com\/historiarealbetis\/files\/2013\/08\/ENRIQUE-Garrido-Reguera2.png?resize=188%2C220&amp;ssl=1 188w, https:\/\/i0.wp.com\/www.manquepierda.com\/historiarealbetis\/files\/2013\/08\/ENRIQUE-Garrido-Reguera2.png?w=191&amp;ssl=1 191w\" sizes=\"auto, (max-width: 188px) 100vw, 188px\" \/><\/a><figcaption id=\"caption-attachment-32096\" class=\"wp-caption-text\">ENRIQUE Garrido Reguera.<\/figcaption><\/figure>\n<p style=\"text-align: justify\"><span style=\"color: #008000\"><em><strong>*0-1.-60 minutos.-Un avance de \u00abAdolfo II\u00bb, \u00abTimimi\u00bb los centra desde la l\u00ednea de kit, \u00e9ste entrando al remate el tr\u00edo central, y el interior zurdo verdiblanco, de potente chut, fusila a dos metros a Manuel Bueno*<\/strong><\/em><\/span><\/p>\n<p style=\"text-align: justify\"><span style=\"color: #008000\"><em><strong>*1-3.-88 minutos.-El mejor de los goles.-\u00abTimimi\u00bb centra, Romero recoge el bal\u00f3n, inicia el ch\u00fa, no haci\u00e9ndolo para ceder a Enrique Garrido, que remata el esf\u00e9rico al fondo de las redes defendidas por el cancerbero Bueno*<\/strong><\/em><\/span><\/p>\n<p style=\"text-align: justify\"><em><strong>10.-Interior Zurdo (18).-SEVILLA 00-00-1913.-No localizada ciudad y fecha fallecimiento si ha lugar D. E. P.<br \/>\n<\/strong><\/em><\/p>\n<figure id=\"attachment_32845\" aria-describedby=\"caption-attachment-32845\" style=\"width: 142px\" class=\"wp-caption aligncenter\"><a href=\"https:\/\/www.manquepierda.com\/historiarealbetis\/32832-1931-noviembre-15-andalucia-10jornada-cordoba-racing-club-1-vs-betis-balompie-3\/rafaelsanzpatronato\/\" rel=\"attachment wp-att-32845\"><img data-recalc-dims=\"1\" loading=\"lazy\" decoding=\"async\" class=\"size-thumbnail wp-image-32845\" src=\"https:\/\/i0.wp.com\/www.manquepierda.com\/historiarealbetis\/files\/2013\/10\/RafaelSanzPatronato.jpg?resize=142%2C220&#038;ssl=1\" alt=\"Rafael SANZ\" width=\"142\" height=\"220\" srcset=\"https:\/\/i0.wp.com\/www.manquepierda.com\/historiarealbetis\/files\/2013\/10\/RafaelSanzPatronato.jpg?resize=142%2C220&amp;ssl=1 142w, https:\/\/i0.wp.com\/www.manquepierda.com\/historiarealbetis\/files\/2013\/10\/RafaelSanzPatronato.jpg?resize=389%2C600&amp;ssl=1 389w, https:\/\/i0.wp.com\/www.manquepierda.com\/historiarealbetis\/files\/2013\/10\/RafaelSanzPatronato.jpg?resize=454%2C700&amp;ssl=1 454w, https:\/\/i0.wp.com\/www.manquepierda.com\/historiarealbetis\/files\/2013\/10\/RafaelSanzPatronato.jpg?w=1273&amp;ssl=1 1273w\" sizes=\"auto, (max-width: 142px) 100vw, 142px\" \/><\/a><figcaption id=\"caption-attachment-32845\" class=\"wp-caption-text\">Rafael SANZ.<\/figcaption><\/figure>\n<p style=\"text-align: justify\"><em><strong>11.-Extremo Zurdo.-No localizadas fechas nacimiento (Barcelona) y ciudad fallecimiento, si ha lugar D. E. P.<br \/>\n<\/strong><\/em><\/p>\n<hr \/>\n<figure id=\"attachment_54571\" aria-describedby=\"caption-attachment-54571\" style=\"width: 680px\" class=\"wp-caption aligncenter\"><img data-recalc-dims=\"1\" loading=\"lazy\" decoding=\"async\" class=\"size-medium wp-image-54571\" src=\"https:\/\/i0.wp.com\/www.manquepierda.com\/historiarealbetis\/files\/2013\/10\/19311115ESTAMPA.jpg?resize=680%2C514&#038;ssl=1\" alt=\"Foto SANTOS-Revista Gr\u00e1fica &quot;ESTAMPA&quot;-N\u00ba 202-Madrid 19311121-s\u00e1bado.\" width=\"680\" height=\"514\" srcset=\"https:\/\/i0.wp.com\/www.manquepierda.com\/historiarealbetis\/files\/2013\/10\/19311115ESTAMPA.jpg?resize=680%2C514&amp;ssl=1 680w, https:\/\/i0.wp.com\/www.manquepierda.com\/historiarealbetis\/files\/2013\/10\/19311115ESTAMPA.jpg?resize=220%2C166&amp;ssl=1 220w, https:\/\/i0.wp.com\/www.manquepierda.com\/historiarealbetis\/files\/2013\/10\/19311115ESTAMPA.jpg?resize=768%2C580&amp;ssl=1 768w, https:\/\/i0.wp.com\/www.manquepierda.com\/historiarealbetis\/files\/2013\/10\/19311115ESTAMPA.jpg?resize=927%2C700&amp;ssl=1 927w, https:\/\/i0.wp.com\/www.manquepierda.com\/historiarealbetis\/files\/2013\/10\/19311115ESTAMPA.jpg?w=1422&amp;ssl=1 1422w\" sizes=\"auto, (max-width: 680px) 100vw, 680px\" \/><figcaption id=\"caption-attachment-54571\" class=\"wp-caption-text\">Foto SANTOS-Revista Gr\u00e1fica \u00abESTAMPA\u00bb-N\u00ba 202-Madrid 19311121-s\u00e1bado.<\/figcaption><\/figure>\n<figure id=\"attachment_62316\" aria-describedby=\"caption-attachment-62316\" style=\"width: 401px\" class=\"wp-caption aligncenter\"><img data-recalc-dims=\"1\" loading=\"lazy\" decoding=\"async\" class=\"size-medium wp-image-62316\" src=\"https:\/\/i0.wp.com\/www.manquepierda.com\/historiarealbetis\/files\/2013\/10\/19311115-CRC1BB3.jpg?resize=401%2C600&#038;ssl=1\" alt=\"\" width=\"401\" height=\"600\" srcset=\"https:\/\/i0.wp.com\/www.manquepierda.com\/historiarealbetis\/files\/2013\/10\/19311115-CRC1BB3.jpg?resize=401%2C600&amp;ssl=1 401w, https:\/\/i0.wp.com\/www.manquepierda.com\/historiarealbetis\/files\/2013\/10\/19311115-CRC1BB3.jpg?resize=147%2C220&amp;ssl=1 147w, https:\/\/i0.wp.com\/www.manquepierda.com\/historiarealbetis\/files\/2013\/10\/19311115-CRC1BB3.jpg?resize=768%2C1148&amp;ssl=1 768w, https:\/\/i0.wp.com\/www.manquepierda.com\/historiarealbetis\/files\/2013\/10\/19311115-CRC1BB3.jpg?resize=468%2C700&amp;ssl=1 468w, https:\/\/i0.wp.com\/www.manquepierda.com\/historiarealbetis\/files\/2013\/10\/19311115-CRC1BB3.jpg?w=1843&amp;ssl=1 1843w\" sizes=\"auto, (max-width: 401px) 100vw, 401px\" \/><figcaption id=\"caption-attachment-62316\" class=\"wp-caption-text\">\u00abLA VOZ DE C\u00d3RDOBA\u00bb-N\u00ba 4288.-Lunes 16-Noviembre-1931.-\u00abEL PARTIDO DE AYER TARDE\u00bb.<\/figcaption><\/figure>\n<p><em>\u00abAcosado por Lozanito, Jes\u00fas salva un tanto arroj\u00e1ndose al suelo. Otra sirtaci\u00f3n dif\u00edcil que libra el guardameta b\u00e9tico despejando de pu\u00f1o un bal\u00f3n\u00bb.<\/em><\/p>\n<figure id=\"attachment_62317\" aria-describedby=\"caption-attachment-62317\" style=\"width: 471px\" class=\"wp-caption aligncenter\"><img data-recalc-dims=\"1\" loading=\"lazy\" decoding=\"async\" class=\"size-medium wp-image-62317\" src=\"https:\/\/i0.wp.com\/www.manquepierda.com\/historiarealbetis\/files\/2013\/10\/19311117-Pol%C3%ADtica.jpg?resize=471%2C600&#038;ssl=1\" alt=\"\" width=\"471\" height=\"600\" srcset=\"https:\/\/i0.wp.com\/www.manquepierda.com\/historiarealbetis\/files\/2013\/10\/19311117-Pol%C3%ADtica.jpg?resize=471%2C600&amp;ssl=1 471w, https:\/\/i0.wp.com\/www.manquepierda.com\/historiarealbetis\/files\/2013\/10\/19311117-Pol%C3%ADtica.jpg?resize=173%2C220&amp;ssl=1 173w, https:\/\/i0.wp.com\/www.manquepierda.com\/historiarealbetis\/files\/2013\/10\/19311117-Pol%C3%ADtica.jpg?resize=768%2C978&amp;ssl=1 768w, https:\/\/i0.wp.com\/www.manquepierda.com\/historiarealbetis\/files\/2013\/10\/19311117-Pol%C3%ADtica.jpg?resize=550%2C700&amp;ssl=1 550w, https:\/\/i0.wp.com\/www.manquepierda.com\/historiarealbetis\/files\/2013\/10\/19311117-Pol%C3%ADtica.jpg?w=857&amp;ssl=1 857w\" sizes=\"auto, (max-width: 471px) 100vw, 471px\" \/><figcaption id=\"caption-attachment-62317\" class=\"wp-caption-text\">\u00abPOL\u00cdTICA\u00bb-N\u00ba 329.-C\u00f3rdoba 19311118-Mi\u00e9rcoles.<\/figcaption><\/figure>\n<figure id=\"attachment_32836\" aria-describedby=\"caption-attachment-32836\" style=\"width: 680px\" class=\"wp-caption aligncenter\"><a href=\"https:\/\/www.manquepierda.com\/historiarealbetis\/32832-1931-noviembre-15-andalucia-10jornada-cordoba-racing-club-1-vs-betis-balompie-3\/1931cptofrs-primera-categoria\/\" rel=\"attachment wp-att-32836\"><img data-recalc-dims=\"1\" loading=\"lazy\" decoding=\"async\" class=\"size-medium wp-image-32836\" src=\"https:\/\/i0.wp.com\/www.manquepierda.com\/historiarealbetis\/files\/2013\/10\/1931CptoFRS-Primera-Categor%C3%ADa.jpg?resize=680%2C486&#038;ssl=1\" alt=\"Fuente AREFE.\" width=\"680\" height=\"486\" srcset=\"https:\/\/i0.wp.com\/www.manquepierda.com\/historiarealbetis\/files\/2013\/10\/1931CptoFRS-Primera-Categor%C3%ADa.jpg?resize=680%2C486&amp;ssl=1 680w, https:\/\/i0.wp.com\/www.manquepierda.com\/historiarealbetis\/files\/2013\/10\/1931CptoFRS-Primera-Categor%C3%ADa.jpg?resize=220%2C157&amp;ssl=1 220w, https:\/\/i0.wp.com\/www.manquepierda.com\/historiarealbetis\/files\/2013\/10\/1931CptoFRS-Primera-Categor%C3%ADa.jpg?w=806&amp;ssl=1 806w\" sizes=\"auto, (max-width: 680px) 100vw, 680px\" \/><\/a><figcaption id=\"caption-attachment-32836\" class=\"wp-caption-text\">Fuente AREFE.<\/figcaption><\/figure>\n","protected":false},"excerpt":{"rendered":"<p>CAMPEONATO REGIONAL ANDALUC\u00cdA-PRIMERA CATEGOR\u00cdA-1931.-DESDE DOMINGO 13 SEPTIEMBRE HASTA DOMINGO 15 NOVIEMBRE DE 1931.-AMBAS FECHAS INCLUSIVE. 1931-NOVIEMBRE 15-DOMINGO EN C\u00d3RDOBA.-\u00abSTADIUM AM\u00c9RICA\u00bb (\u00abHuerta de la Cercadilla\u00bb 1929-1945.-Capacidad 5.000 espectadores.-Inauguraci\u00f3n: lunes 28-Mayo-1923).-A las 15&#8217;15 horas: D\u00c9CIMA JORNADA Y \u00daLTIMA DEL CAMPEONATO ANDALUCIA PRIMERA CATEGOR\u00cdA-FEDERACI\u00d3N REGIONAL SUR-1931. Arbitr\u00f3 Luis Medina Toledo.-\u00abTuvo que ser custodiado por la Guardia Civil\u00bb. ALINEACIONES&#8230;<\/p>\n","protected":false},"author":48,"featured_media":62316,"comment_status":"open","ping_status":"open","sticky":false,"template":"","format":"standard","meta":{"_kad_post_transparent":"","_kad_post_title":"","_kad_post_layout":"","_kad_post_sidebar_id":"","_kad_post_content_style":"","_kad_post_vertical_padding":"","_kad_post_feature":"","_kad_post_feature_position":"","_kad_post_header":false,"_kad_post_footer":false,"_kad_post_classname":"","_jetpack_memberships_contains_paid_content":false,"footnotes":"","jetpack_publicize_message":"","jetpack_publicize_feature_enabled":true,"jetpack_social_post_already_shared":true,"jetpack_social_options":{"image_generator_settings":{"template":"highway","default_image_id":0,"font":"","enabled":false},"version":2}},"categories":[899,1],"tags":[1029,2221,17876,17733],"class_list":["post-32832","post","type-post","status-publish","format-standard","has-post-thumbnail","hentry","category-1930-1939","category-portada","tag-1029","tag-1931-32","tag-campeonato-de-andalucia-1931-32","tag-racing-club-cordoba"],"jetpack_publicize_connections":[],"jetpack_featured_media_url":"https:\/\/i0.wp.com\/www.manquepierda.com\/historiarealbetis\/files\/2013\/10\/19311115-CRC1BB3.jpg?fit=1843%2C2756&ssl=1","jetpack_sharing_enabled":true,"jetpack_shortlink":"https:\/\/wp.me\/p1ij08-8xy","jetpack-related-posts":[],"_links":{"self":[{"href":"https:\/\/www.manquepierda.com\/historiarealbetis\/wp-json\/wp\/v2\/posts\/32832","targetHints":{"allow":["GET"]}}],"collection":[{"href":"https:\/\/www.manquepierda.com\/historiarealbetis\/wp-json\/wp\/v2\/posts"}],"about":[{"href":"https:\/\/www.manquepierda.com\/historiarealbetis\/wp-json\/wp\/v2\/types\/post"}],"author":[{"embeddable":true,"href":"https:\/\/www.manquepierda.com\/historiarealbetis\/wp-json\/wp\/v2\/users\/48"}],"replies":[{"embeddable":true,"href":"https:\/\/www.manquepierda.com\/historiarealbetis\/wp-json\/wp\/v2\/comments?post=32832"}],"version-history":[{"count":1,"href":"https:\/\/www.manquepierda.com\/historiarealbetis\/wp-json\/wp\/v2\/posts\/32832\/revisions"}],"predecessor-version":[{"id":96340,"href":"https:\/\/www.manquepierda.com\/historiarealbetis\/wp-json\/wp\/v2\/posts\/32832\/revisions\/96340"}],"wp:featuredmedia":[{"embeddable":true,"href":"https:\/\/www.manquepierda.com\/historiarealbetis\/wp-json\/wp\/v2\/media\/62316"}],"wp:attachment":[{"href":"https:\/\/www.manquepierda.com\/historiarealbetis\/wp-json\/wp\/v2\/media?parent=32832"}],"wp:term":[{"taxonomy":"category","embeddable":true,"href":"https:\/\/www.manquepierda.com\/historiarealbetis\/wp-json\/wp\/v2\/categories?post=32832"},{"taxonomy":"post_tag","embeddable":true,"href":"https:\/\/www.manquepierda.com\/historiarealbetis\/wp-json\/wp\/v2\/tags?post=32832"}],"curies":[{"name":"wp","href":"https:\/\/api.w.org\/{rel}","templated":true}]}}