{"id":32866,"date":"2013-10-07T07:38:28","date_gmt":"2013-10-07T05:38:28","guid":{"rendered":"http:\/\/www.manquepierda.com\/historiarealbetis\/?p=32866"},"modified":"2016-01-31T19:16:44","modified_gmt":"2016-01-31T18:16:44","slug":"entrevista-antonio-tenorio-1977","status":"publish","type":"post","link":"https:\/\/www.manquepierda.com\/historiarealbetis\/entrevista-antonio-tenorio-1977\/","title":{"rendered":"Entrevista Antonio Tenorio 1977"},"content":{"rendered":"<figure id=\"attachment_32867\" aria-describedby=\"caption-attachment-32867\" style=\"width: 212px\" class=\"wp-caption alignleft\"><a href=\"https:\/\/www.manquepierda.com\/historiarealbetis\/32866-entrevista-antonio-tenorio-1977\/entrevista-tenorio-1977-nmp-suroeste-22-06-1977\/\" rel=\"attachment wp-att-32867\"><img data-recalc-dims=\"1\" loading=\"lazy\" decoding=\"async\" class=\"size-full wp-image-32867\" src=\"https:\/\/i0.wp.com\/www.manquepierda.com\/historiarealbetis\/files\/2013\/10\/Entrevista-Tenorio-1977-NMP-Suroeste-22-06-1977.jpg?resize=212%2C302&#038;ssl=1\" alt=\"Fuente: Suroeste 22 de junio de 1977\" width=\"212\" height=\"302\" srcset=\"https:\/\/i0.wp.com\/www.manquepierda.com\/historiarealbetis\/files\/2013\/10\/Entrevista-Tenorio-1977-NMP-Suroeste-22-06-1977.jpg?w=212&amp;ssl=1 212w, https:\/\/i0.wp.com\/www.manquepierda.com\/historiarealbetis\/files\/2013\/10\/Entrevista-Tenorio-1977-NMP-Suroeste-22-06-1977.jpg?resize=154%2C220&amp;ssl=1 154w\" sizes=\"auto, (max-width: 212px) 100vw, 212px\" \/><\/a><figcaption id=\"caption-attachment-32867\" class=\"wp-caption-text\">Fuente: Suroeste 22 de junio de 1977<\/figcaption><\/figure>\n<p>&nbsp;<\/p>\n<p>Tres d\u00edas antes de la final de Copa de 1977 frente al Athletic de Bilbao,\u00a0 en el diario Suroeste una entrevista del periodista Manuel Ram\u00edrez Fern\u00e1ndez de C\u00f3rdoba interroga al viejo Antonio Tenorio sobre sus recuerdos de\u00a0 la otra final disputada cuarenta y seis a\u00f1os antes.<\/p>\n<p>Est\u00e1 en la l\u00ednes de otras que ya hemos visto aqu\u00ed, como las que por esos mismos d\u00edas se realizan a <a title=\"Entrevista Pascual Aparicio 1977\" href=\"https:\/\/www.manquepierda.com\/historiarealbetis\/20059-entrevista-pascual-aparicio-1977\/\">Pascual Aparicio<\/a>, <a title=\"Entrevista Manolo Sim\u00f3 1977\" href=\"https:\/\/www.manquepierda.com\/historiarealbetis\/17933-entrevista-manolo-simo-1977\/\">Manuel Sim\u00f3<\/a> \u00f3 <a title=\"Entrevista Federico Cazorla 1977\" href=\"https:\/\/www.manquepierda.com\/historiarealbetis\/18517-entrevista-federico-cazorla-1977\/\">Federico Cazorla,\u00a0 <\/a>quienes estuvieron todos presentes en el viejo Chamart\u00edn en 1931.<\/p>\n<p>Antonio Tenorio ya se hab\u00eda retirado la temporada anterior, aunque eso no le impidiera en la campa\u00f1a 1931-32 disputar algunos partidos espor\u00e1dicos. Era el encargado del cuidado y mantenimiento de\u00a0 las instalaciones\u00a0 y del campo del Patronato, labor que pas\u00f3 a desempe\u00f1ar durante casi 50 a\u00f1os en Heli\u00f3polis, y que dejar\u00eda posteriormente en manos de su hijo Alberto Tenorio.<\/p>\n<p>En la entrevista rememora sus recuerdos particulares sobre la final de Copa de 1931 y su pron\u00f3stico sobre la que se iba a jugar tres d\u00edas despu\u00e9s: \u00bb <em>como jueguen como el d\u00eda del Espa\u00f1ol no los para nadie&#8230;\u00bb<\/em><\/p>\n<p><!-- [if gte mso 9]&gt;--><\/p>\n<p>&nbsp;<\/p>\n<p class=\"MsoNormal\"><em>\u00bf<span style=\"color: #008000\">Qu\u00e9 pas\u00f3 aquel d\u00eda de junio del treintaiuno? Se sabe que lleg\u00f3 el Betis a la final\u00edsima tras dejar en la cuneta al Arenas de Guecho, necesitando tres partidos para quitarle los billetes; se sabe que, despu\u00e9s cay\u00f3 ante los leones, entonces bastante m\u00e1s leones que ahora, por tres a uno; se sabe que fue mucha gente, no tanta como se espera ahora, y que llovi\u00f3 mucho en Chamart\u00edn. Me cuentan que hubo quien vendi\u00f3 paraguas en la puerta del campo a tres pesetas\u2026 Me cuentan que el Betis pudo marcar el gol del empate a uno y no lo hizo de milagro. Se saben y se cuentan muchas cosas. Hay como un par\u00f3n y marcha atr\u00e1s en la mente de muchos aficionados; como un querer aquilatar detalles cuando separa un salto de casi medio siglo; como un rememorar en la retina, \u201cparece que fue ayer\u2026\u201d, algo que forma parte de la historia y, a fuerza del tiempo y de contarlo tantas veces, se ha fundido con la leyenda.<\/span><\/em><\/p>\n<p class=\"MsoNormal\"><span style=\"color: #008000\"><em>Para algo de estas cosas, y mientras los protagonistas del futuro corren por el Villamar\u00edn, me acerqu\u00e9 ayer a Tenorio. Solo con decir Tenorio ya se dice bastante. Desde la altura de sus 74 a\u00f1os puede hablar del Betis, de su Betis, lo que quiera, porque est\u00e1 pegado a su historia desde hace cincuentaitantos a\u00f1os y vio el s\u00e1bado c\u00f3mo el almanaque le devolv\u00eda la juventud y se le alborotaban los sentimientos en una pr\u00f3rroga caliente\u2026<\/em><\/span><\/p>\n<p class=\"MsoListParagraph\" style=\"text-indent: -18.0pt\"><span style=\"color: #008000\"><em>&#8211;<span style=\"font-family: 'Times New Roman';font-variant: normal;font-weight: normal;font-size: 7pt;line-height: normal\">\u00a0\u00a0\u00a0\u00a0\u00a0\u00a0\u00a0\u00a0\u00a0 <\/span>Hac\u00eda mucho tiempo que yo no ve\u00eda un partido tan bueno como el del s\u00e1bado; hay que ver lo que corrieron y lucharon esta gente\u2026<\/em><\/span><\/p>\n<p class=\"MsoNormal\"><span style=\"color: #008000\"><em>A Tenorio le he venido a preguntar por el presente y por el pasado y, si me deja, por el futuro: ese futuro que tiene en el s\u00e1bado la fecha tope para otra p\u00e1gina del Betis. Tenorio, seg\u00fan me dice, no tiene presentimientos\u2026<\/em><\/span><\/p>\n<p class=\"MsoListParagraphCxSpFirst\" style=\"text-indent: -18.0pt\"><span style=\"color: #008000\"><em>&#8211;<span style=\"font-family: 'Times New Roman';font-variant: normal;font-weight: normal;font-size: 7pt;line-height: normal\">\u00a0\u00a0\u00a0\u00a0\u00a0\u00a0\u00a0\u00a0\u00a0 <\/span>Yo no s\u00e9 si va a ganar o no. Lo que s\u00ed puedo decir es que como el Betis juegue como lo hizo el s\u00e1bado pasado, no lo para el Bilbao; ni el Bilbao, ni el Madrid ni ninguno que se le ponga por delante\u2026<\/em><\/span><\/p>\n<p class=\"MsoListParagraphCxSpMiddle\" style=\"text-indent: -18.0pt\"><span style=\"color: #008000\"><em>&#8211;<span style=\"font-family: 'Times New Roman';font-variant: normal;font-weight: normal;font-size: 7pt;line-height: normal\">\u00a0\u00a0\u00a0\u00a0\u00a0\u00a0\u00a0\u00a0\u00a0 <\/span>Dejemos el presente. Vayamos al pasado.\u00a0 Tenorio estuvo en aquella final\u2026<\/em><\/span><\/p>\n<p class=\"MsoListParagraphCxSpMiddle\" style=\"text-indent: -18.0pt\"><span style=\"color: #008000\"><em>&#8211;<span style=\"font-family: 'Times New Roman';font-variant: normal;font-weight: normal;font-size: 7pt;line-height: normal\">\u00a0\u00a0\u00a0\u00a0\u00a0\u00a0\u00a0\u00a0\u00a0 <\/span>Yo fui de espectador. En aquel a\u00f1o, y por haberme encargado del campo, ya me hab\u00eda retirado<\/em><\/span><\/p>\n<p class=\"MsoListParagraphCxSpLast\" style=\"text-indent: -18.0pt\"><span style=\"color: #008000\"><em>&#8211;<span style=\"font-family: 'Times New Roman';font-variant: normal;font-weight: normal;font-size: 7pt;line-height: normal\">\u00a0\u00a0\u00a0\u00a0\u00a0\u00a0\u00a0\u00a0\u00a0 <\/span>Pero habr\u00e1 muchos recuerdos \u00bfno?<\/em><\/span><\/p>\n<p class=\"MsoNormal\"><span style=\"color: #008000\"><em>Y Tenorio me suelta un \u201c\u00a1hombre\u00a1, esto se avisa y yo cojo papeles y fotograf\u00edas; as\u00ed de momento, me acuerdo a saltos, de algunas cosas, de muchos detalles; pero, \u00a1hombre\u00a1 esto se avisa con tiempo para comenzar a hacer memoria\u2026\u201d<\/em><\/span><\/p>\n<p class=\"MsoListParagraphCxSpFirst\" style=\"text-indent: -18.0pt\"><span style=\"color: #008000\"><em>&#8211;<span style=\"font-family: 'Times New Roman';font-variant: normal;font-weight: normal;font-size: 7pt;line-height: normal\">\u00a0\u00a0\u00a0\u00a0\u00a0\u00a0\u00a0\u00a0\u00a0 <\/span>S\u00e9 que llov\u00eda a c\u00e1ntaros. Es raro que lloviera en aquella \u00e9poca, pero ca\u00eda much\u00edsima agua. \u00bfY sabe usted una cosa? El agua\u00a0 perjudic\u00f3 al Betis. Perjudic\u00f3 mucho al Betis. \u00bfSabe por qu\u00e9? Porque aqu\u00ed est\u00e1bamos acostumbrados a jugar en tierra, ya sabe, cuatro matas silvestres eran el c\u00e9sped, y all\u00ed hab\u00eda yerba. Como resulta que hab\u00eda llovido much\u00edsimo, nuestros jugadores no se adaptaban l campo y los vascos s\u00ed lo hicieron bien.<\/em><\/span><\/p>\n<p class=\"MsoListParagraphCxSpLast\" style=\"text-indent: -18.0pt\"><span style=\"color: #008000\"><em>&#8211;<span style=\"font-family: 'Times New Roman';font-variant: normal;font-weight: normal;font-size: 7pt;line-height: normal\">\u00a0\u00a0\u00a0\u00a0\u00a0\u00a0\u00a0\u00a0\u00a0 <\/span>D\u00edgame algo del partido\u2026<\/em><\/span><\/p>\n<p class=\"MsoNormal\"><span style=\"color: #008000\"><em>Y vuelven las dudas. La memoria quiere fallar y Tenorio no la deja. La memoria se resiste\u00a0 y Tenorio quiere marcarla bien para que no se escape. Entre este hombre y su memoria hay un buen codo a codo. En algunas jugadas gana Tenorio; en otras, se le escapa por la banda la memoria\u2026<\/em><\/span><\/p>\n<p class=\"MsoListParagraphCxSpFirst\" style=\"text-indent: -18.0pt\"><span style=\"color: #008000\"><em>&#8211;<span style=\"font-family: 'Times New Roman';font-variant: normal;font-weight: normal;font-size: 7pt;line-height: normal\">\u00a0\u00a0\u00a0\u00a0\u00a0\u00a0\u00a0\u00a0\u00a0 <\/span>Me acuerdo que cuando ellos marcaron el primer gol, pudimos empatar nosotros. Rosendo Romero, \u00bfera Rosendo Romero? S\u00ed, me parece que s\u00ed, tuvo una buena oportunidad y pudo empatar. Creo que le fall\u00f3 el campo. Despu\u00e9s ellos marcaron los dem\u00e1s goles y ya nada se pudo hacer<\/em><\/span><\/p>\n<p class=\"MsoListParagraphCxSpMiddle\" style=\"text-indent: -18.0pt\"><span style=\"color: #008000\"><em>&#8211;<span style=\"font-family: 'Times New Roman';font-variant: normal;font-weight: normal;font-size: 7pt;line-height: normal\">\u00a0\u00a0\u00a0\u00a0\u00a0\u00a0\u00a0\u00a0\u00a0 <\/span>\u00bfY el p\u00fablico de aquel d\u00eda? \u00bfC\u00f3mo trat\u00f3 al Betis?<\/em><\/span><\/p>\n<p class=\"MsoListParagraphCxSpLast\" style=\"text-indent: -18.0pt\"><span style=\"color: #008000\"><em>&#8211;<span style=\"font-family: 'Times New Roman';font-variant: normal;font-weight: normal;font-size: 7pt;line-height: normal\">\u00a0\u00a0\u00a0\u00a0\u00a0\u00a0\u00a0\u00a0\u00a0 <\/span>\u00a0\u00a0El p\u00fablico no se meti\u00f3 ni con unos ni con otros. Cada uno anim\u00f3 al suyo y como ellos iban ganando\u2026 Tenga en cuenta que cuando las cosas marchan bien, el p\u00fablico no se mete con nadie. Por eso no me explico (y Tenorio vuelve al presente, al pasado cercan\u00edsimo del s\u00e1bado) que Santamar\u00eda, el entrenador del Espa\u00f1ol, se quejara del p\u00fablico y del ambiente el otro d\u00eda. \u00bfEs que pas\u00f3 algo extra\u00f1o? \u00bfEs que el p\u00fablico se comport\u00f3 mal? Yo creo que no. El p\u00fablico anim\u00f3 al Betis y eso no creo que sea para enfadarse<\/em><\/span><\/p>\n<p class=\"MsoNormal\"><span style=\"color: #008000\"><em>Por medio de la conversaci\u00f3n saltan nombres de la leyenda del Betis: Jes\u00fas, \u201cun gran portero\u201d, Aranda, \u201cque Dios lo tenga en su gloria, qu\u00e9 bueno era\u201d, Peral, Soladrero, Adolfito, Romero, \u201ccasi pudo haber marcado el empate, \u00a1qu\u00e9 lastima\u00a1\u201d, Timimi, Enrique, Sanz\u2026 Por medio de la conversaci\u00f3n saltan tambi\u00e9n las rivalidades del Betis. Tenorio r\u00ede cuando se le recuerdan los Betis-Sevilla\u2026<\/em><\/span><\/p>\n<p class=\"MsoListParagraph\" style=\"text-indent: -18.0pt\"><span style=\"color: #008000\"><em>&#8211;<span style=\"font-family: 'Times New Roman';font-variant: normal;font-weight: normal;font-size: 7pt;line-height: normal\">\u00a0\u00a0\u00a0\u00a0\u00a0\u00a0\u00a0\u00a0\u00a0 <\/span>Le hablo a usted de una \u00e9poca muy distinta a la de ahora. Antes cuando iba a haber un Sevilla-Betis era verdad eso que los jugadores ni se hablaban\u2026<\/em><\/span><\/p>\n<p class=\"MsoNormal\"><span style=\"color: #008000\"><em>Y Tenorio nos cuenta a saltos muchos lances de eternos rivales, de alegr\u00edas y de tristezas, \u201che vivido muchas cosas en el Betis. Aqu\u00ed enterr\u00e9 mi juventud. Aqu\u00ed he estado m\u00e1s de cincuenta a\u00f1os\u2026\u201d, que se cambian en optimismo de cara al s\u00e1bado. Tenorio se repite y repite aquello de \u00b7como jueguen como el d\u00eda del Espa\u00f1ol no los para nadie\u2026\u201d y uno le deja en su campo y en su ambiente. Tenorio, piensa uno, lo ver\u00e1 por televisi\u00f3n. As\u00ed se lo comento. Tenorio sale como si le hubieran empujado.<\/em><\/span><\/p>\n<p class=\"MsoListParagraphCxSpFirst\" style=\"text-indent: -18.0pt\"><span style=\"color: #008000\"><em>&#8211;<span style=\"font-family: 'Times New Roman';font-variant: normal;font-weight: normal;font-size: 7pt;line-height: normal\">\u00a0\u00a0\u00a0\u00a0\u00a0\u00a0\u00a0\u00a0\u00a0 <\/span>\u00bfQu\u00e9 dice usted de la televisi\u00f3n? Yo voy a Madrid como sea. Es m\u00e1s, vamos a ir toda la familia.<\/em><\/span><\/p>\n<p class=\"MsoListParagraphCxSpMiddle\" style=\"text-indent: -18.0pt\"><span style=\"color: #008000\"><em>&#8211;<span style=\"font-family: 'Times New Roman';font-variant: normal;font-weight: normal;font-size: 7pt;line-height: normal\">\u00a0\u00a0\u00a0\u00a0\u00a0\u00a0\u00a0\u00a0\u00a0 <\/span>Oigame Tenorio, \u00bfy qui\u00e9n se va a hacer cargo de estas instalaciones si se van todos?<\/em><\/span><\/p>\n<p class=\"MsoListParagraphCxSpLast\" style=\"text-indent: -18.0pt\"><span style=\"color: #008000\"><em>&#8211;<span style=\"font-family: 'Times New Roman';font-variant: normal;font-weight: normal;font-size: 7pt;line-height: normal\">\u00a0\u00a0\u00a0\u00a0\u00a0\u00a0\u00a0\u00a0\u00a0 <\/span>Pues que le pongan el letrero de \u201cCerrado por vacaciones\u201d<\/em><\/span><\/p>\n<p class=\"MsoNormal\"><span style=\"color: #008000\"><em>Vio una final y va a ver la otra. Una la perdi\u00f3 y ahora no pierde, de momento, la fe en la otra. No se quedar\u00e1 en la televisi\u00f3n; ir\u00e1 otra vez a Madrid; no habr\u00e1, casi seguro, paraguas a tres pesetas ni tampoco ser\u00e1 en Chamart\u00edn; no ser\u00e1n los mismos jugadores, aunque sean los mismos equipos. Pero si ser\u00e1 el mismo Tenorio, quien a sus 74 a\u00f1os ha puesto los ojillos sonrientes cuando me desped\u00eda:<\/em><\/span><\/p>\n<p class=\"MsoListParagraph\" style=\"text-indent: -18.0pt\"><span style=\"color: #008000\"><em>&#8211;<span style=\"font-family: 'Times New Roman';font-variant: normal;font-weight: normal;font-size: 7pt;line-height: normal\">\u00a0\u00a0\u00a0\u00a0\u00a0\u00a0\u00a0\u00a0\u00a0 <\/span>Muy malillo ten\u00eda que estar yo el s\u00e1bado para no ir con mi equipo a Madrid\u2026<\/em><\/span><\/p>\n<p class=\"MsoNormal\">Fuente: Manuel Ram\u00edrez y Fern\u00e1ndez de C\u00f3rdoba en Suroeste 22 de junio de 1977<\/p>\n<p class=\"MsoNormal\">\n","protected":false},"excerpt":{"rendered":"<p>&nbsp; Tres d\u00edas antes de la final de Copa de 1977 frente al Athletic de Bilbao,\u00a0 en el diario Suroeste una entrevista del periodista Manuel Ram\u00edrez Fern\u00e1ndez de C\u00f3rdoba interroga al viejo Antonio Tenorio sobre sus recuerdos de\u00a0 la otra final disputada cuarenta y seis a\u00f1os antes. Est\u00e1 en la l\u00ednes de otras que ya&#8230;<\/p>\n","protected":false},"author":5,"featured_media":32867,"comment_status":"open","ping_status":"open","sticky":false,"template":"","format":"standard","meta":{"_kad_post_transparent":"","_kad_post_title":"","_kad_post_layout":"","_kad_post_sidebar_id":"","_kad_post_content_style":"","_kad_post_vertical_padding":"","_kad_post_feature":"","_kad_post_feature_position":"","_kad_post_header":false,"_kad_post_footer":false,"_kad_post_classname":"","_jetpack_memberships_contains_paid_content":false,"footnotes":"","jetpack_publicize_message":"","jetpack_publicize_feature_enabled":true,"jetpack_social_post_already_shared":true,"jetpack_social_options":{"image_generator_settings":{"template":"highway","default_image_id":0,"font":"","enabled":false},"version":2}},"categories":[903,893,1],"tags":[1024,1219],"class_list":["post-32866","post","type-post","status-publish","format-standard","has-post-thumbnail","hentry","category-1970-1979","category-jugadores-temas","category-portada","tag-1024","tag-antonio-tenorio"],"jetpack_publicize_connections":[],"jetpack_featured_media_url":"https:\/\/i0.wp.com\/www.manquepierda.com\/historiarealbetis\/files\/2013\/10\/Entrevista-Tenorio-1977-NMP-Suroeste-22-06-1977.jpg?fit=212%2C302&ssl=1","jetpack_sharing_enabled":true,"jetpack_shortlink":"https:\/\/wp.me\/p1ij08-8y6","jetpack-related-posts":[],"_links":{"self":[{"href":"https:\/\/www.manquepierda.com\/historiarealbetis\/wp-json\/wp\/v2\/posts\/32866","targetHints":{"allow":["GET"]}}],"collection":[{"href":"https:\/\/www.manquepierda.com\/historiarealbetis\/wp-json\/wp\/v2\/posts"}],"about":[{"href":"https:\/\/www.manquepierda.com\/historiarealbetis\/wp-json\/wp\/v2\/types\/post"}],"author":[{"embeddable":true,"href":"https:\/\/www.manquepierda.com\/historiarealbetis\/wp-json\/wp\/v2\/users\/5"}],"replies":[{"embeddable":true,"href":"https:\/\/www.manquepierda.com\/historiarealbetis\/wp-json\/wp\/v2\/comments?post=32866"}],"version-history":[{"count":0,"href":"https:\/\/www.manquepierda.com\/historiarealbetis\/wp-json\/wp\/v2\/posts\/32866\/revisions"}],"wp:featuredmedia":[{"embeddable":true,"href":"https:\/\/www.manquepierda.com\/historiarealbetis\/wp-json\/wp\/v2\/media\/32867"}],"wp:attachment":[{"href":"https:\/\/www.manquepierda.com\/historiarealbetis\/wp-json\/wp\/v2\/media?parent=32866"}],"wp:term":[{"taxonomy":"category","embeddable":true,"href":"https:\/\/www.manquepierda.com\/historiarealbetis\/wp-json\/wp\/v2\/categories?post=32866"},{"taxonomy":"post_tag","embeddable":true,"href":"https:\/\/www.manquepierda.com\/historiarealbetis\/wp-json\/wp\/v2\/tags?post=32866"}],"curies":[{"name":"wp","href":"https:\/\/api.w.org\/{rel}","templated":true}]}}