{"id":32920,"date":"2013-10-13T08:56:32","date_gmt":"2013-10-13T06:56:32","guid":{"rendered":"http:\/\/www.manquepierda.com\/historiarealbetis\/?p=32920"},"modified":"2018-02-25T20:45:10","modified_gmt":"2018-02-25T19:45:10","slug":"murio-anono-villarin","status":"publish","type":"post","link":"https:\/\/www.manquepierda.com\/historiarealbetis\/murio-anono-villarin\/","title":{"rendered":"Muri\u00f3 \u00abA\u00f1o\u00f1o\u00bb Villar\u00edn"},"content":{"rendered":"<p>&nbsp;<\/p>\n<p><a href=\"https:\/\/www.manquepierda.com\/historiarealbetis\/32920-murio-anono-villarin\/villarin\/\" rel=\"attachment wp-att-32921\"><img data-recalc-dims=\"1\" loading=\"lazy\" decoding=\"async\" class=\"alignleft size-full wp-image-32921\" src=\"https:\/\/i0.wp.com\/www.manquepierda.com\/historiarealbetis\/files\/2013\/10\/Villar%C3%ADn.jpg?resize=129%2C165&#038;ssl=1\" alt=\"Villar\u00edn\" width=\"129\" height=\"165\" \/><\/a>En diciembre de 1976 falleci\u00f3 Antonio Fern\u00e1ndez Villar\u00edn a la edad de 55 a\u00f1os. Jugador b\u00e9tico de los tiempos de la Tercera su vida transcurri\u00f3 de una forma muy particular, como particular fue siempre su forma de ser.<\/p>\n<p>Procedente de la Puerta Real, se cri\u00f3 en un ambiente flamenco y festero que le marc\u00f3 para toda su vida. T\u00edpico jugador de gran clase pero escaso rendimiento, para el que el f\u00fatbol s\u00f3lo fue una forma m\u00e1s de ganarse la vida.<\/p>\n<p>A su retirada, despu\u00e9s de deambular por varias zonas de la geograf\u00eda futbol\u00edstica espa\u00f1ola, se coloc\u00f3 como empleado en la casa comercial de la familia Picchi, como otros jugadores b\u00e9ticos de la \u00e9poca.<\/p>\n<p>A los pocos d\u00edas de su muerte, el 28 de diciembre de 1976, en ABC se public\u00f3 este art\u00edculo de homenaje a Villar\u00edn y a toda una forma de entender la vida.<\/p>\n<p>&nbsp;<\/p>\n<p><span style=\"color: #008000\"><em>Fue m\u00e1s personaje popular que futbolista. Acaso por ser de familia que llen\u00f3 la Puerta Real de trascendencias futboleras o por ser v\u00e1stago de una familia que llen\u00f3 aquella Mari Pepa imperecedera que abr\u00eda su casa breve y su puchero grande al que quisiera saber y supiera estar en la gracia singular de una fiesta especialmente rumbosa en patio de vecinos. Manolete, Arruza, la Bacall, Lola Flores, Caracol, la Gardner, la Bos\u00e9\u2026 La Puerta Real de los flamencos. Mari Pepa, reina sin trono de una dinast\u00eda de artistas. All\u00ed, la gracia, la chispa, el dale que te pego de la madrugada sin cansancios, porque lo anecd\u00f3tico en el recuerdo ten\u00eda un esencial poder de captaci\u00f3n para que los c\u00e1rdenos de los amaneceres se acercaran con prisas. No se sabe si lo din\u00e1stico parte de \u201cPitolo\u201d, de \u201c A\u00f1o\u00f1o\u201d, de Rafael, entrenador de f\u00fatbol, de Carlitos Fern\u00e1ndez, rey de las casta\u00f1uelas, de Carmela, de Eduarda, de Dora, de Ana, de Pepa\u2026<\/em><\/span><\/p>\n<p><span style=\"color: #008000\"><em>\u00a0<\/em><\/span><\/p>\n<p><span style=\"color: #008000\"><em>Pero era o fue A\u00f1o\u00f1o el que jug\u00f3 a la pelota. El que fue \u201czurda de oro\u201d\u2026 Tuvo el nervio corto y la astucia viva; se tom\u00f3 el juego del f\u00fatbol como puro divertimento. El tinto en su momento, la amistad a toda hora y el entrene sin demasiados sudores, por aquello de que al cuerpo no hab\u00eda que darle excesivos sufrimientos. \u201cA\u00f1o\u00f1o \u201c Villar\u00edn se fue quemando en sus candelas de conocer excesivamente tarde todo lo que llev\u00f3 dentro su zurda de oro, cuando tiempos m\u00e1s tarde la gente pelotera se forra de millones por eso mismo de coincidir con el tiempo.<\/em><\/span><\/p>\n<p><span style=\"color: #008000\"><em>\u00a0<\/em><\/span><\/p>\n<p><span style=\"color: #008000\"><em>\u201cA\u00f1o\u00f1o\u201d Villar\u00edn fue m\u00e1s figura popular que futbolista. Y tuvo en la pierna izquierda un cheque en blanco.. Cosa de los tiempos, o del genio, o de sentir de una manera singular. <\/em><\/span><\/p>\n<p><span style=\"color: #008000\"><em>De all\u00ed, de la Puerta Real, surgi\u00f3 un Andr\u00e9s Aranda para el Betis que fue lo serio, lo rigurosamente fijo. Tambi\u00e9n Rafael Villar\u00edn, que dio su tiempo y su trabajo modelando a la gente del Triana. Carlos es n\u00famero \u201cdoce\u201d fidel\u00edsimo. Juan Manuel, bailaor excepcional, sostiene la herencia din\u00e1stica cada noche en \u201cEl Arenal\u201d de Curro V\u00e9lez\u2026\u00a0 <\/em><\/span><\/p>\n<p><span style=\"color: #008000\"><em>\u00a0<\/em><\/span><\/p>\n<p><span style=\"color: #008000\"><em>\u201cA\u00f1o\u00f1o\u201d Villar\u00edn fue un jugador que cre\u00f3 escuela, que dej\u00f3 sello, que tiene una historia peque\u00f1a pero entra\u00f1able en los aficionados que supieron comprender no s\u00f3lo lo que fue en el Betis, sino todo lo que pudo ser. Su mundo de La Perlita, su fidelidad proletaria con los Picchi, su tiempo \u00faltimo de salud quebrantada y un pasado relativamente reciente de contratos miserables le pudieron alterar el \u201cque te cuides\u201d\u2026<\/em><\/span><\/p>\n<p><span style=\"color: #008000\"><em>\u00a0<\/em><\/span><\/p>\n<p><span style=\"color: #008000\"><em>Una pierna izquierda fabulosa. Un tiempo ido. \u201cA\u00f1o\u00f1o\u201d Villar\u00edn se qued\u00f3 dormido en el mismo umbral de la Nochebuena.\u00a0\u00a0<\/em><\/span><\/p>\n","protected":false},"excerpt":{"rendered":"<p>&nbsp; En diciembre de 1976 falleci\u00f3 Antonio Fern\u00e1ndez Villar\u00edn a la edad de 55 a\u00f1os. Jugador b\u00e9tico de los tiempos de la Tercera su vida transcurri\u00f3 de una forma muy particular, como particular fue siempre su forma de ser. Procedente de la Puerta Real, se cri\u00f3 en un ambiente flamenco y festero que le marc\u00f3&#8230;<\/p>\n","protected":false},"author":5,"featured_media":32921,"comment_status":"open","ping_status":"open","sticky":false,"template":"","format":"standard","meta":{"_kad_post_transparent":"","_kad_post_title":"","_kad_post_layout":"","_kad_post_sidebar_id":"","_kad_post_content_style":"","_kad_post_vertical_padding":"","_kad_post_feature":"","_kad_post_feature_position":"","_kad_post_header":false,"_kad_post_footer":false,"_kad_post_classname":"","_jetpack_memberships_contains_paid_content":false,"footnotes":"","jetpack_publicize_message":"","jetpack_publicize_feature_enabled":true,"jetpack_social_post_already_shared":true,"jetpack_social_options":{"image_generator_settings":{"template":"highway","default_image_id":0,"font":"","enabled":false},"version":2}},"categories":[1,1176],"tags":[1842],"class_list":["post-32920","post","type-post","status-publish","format-standard","has-post-thumbnail","hentry","category-portada","category-relatos-de-futbol","tag-antonio-fernandez-villarin"],"jetpack_publicize_connections":[],"jetpack_featured_media_url":"https:\/\/i0.wp.com\/www.manquepierda.com\/historiarealbetis\/files\/2013\/10\/Villar%C3%ADn.jpg?fit=129%2C165&ssl=1","jetpack_sharing_enabled":true,"jetpack_shortlink":"https:\/\/wp.me\/p1ij08-8yY","jetpack-related-posts":[],"_links":{"self":[{"href":"https:\/\/www.manquepierda.com\/historiarealbetis\/wp-json\/wp\/v2\/posts\/32920","targetHints":{"allow":["GET"]}}],"collection":[{"href":"https:\/\/www.manquepierda.com\/historiarealbetis\/wp-json\/wp\/v2\/posts"}],"about":[{"href":"https:\/\/www.manquepierda.com\/historiarealbetis\/wp-json\/wp\/v2\/types\/post"}],"author":[{"embeddable":true,"href":"https:\/\/www.manquepierda.com\/historiarealbetis\/wp-json\/wp\/v2\/users\/5"}],"replies":[{"embeddable":true,"href":"https:\/\/www.manquepierda.com\/historiarealbetis\/wp-json\/wp\/v2\/comments?post=32920"}],"version-history":[{"count":0,"href":"https:\/\/www.manquepierda.com\/historiarealbetis\/wp-json\/wp\/v2\/posts\/32920\/revisions"}],"wp:featuredmedia":[{"embeddable":true,"href":"https:\/\/www.manquepierda.com\/historiarealbetis\/wp-json\/wp\/v2\/media\/32921"}],"wp:attachment":[{"href":"https:\/\/www.manquepierda.com\/historiarealbetis\/wp-json\/wp\/v2\/media?parent=32920"}],"wp:term":[{"taxonomy":"category","embeddable":true,"href":"https:\/\/www.manquepierda.com\/historiarealbetis\/wp-json\/wp\/v2\/categories?post=32920"},{"taxonomy":"post_tag","embeddable":true,"href":"https:\/\/www.manquepierda.com\/historiarealbetis\/wp-json\/wp\/v2\/tags?post=32920"}],"curies":[{"name":"wp","href":"https:\/\/api.w.org\/{rel}","templated":true}]}}