{"id":32931,"date":"2013-10-11T08:56:32","date_gmt":"2013-10-11T06:56:32","guid":{"rendered":"http:\/\/www.manquepierda.com\/historiarealbetis\/?p=32931"},"modified":"2024-08-23T17:17:45","modified_gmt":"2024-08-23T15:17:45","slug":"32931","status":"publish","type":"post","link":"https:\/\/www.manquepierda.com\/historiarealbetis\/32931\/","title":{"rendered":"1932-Marzo 13-Segunda Divisi\u00f3n: Athl\u00e9tic de Madrid-10 vs. Betis Balompi\u00e9-1 goal."},"content":{"rendered":"<p><strong>1932-MARZO 13.-DOMINGO EN MADRID.-STADIUM METROPOLITANO.-QUINCEAVA JORNADA DEL CAMPEONATO NACIONAL LIGA SEGUNDA DIVISI\u00d3N-TEMPORADA 1931-1932.<\/strong><\/p>\n<p style=\"text-align: center\"><strong>Arbitr\u00f3 el colegiado catal\u00e1n Jes\u00fas ARRIBAS Seijas.-Alineando a ambas escuadras de la forma siguiente:<\/strong><\/p>\n<p style=\"text-align: center\">6\u00ba Clasificado con 14 Puntos.-ATHL\u00c9TIC MADRID-10 Tantos.<\/p>\n<p style=\"text-align: center\">1-0.-01&#8242;:\u00a0 Mar\u00edn lanz\u00f3 un centro bombeado,\u00a0 y JES\u00daS abandon\u00f3 la meta.\u00a0 Guijarro pas\u00f3 a Mar\u00edn que marc\u00f3 el primero de la tarde.<\/p>\n<p style=\"text-align: center\">2-0.-02&#8242;:\u00a0 Buir\u00eda centr\u00f3,\u00a0 JESUS\u00cdN despej\u00f3 al centro y Losada empalm\u00f3 un gran tiro a media altura.<\/p>\n<p style=\"text-align: center\">3-0.-12&#8242;:\u00a0 Losada en jugada personal.<\/p>\n<p style=\"text-align: center\">4-0.-15&#8242;:\u00a0 Mar\u00edn aprovechando una mel\u00e9e ante el marco b\u00e9tico.<\/p>\n<p style=\"text-align: center\">5-1.-21&#8242;:\u00a0 Ord\u00f3\u00f1ez pas\u00f3 a Mar\u00edn,\u00a0 y el centro de \u00e9ste lo remat\u00f3 Losada.<\/p>\n<p style=\"text-align: center\">6-1.-38&#8242;:\u00a0 Penalti por manos de un zaguero lanzado por Losada.<\/p>\n<p style=\"text-align: center\">7-1:\u00a0 Losada resultaba peligros\u00edsimo por sus temibles tiros.\u00a0 Poco antes de terminar la primera fase aprovech\u00f3 un pase y lanzando un duro disparo,\u00a0 que alcanz\u00f3 JES\u00daS en la misma l\u00ednea de meta pero no pudo detener el bal\u00f3n,\u00a0 y Buir\u00eda le ayud\u00f3 a entrar.<\/p>\n<p style=\"text-align: center\">8-1.-Minutos finales del primer tiempo:\u00a0 Un gran tiro de Mar\u00edn,\u00a0 que rebot\u00f3 en el poste,\u00a0 marcando Guijarro.<\/p>\n<p style=\"text-align: center\">9-1.-70 &#8216;:\u00a0 Guijarro de tiro cruzado.<\/p>\n<p style=\"text-align: center\">10-1.-76 minutos:\u00a0 Losada,\u00a0 marcador final.<\/p>\n<p style=\"text-align: center\">ANTONIO (portero).-CORRAL-PEP\u00cdN (defensas).-REY-ORD\u00d3\u00d1EZ-ANTO\u00d1ITO (medios).-MAR\u00cdN-GUIJARRO-LOSADA-BURIA-COSTA (delanteros).<\/p>\n<p style=\"text-align: center\"><em><strong>VS.<\/strong><\/em><\/p>\n<p style=\"text-align: center\"><em><strong>2\u00aaCLASIFICADO-20 PUNTOS-1 GOL:<\/strong><\/em><\/p>\n<figure id=\"attachment_32043\" aria-describedby=\"caption-attachment-32043\" style=\"width: 186px\" class=\"wp-caption aligncenter\"><a href=\"https:\/\/www.manquepierda.com\/historiarealbetis\/32036-1933-noviembre-05-primera-division-betis-balompie-2-goles-vs-racing-santander-1\/adolfo-ii-adolfomartingonzalez-7\/\" rel=\"attachment wp-att-32043\"><img data-recalc-dims=\"1\" loading=\"lazy\" decoding=\"async\" class=\"size-full wp-image-32043\" alt=\"colecci\u00f3n e. a. c.\" src=\"https:\/\/i0.wp.com\/www.manquepierda.com\/historiarealbetis\/files\/2013\/08\/ADOLFO-II-AdolfoMart%C3%ADnGonz%C3%A1lez1.jpg?resize=186%2C348&#038;ssl=1\" width=\"186\" height=\"348\" srcset=\"https:\/\/i0.wp.com\/www.manquepierda.com\/historiarealbetis\/files\/2013\/08\/ADOLFO-II-AdolfoMart%C3%ADnGonz%C3%A1lez1.jpg?w=186&amp;ssl=1 186w, https:\/\/i0.wp.com\/www.manquepierda.com\/historiarealbetis\/files\/2013\/08\/ADOLFO-II-AdolfoMart%C3%ADnGonz%C3%A1lez1.jpg?resize=117%2C220&amp;ssl=1 117w\" sizes=\"auto, (max-width: 186px) 100vw, 186px\" \/><\/a><figcaption id=\"caption-attachment-32043\" class=\"wp-caption-text\"><em><strong>ADOLFO Mart\u00edn Gonz\u00e1lez (4-1).<\/strong><\/em><\/figcaption><\/figure>\n<p style=\"text-align: center\"><em><strong>4-1.-20 Minutos: Ante aquella lluvia de goals el Betis Balompi\u00e9 trat\u00f3 de imponerse,\u00a0 y\u00a0 en un buen avance,\u00a0 TIMIMI centr\u00f3,\u00a0 y\u00a0 ADOLFO II lanz\u00f3 un disparo \u00abarchisuperi\u00f3\u00bb batiendo al meta Antonio.<\/strong><\/em><\/p>\n<figure id=\"attachment_32042\" aria-describedby=\"caption-attachment-32042\" style=\"width: 154px\" class=\"wp-caption aligncenter\"><a href=\"https:\/\/www.manquepierda.com\/historiarealbetis\/32036-1933-noviembre-05-primera-division-betis-balompie-2-goles-vs-racing-santander-1\/1932-rbb-43\/\" rel=\"attachment wp-att-32042\"><img data-recalc-dims=\"1\" loading=\"lazy\" decoding=\"async\" class=\"size-full wp-image-32042\" alt=\"art\u00edfice-autor Enrique A\u00f1ino ilzarbe de Andueza.\" src=\"https:\/\/i0.wp.com\/www.manquepierda.com\/historiarealbetis\/files\/2013\/08\/1932-RBB1.jpg?resize=154%2C154&#038;ssl=1\" width=\"154\" height=\"154\" srcset=\"https:\/\/i0.wp.com\/www.manquepierda.com\/historiarealbetis\/files\/2013\/08\/1932-RBB1.jpg?w=154&amp;ssl=1 154w, https:\/\/i0.wp.com\/www.manquepierda.com\/historiarealbetis\/files\/2013\/08\/1932-RBB1.jpg?resize=500%2C500&amp;ssl=1 500w\" sizes=\"auto, (max-width: 154px) 100vw, 154px\" \/><\/a><figcaption id=\"caption-attachment-32042\" class=\"wp-caption-text\">art\u00edfice-autor Enrique A\u00f1ino ilzarbe de Andueza.<\/figcaption><\/figure>\n<figure id=\"attachment_32932\" aria-describedby=\"caption-attachment-32932\" style=\"width: 680px\" class=\"wp-caption aligncenter\"><a href=\"https:\/\/www.manquepierda.com\/historiarealbetis\/32931-32931\/19320313-1\/\" rel=\"attachment wp-att-32932\"><img data-recalc-dims=\"1\" loading=\"lazy\" decoding=\"async\" class=\"size-medium wp-image-32932\" alt=\"Ahora 14031932\" src=\"https:\/\/i0.wp.com\/www.manquepierda.com\/historiarealbetis\/files\/2013\/10\/19320313.1.jpg?resize=680%2C371&#038;ssl=1\" width=\"680\" height=\"371\" srcset=\"https:\/\/i0.wp.com\/www.manquepierda.com\/historiarealbetis\/files\/2013\/10\/19320313.1.jpg?resize=680%2C371&amp;ssl=1 680w, https:\/\/i0.wp.com\/www.manquepierda.com\/historiarealbetis\/files\/2013\/10\/19320313.1.jpg?resize=220%2C120&amp;ssl=1 220w, https:\/\/i0.wp.com\/www.manquepierda.com\/historiarealbetis\/files\/2013\/10\/19320313.1.jpg?resize=960%2C524&amp;ssl=1 960w\" sizes=\"auto, (max-width: 680px) 100vw, 680px\" \/><\/a><figcaption id=\"caption-attachment-32932\" class=\"wp-caption-text\"><em><strong>\u00abJES\u00daS tuvo una tarde desafortunada\u00bb.-CP-Foto original RUIZ-\u00abAHORA N\u00ba 389\u00bb.<br \/><\/strong><\/em><\/figcaption><\/figure>\n<figure id=\"attachment_32933\" aria-describedby=\"caption-attachment-32933\" style=\"width: 220px\" class=\"wp-caption aligncenter\"><a href=\"https:\/\/www.manquepierda.com\/historiarealbetis\/32931-1932-marzo-13-domingo-segunda-division-atletic-de-madrid-10-vs-betis-balompie-1\/19320313-2\/\" rel=\"attachment wp-att-32933\"><img data-recalc-dims=\"1\" loading=\"lazy\" decoding=\"async\" class=\"size-thumbnail wp-image-32933\" alt=\"Foto Ruiz\" src=\"https:\/\/i0.wp.com\/www.manquepierda.com\/historiarealbetis\/files\/2013\/10\/19320313.2.jpg?resize=220%2C119&#038;ssl=1\" width=\"220\" height=\"119\" srcset=\"https:\/\/i0.wp.com\/www.manquepierda.com\/historiarealbetis\/files\/2013\/10\/19320313.2.jpg?resize=220%2C119&amp;ssl=1 220w, https:\/\/i0.wp.com\/www.manquepierda.com\/historiarealbetis\/files\/2013\/10\/19320313.2.jpg?resize=680%2C369&amp;ssl=1 680w, https:\/\/i0.wp.com\/www.manquepierda.com\/historiarealbetis\/files\/2013\/10\/19320313.2.jpg?resize=960%2C521&amp;ssl=1 960w, https:\/\/i0.wp.com\/www.manquepierda.com\/historiarealbetis\/files\/2013\/10\/19320313.2.jpg?w=2026&amp;ssl=1 2026w\" sizes=\"auto, (max-width: 220px) 100vw, 220px\" \/><\/a><figcaption id=\"caption-attachment-32933\" class=\"wp-caption-text\"><em><strong>LOSADA tapado por el poste derecho del meta JES\u00daS.-CP-Foto original RUIZ-\u00abAHORA\u00bb-N\u00ba 389.<\/strong><\/em><\/figcaption><\/figure>\n<figure id=\"attachment_32934\" aria-describedby=\"caption-attachment-32934\" style=\"width: 680px\" class=\"wp-caption aligncenter\"><a href=\"https:\/\/www.manquepierda.com\/historiarealbetis\/32931-1932-marzo-13-domingo-segunda-division-atletic-de-madrid-10-vs-betis-balompie-1\/19320313-3\/\" rel=\"attachment wp-att-32934\"><img data-recalc-dims=\"1\" loading=\"lazy\" decoding=\"async\" class=\"size-medium wp-image-32934\" alt=\"JESUS\" src=\"https:\/\/i0.wp.com\/www.manquepierda.com\/historiarealbetis\/files\/2013\/10\/19320313.3.jpg?resize=680%2C477&#038;ssl=1\" width=\"680\" height=\"477\" srcset=\"https:\/\/i0.wp.com\/www.manquepierda.com\/historiarealbetis\/files\/2013\/10\/19320313.3.jpg?resize=680%2C477&amp;ssl=1 680w, https:\/\/i0.wp.com\/www.manquepierda.com\/historiarealbetis\/files\/2013\/10\/19320313.3.jpg?resize=220%2C154&amp;ssl=1 220w, https:\/\/i0.wp.com\/www.manquepierda.com\/historiarealbetis\/files\/2013\/10\/19320313.3.jpg?resize=960%2C673&amp;ssl=1 960w, https:\/\/i0.wp.com\/www.manquepierda.com\/historiarealbetis\/files\/2013\/10\/19320313.3.jpg?w=1502&amp;ssl=1 1502w\" sizes=\"auto, (max-width: 680px) 100vw, 680px\" \/><\/a><figcaption id=\"caption-attachment-32934\" class=\"wp-caption-text\"><em><strong>JES\u00daS Bern\u00e1ldez Moreno (28) \u00abManos Duras\u00bb.-Guardameta.-CP-Foto original RUIZ-\u00abAHORA\u00bb-N\u00ba 389.<\/strong><\/em><\/figcaption><\/figure>\n<p style=\"text-align: center\"><em><strong>Antonio TENORIO Mart\u00ednez y Jes\u00fas Alberto Ruiz Medrano (a) \u00abJESUS\u00cdN\u00bb.-Zagueros.<\/strong><\/em><\/p>\n<p style=\"text-align: center\"><em><strong>Jos\u00e9 Su\u00e1rez Gonz\u00e1lez (a) \u00abPERAL\u00bb-Enrique SOLADRERO Arbide-ADOLFO Sancho Carrillo de Albornoz (a) \u00abADOLFITO\u00bb-ADOLFO I\u00bb.-Medios.<\/strong><\/em><\/p>\n<p style=\"text-align: center\"><em><strong>Pedro Gonz\u00e1lez S\u00e1nchez (a) \u00abTIMIMI\u00bb-ADOLFO Mart\u00edn Gonz\u00e1lez (a) \u00abADOLFO II\u00bb-Rosendo ROMERO Garc\u00eda (a) \u00abEl Chato\u00bb-ENRIQUE Garrido Reguera-Rafael SANZ (Delanteros).<\/strong><\/em><\/p>\n<p style=\"text-align: center\"><em><strong>ENTRENADOR, EMILIO SAMPERE OLIVERAS.-Campeonato Nacional Liga Segunda Divisi\u00f3n-Temporada 1931-1932.<\/strong><\/em><\/p>\n<p style=\"text-align: center\"><a href=\"https:\/\/www.manquepierda.com\/historiarealbetis\/32931-1932-marzo-13-domingo-segunda-division-atletic-de-madrid-10-vs-betis-balompie-1\/emilio-sampere-oliveras-5\/\" rel=\"attachment wp-att-32935\"><img data-recalc-dims=\"1\" loading=\"lazy\" decoding=\"async\" class=\"aligncenter size-thumbnail wp-image-32935\" alt=\"Emilio SAMPERE Oliveras\" src=\"https:\/\/i0.wp.com\/www.manquepierda.com\/historiarealbetis\/files\/2013\/10\/Emilio-SAMPERE-Oliveras.jpg?resize=62%2C220&#038;ssl=1\" width=\"62\" height=\"220\" srcset=\"https:\/\/i0.wp.com\/www.manquepierda.com\/historiarealbetis\/files\/2013\/10\/Emilio-SAMPERE-Oliveras.jpg?resize=62%2C220&amp;ssl=1 62w, https:\/\/i0.wp.com\/www.manquepierda.com\/historiarealbetis\/files\/2013\/10\/Emilio-SAMPERE-Oliveras.jpg?resize=170%2C600&amp;ssl=1 170w\" sizes=\"auto, (max-width: 62px) 100vw, 62px\" \/><\/a><strong><em>XXV PRESIDENTE REAL-BETIS BALOMPI\u00c9.-Campeonato Nacional Liga Segunda Divisi\u00f3n 1931-1932:<br \/>\n<\/em><\/strong><\/p>\n<figure id=\"attachment_32936\" aria-describedby=\"caption-attachment-32936\" style=\"width: 161px\" class=\"wp-caption aligncenter\"><a href=\"https:\/\/www.manquepierda.com\/historiarealbetis\/32931-1932-marzo-13-domingo-segunda-division-atletic-de-madrid-10-vs-betis-balompie-1\/jose-ignacio-mantecon-navasal-1-4\/\" rel=\"attachment wp-att-32936\"><img data-recalc-dims=\"1\" loading=\"lazy\" decoding=\"async\" class=\"size-full wp-image-32936\" alt=\"Don JOS\u00c9 IGNACIO MANTEC\u00d3N NAVASAL.\" src=\"https:\/\/i0.wp.com\/www.manquepierda.com\/historiarealbetis\/files\/2013\/10\/Jos%C3%A9-Ignacio-Mantec%C3%B3n-Navasal.11.jpg?resize=161%2C202&#038;ssl=1\" width=\"161\" height=\"202\" \/><\/a><figcaption id=\"caption-attachment-32936\" class=\"wp-caption-text\"><em><strong>Don Jos\u00e9 Ignacio MANTEC\u00d3N Navasal.<\/strong><\/em><\/figcaption><\/figure>\n<figure id=\"attachment_32937\" aria-describedby=\"caption-attachment-32937\" style=\"width: 680px\" class=\"wp-caption aligncenter\"><a href=\"https:\/\/www.manquepierda.com\/historiarealbetis\/32931-1932-marzo-13-domingo-segunda-division-atletic-de-madrid-10-vs-betis-balompie-1\/19320313-4\/\" rel=\"attachment wp-att-32937\"><img data-recalc-dims=\"1\" loading=\"lazy\" decoding=\"async\" class=\"size-medium wp-image-32937\" alt=\"Clasificaci\u00f3n\" src=\"https:\/\/i0.wp.com\/www.manquepierda.com\/historiarealbetis\/files\/2013\/10\/19320313.4.jpg?resize=680%2C422&#038;ssl=1\" width=\"680\" height=\"422\" srcset=\"https:\/\/i0.wp.com\/www.manquepierda.com\/historiarealbetis\/files\/2013\/10\/19320313.4.jpg?resize=680%2C422&amp;ssl=1 680w, https:\/\/i0.wp.com\/www.manquepierda.com\/historiarealbetis\/files\/2013\/10\/19320313.4.jpg?resize=220%2C136&amp;ssl=1 220w, https:\/\/i0.wp.com\/www.manquepierda.com\/historiarealbetis\/files\/2013\/10\/19320313.4.jpg?w=691&amp;ssl=1 691w\" sizes=\"auto, (max-width: 680px) 100vw, 680px\" \/><\/a><figcaption id=\"caption-attachment-32937\" class=\"wp-caption-text\"><em><strong>CLASIFICACI\u00d3N GENERAL POR EQUIPOS TRAS LA 15\u00aa JORNADA-SEGUNDA DIVISI\u00d3N TEMPORADA 1931-1932.-\u00abAHORA\u00bb N\u00ba 389.-Madrid.<\/strong><\/em><\/figcaption><\/figure>\n<figure id=\"attachment_33605\" aria-describedby=\"caption-attachment-33605\" style=\"width: 680px\" class=\"wp-caption aligncenter\"><a href=\"https:\/\/www.manquepierda.com\/historiarealbetis\/32931-32931\/1932-atm-bb\/\" rel=\"attachment wp-att-33605\"><img data-recalc-dims=\"1\" loading=\"lazy\" decoding=\"async\" class=\"size-medium wp-image-33605\" alt=\"ESTAMPA N\u00ba 219.-CP-Fot\u00f3grafo Ruiz\" src=\"https:\/\/i0.wp.com\/www.manquepierda.com\/historiarealbetis\/files\/2013\/10\/1932-ATM-BB.jpg?resize=680%2C311&#038;ssl=1\" width=\"680\" height=\"311\" srcset=\"https:\/\/i0.wp.com\/www.manquepierda.com\/historiarealbetis\/files\/2013\/10\/1932-ATM-BB.jpg?resize=680%2C311&amp;ssl=1 680w, https:\/\/i0.wp.com\/www.manquepierda.com\/historiarealbetis\/files\/2013\/10\/1932-ATM-BB.jpg?resize=220%2C100&amp;ssl=1 220w, https:\/\/i0.wp.com\/www.manquepierda.com\/historiarealbetis\/files\/2013\/10\/1932-ATM-BB.jpg?resize=960%2C440&amp;ssl=1 960w, https:\/\/i0.wp.com\/www.manquepierda.com\/historiarealbetis\/files\/2013\/10\/1932-ATM-BB.jpg?w=2580&amp;ssl=1 2580w\" sizes=\"auto, (max-width: 680px) 100vw, 680px\" \/><\/a><figcaption id=\"caption-attachment-33605\" class=\"wp-caption-text\">ESTAMPA N\u00ba 219.-CP-Fot\u00f3grafo Ruiz*<\/figcaption><\/figure>\n","protected":false},"excerpt":{"rendered":"<p>1932-MARZO 13.-DOMINGO EN MADRID.-STADIUM METROPOLITANO.-QUINCEAVA JORNADA DEL CAMPEONATO NACIONAL LIGA SEGUNDA DIVISI\u00d3N-TEMPORADA 1931-1932. Arbitr\u00f3 el colegiado catal\u00e1n Jes\u00fas ARRIBAS Seijas.-Alineando a ambas escuadras de la forma siguiente: 6\u00ba Clasificado con 14 Puntos.-ATHL\u00c9TIC MADRID-10 Tantos. 1-0.-01&#8242;:\u00a0 Mar\u00edn lanz\u00f3 un centro bombeado,\u00a0 y JES\u00daS abandon\u00f3 la meta.\u00a0 Guijarro pas\u00f3 a Mar\u00edn que marc\u00f3 el primero de la&#8230;<\/p>\n","protected":false},"author":48,"featured_media":32932,"comment_status":"open","ping_status":"open","sticky":false,"template":"","format":"standard","meta":{"_kad_post_transparent":"","_kad_post_title":"","_kad_post_layout":"","_kad_post_sidebar_id":"","_kad_post_content_style":"","_kad_post_vertical_padding":"","_kad_post_feature":"","_kad_post_feature_position":"","_kad_post_header":false,"_kad_post_footer":false,"_kad_post_classname":"","_jetpack_memberships_contains_paid_content":false,"footnotes":"","jetpack_publicize_message":"","jetpack_publicize_feature_enabled":true,"jetpack_social_post_already_shared":true,"jetpack_social_options":{"image_generator_settings":{"template":"highway","default_image_id":0,"font":"","enabled":false},"version":2}},"categories":[899,1],"tags":[2221,44,15850,13849,17900],"class_list":["post-32931","post","type-post","status-publish","format-standard","has-post-thumbnail","hentry","category-1930-1939","category-portada","tag-1931-32","tag-44","tag-athletic-club-madrid","tag-club-atletico-de-madrid","tag-liga-segunda-1931-32"],"jetpack_publicize_connections":[],"jetpack_featured_media_url":"https:\/\/i0.wp.com\/www.manquepierda.com\/historiarealbetis\/files\/2013\/10\/19320313.1.jpg?fit=2051%2C1121&ssl=1","jetpack_sharing_enabled":true,"jetpack_shortlink":"https:\/\/wp.me\/s1ij08-32931","jetpack-related-posts":[],"_links":{"self":[{"href":"https:\/\/www.manquepierda.com\/historiarealbetis\/wp-json\/wp\/v2\/posts\/32931","targetHints":{"allow":["GET"]}}],"collection":[{"href":"https:\/\/www.manquepierda.com\/historiarealbetis\/wp-json\/wp\/v2\/posts"}],"about":[{"href":"https:\/\/www.manquepierda.com\/historiarealbetis\/wp-json\/wp\/v2\/types\/post"}],"author":[{"embeddable":true,"href":"https:\/\/www.manquepierda.com\/historiarealbetis\/wp-json\/wp\/v2\/users\/48"}],"replies":[{"embeddable":true,"href":"https:\/\/www.manquepierda.com\/historiarealbetis\/wp-json\/wp\/v2\/comments?post=32931"}],"version-history":[{"count":1,"href":"https:\/\/www.manquepierda.com\/historiarealbetis\/wp-json\/wp\/v2\/posts\/32931\/revisions"}],"predecessor-version":[{"id":97674,"href":"https:\/\/www.manquepierda.com\/historiarealbetis\/wp-json\/wp\/v2\/posts\/32931\/revisions\/97674"}],"wp:featuredmedia":[{"embeddable":true,"href":"https:\/\/www.manquepierda.com\/historiarealbetis\/wp-json\/wp\/v2\/media\/32932"}],"wp:attachment":[{"href":"https:\/\/www.manquepierda.com\/historiarealbetis\/wp-json\/wp\/v2\/media?parent=32931"}],"wp:term":[{"taxonomy":"category","embeddable":true,"href":"https:\/\/www.manquepierda.com\/historiarealbetis\/wp-json\/wp\/v2\/categories?post=32931"},{"taxonomy":"post_tag","embeddable":true,"href":"https:\/\/www.manquepierda.com\/historiarealbetis\/wp-json\/wp\/v2\/tags?post=32931"}],"curies":[{"name":"wp","href":"https:\/\/api.w.org\/{rel}","templated":true}]}}