{"id":32947,"date":"2013-10-14T07:41:24","date_gmt":"2013-10-14T05:41:24","guid":{"rendered":"http:\/\/www.manquepierda.com\/historiarealbetis\/?p=32947"},"modified":"2024-09-24T07:15:51","modified_gmt":"2024-09-24T05:15:51","slug":"entrevista-antonio-barrios-1957","status":"publish","type":"post","link":"https:\/\/www.manquepierda.com\/historiarealbetis\/entrevista-antonio-barrios-1957\/","title":{"rendered":"Entrevista Antonio Barrios 1957"},"content":{"rendered":"<figure id=\"attachment_32948\" aria-describedby=\"caption-attachment-32948\" style=\"width: 172px\" class=\"wp-caption alignleft\"><a href=\"https:\/\/www.manquepierda.com\/historiarealbetis\/32947-entrevista-antonio-barrios-1957\/entrevista-antonio-barrios-1957-nmp-marca-21-08-1957\/\" rel=\"attachment wp-att-32948\"><img data-recalc-dims=\"1\" loading=\"lazy\" decoding=\"async\" class=\"size-full wp-image-32948\" src=\"https:\/\/i0.wp.com\/www.manquepierda.com\/historiarealbetis\/files\/2013\/10\/Entrevista-Antonio-Barrios-1957-NMP-Marca-21-08-1957.jpg?resize=172%2C336&#038;ssl=1\" alt=\"Antonio Barrios\" width=\"172\" height=\"336\" srcset=\"https:\/\/i0.wp.com\/www.manquepierda.com\/historiarealbetis\/files\/2013\/10\/Entrevista-Antonio-Barrios-1957-NMP-Marca-21-08-1957.jpg?w=172&amp;ssl=1 172w, https:\/\/i0.wp.com\/www.manquepierda.com\/historiarealbetis\/files\/2013\/10\/Entrevista-Antonio-Barrios-1957-NMP-Marca-21-08-1957.jpg?resize=112%2C220&amp;ssl=1 112w\" sizes=\"auto, (max-width: 172px) 100vw, 172px\" \/><\/a><figcaption id=\"caption-attachment-32948\" class=\"wp-caption-text\">Antonio Barrios<\/figcaption><\/figure>\n<p>Despu\u00e9s de los intentos fallidos de 1956, con Pepe Valera en el banquillo, y 1957, con Carlos Iturraspe, \u00a0la apuesta de Benito Villamar\u00edn fue fuerte.<\/p>\n<p>Para ello se trajo a Antonio Barrios, un t\u00e9cnico m\u00e1s que consolidado en la Primera Divisi\u00f3n y que hab\u00eda entrenado ya en la primera categor\u00eda \u00a0a Valladolid, Racing de Santander, Athletic de Bilbao \u00f3 Atl\u00e9tico de Madrid. Tambi\u00e9n era muy atractivo su bagaje como t\u00e9cnico en la Segunda Divisi\u00f3n, pues en sus tres campa\u00f1as hab\u00eda conseguido el ascenso con Valladolid y M\u00e1laga y tambi\u00e9n clasificado al Atl\u00e9tico de Tetu\u00e1n para la liguilla de ascenso.<\/p>\n<p>Los entrenamientos se inician el 20 de agosto y al d\u00eda siguiente ya se publica en Marca esta entrevista por parte de su corresponsal en Sevilla Juan Manuel Borbujo.<\/p>\n<p><span style=\"color: #008000\"><em>A las pocas horas de hacerse cargo del equipo y de iniciar los entrenamientos sostuvimos una entrevista con Barrios, el nuevo entrenador del Real Betis Balompi\u00e9.<\/em><\/span><\/p>\n<p><span style=\"color: #008000\"><em>Comenzamos la charla indagando la impresi\u00f3n obtenida de sus nuevos muchachos, transcurridos los primeros ejercicios de adiestramiento. <\/em><\/span><\/p>\n<p><span style=\"color: #008000\"><em>\u00a0<\/em><\/span><\/p>\n<p><span style=\"color: #008000\"><em>&#8211;\u00a0\u00a0\u00a0\u00a0\u00a0 Ver\u00e1, nos dice, he hallado en todos una espl\u00e9ndida predisposici\u00f3n al cumplimiento de las respectivas obligaciones y esencialmente un alto sentido de la disciplina.<\/em><\/span><\/p>\n<p><span style=\"color: #008000\"><em>&#8211;\u00a0\u00a0\u00a0\u00a0\u00a0 \u00bfCon cu\u00e1ntos jugadores cuenta en el Betis?<\/em><\/span><\/p>\n<p><span style=\"color: #008000\"><em>&#8211;\u00a0\u00a0\u00a0\u00a0\u00a0 En total con unos veintis\u00e9is, incluyendo entre ellos a los amateurs. Profesionales, propiamente dichos, son unos catorce. Una vez seleccionados, me quedar\u00e9 con dieciocho, pero a ellos a\u00f1adir\u00e9 un par de nuevas figuras de gran prestigio y relieve, tras los cuales estamos<\/em><\/span><\/p>\n<p><span style=\"color: #008000\"><em>&#8211;\u00a0\u00a0\u00a0\u00a0\u00a0 \u00bfQui\u00e9nes son?<\/em><\/span><\/p>\n<p><span style=\"color: #008000\"><em>&#8211;\u00a0\u00a0\u00a0\u00a0\u00a0 Francamente no puedo contestar por el momento, hasta que cristalicen las gestiones que se llevan a efecto<\/em><\/span><\/p>\n<p><span style=\"color: #008000\"><em>&#8211;\u00a0\u00a0\u00a0\u00a0\u00a0 \u00bfEn qu\u00e9 puestos act\u00faan?<\/em><\/span><\/p>\n<p><span style=\"color: #008000\"><em>&#8211;\u00a0\u00a0\u00a0\u00a0\u00a0 Uno es delantero centro, el otro extremo derecho<\/em><\/span><\/p>\n<p><span style=\"color: #008000\"><em>&#8211;\u00a0\u00a0\u00a0\u00a0\u00a0 \u00bfEs verdad que Samitier les ha ofrecido jugadores barcelonistas?<\/em><\/span><\/p>\n<p><span style=\"color: #008000\"><em>&#8211;\u00a0\u00a0\u00a0\u00a0\u00a0 Eso dicen. Un jugador\u2026<\/em><\/span><\/p>\n<p><span style=\"color: #008000\"><em>&#8211;\u00a0\u00a0\u00a0\u00a0\u00a0 \u00bfDe qui\u00e9n se trata?<\/em><\/span><\/p>\n<p><span style=\"color: #008000\"><em>&#8211;\u00a0\u00a0\u00a0\u00a0\u00a0 No puedo concretar tampoco al respecto<\/em><\/span><\/p>\n<p><span style=\"color: #008000\"><em>&#8211;\u00a0\u00a0\u00a0\u00a0\u00a0 Si le ruego que ya, ahora mismo, esboce una alineaci\u00f3n base del Betis, \u00bfpodr\u00eda ofrec\u00e9rnosla?<\/em><\/span><\/p>\n<p><span style=\"color: #008000\"><em>&#8211;\u00a0\u00a0\u00a0\u00a0\u00a0 Ateni\u00e9ndome a lo que dispongo hoy, bien podr\u00eda ser \u00e9sta: en el marco Castellano \u00f3 Eugenio; en la defensa Seguer, Luis\u00edn y Santos; en la media podemos contar con tres buenos jugadores: Loli, Rodri y Espej\u00edn, y en la delantera con Sobrado, Lasa, Mundo, Peri\u00f1\u00e1n y Del Sol<\/em><\/span><\/p>\n<p><span style=\"color: #008000\"><em>&#8211;\u00a0\u00a0\u00a0\u00a0\u00a0 \u00bfNo cuenta con el meta Am\u00e9rico?<\/em><\/span><\/p>\n<p><span style=\"color: #008000\"><em>&#8211;\u00a0\u00a0\u00a0\u00a0\u00a0 Contin\u00faa en Ceuta cumpliendo con sus obligaciones militares. Y me han dicho que es muy bueno. De todos modos de los cuatro porteros que tenemos me quedar\u00e9 con tres. La Liga en la Segunda Divisi\u00f3n, aparte de larga, es muy dura, tremendamente dura, y esto es lo que hace precaverse a los equipos. Adem\u00e1s, que una de mis m\u00e1xima es precaver antes que rectificar.<\/em><\/span><\/p>\n<p><span style=\"color: #008000\"><em>&#8211;\u00a0\u00a0\u00a0\u00a0\u00a0 \u00bfA qu\u00e9 obedece que haya escogido al Betis y no a otro club de m\u00e1s \u201ccampanillas\u201d, es decir, un primeradivisi\u00f3n?<\/em><\/span><\/p>\n<p><span style=\"color: #008000\"><em>&#8211;\u00a0\u00a0\u00a0\u00a0\u00a0 Empecemos por aclarar que el Betis es un equipo de mucha solera que, en lugar de quitar, da prestigio si se consigue triunfar con \u00e9l. \u00a0Adem\u00e1s, soy un hombre al que me gustan la acci\u00f3n, la responsabilidad y, sobre todo, que tiene ambici\u00f3n profesional. Y esos factores se centran actualmente en el Betis, conjunto que tiene que luchar frente a las innumerables dificultades que le ofrecen sus adversarios, quienes se crecen ante enemigo de tanta talla. Por todo ello he venido al Betis, no obstante otras ofertas que me llegaron. Prefiero un segundadivisi\u00f3n con las cualidades enumeradas que un primera amorfo y sin inter\u00e9s.<\/em><\/span><\/p>\n<p><span style=\"color: #008000\"><em>&#8211;\u00a0\u00a0\u00a0\u00a0\u00a0 \u00bfHa encontrado mucha diferencia entre Primera y Segunda?<\/em><\/span><\/p>\n<p><span style=\"color: #008000\"><em>&#8211;\u00a0\u00a0\u00a0\u00a0\u00a0 Todav\u00eda resulta prematuro especificar. Por lo observado en estas cuarenta y ocho horas, s\u00ed que hay notable diferencia. Los equipos de Primera poseen una t\u00e9cnica que no dominan los de Segunda. Ahora, este enjuiciamiento no niega el inter\u00e9s y el entusiasmo que he comprobado en mis jugadores actuales, en los que pretendo inculcar eso de que carecen. En tales pretensiones espero encontrar espl\u00e9ndidos colaboradores en las figuras incorporadas. Y en las que vendr\u00e1n\u2026<\/em><\/span><\/p>\n<p><span style=\"color: #008000\"><em>&#8211;\u00a0\u00a0\u00a0\u00a0\u00a0 \u00bfQu\u00e9 impresi\u00f3n ha obtenido de Seguer?<\/em><\/span><\/p>\n<p><span style=\"color: #008000\"><em>&#8211;\u00a0\u00a0\u00a0\u00a0\u00a0 \u00a1Inmejorable\u00a1 Es un hombre que se cuida mucho, que vive para su profesi\u00f3n y que rinde cuanto puede. Ser\u00e1 uno de los m\u00e1s valiosos apoyos del equipo. Tambi\u00e9n me causaron espl\u00e9ndida impresi\u00f3n Santi y Rodri.<\/em><\/span><\/p>\n<p><span style=\"color: #008000\"><em>&#8211;\u00a0\u00a0\u00a0\u00a0\u00a0 \u00bfEs cierto que impuso la condici\u00f3n de fichar a cuatro jugadores de Primera Divisi\u00f3n?<\/em><\/span><\/p>\n<p><span style=\"color: #008000\"><em>&#8211;\u00a0\u00a0\u00a0\u00a0\u00a0 No es cierto. Aconsej\u00e9 que se apuntalara al equipo con elementos veteranos. Y de haberlo hecho a tiempo, ahora mismo contar\u00eda el Betis con tres m\u00e1s de gran fama<\/em><\/span><\/p>\n<p><span style=\"color: #008000\"><em>&#8211;\u00a0\u00a0\u00a0\u00a0\u00a0 \u00bfQui\u00e9nes?<\/em><\/span><\/p>\n<p><span style=\"color: #008000\"><em>&#8211;\u00a0\u00a0\u00a0\u00a0\u00a0 Casta\u00f1o, Murillo y Cerd\u00e1n<\/em><\/span><\/p>\n<p><span style=\"color: #008000\"><em>&#8211;\u00a0\u00a0\u00a0\u00a0\u00a0 \u00bfQu\u00e9 lo impidi\u00f3?<\/em><\/span><\/p>\n<p><span style=\"color: #008000\"><em>&#8211;\u00a0\u00a0\u00a0\u00a0\u00a0 La tardanza en las gestiones<\/em><\/span><\/p>\n<p><span style=\"color: #008000\"><em>&#8211;\u00a0\u00a0\u00a0\u00a0\u00a0 Dicen que Murillo pidi\u00f3 m\u00e1s de un mill\u00f3n de pesetas\u2026<\/em><\/span><\/p>\n<p><span style=\"color: #008000\"><em>\u00a0<\/em><\/span><\/p>\n<p><span style=\"color: #008000\"><em>Barrios hace un gesto ambiguo de incredulidad, y le preguntamos nuevamente:<\/em><\/span><\/p>\n<p><span style=\"color: #008000\"><em>\u00a0<\/em><\/span><\/p>\n<p><span style=\"color: #008000\"><em>-\u00bfEntorpecer\u00eda en las gestiones adquisitivas de los tres jugadores de referencia algunos terceros en discordia, de esos que \u201cadministran\u201d y viven de los ajustes de jugadores?<\/em><\/span><\/p>\n<p><span style=\"color: #008000\"><em>&#8211; En parte eso, y en parte que no se pudieron realizar con celeridad necesaria las gestiones pertinentes. Pero ya pas\u00f3, y ahora estamos tras un extremo y un delantero centro de mucha fuerza. Un vasco y un asturiano<\/em><\/span><\/p>\n<p><span style=\"color: #008000\"><em>&#8211; \u00a1Aj\u00e1\u00a1 Ya sabemos algo<\/em><\/span><\/p>\n<p><span style=\"color: #008000\"><em>\u00a0<\/em><\/span><\/p>\n<p><span style=\"color: #008000\"><em>&#8211;\u00a0\u00a0\u00a0\u00a0\u00a0 \u00bfConoce usted a la afici\u00f3n b\u00e9tica?<\/em><\/span><\/p>\n<p><span style=\"color: #008000\"><em>&#8211;\u00a0\u00a0\u00a0\u00a0\u00a0 De referencias. Tengo entendido que no hay dos en Espa\u00f1a como ella. Incondicional a su club\u00a0 y de una fidelidad extrema. Pero me gustar\u00eda aconsejar algo. S\u00e9 que la hinchada b\u00e9tica vive demasiado de prisa. En sus buenos deseos se adelanta a los acontecimientos y, a la postre, perjudica a la moral de todos. En principio, a los propios aficionados, que se ven decepcionados, y despu\u00e9s a los jugadores, que cuando es m\u00e1s necesario no tienen el aliento de los suyos, malogr\u00e1ndose ocasiones que pueden rectificar situaciones y enderezar el rumbo triunfal<\/em><\/span><\/p>\n<p><span style=\"color: #008000\"><em>&#8211;\u00a0\u00a0\u00a0\u00a0\u00a0 \u00bfVe usted muy dif\u00edcil la campa\u00f1a b\u00e9tica?<\/em><\/span><\/p>\n<p><span style=\"color: #008000\"><em>&#8211;\u00a0\u00a0\u00a0\u00a0\u00a0 Dada esa solera que adorna al club, la temporada no ser\u00e1 f\u00e1cil para mis muchachos. Habr\u00e1 que trabajar\u00a0 y esforzarnos lo indecible, y la Liga se ir\u00e1 desarrollando en su enorme amplitud en la media exacta del esfuerzo general<\/em><\/span><\/p>\n<p><span style=\"color: #008000\"><em>&#8211;\u00a0\u00a0\u00a0\u00a0\u00a0 \u00bfQu\u00e9 enemigos m\u00e1s dif\u00edciles tiene el Betis para aspirar al ascenso?<\/em><\/span><\/p>\n<p><span style=\"color: #008000\"><em>&#8211;\u00a0\u00a0\u00a0\u00a0\u00a0 El C\u00f3rdoba, que se ha reforzado con figuras veteranas y expertas; el Murcia, conjunto de inveteradas cualidades, y el Plus Ultra, en cuyas filas act\u00faan por lo menos siete profesionales excepcionales cedidos por el Real Madrid. Sin embargo, las dificultades del Betis estriban en su prestigio y en el hecho de ser considerado de antemano uno de los grandes favoritos<\/em><\/span><\/p>\n<p><span style=\"color: #008000\"><em>\u00a0<\/em><\/span><\/p>\n<p><span style=\"color: #008000\"><em>La entrevista la concluimos indagando los proyectos antes de la Liga. Y Barrios nos explica:<\/em><\/span><\/p>\n<p><span style=\"color: #008000\"><em>\u00a0<\/em><\/span><\/p>\n<p><span style=\"color: #008000\"><em>&#8211;\u00a0\u00a0\u00a0\u00a0\u00a0 Pues jugaremos varios encuentros amistosos con equipos de diversas estructuras y en terrenos de diferente \u00edndole, para una mejor adaptaci\u00f3n. Posiblemente nos enfrentaremos al Ja\u00e9n, al M\u00e1laga y a un equipo de la Tercera Divisi\u00f3n , la Lucentina, y luego el d\u00eda 8, aqu\u00ed en Heli\u00f3polis, recibiremos al Atl\u00e9tico de Madrid, inaugurando el ciclo 1957-58 en Sevilla. Y a continuaci\u00f3n \u00a1 A por el ascenso\u00a1\u00a0 \u00a0\u00a0<\/em><\/span><\/p>\n<figure id=\"attachment_32954\" aria-describedby=\"caption-attachment-32954\" style=\"width: 592px\" class=\"wp-caption aligncenter\"><a href=\"https:\/\/www.manquepierda.com\/historiarealbetis\/32947-entrevista-antonio-barrios-1957\/entrevista-antonio-barrios-1957-plantilla-nmp-marca-21-08-1957\/\" rel=\"attachment wp-att-32954\"><img data-recalc-dims=\"1\" loading=\"lazy\" decoding=\"async\" class=\"size-full wp-image-32954\" src=\"https:\/\/i0.wp.com\/www.manquepierda.com\/historiarealbetis\/files\/2013\/10\/Entrevista-Antonio-Barrios-1957-plantilla-NMP-Marca-21-08-1957.jpg?resize=592%2C368&#038;ssl=1\" alt=\"Entrevista Antonio Barrios 1957 plantilla (NMP) Marca 21-08-1957\" width=\"592\" height=\"368\" srcset=\"https:\/\/i0.wp.com\/www.manquepierda.com\/historiarealbetis\/files\/2013\/10\/Entrevista-Antonio-Barrios-1957-plantilla-NMP-Marca-21-08-1957.jpg?w=592&amp;ssl=1 592w, https:\/\/i0.wp.com\/www.manquepierda.com\/historiarealbetis\/files\/2013\/10\/Entrevista-Antonio-Barrios-1957-plantilla-NMP-Marca-21-08-1957.jpg?resize=220%2C136&amp;ssl=1 220w\" sizes=\"auto, (max-width: 592px) 100vw, 592px\" \/><\/a><figcaption id=\"caption-attachment-32954\" class=\"wp-caption-text\">La plantilla en su primera sesi\u00f3n de entrenamientos<\/figcaption><\/figure>\n","protected":false},"excerpt":{"rendered":"<p>Despu\u00e9s de los intentos fallidos de 1956, con Pepe Valera en el banquillo, y 1957, con Carlos Iturraspe, \u00a0la apuesta de Benito Villamar\u00edn fue fuerte. Para ello se trajo a Antonio Barrios, un t\u00e9cnico m\u00e1s que consolidado en la Primera Divisi\u00f3n y que hab\u00eda entrenado ya en la primera categor\u00eda \u00a0a Valladolid, Racing de Santander,&#8230;<\/p>\n","protected":false},"author":5,"featured_media":32951,"comment_status":"open","ping_status":"open","sticky":false,"template":"","format":"standard","meta":{"_kad_post_transparent":"","_kad_post_title":"","_kad_post_layout":"","_kad_post_sidebar_id":"","_kad_post_content_style":"","_kad_post_vertical_padding":"","_kad_post_feature":"","_kad_post_feature_position":"","_kad_post_header":false,"_kad_post_footer":false,"_kad_post_classname":"","_jetpack_memberships_contains_paid_content":false,"footnotes":"","jetpack_publicize_message":"","jetpack_publicize_feature_enabled":true,"jetpack_social_post_already_shared":true,"jetpack_social_options":{"image_generator_settings":{"template":"highway","default_image_id":0,"font":"","enabled":false},"version":2}},"categories":[901,892,1],"tags":[4331,2223,1249,16937],"class_list":["post-32947","post","type-post","status-publish","format-standard","has-post-thumbnail","hentry","category-1950-1959","category-entrenadores-temas","category-portada","tag-4331","tag-1957-58","tag-antonio-barrios","tag-juan-manuel-borbujo"],"jetpack_publicize_connections":[],"jetpack_featured_media_url":"https:\/\/i0.wp.com\/www.manquepierda.com\/historiarealbetis\/files\/2013\/10\/Entrevista-Antonio-Barrios-1957-NMP-Marca-21-08-19571.jpg?fit=172%2C336&ssl=1","jetpack_sharing_enabled":true,"jetpack_shortlink":"https:\/\/wp.me\/p1ij08-8zp","jetpack-related-posts":[],"_links":{"self":[{"href":"https:\/\/www.manquepierda.com\/historiarealbetis\/wp-json\/wp\/v2\/posts\/32947","targetHints":{"allow":["GET"]}}],"collection":[{"href":"https:\/\/www.manquepierda.com\/historiarealbetis\/wp-json\/wp\/v2\/posts"}],"about":[{"href":"https:\/\/www.manquepierda.com\/historiarealbetis\/wp-json\/wp\/v2\/types\/post"}],"author":[{"embeddable":true,"href":"https:\/\/www.manquepierda.com\/historiarealbetis\/wp-json\/wp\/v2\/users\/5"}],"replies":[{"embeddable":true,"href":"https:\/\/www.manquepierda.com\/historiarealbetis\/wp-json\/wp\/v2\/comments?post=32947"}],"version-history":[{"count":1,"href":"https:\/\/www.manquepierda.com\/historiarealbetis\/wp-json\/wp\/v2\/posts\/32947\/revisions"}],"predecessor-version":[{"id":99655,"href":"https:\/\/www.manquepierda.com\/historiarealbetis\/wp-json\/wp\/v2\/posts\/32947\/revisions\/99655"}],"wp:featuredmedia":[{"embeddable":true,"href":"https:\/\/www.manquepierda.com\/historiarealbetis\/wp-json\/wp\/v2\/media\/32951"}],"wp:attachment":[{"href":"https:\/\/www.manquepierda.com\/historiarealbetis\/wp-json\/wp\/v2\/media?parent=32947"}],"wp:term":[{"taxonomy":"category","embeddable":true,"href":"https:\/\/www.manquepierda.com\/historiarealbetis\/wp-json\/wp\/v2\/categories?post=32947"},{"taxonomy":"post_tag","embeddable":true,"href":"https:\/\/www.manquepierda.com\/historiarealbetis\/wp-json\/wp\/v2\/tags?post=32947"}],"curies":[{"name":"wp","href":"https:\/\/api.w.org\/{rel}","templated":true}]}}