{"id":32996,"date":"2013-10-15T07:21:21","date_gmt":"2013-10-15T05:21:21","guid":{"rendered":"http:\/\/www.manquepierda.com\/historiarealbetis\/?p=32996"},"modified":"2016-01-07T22:07:25","modified_gmt":"2016-01-07T21:07:25","slug":"la-caseta-de-feria-del-betis-1932","status":"publish","type":"post","link":"https:\/\/www.manquepierda.com\/historiarealbetis\/la-caseta-de-feria-del-betis-1932\/","title":{"rendered":"La caseta de Feria del Betis 1932"},"content":{"rendered":"<figure id=\"attachment_32997\" aria-describedby=\"caption-attachment-32997\" style=\"width: 680px\" class=\"wp-caption aligncenter\"><a href=\"https:\/\/www.manquepierda.com\/historiarealbetis\/32996-la-caseta-de-feria-del-betis-1932\/oct-16-la-caseta-de-feria-del-betis\/\" rel=\"attachment wp-att-32997\"><img data-recalc-dims=\"1\" loading=\"lazy\" decoding=\"async\" class=\"size-medium wp-image-32997\" src=\"https:\/\/i0.wp.com\/www.manquepierda.com\/historiarealbetis\/files\/2013\/10\/Oct-16-La-caseta-de-Feria-del-Betis.jpg?resize=680%2C438&#038;ssl=1\" alt=\" La caseta de Feria del Betis\" width=\"680\" height=\"438\" srcset=\"https:\/\/i0.wp.com\/www.manquepierda.com\/historiarealbetis\/files\/2013\/10\/Oct-16-La-caseta-de-Feria-del-Betis.jpg?resize=680%2C438&amp;ssl=1 680w, https:\/\/i0.wp.com\/www.manquepierda.com\/historiarealbetis\/files\/2013\/10\/Oct-16-La-caseta-de-Feria-del-Betis.jpg?resize=220%2C142&amp;ssl=1 220w, https:\/\/i0.wp.com\/www.manquepierda.com\/historiarealbetis\/files\/2013\/10\/Oct-16-La-caseta-de-Feria-del-Betis.jpg?w=821&amp;ssl=1 821w\" sizes=\"auto, (max-width: 680px) 100vw, 680px\" \/><\/a><figcaption id=\"caption-attachment-32997\" class=\"wp-caption-text\">Fuente: La Uni\u00f3n 20 de abril de 1932<\/figcaption><\/figure>\n<p>&nbsp;<\/p>\n<p>Abril de 1932 fue un mes festivo para el club verdiblanco. A comienzos de ese mes se hab\u00eda logrado el ascenso a la Primera Divisi\u00f3n y las celebraciones y la alegr\u00eda popular se desbord\u00f3 por toda la ciudad. En la Feria de Abril de ese a\u00f1o no faltaron las reuniones de homenaje a los jugadores b\u00e9ticos.<\/p>\n<p>En la imagen podemos apreciar la caseta instalada en el reciento ferial por el Betis Balompi\u00e9 y una masa de socios y seguidores que se agolpan para la fotograf\u00eda. En primer t\u00e9rmino, el tercero a la izquierda, el jugador Enrique Soladrero.<\/p>\n<p>Arriba al fondo el escudo del Betis Balompi\u00e9 con las dos B entrelazadas.<\/p>\n<p>La caseta del club b\u00e9tico fue galardonada ese a\u00f1o en el concurso de casetas por el Ayuntamiento con un tercer premio.<\/p>\n<figure id=\"attachment_32998\" aria-describedby=\"caption-attachment-32998\" style=\"width: 275px\" class=\"wp-caption aligncenter\"><a href=\"https:\/\/www.manquepierda.com\/historiarealbetis\/32996-la-caseta-de-feria-del-betis-1932\/20-la-caseta-de-feria-del-betis-concurso\/\" rel=\"attachment wp-att-32998\"><img data-recalc-dims=\"1\" loading=\"lazy\" decoding=\"async\" class=\"size-medium wp-image-32998\" src=\"https:\/\/i0.wp.com\/www.manquepierda.com\/historiarealbetis\/files\/2013\/10\/20-La-caseta-de-Feria-del-Betis-concurso.jpg?resize=275%2C600&#038;ssl=1\" alt=\"Fuente: La Uni\u00f3n 20 de abril de 1932\" width=\"275\" height=\"600\" srcset=\"https:\/\/i0.wp.com\/www.manquepierda.com\/historiarealbetis\/files\/2013\/10\/20-La-caseta-de-Feria-del-Betis-concurso.jpg?resize=275%2C600&amp;ssl=1 275w, https:\/\/i0.wp.com\/www.manquepierda.com\/historiarealbetis\/files\/2013\/10\/20-La-caseta-de-Feria-del-Betis-concurso.jpg?resize=101%2C220&amp;ssl=1 101w\" sizes=\"auto, (max-width: 275px) 100vw, 275px\" \/><\/a><figcaption id=\"caption-attachment-32998\" class=\"wp-caption-text\">Fuente: La Uni\u00f3n 20 de abril de 1932<\/figcaption><\/figure>\n<p>&nbsp;<\/p>\n<p>Y no faltaron los homenajes a jugadores b\u00e9ticos en otras casetas de la Feria sevillana, como este que se celebr\u00f3 en la caseta del Casino de San Bernardo a Peral y Romero, jugadores del popular barrio sevillano.<\/p>\n<figure id=\"attachment_32999\" aria-describedby=\"caption-attachment-32999\" style=\"width: 342px\" class=\"wp-caption aligncenter\"><a href=\"https:\/\/www.manquepierda.com\/historiarealbetis\/32996-la-caseta-de-feria-del-betis-1932\/15-almuerzo-en-la-feria-homenaje-a-peral-y-romero-nmp\/\" rel=\"attachment wp-att-32999\"><img data-recalc-dims=\"1\" loading=\"lazy\" decoding=\"async\" class=\"size-full wp-image-32999\" src=\"https:\/\/i0.wp.com\/www.manquepierda.com\/historiarealbetis\/files\/2013\/10\/15-Almuerzo-en-la-Feria-homenaje-a-Peral-y-Romero-NMP.jpg?resize=342%2C361&#038;ssl=1\" alt=\"Fuente: La Uni\u00f3n 15 de abril de 1932\" width=\"342\" height=\"361\" srcset=\"https:\/\/i0.wp.com\/www.manquepierda.com\/historiarealbetis\/files\/2013\/10\/15-Almuerzo-en-la-Feria-homenaje-a-Peral-y-Romero-NMP.jpg?w=342&amp;ssl=1 342w, https:\/\/i0.wp.com\/www.manquepierda.com\/historiarealbetis\/files\/2013\/10\/15-Almuerzo-en-la-Feria-homenaje-a-Peral-y-Romero-NMP.jpg?resize=208%2C220&amp;ssl=1 208w\" sizes=\"auto, (max-width: 342px) 100vw, 342px\" \/><\/a><figcaption id=\"caption-attachment-32999\" class=\"wp-caption-text\">Fuente: La Uni\u00f3n 15 de abril de 1932<\/figcaption><\/figure>\n<p>&nbsp;<\/p>\n","protected":false},"excerpt":{"rendered":"<p>&nbsp; Abril de 1932 fue un mes festivo para el club verdiblanco. A comienzos de ese mes se hab\u00eda logrado el ascenso a la Primera Divisi\u00f3n y las celebraciones y la alegr\u00eda popular se desbord\u00f3 por toda la ciudad. En la Feria de Abril de ese a\u00f1o no faltaron las reuniones de homenaje a los&#8230;<\/p>\n","protected":false},"author":5,"featured_media":32997,"comment_status":"open","ping_status":"open","sticky":false,"template":"","format":"standard","meta":{"_kad_post_transparent":"","_kad_post_title":"","_kad_post_layout":"","_kad_post_sidebar_id":"","_kad_post_content_style":"","_kad_post_vertical_padding":"","_kad_post_feature":"","_kad_post_feature_position":"","_kad_post_header":false,"_kad_post_footer":false,"_kad_post_classname":"","_jetpack_memberships_contains_paid_content":false,"footnotes":"","jetpack_publicize_message":"","jetpack_publicize_feature_enabled":true,"jetpack_social_post_already_shared":true,"jetpack_social_options":{"image_generator_settings":{"template":"highway","default_image_id":0,"font":"","enabled":false},"version":2}},"categories":[899,1],"tags":[44,9586,337],"class_list":["post-32996","post","type-post","status-publish","format-standard","has-post-thumbnail","hentry","category-1930-1939","category-portada","tag-44","tag-caseta-de-feria","tag-enrique-soladrero"],"jetpack_publicize_connections":[],"jetpack_featured_media_url":"https:\/\/i0.wp.com\/www.manquepierda.com\/historiarealbetis\/files\/2013\/10\/Oct-16-La-caseta-de-Feria-del-Betis.jpg?fit=821%2C530&ssl=1","jetpack_sharing_enabled":true,"jetpack_shortlink":"https:\/\/wp.me\/p1ij08-8Ac","jetpack-related-posts":[],"_links":{"self":[{"href":"https:\/\/www.manquepierda.com\/historiarealbetis\/wp-json\/wp\/v2\/posts\/32996","targetHints":{"allow":["GET"]}}],"collection":[{"href":"https:\/\/www.manquepierda.com\/historiarealbetis\/wp-json\/wp\/v2\/posts"}],"about":[{"href":"https:\/\/www.manquepierda.com\/historiarealbetis\/wp-json\/wp\/v2\/types\/post"}],"author":[{"embeddable":true,"href":"https:\/\/www.manquepierda.com\/historiarealbetis\/wp-json\/wp\/v2\/users\/5"}],"replies":[{"embeddable":true,"href":"https:\/\/www.manquepierda.com\/historiarealbetis\/wp-json\/wp\/v2\/comments?post=32996"}],"version-history":[{"count":0,"href":"https:\/\/www.manquepierda.com\/historiarealbetis\/wp-json\/wp\/v2\/posts\/32996\/revisions"}],"wp:featuredmedia":[{"embeddable":true,"href":"https:\/\/www.manquepierda.com\/historiarealbetis\/wp-json\/wp\/v2\/media\/32997"}],"wp:attachment":[{"href":"https:\/\/www.manquepierda.com\/historiarealbetis\/wp-json\/wp\/v2\/media?parent=32996"}],"wp:term":[{"taxonomy":"category","embeddable":true,"href":"https:\/\/www.manquepierda.com\/historiarealbetis\/wp-json\/wp\/v2\/categories?post=32996"},{"taxonomy":"post_tag","embeddable":true,"href":"https:\/\/www.manquepierda.com\/historiarealbetis\/wp-json\/wp\/v2\/tags?post=32996"}],"curies":[{"name":"wp","href":"https:\/\/api.w.org\/{rel}","templated":true}]}}