{"id":33001,"date":"2013-10-14T19:18:20","date_gmt":"2013-10-14T17:18:20","guid":{"rendered":"http:\/\/www.manquepierda.com\/historiarealbetis\/?p=33001"},"modified":"2024-08-27T08:16:19","modified_gmt":"2024-08-27T06:16:19","slug":"1933-octubre-29-mancomunado-centro-sur-athletic-club-madrid-4-vs-betis-balompie-0","status":"publish","type":"post","link":"https:\/\/www.manquepierda.com\/historiarealbetis\/1933-octubre-29-mancomunado-centro-sur-athletic-club-madrid-4-vs-betis-balompie-0\/","title":{"rendered":"1933-Octubre 29-Mancomunado Centro-Sur: Athl\u00e9tic Club Madrid-4 vs. Betis Balompi\u00e9-0."},"content":{"rendered":"<p><strong>1933-OCTUBRE 29.-DOMINGO EN MADRID.-SEGUNDA EDICI\u00d3N DEL CAMPEONATO MANCOMUNADO REGIONAL CENTRO-SUR.-CAMPO DE VALLECAS (1931-1935).-10\u00aa JORNADA Y \u00daLTIMA LIGUILLA TEMPORADA 1933-1934.<br \/>\n<\/strong><\/p>\n<p style=\"text-align: center\">Arbitr\u00f3 Egu\u00eda, mal.-Aline\u00f3 as\u00ed a las siguientes escuadras:<\/p>\n<figure id=\"attachment_33003\" aria-describedby=\"caption-attachment-33003\" style=\"width: 186px\" class=\"wp-caption aligncenter\"><a href=\"https:\/\/www.manquepierda.com\/historiarealbetis\/33001-1933-octubre-29-mancomunado-centro-sur-athletic-club-madrid-4-vs-betis-balompie-0\/atletico-de-madrid\/\" rel=\"attachment wp-att-33003\"><img data-recalc-dims=\"1\" loading=\"lazy\" decoding=\"async\" class=\"size-thumbnail wp-image-33003\" alt=\"internet\" src=\"https:\/\/i0.wp.com\/www.manquepierda.com\/historiarealbetis\/files\/2013\/10\/atletico-de-madrid.png?resize=186%2C220&#038;ssl=1\" width=\"186\" height=\"220\" srcset=\"https:\/\/i0.wp.com\/www.manquepierda.com\/historiarealbetis\/files\/2013\/10\/atletico-de-madrid.png?resize=186%2C220&amp;ssl=1 186w, https:\/\/i0.wp.com\/www.manquepierda.com\/historiarealbetis\/files\/2013\/10\/atletico-de-madrid.png?w=237&amp;ssl=1 237w\" sizes=\"auto, (max-width: 186px) 100vw, 186px\" \/><\/a><figcaption id=\"caption-attachment-33003\" class=\"wp-caption-text\">Segundo clasificado con 14 Puntos.-ATHL\u00c9TIC CLUB DE MADRID-4 Tantos.<\/figcaption><\/figure>\n<p style=\"text-align: center\">10\u00ba Presidente 1931-1935, don Rafael Gonz\u00e1lez Iglesias.<\/p>\n<p style=\"text-align: center\">Entrenador ingl\u00e9s Mr. Fedrerick Beaconsfield PENTLAND.<\/p>\n<p style=\"text-align: center\">Salvador Fern\u00e1ndez PACHECO (portero).-Alfonso OLASO-Pedro MENDARO (defensas).-REY-Eduardo ORD\u00d3\u00d1EZ-FELICIANO G\u00f3mez (medios).-Lu\u00eds MAR\u00cdN-Santiago BUIR\u00cdA-Julio Antonio EL\u00cdCEGUI (1-0.-Primer tiempo: 2-0 tras el descanso reglamentario; 3-0.-80 minutos; 4-0.-86 minutos)-\u00c1ngel AROCHA-AMUN\u00c1RRIZ (delanteros).<\/p>\n<p style=\"text-align: center\"><em><strong>VS.<\/strong><\/em><\/p>\n<figure id=\"attachment_32042\" aria-describedby=\"caption-attachment-32042\" style=\"width: 154px\" class=\"wp-caption aligncenter\"><a href=\"https:\/\/www.manquepierda.com\/historiarealbetis\/32036-1933-noviembre-05-primera-division-betis-balompie-2-goles-vs-racing-santander-1\/1932-rbb-43\/\" rel=\"attachment wp-att-32042\"><img data-recalc-dims=\"1\" loading=\"lazy\" decoding=\"async\" class=\"size-full wp-image-32042\" alt=\"art\u00edfice-autor Enrique A\u00f1ino ilzarbe de Andueza.\" src=\"https:\/\/i0.wp.com\/www.manquepierda.com\/historiarealbetis\/files\/2013\/08\/1932-RBB1.jpg?resize=154%2C154&#038;ssl=1\" width=\"154\" height=\"154\" srcset=\"https:\/\/i0.wp.com\/www.manquepierda.com\/historiarealbetis\/files\/2013\/08\/1932-RBB1.jpg?w=154&amp;ssl=1 154w, https:\/\/i0.wp.com\/www.manquepierda.com\/historiarealbetis\/files\/2013\/08\/1932-RBB1.jpg?resize=500%2C500&amp;ssl=1 500w\" sizes=\"auto, (max-width: 154px) 100vw, 154px\" \/><\/a><figcaption id=\"caption-attachment-32042\" class=\"wp-caption-text\"><em><strong>Tercer Clasificado con 10 PUNTOS.-BETIS BALOMPI\u00c9-0 Goles.<\/strong><\/em><\/figcaption><\/figure>\n<p style=\"text-align: center\"><em><strong>XXVI PRESIDENTE REAL_BETIS BALOMPI\u00c9-Temporada 1933-1934:<\/strong><\/em><\/p>\n<figure id=\"attachment_32425\" aria-describedby=\"caption-attachment-32425\" style=\"width: 158px\" class=\"wp-caption aligncenter\"><a href=\"https:\/\/www.manquepierda.com\/historiarealbetis\/32424-1934-1935-el-betis-balompie-ante-la-competicion-de-liga-por-antonio-olmedo\/antonio-moreno-sevillano-26opresidente-rbb\/\" rel=\"attachment wp-att-32425\"><img data-recalc-dims=\"1\" loading=\"lazy\" decoding=\"async\" class=\"size-thumbnail wp-image-32425\" alt=\"CPEAC-Campe\u00f3n 103-Foto original Serrano.\" src=\"https:\/\/i0.wp.com\/www.manquepierda.com\/historiarealbetis\/files\/2013\/09\/Antonio-Moreno-Sevillano-26%C2%BAPresidente-RBB.jpg?resize=158%2C220&#038;ssl=1\" width=\"158\" height=\"220\" srcset=\"https:\/\/i0.wp.com\/www.manquepierda.com\/historiarealbetis\/files\/2013\/09\/Antonio-Moreno-Sevillano-26%C2%BAPresidente-RBB.jpg?resize=158%2C220&amp;ssl=1 158w, https:\/\/i0.wp.com\/www.manquepierda.com\/historiarealbetis\/files\/2013\/09\/Antonio-Moreno-Sevillano-26%C2%BAPresidente-RBB.jpg?resize=431%2C600&amp;ssl=1 431w, https:\/\/i0.wp.com\/www.manquepierda.com\/historiarealbetis\/files\/2013\/09\/Antonio-Moreno-Sevillano-26%C2%BAPresidente-RBB.jpg?resize=503%2C700&amp;ssl=1 503w, https:\/\/i0.wp.com\/www.manquepierda.com\/historiarealbetis\/files\/2013\/09\/Antonio-Moreno-Sevillano-26%C2%BAPresidente-RBB.jpg?w=860&amp;ssl=1 860w\" sizes=\"auto, (max-width: 158px) 100vw, 158px\" \/><\/a><figcaption id=\"caption-attachment-32425\" class=\"wp-caption-text\"><em><strong>Don ANTONIO MORENO SEVILLANO.-32 a\u00f1os.-Ilustre Jurista.<\/strong><\/em><\/figcaption><\/figure>\n<p style=\"text-align: center\"><em><strong>Natural de OSUNA (Sevilla),\u00a0 viernes 09 de Agosto de 1901.-Falleci\u00f3 en SEVILLA,\u00a0 viernes 28 de Abril de 1978.-76 A\u00f1os.-D. E. P.<\/strong><\/em><\/p>\n<p style=\"text-align: center\"><em><strong>ENTRENADOR BETIS BALOMPI\u00c9:<\/strong><\/em><\/p>\n<figure id=\"attachment_32395\" aria-describedby=\"caption-attachment-32395\" style=\"width: 132px\" class=\"wp-caption aligncenter\"><a href=\"https:\/\/www.manquepierda.com\/historiarealbetis\/32390-1934-septiembre-30-superregional-levante-sur-betis-balompie-3-goals-vs-murcia-cf-0\/patrickjosephoconnell-16\/\" rel=\"attachment wp-att-32395\"><img data-recalc-dims=\"1\" loading=\"lazy\" decoding=\"async\" class=\"size-thumbnail wp-image-32395\" alt=\"colecci\u00f3n e. a. c.\" src=\"https:\/\/i0.wp.com\/www.manquepierda.com\/historiarealbetis\/files\/2013\/09\/PatrickJosephOCONNELL.jpg?resize=132%2C220&#038;ssl=1\" width=\"132\" height=\"220\" srcset=\"https:\/\/i0.wp.com\/www.manquepierda.com\/historiarealbetis\/files\/2013\/09\/PatrickJosephOCONNELL.jpg?resize=132%2C220&amp;ssl=1 132w, https:\/\/i0.wp.com\/www.manquepierda.com\/historiarealbetis\/files\/2013\/09\/PatrickJosephOCONNELL.jpg?w=206&amp;ssl=1 206w\" sizes=\"auto, (max-width: 132px) 100vw, 132px\" \/><\/a><figcaption id=\"caption-attachment-32395\" class=\"wp-caption-text\"><em><strong>Mr. PATRICK JOSEPH O&#8217;CONNELL: 46 a\u00f1os+7 meses y 21 d\u00edas.<\/strong><\/em><\/figcaption><\/figure>\n<p style=\"text-align: center\"><em><strong>Natural de DUBLIN (Irlanda),\u00a0 martes 08 de Marzo de 1887.-Falleciendo en ST PANCRAS-Londres (Inglatera), viernes 27 de Febrero de 1959.-71 A\u00f1os.-D. E. P.<br \/>\n<\/strong><\/em><\/p>\n<figure id=\"attachment_33004\" aria-describedby=\"caption-attachment-33004\" style=\"width: 507px\" class=\"wp-caption aligncenter\"><a href=\"https:\/\/www.manquepierda.com\/historiarealbetis\/33001-1933-octubre-29-mancomunado-centro-sur-athletic-club-madrid-4-vs-betis-balompie-0\/bb-3\/\" rel=\"attachment wp-att-33004\"><img data-recalc-dims=\"1\" loading=\"lazy\" decoding=\"async\" class=\"size-medium wp-image-33004\" alt=\"CP-Estampa n\u00ba304-foto original\" src=\"https:\/\/i0.wp.com\/www.manquepierda.com\/historiarealbetis\/files\/2013\/10\/BB.jpg?resize=507%2C600&#038;ssl=1\" width=\"507\" height=\"600\" srcset=\"https:\/\/i0.wp.com\/www.manquepierda.com\/historiarealbetis\/files\/2013\/10\/BB.jpg?resize=507%2C600&amp;ssl=1 507w, https:\/\/i0.wp.com\/www.manquepierda.com\/historiarealbetis\/files\/2013\/10\/BB.jpg?resize=186%2C220&amp;ssl=1 186w, https:\/\/i0.wp.com\/www.manquepierda.com\/historiarealbetis\/files\/2013\/10\/BB.jpg?resize=592%2C700&amp;ssl=1 592w, https:\/\/i0.wp.com\/www.manquepierda.com\/historiarealbetis\/files\/2013\/10\/BB.jpg?w=903&amp;ssl=1 903w\" sizes=\"auto, (max-width: 507px) 100vw, 507px\" \/><\/a><figcaption id=\"caption-attachment-33004\" class=\"wp-caption-text\"><em><strong>\u00abUna parada magn\u00edfica del guardameta verdiblanco Jos\u00e9 Lu\u00eds ESPINOSA Pach\u00f3n\u00bb.-<\/strong><\/em>CP-Estampa n\u00ba304-foto original.<\/figcaption><\/figure>\n<p style=\"text-align: center\"><em><strong>Natural de LA CAROLINA (Ja\u00e9n),\u00a0 s\u00e1bado 14 de Junio de 1913.-No localizadas ciudad y fecha fallecimiento, si ha lugar D. E. P.<\/strong><\/em><\/p>\n<p style=\"text-align: center\"><em><strong>Temporadas 1933-1934 \u00e1 1934-1935; ambas inclusive.<\/strong><\/em><\/p>\n<p style=\"text-align: center\"><em><strong>ARESO-AEDO.-Zagueros.<\/strong><\/em><\/p>\n<p style=\"text-align: center\"><em><strong>ADOLFITO-SOLADRERO-LECUE.-Medios.<\/strong><\/em><\/p>\n<p style=\"text-align: center\"><em><strong>Delanteros:\u00a0 TIMIMI-SARO-UNAMUNO-Juan ROCASOLANO Camacho y<\/strong><\/em><\/p>\n<figure id=\"attachment_33005\" aria-describedby=\"caption-attachment-33005\" style=\"width: 139px\" class=\"wp-caption aligncenter\"><a href=\"https:\/\/www.manquepierda.com\/historiarealbetis\/33001-1933-octubre-29-mancomunado-centro-sur-athletic-club-madrid-4-vs-betis-balompie-0\/manolin\/\" rel=\"attachment wp-att-33005\"><img data-recalc-dims=\"1\" loading=\"lazy\" decoding=\"async\" class=\"size-thumbnail wp-image-33005\" alt=\"Ambidiestro extremo-delantero del Betis Balompi\u00e9.\" src=\"https:\/\/i0.wp.com\/www.manquepierda.com\/historiarealbetis\/files\/2013\/10\/MANOLIN.jpg?resize=139%2C220&#038;ssl=1\" width=\"139\" height=\"220\" srcset=\"https:\/\/i0.wp.com\/www.manquepierda.com\/historiarealbetis\/files\/2013\/10\/MANOLIN.jpg?resize=139%2C220&amp;ssl=1 139w, https:\/\/i0.wp.com\/www.manquepierda.com\/historiarealbetis\/files\/2013\/10\/MANOLIN.jpg?resize=379%2C600&amp;ssl=1 379w, https:\/\/i0.wp.com\/www.manquepierda.com\/historiarealbetis\/files\/2013\/10\/MANOLIN.jpg?resize=443%2C700&amp;ssl=1 443w, https:\/\/i0.wp.com\/www.manquepierda.com\/historiarealbetis\/files\/2013\/10\/MANOLIN.jpg?w=996&amp;ssl=1 996w\" sizes=\"auto, (max-width: 139px) 100vw, 139px\" \/><\/a><figcaption id=\"caption-attachment-33005\" class=\"wp-caption-text\">Ambidiestro extremo\u00a0 del Betis Balompi\u00e9-Temporada 1933-1934.<\/figcaption><\/figure>\n<p style=\"text-align: left\">CLASIFICACI\u00d3N FINAL DE LA SEGUNDA EDICI\u00d3N DEL CAMPEONATO MANCOMUNADO REGIONAL LIGUILLA 1933-1934 (10 Jornadas.-Desde el domingo 03-Septiembre hasta el domingo 29 de Octubre de 1933), ambas inclusives.<\/p>\n<p style=\"text-align: center\">1\u00ba.-Madrid Cf-16 Puntos.<\/p>\n<p style=\"text-align: center\">2\u00ba.-Athl\u00e9tic Club de Madrid-14 Puntos.<\/p>\n<p style=\"text-align: center\"><em><strong>3\u00ba.-BETIS BALOMPI\u00c9-10 PUNTOS: 3-Ganados,\u00a0 4-Empatados y 3-Perdidos.-19 Goles a Favor y 20 Tantos en Contra.<br \/>\n<\/strong><\/em><\/p>\n<p style=\"text-align: center\">4\u00ba.-Sevilla Cf-10 Puntos.<\/p>\n<p style=\"text-align: center\">5\u00ba.-Club Deportivo Nacional-7 Puntos.<\/p>\n<p style=\"text-align: center\">6\u00ba.-Valladolid Deportivo-3 Puntos.<\/p>\n<figure id=\"attachment_33974\" aria-describedby=\"caption-attachment-33974\" style=\"width: 680px\" class=\"wp-caption aligncenter\"><a href=\"https:\/\/www.manquepierda.com\/historiarealbetis\/33001-1933-octubre-29-mancomunado-centro-sur-athletic-club-madrid-4-vs-betis-balompie-0\/19331029-atm-4-bb-0\/\" rel=\"attachment wp-att-33974\"><img data-recalc-dims=\"1\" loading=\"lazy\" decoding=\"async\" class=\"size-medium wp-image-33974\" alt=\"mmm\" src=\"https:\/\/i0.wp.com\/www.manquepierda.com\/historiarealbetis\/files\/2013\/10\/19331029-ATM-4-BB-0.jpg?resize=680%2C376&#038;ssl=1\" width=\"680\" height=\"376\" srcset=\"https:\/\/i0.wp.com\/www.manquepierda.com\/historiarealbetis\/files\/2013\/10\/19331029-ATM-4-BB-0.jpg?resize=680%2C376&amp;ssl=1 680w, https:\/\/i0.wp.com\/www.manquepierda.com\/historiarealbetis\/files\/2013\/10\/19331029-ATM-4-BB-0.jpg?resize=220%2C121&amp;ssl=1 220w, https:\/\/i0.wp.com\/www.manquepierda.com\/historiarealbetis\/files\/2013\/10\/19331029-ATM-4-BB-0.jpg?resize=960%2C531&amp;ssl=1 960w, https:\/\/i0.wp.com\/www.manquepierda.com\/historiarealbetis\/files\/2013\/10\/19331029-ATM-4-BB-0.jpg?w=1909&amp;ssl=1 1909w\" sizes=\"auto, (max-width: 680px) 100vw, 680px\" \/><\/a><figcaption id=\"caption-attachment-33974\" class=\"wp-caption-text\"><strong>\u00abINTERVENCI\u00d3N DEL META B\u00c9TICO ESPINOSA\u00bb-CP-AHORA N\u00ba 898-Fot\u00f3grafo MARINA\u00bb.<\/strong><\/figcaption><\/figure>\n<p style=\"text-align: center\"><strong>El Campeonato Nacional de Primera Divisi\u00f3n-Temporada 1933-1934: Domingo 05-Noviembre-1933,\u00a0 primera jornada; hasta domingo 04-Marzo-1934,\u00a0 18\u00aa jornada y \u00faltima; ambas inclusive.<\/strong><\/p>\n<p style=\"text-align: center\">\n","protected":false},"excerpt":{"rendered":"<p>1933-OCTUBRE 29.-DOMINGO EN MADRID.-SEGUNDA EDICI\u00d3N DEL CAMPEONATO MANCOMUNADO REGIONAL CENTRO-SUR.-CAMPO DE VALLECAS (1931-1935).-10\u00aa JORNADA Y \u00daLTIMA LIGUILLA TEMPORADA 1933-1934. Arbitr\u00f3 Egu\u00eda, mal.-Aline\u00f3 as\u00ed a las siguientes escuadras: 10\u00ba Presidente 1931-1935, don Rafael Gonz\u00e1lez Iglesias. Entrenador ingl\u00e9s Mr. Fedrerick Beaconsfield PENTLAND. Salvador Fern\u00e1ndez PACHECO (portero).-Alfonso OLASO-Pedro MENDARO (defensas).-REY-Eduardo ORD\u00d3\u00d1EZ-FELICIANO G\u00f3mez (medios).-Lu\u00eds MAR\u00cdN-Santiago BUIR\u00cdA-Julio Antonio EL\u00cdCEGUI (1-0.-Primer&#8230;<\/p>\n","protected":false},"author":48,"featured_media":33004,"comment_status":"open","ping_status":"open","sticky":false,"template":"","format":"standard","meta":{"_kad_post_transparent":"","_kad_post_title":"","_kad_post_layout":"","_kad_post_sidebar_id":"","_kad_post_content_style":"","_kad_post_vertical_padding":"","_kad_post_feature":"","_kad_post_feature_position":"","_kad_post_header":false,"_kad_post_footer":false,"_kad_post_classname":"","_jetpack_memberships_contains_paid_content":false,"footnotes":"","jetpack_publicize_message":"","jetpack_publicize_feature_enabled":true,"jetpack_social_post_already_shared":true,"jetpack_social_options":{"image_generator_settings":{"template":"highway","default_image_id":0,"font":"","enabled":false},"version":2}},"categories":[899,1],"tags":[1537,2242,15850,13849,17828],"class_list":["post-33001","post","type-post","status-publish","format-standard","has-post-thumbnail","hentry","category-1930-1939","category-portada","tag-1537","tag-1933-34","tag-athletic-club-madrid","tag-club-atletico-de-madrid","tag-liga-primera-1933-34"],"jetpack_publicize_connections":[],"jetpack_featured_media_url":"https:\/\/i0.wp.com\/www.manquepierda.com\/historiarealbetis\/files\/2013\/10\/BB.jpg?fit=903%2C1067&ssl=1","jetpack_sharing_enabled":true,"jetpack_shortlink":"https:\/\/wp.me\/p1ij08-8Ah","jetpack-related-posts":[],"_links":{"self":[{"href":"https:\/\/www.manquepierda.com\/historiarealbetis\/wp-json\/wp\/v2\/posts\/33001","targetHints":{"allow":["GET"]}}],"collection":[{"href":"https:\/\/www.manquepierda.com\/historiarealbetis\/wp-json\/wp\/v2\/posts"}],"about":[{"href":"https:\/\/www.manquepierda.com\/historiarealbetis\/wp-json\/wp\/v2\/types\/post"}],"author":[{"embeddable":true,"href":"https:\/\/www.manquepierda.com\/historiarealbetis\/wp-json\/wp\/v2\/users\/48"}],"replies":[{"embeddable":true,"href":"https:\/\/www.manquepierda.com\/historiarealbetis\/wp-json\/wp\/v2\/comments?post=33001"}],"version-history":[{"count":1,"href":"https:\/\/www.manquepierda.com\/historiarealbetis\/wp-json\/wp\/v2\/posts\/33001\/revisions"}],"predecessor-version":[{"id":97954,"href":"https:\/\/www.manquepierda.com\/historiarealbetis\/wp-json\/wp\/v2\/posts\/33001\/revisions\/97954"}],"wp:featuredmedia":[{"embeddable":true,"href":"https:\/\/www.manquepierda.com\/historiarealbetis\/wp-json\/wp\/v2\/media\/33004"}],"wp:attachment":[{"href":"https:\/\/www.manquepierda.com\/historiarealbetis\/wp-json\/wp\/v2\/media?parent=33001"}],"wp:term":[{"taxonomy":"category","embeddable":true,"href":"https:\/\/www.manquepierda.com\/historiarealbetis\/wp-json\/wp\/v2\/categories?post=33001"},{"taxonomy":"post_tag","embeddable":true,"href":"https:\/\/www.manquepierda.com\/historiarealbetis\/wp-json\/wp\/v2\/tags?post=33001"}],"curies":[{"name":"wp","href":"https:\/\/api.w.org\/{rel}","templated":true}]}}