{"id":33014,"date":"2022-06-11T09:51:00","date_gmt":"2022-06-11T07:51:00","guid":{"rendered":"http:\/\/www.manquepierda.com\/historiarealbetis\/?p=33014"},"modified":"2022-06-10T19:15:00","modified_gmt":"2022-06-10T17:15:00","slug":"antonio-moguer-siempre-betico-1952","status":"publish","type":"post","link":"https:\/\/www.manquepierda.com\/historiarealbetis\/antonio-moguer-siempre-betico-1952\/","title":{"rendered":"Antonio Moguer. Siempre B\u00e9tico. 1952"},"content":{"rendered":"<p><a href=\"https:\/\/www.manquepierda.com\/historiarealbetis\/33014-antonio-moguer-siempre-betico-1952\/antonio-moguer-1952\/\" rel=\"attachment wp-att-33015\"><img data-recalc-dims=\"1\" loading=\"lazy\" decoding=\"async\" class=\"wp-image-33015    aligncenter\" src=\"https:\/\/i0.wp.com\/www.manquepierda.com\/historiarealbetis\/files\/2013\/10\/Antonio-Moguer-1952.jpg?resize=261%2C372&#038;ssl=1\" alt=\"Antonio Moguer 1952\" width=\"261\" height=\"372\" srcset=\"https:\/\/i0.wp.com\/www.manquepierda.com\/historiarealbetis\/files\/2013\/10\/Antonio-Moguer-1952.jpg?w=407&amp;ssl=1 407w, https:\/\/i0.wp.com\/www.manquepierda.com\/historiarealbetis\/files\/2013\/10\/Antonio-Moguer-1952.jpg?resize=154%2C220&amp;ssl=1 154w\" sizes=\"auto, (max-width: 261px) 100vw, 261px\" \/><\/a><\/p>\n<p>Sin lugar a dudas Antonio Moguer M\u00e1rquez ha sido uno de los aficionados m\u00e1s caracter\u00edsticos y peculiares en la ya larga y centenaria historia de nuestro club.<\/p>\n<p>El Chato Moguer, como era popularmente conocido, natural de Sanl\u00facar la Mayor, donde la Pe\u00f1a B\u00e9tica lleva su nombre, acompa\u00f1\u00f3 a su Betis durante much\u00edsimos a\u00f1os por toda la geograf\u00eda por la que el Betis jug\u00f3, desde los a\u00f1os de la Tercera Divisi\u00f3n hasta \u00e9pocas m\u00e1s nombradas ya en Primera en los 60 y en los 70.<\/p>\n<p>Son infinidad las an\u00e9cdotas que vivi\u00f3 y fue un personaje popular y entra\u00f1able, no s\u00f3lo para los aficionados b\u00e9ticos en general sino tambi\u00e9n en todos los lugares por los que proclam\u00f3 su Beticismo.<\/p>\n<p>En la imagen de la izquierda aparece en 1952 retratado entre dos jugadores b\u00e9ticos: Eduardo Le\u00f3n y Francisco Espina.<\/p>\n<p>De \u00e9l rescatamos esta informaci\u00f3n que apareci\u00f3 en el diario vespertino Sevilla el 25 de noviembre de 1952, y en la que se nos cuenta como ante una denuncia recibida en su propio pueblo por parte de las autoridades municipales se defendi\u00f3 alegando que<\/p>\n<p><em>\u00ab<span style=\"color: #008000\">Yo no he sido nunca partidista, dijo tan tranquilo. De lo \u00fanico que soy partidario es del f\u00fatbol, y particularmente del Betis\u201d.<\/span><\/em><\/p>\n<p><span style=\"color: #008000\"><em>\u00bfUstedes saben qui\u00e9n es Antonio Moguer M\u00e1rquez? El que frecuente el campo de Heli\u00f3polis en d\u00edas de partido de f\u00fatbol lo conocer\u00e1 sin duda. Es b\u00e9tico hasta la m\u00e9dula y grita como el primero. No atiende al juego de su equipo favorito la mayor\u00eda de las veces, pero sin embargo se vuelve cara al p\u00fablico y no pasa un domingo sin soltarle interminable discurso.<\/em><\/span><\/p>\n<p><em><span style=\"color: #008000\">Pues bien, esta ma\u00f1ana compareci\u00f3 ante la<\/span> <span style=\"color: #008000\">Sala segunda de lo criminal acusado de un delito de injurias contra ciertas autoridades del pueblo de Sanl\u00facar la Mayor, donde tiene o ha tenido su residencia habitual.<\/span><\/em><\/p>\n<p><span style=\"color: #008000\"><em>Antonio, en la \u00e9poca en que la cuesti\u00f3n de las subsistencias andaba apretada y el mercado negro estaba en su apogeo, escribi\u00f3 unas cartas, en son de broma, dice \u00e9l, con destino a diversos vecinos del pueblo, en las cuales vert\u00eda conceptos equivocados sobre dichas autoridades. Llegado que hubo este hecho a conocimiento del alcalde, \u00e9ste orden\u00f3 la incautaci\u00f3n de dichas misivas, depositadas en correo, y procedi\u00f3 judicialmente contra Antonio, cuya conducta merece ahora, a juicio del fiscal, la pena de cuatro meses de c\u00e1rcel.<\/em><\/span><\/p>\n<p><span style=\"color: #008000\"><em>La defensa, primordialmente, se\u00f1al\u00f3 que la conducta del acusado no pod\u00eda considerarse delictiva, toda vez que \u00e9l no hab\u00eda tenido la intenci\u00f3n de insultar a nadie. Hab\u00eda hecho tan solo un comentario jocoso, sin trascendencia alguna, comentario \u00e9ste, adem\u00e1s, que no se hizo p\u00fablico debido a la actuaci\u00f3n del alcalde.<\/em><\/span><\/p>\n<p><em><span style=\"color: #008000\">Antonio, en su declaraci\u00f3n, corrobor\u00f3 lo anteriormente expuesto, declar\u00e1ndose apol\u00edtico. \u201cYo no he sido nunca partidista, dijo tan tranquilo. De lo \u00fanico que soy partidario es del f\u00fatbol, y particularmente del Betis\u201d.<\/span><\/em><\/p>\n<p><span style=\"color: #008000\"><em>Menos mal que no acab\u00f3 su declaraci\u00f3n con un \u00a1Viva el Betis\u00a1 de los que \u00e9l suele gastar.<\/em><\/span><\/p>\n<p><em>\u00a0<\/em><\/p>\n<p>Sevilla 25 de noviembre de 1952<\/p>\n","protected":false},"excerpt":{"rendered":"<p>Sin lugar a dudas Antonio Moguer M\u00e1rquez ha sido uno de los aficionados m\u00e1s caracter\u00edsticos y peculiares en la ya larga y centenaria historia de nuestro club. El Chato Moguer, como era popularmente conocido, natural de Sanl\u00facar la Mayor, donde la Pe\u00f1a B\u00e9tica lleva su nombre, acompa\u00f1\u00f3 a su Betis durante much\u00edsimos a\u00f1os por toda&#8230;<\/p>\n","protected":false},"author":5,"featured_media":33015,"comment_status":"open","ping_status":"open","sticky":false,"template":"","format":"standard","meta":{"_kad_post_transparent":"","_kad_post_title":"","_kad_post_layout":"","_kad_post_sidebar_id":"","_kad_post_content_style":"","_kad_post_vertical_padding":"","_kad_post_feature":"","_kad_post_feature_position":"","_kad_post_header":false,"_kad_post_footer":false,"_kad_post_classname":"","_jetpack_memberships_contains_paid_content":false,"footnotes":"","jetpack_publicize_message":"","jetpack_publicize_feature_enabled":true,"jetpack_social_post_already_shared":true,"jetpack_social_options":{"image_generator_settings":{"template":"highway","default_image_id":0,"font":"","enabled":false},"version":2}},"categories":[901,894,1],"tags":[4664,4655,1135,1347],"class_list":["post-33014","post","type-post","status-publish","format-standard","has-post-thumbnail","hentry","category-1950-1959","category-la-aficion","category-portada","tag-4664","tag-antonio-moguer","tag-eduardo-leon-leoncito","tag-francisco-espina"],"jetpack_publicize_connections":[],"jetpack_featured_media_url":"https:\/\/i0.wp.com\/www.manquepierda.com\/historiarealbetis\/files\/2013\/10\/Antonio-Moguer-1952.jpg?fit=407%2C581&ssl=1","jetpack_sharing_enabled":true,"jetpack_shortlink":"https:\/\/wp.me\/p1ij08-8Au","jetpack-related-posts":[],"_links":{"self":[{"href":"https:\/\/www.manquepierda.com\/historiarealbetis\/wp-json\/wp\/v2\/posts\/33014","targetHints":{"allow":["GET"]}}],"collection":[{"href":"https:\/\/www.manquepierda.com\/historiarealbetis\/wp-json\/wp\/v2\/posts"}],"about":[{"href":"https:\/\/www.manquepierda.com\/historiarealbetis\/wp-json\/wp\/v2\/types\/post"}],"author":[{"embeddable":true,"href":"https:\/\/www.manquepierda.com\/historiarealbetis\/wp-json\/wp\/v2\/users\/5"}],"replies":[{"embeddable":true,"href":"https:\/\/www.manquepierda.com\/historiarealbetis\/wp-json\/wp\/v2\/comments?post=33014"}],"version-history":[{"count":3,"href":"https:\/\/www.manquepierda.com\/historiarealbetis\/wp-json\/wp\/v2\/posts\/33014\/revisions"}],"predecessor-version":[{"id":84743,"href":"https:\/\/www.manquepierda.com\/historiarealbetis\/wp-json\/wp\/v2\/posts\/33014\/revisions\/84743"}],"wp:featuredmedia":[{"embeddable":true,"href":"https:\/\/www.manquepierda.com\/historiarealbetis\/wp-json\/wp\/v2\/media\/33015"}],"wp:attachment":[{"href":"https:\/\/www.manquepierda.com\/historiarealbetis\/wp-json\/wp\/v2\/media?parent=33014"}],"wp:term":[{"taxonomy":"category","embeddable":true,"href":"https:\/\/www.manquepierda.com\/historiarealbetis\/wp-json\/wp\/v2\/categories?post=33014"},{"taxonomy":"post_tag","embeddable":true,"href":"https:\/\/www.manquepierda.com\/historiarealbetis\/wp-json\/wp\/v2\/tags?post=33014"}],"curies":[{"name":"wp","href":"https:\/\/api.w.org\/{rel}","templated":true}]}}