{"id":33035,"date":"2013-10-16T15:32:09","date_gmt":"2013-10-16T13:32:09","guid":{"rendered":"http:\/\/www.manquepierda.com\/historiarealbetis\/?p=33035"},"modified":"2024-09-24T07:16:44","modified_gmt":"2024-09-24T05:16:44","slug":"1934-septiembre-23-mancomunado-levante-sur-oeste-betis-balompie-0-vs-hercules-alicante-1","status":"publish","type":"post","link":"https:\/\/www.manquepierda.com\/historiarealbetis\/1934-septiembre-23-mancomunado-levante-sur-oeste-betis-balompie-0-vs-hercules-alicante-1\/","title":{"rendered":"1934-Septiembre 23-Mancomunado Levante-Sur Oeste: Betis Balompi\u00e9-0 vs. H\u00e9rcules Alicante-1."},"content":{"rendered":"<p><strong>1934-SEPTIEMBRE 23.-DOMINGO EN LA \u00abCIUDAD DEL BETIS\u00bb.-CAMPO MUNICIPAL DE DEPORTES \u00abPATRONATO OBRERO\u00bb.-SEGUNDA JORNADA DEL CAMPEONATO SUPERREGIONAL GRUPO QUINTO (VALENCIA-MURCIA Y SUR-OESTE ANDALUC\u00cdA).-TEMPORADA 1934-1935.<\/strong><\/p>\n<p style=\"text-align: center\">Arbitr\u00f3 el colegiado madrile\u00f1o Ezequiel MONTERO Rom\u00e1n.-Aline\u00f3 as\u00ed a las siguientes escuadras:<\/p>\n<p style=\"text-align: center\">\n<figure id=\"attachment_32042\" aria-describedby=\"caption-attachment-32042\" style=\"width: 154px\" class=\"wp-caption aligncenter\"><a href=\"https:\/\/www.manquepierda.com\/historiarealbetis\/32036-1933-noviembre-05-primera-division-betis-balompie-2-goles-vs-racing-santander-1\/1932-rbb-43\/\" rel=\"attachment wp-att-32042\"><img data-recalc-dims=\"1\" loading=\"lazy\" decoding=\"async\" class=\"size-full wp-image-32042\" alt=\"art\u00edfice-autor Enrique A\u00f1ino ilzarbe de Andueza.\" src=\"https:\/\/i0.wp.com\/www.manquepierda.com\/historiarealbetis\/files\/2013\/08\/1932-RBB1.jpg?resize=154%2C154&#038;ssl=1\" width=\"154\" height=\"154\" srcset=\"https:\/\/i0.wp.com\/www.manquepierda.com\/historiarealbetis\/files\/2013\/08\/1932-RBB1.jpg?w=154&amp;ssl=1 154w, https:\/\/i0.wp.com\/www.manquepierda.com\/historiarealbetis\/files\/2013\/08\/1932-RBB1.jpg?resize=500%2C500&amp;ssl=1 500w\" sizes=\"auto, (max-width: 154px) 100vw, 154px\" \/><\/a><figcaption id=\"caption-attachment-32042\" class=\"wp-caption-text\"><em><strong>5\u00ba Clasificado-1 Punto.-BETIS BALOMPI\u00c9-0 goals.<\/strong><\/em><\/figcaption><\/figure>\n<p>&nbsp;<\/p>\n<p style=\"text-align: center\"><strong>XXVI PRESIDENTE REAL_BETIS BALOMPI\u00c9:<\/strong><\/p>\n<figure id=\"attachment_32425\" aria-describedby=\"caption-attachment-32425\" style=\"width: 158px\" class=\"wp-caption aligncenter\"><a href=\"https:\/\/www.manquepierda.com\/historiarealbetis\/32424-1934-1935-el-betis-balompie-ante-la-competicion-de-liga-por-antonio-olmedo\/antonio-moreno-sevillano-26opresidente-rbb\/\" rel=\"attachment wp-att-32425\"><img data-recalc-dims=\"1\" loading=\"lazy\" decoding=\"async\" class=\"size-thumbnail wp-image-32425\" alt=\"CPEAC-Campe\u00f3n 103-Foto original Serrano.\" src=\"https:\/\/i0.wp.com\/www.manquepierda.com\/historiarealbetis\/files\/2013\/09\/Antonio-Moreno-Sevillano-26%C2%BAPresidente-RBB.jpg?resize=158%2C220&#038;ssl=1\" width=\"158\" height=\"220\" srcset=\"https:\/\/i0.wp.com\/www.manquepierda.com\/historiarealbetis\/files\/2013\/09\/Antonio-Moreno-Sevillano-26%C2%BAPresidente-RBB.jpg?resize=158%2C220&amp;ssl=1 158w, https:\/\/i0.wp.com\/www.manquepierda.com\/historiarealbetis\/files\/2013\/09\/Antonio-Moreno-Sevillano-26%C2%BAPresidente-RBB.jpg?resize=431%2C600&amp;ssl=1 431w, https:\/\/i0.wp.com\/www.manquepierda.com\/historiarealbetis\/files\/2013\/09\/Antonio-Moreno-Sevillano-26%C2%BAPresidente-RBB.jpg?resize=503%2C700&amp;ssl=1 503w, https:\/\/i0.wp.com\/www.manquepierda.com\/historiarealbetis\/files\/2013\/09\/Antonio-Moreno-Sevillano-26%C2%BAPresidente-RBB.jpg?w=860&amp;ssl=1 860w\" sizes=\"auto, (max-width: 158px) 100vw, 158px\" \/><\/a><figcaption id=\"caption-attachment-32425\" class=\"wp-caption-text\"><strong>DON ANTONIO MORENO SEVILLANO: 33 a\u00f1os+1 mes y 14 d\u00edas.-Jurista de gran prestigio.<\/strong><\/figcaption><\/figure>\n<p style=\"text-align: center\"><strong>OSUNA (Sevilla), viernes 09-Agosto-1901.-\u00abCIUDAD DEL BETIS\u00bb, viernes 28-Abril-1978.-76 A\u00f1os.-D. E. P.<\/strong><\/p>\n<figure id=\"attachment_33036\" aria-describedby=\"caption-attachment-33036\" style=\"width: 166px\" class=\"wp-caption aligncenter\"><a href=\"https:\/\/www.manquepierda.com\/historiarealbetis\/33035-1934-septiembre-23-mancomunado-levante-sur-oeste-betis-balompie-0-vs-hercules-alicante-1\/mister-oconnell-10\/\" rel=\"attachment wp-att-33036\"><img data-recalc-dims=\"1\" loading=\"lazy\" decoding=\"async\" class=\"size-thumbnail wp-image-33036\" alt=\"Patrick\" src=\"https:\/\/i0.wp.com\/www.manquepierda.com\/historiarealbetis\/files\/2013\/10\/M%C3%ADster-OConnell.jpg?resize=166%2C220&#038;ssl=1\" width=\"166\" height=\"220\" srcset=\"https:\/\/i0.wp.com\/www.manquepierda.com\/historiarealbetis\/files\/2013\/10\/M%C3%ADster-OConnell.jpg?resize=166%2C220&amp;ssl=1 166w, https:\/\/i0.wp.com\/www.manquepierda.com\/historiarealbetis\/files\/2013\/10\/M%C3%ADster-OConnell.jpg?w=186&amp;ssl=1 186w\" sizes=\"auto, (max-width: 166px) 100vw, 166px\" \/><\/a><figcaption id=\"caption-attachment-33036\" class=\"wp-caption-text\"><strong>PATRICK JOSEPH O&#8217;CONNELL-Entrenador Betis Balompi\u00e9.-47 A\u00f1os, 6 meses y 15 d\u00edas.<\/strong><\/figcaption><\/figure>\n<p style=\"text-align: center\"><strong>DUBL\u00cdN (Irlanda), martes 08-Marzo-1887.-ST PANCRAS-Londres (Inglaterra), viernes 27-Febrero-1959.-71 A\u00f1os.-D. E. P.<\/strong><\/p>\n<p style=\"text-align: center\">\n<figure id=\"attachment_33037\" aria-describedby=\"caption-attachment-33037\" style=\"width: 249px\" class=\"wp-caption aligncenter\"><a href=\"https:\/\/www.manquepierda.com\/historiarealbetis\/33035-1934-septiembre-23-mancomunado-levante-sur-oeste-betis-balompie-0-vs-hercules-alicante-1\/cp19340923\/\" rel=\"attachment wp-att-33037\"><img data-recalc-dims=\"1\" loading=\"lazy\" decoding=\"async\" class=\"size-medium wp-image-33037\" alt=\"Joaqu\u00edn URQUIAGA Legarburu\" src=\"https:\/\/i0.wp.com\/www.manquepierda.com\/historiarealbetis\/files\/2013\/10\/CP19340923.jpg?resize=249%2C600&#038;ssl=1\" width=\"249\" height=\"600\" srcset=\"https:\/\/i0.wp.com\/www.manquepierda.com\/historiarealbetis\/files\/2013\/10\/CP19340923.jpg?resize=249%2C600&amp;ssl=1 249w, https:\/\/i0.wp.com\/www.manquepierda.com\/historiarealbetis\/files\/2013\/10\/CP19340923.jpg?resize=91%2C220&amp;ssl=1 91w, https:\/\/i0.wp.com\/www.manquepierda.com\/historiarealbetis\/files\/2013\/10\/CP19340923.jpg?resize=291%2C700&amp;ssl=1 291w, https:\/\/i0.wp.com\/www.manquepierda.com\/historiarealbetis\/files\/2013\/10\/CP19340923.jpg?w=538&amp;ssl=1 538w\" sizes=\"auto, (max-width: 249px) 100vw, 249px\" \/><\/a><figcaption id=\"caption-attachment-33037\" class=\"wp-caption-text\"><strong>JOAQU\u00cdN URQUIAGA LEGARBURU (24 a\u00f1os).-Guardameta (CP-Estampa n\u00ba 351-foto original parcial Gonsanhi.<\/strong><\/figcaption><\/figure>\n<p style=\"text-align: center\"><strong>ZORROTZA (Bilbao), martes 29-Marzo-1910.-BILBAO (Vizcaya), domingo 25-Julio-1965.-55 A\u00f1os.-D. E. P.<\/strong><\/p>\n<p style=\"text-align: center\"><strong>Zagueros:\u00a0 Pedro Pablo ARESO Aramburu (Diestro) y Seraf\u00edn AEDO Renieblas (Zurdo).<\/strong><\/p>\n<p style=\"text-align: center\"><strong>Medios:\u00a0 Jos\u00e9 Su\u00e1rez Gonz\u00e1lez (a) \u00abPERAL\u00bb (Diestro)-Ces\u00e1reo BARAGA\u00d1O \u00c1lvarez (27 a\u00f1os.-Centro Temporada 1934-1935.-MIERES (Asturias), s\u00e1bado 03-Agosto-1907.-\u00bf? 00-07-1970.-76 A\u00f1os.-D. E. P.)-Rufino Fern\u00e1ndez de LARRIONOA Magunaurrekoetxea (Zurdo).<\/strong><\/p>\n<p style=\"text-align: center\"><strong>Delanteros:\u00a0 Pedro Gonz\u00e1lez S\u00e1nchez (a) \u00abTIMIMI\u00bb (Extremo Diestro)-Jos\u00e9 RANCEL Toledo (Interior Diestro)-Victorio UNAMUNO Ibarzabal (Centro delantero-ARIETE)-Antonio FERN\u00c1NDEZ Jim\u00e9nez (Interior Zurdo)-Sim\u00f3n LECUE Andrade (Extremo Zurdo).<\/strong><\/p>\n<p style=\"text-align: center\">VS.<\/p>\n<p style=\"text-align: center\"><a href=\"https:\/\/www.manquepierda.com\/historiarealbetis\/33035-1934-septiembre-23-mancomunado-levante-sur-oeste-betis-balompie-0-vs-hercules-alicante-1\/hcf\/\" rel=\"attachment wp-att-33039\"><img data-recalc-dims=\"1\" loading=\"lazy\" decoding=\"async\" class=\"aligncenter size-thumbnail wp-image-33039\" alt=\"HCF\" src=\"https:\/\/i0.wp.com\/www.manquepierda.com\/historiarealbetis\/files\/2013\/10\/HCF.jpeg?resize=192%2C220&#038;ssl=1\" width=\"192\" height=\"220\" srcset=\"https:\/\/i0.wp.com\/www.manquepierda.com\/historiarealbetis\/files\/2013\/10\/HCF.jpeg?resize=192%2C220&amp;ssl=1 192w, https:\/\/i0.wp.com\/www.manquepierda.com\/historiarealbetis\/files\/2013\/10\/HCF.jpeg?w=210&amp;ssl=1 210w\" sizes=\"auto, (max-width: 192px) 100vw, 192px\" \/><\/a>Primer Clasificado con 4 Puntos.-H\u00c9RCULES DE ALICANTE FC-1 Tanto.<\/p>\n<p style=\"text-align: center\">P\u00c9REZ (portero).-OBIOLS-MACI\u00c1 (defensas).-SALVADOR-MEDINA-M\u00daJICA (medios).-IRLES-SOSA (0-1.-76 minutos)-CERVERA-TATONO-ROLD\u00c1N (delanteros).<\/p>\n<p style=\"text-align: center\"><strong>RESULTADOS Y CLASIFICACI\u00d3N GENERAL TRAS LA SEGUNDA JORNADA DEL CAMPEONATO SUPERREGIONAL-GRUPO V-TEMPORADA 1934-1935:<\/strong><\/p>\n<figure id=\"attachment_33038\" aria-describedby=\"caption-attachment-33038\" style=\"width: 509px\" class=\"wp-caption aligncenter\"><a href=\"https:\/\/www.manquepierda.com\/historiarealbetis\/33035-1934-septiembre-23-mancomunado-levante-sur-oeste-betis-balompie-0-vs-hercules-alicante-1\/lvg19340924\/\" rel=\"attachment wp-att-33038\"><img data-recalc-dims=\"1\" loading=\"lazy\" decoding=\"async\" class=\"size-full wp-image-33038\" alt=\"LVG 19340935.\" src=\"https:\/\/i0.wp.com\/www.manquepierda.com\/historiarealbetis\/files\/2013\/10\/lvg19340924.jpg?resize=509%2C264&#038;ssl=1\" width=\"509\" height=\"264\" srcset=\"https:\/\/i0.wp.com\/www.manquepierda.com\/historiarealbetis\/files\/2013\/10\/lvg19340924.jpg?w=509&amp;ssl=1 509w, https:\/\/i0.wp.com\/www.manquepierda.com\/historiarealbetis\/files\/2013\/10\/lvg19340924.jpg?resize=220%2C114&amp;ssl=1 220w\" sizes=\"auto, (max-width: 509px) 100vw, 509px\" \/><\/a><figcaption id=\"caption-attachment-33038\" class=\"wp-caption-text\">LVG-B-Martes 25-09-1934.<\/figcaption><\/figure>\n","protected":false},"excerpt":{"rendered":"<p>1934-SEPTIEMBRE 23.-DOMINGO EN LA \u00abCIUDAD DEL BETIS\u00bb.-CAMPO MUNICIPAL DE DEPORTES \u00abPATRONATO OBRERO\u00bb.-SEGUNDA JORNADA DEL CAMPEONATO SUPERREGIONAL GRUPO QUINTO (VALENCIA-MURCIA Y SUR-OESTE ANDALUC\u00cdA).-TEMPORADA 1934-1935. Arbitr\u00f3 el colegiado madrile\u00f1o Ezequiel MONTERO Rom\u00e1n.-Aline\u00f3 as\u00ed a las siguientes escuadras: &nbsp; XXVI PRESIDENTE REAL_BETIS BALOMPI\u00c9: OSUNA (Sevilla), viernes 09-Agosto-1901.-\u00abCIUDAD DEL BETIS\u00bb, viernes 28-Abril-1978.-76 A\u00f1os.-D. E. P. DUBL\u00cdN (Irlanda), martes 08-Marzo-1887.-ST&#8230;<\/p>\n","protected":false},"author":48,"featured_media":33037,"comment_status":"open","ping_status":"open","sticky":false,"template":"","format":"standard","meta":{"_kad_post_transparent":"","_kad_post_title":"","_kad_post_layout":"","_kad_post_sidebar_id":"","_kad_post_content_style":"","_kad_post_vertical_padding":"","_kad_post_feature":"","_kad_post_feature_position":"","_kad_post_header":false,"_kad_post_footer":false,"_kad_post_classname":"","_jetpack_memberships_contains_paid_content":false,"footnotes":"","jetpack_publicize_message":"","jetpack_publicize_feature_enabled":true,"jetpack_social_post_already_shared":true,"jetpack_social_options":{"image_generator_settings":{"template":"highway","default_image_id":0,"font":"","enabled":false},"version":2}},"categories":[899,1],"tags":[1536,2267,17871,2706],"class_list":["post-33035","post","type-post","status-publish","format-standard","has-post-thumbnail","hentry","category-1930-1939","category-portada","tag-1536","tag-1934-35","tag-campeonato-mancomunado-1934-35","tag-hercules-cf"],"jetpack_publicize_connections":[],"jetpack_featured_media_url":"https:\/\/i0.wp.com\/www.manquepierda.com\/historiarealbetis\/files\/2013\/10\/CP19340923.jpg?fit=538%2C1294&ssl=1","jetpack_sharing_enabled":true,"jetpack_shortlink":"https:\/\/wp.me\/p1ij08-8AP","jetpack-related-posts":[],"_links":{"self":[{"href":"https:\/\/www.manquepierda.com\/historiarealbetis\/wp-json\/wp\/v2\/posts\/33035","targetHints":{"allow":["GET"]}}],"collection":[{"href":"https:\/\/www.manquepierda.com\/historiarealbetis\/wp-json\/wp\/v2\/posts"}],"about":[{"href":"https:\/\/www.manquepierda.com\/historiarealbetis\/wp-json\/wp\/v2\/types\/post"}],"author":[{"embeddable":true,"href":"https:\/\/www.manquepierda.com\/historiarealbetis\/wp-json\/wp\/v2\/users\/48"}],"replies":[{"embeddable":true,"href":"https:\/\/www.manquepierda.com\/historiarealbetis\/wp-json\/wp\/v2\/comments?post=33035"}],"version-history":[{"count":1,"href":"https:\/\/www.manquepierda.com\/historiarealbetis\/wp-json\/wp\/v2\/posts\/33035\/revisions"}],"predecessor-version":[{"id":99656,"href":"https:\/\/www.manquepierda.com\/historiarealbetis\/wp-json\/wp\/v2\/posts\/33035\/revisions\/99656"}],"wp:featuredmedia":[{"embeddable":true,"href":"https:\/\/www.manquepierda.com\/historiarealbetis\/wp-json\/wp\/v2\/media\/33037"}],"wp:attachment":[{"href":"https:\/\/www.manquepierda.com\/historiarealbetis\/wp-json\/wp\/v2\/media?parent=33035"}],"wp:term":[{"taxonomy":"category","embeddable":true,"href":"https:\/\/www.manquepierda.com\/historiarealbetis\/wp-json\/wp\/v2\/categories?post=33035"},{"taxonomy":"post_tag","embeddable":true,"href":"https:\/\/www.manquepierda.com\/historiarealbetis\/wp-json\/wp\/v2\/tags?post=33035"}],"curies":[{"name":"wp","href":"https:\/\/api.w.org\/{rel}","templated":true}]}}