{"id":33085,"date":"2013-10-23T07:54:51","date_gmt":"2013-10-23T05:54:51","guid":{"rendered":"http:\/\/www.manquepierda.com\/historiarealbetis\/?p=33085"},"modified":"2024-09-24T07:18:54","modified_gmt":"2024-09-24T05:18:54","slug":"la-llegada-del-betis-de-vigo-1932","status":"publish","type":"post","link":"https:\/\/www.manquepierda.com\/historiarealbetis\/la-llegada-del-betis-de-vigo-1932\/","title":{"rendered":"La llegada del Betis de Vigo 1932"},"content":{"rendered":"<p><a href=\"https:\/\/www.manquepierda.com\/historiarealbetis\/?attachment_id=33086\" rel=\"attachment wp-att-33086\"><img data-recalc-dims=\"1\" loading=\"lazy\" decoding=\"async\" class=\"aligncenter size-medium wp-image-33086\" alt=\"El regreso del Betis\" src=\"https:\/\/i0.wp.com\/www.manquepierda.com\/historiarealbetis\/files\/2013\/10\/El-regreso-del-Betis.jpg?resize=680%2C184&#038;ssl=1\" width=\"680\" height=\"184\" srcset=\"https:\/\/i0.wp.com\/www.manquepierda.com\/historiarealbetis\/files\/2013\/10\/El-regreso-del-Betis.jpg?resize=680%2C184&amp;ssl=1 680w, https:\/\/i0.wp.com\/www.manquepierda.com\/historiarealbetis\/files\/2013\/10\/El-regreso-del-Betis.jpg?resize=220%2C59&amp;ssl=1 220w, https:\/\/i0.wp.com\/www.manquepierda.com\/historiarealbetis\/files\/2013\/10\/El-regreso-del-Betis.jpg?w=698&amp;ssl=1 698w\" sizes=\"auto, (max-width: 680px) 100vw, 680px\" \/><\/a><\/p>\n<p>La victoria del Betis el 20 de marzo en casa sobre el Oviedo le situaba en primer lugar de la clasificaci\u00f3n de la Segunda Divisi\u00f3n, a falta de solo 2 jornadas. El ascenso depend\u00eda exclusivamente de lo que hiciera el equipo b\u00e9tico, al superar en un punto en la clasificaci\u00f3n al Oviedo. S\u00f3lo quedaba visitar Bala\u00eddos y recibir en el Patronato al Deportivo de La Coru\u00f1a para certificar el ascenso.<\/p>\n<p>El 27 de marzo el Betis arrancaba un empate a 1 en Bala\u00eddos con gol de Soladrero. El Betis es \u00a0primero con 23 puntos, seguido por Sporting con 22 y Oviedo con 21. Una semana despu\u00e9s, al vencer al Deportivo, subir\u00eda oficialmente a Primera. Pero ya, a la vuelta de Vigo, la emoci\u00f3n se desbord\u00f3 por la ciudad de Sevilla.<\/p>\n<p>&nbsp;<\/p>\n<p>As\u00ed contaba el martes 29 de marzo el diario La Uni\u00f3n la llegada de la expedici\u00f3n b\u00e9tica, esperada para esa tarde en torno a las siete de la tarde.<\/p>\n<p>&nbsp;<\/p>\n<p><strong><em>Esta tarde llegar\u00e1n los jugadores del Betis.<\/em><\/strong><\/p>\n<p><strong><em>\u00a0<\/em><\/strong><\/p>\n<p><strong><em>Se les prepara un recibimiento entusiasta<\/em><\/strong><\/p>\n<p><em>\u00a0<\/em><\/p>\n<p><em>Los \u00a0jugadores del Betis Balompi\u00e9, que con su esfuerzo en Vigo, consiguiendo el empate con el Celta, quedan clasificados como favoritos para l\u00edderes del torneo de la Segunda Divisi\u00f3n, llegar\u00e1n esta tarde a Sevilla.<\/em><\/p>\n<p><em>Con tal motivo, el incontable n\u00famero de incondicionales les prepara un recibimiento que, a no dudar, resultar\u00e1 cari\u00f1os\u00edsimo.<\/em><\/p>\n<p><em>\u00a0<\/em><\/p>\n<p><em>Como el equipo ha hecho el viaje en autom\u00f3vil, no puede precisarse la hora exacta en que arribar\u00e1 a Sevilla.<\/em><\/p>\n<p><em>\u00a0<\/em><\/p>\n<p><em>Por lo pronto se han lanzado a la carretera a recibirlo en ruta numerosos aficionados, formando una verdadera caravana automovil\u00edstica. Estos acompa\u00f1ar\u00e1n a los jugadores en su entrada en Sevilla.<\/em><\/p>\n<p><em>\u00a0<\/em><\/p>\n<p><em>La Directiva, por su parte, y a petici\u00f3n de numerosos socios, ha dispuesto que la expedici\u00f3n haga punto de llegada en la Plaza de San Francisco (hoy de la Rep\u00fablica), frente al Bar Jerezano, calcul\u00e1ndose, seg\u00fan las noticias que se tienen de los excursionistas, que \u00e9stos llegar\u00e1n a dicho lugar aproximadamente a las siete de la tarde, y all\u00ed los aguardar\u00e1n, concitados, los aficionados, para tributarles un cari\u00f1oso recibimiento.<\/em><\/p>\n<p><em>\u00a0<\/em><\/p>\n<p>Fuente: La Uni\u00f3n 29 de marzo de 1932<\/p>\n<p>&nbsp;<\/p>\n<p>&nbsp;<\/p>\n<p>Y as\u00ed contaba en su edici\u00f3n del mi\u00e9rcoles 30 el entusiasta recibimiento que Sevilla le dispens\u00f3.<\/p>\n<p>&nbsp;<\/p>\n<p><em><strong>El regreso del Betis. Se le hizo un recibimiento extraordinario<\/strong><b>\u00a0 <\/b><\/em><\/p>\n<p><em><b>\u00a0<\/b><\/em><\/p>\n<p><em>Como hab\u00edamos anunciado, llegaron anoche a Sevilla los jugadores que componen el equipo del Betis Balompi\u00e9, a los que la afici\u00f3n les hab\u00eda preparado un recibimiento que rebasa los l\u00edmites de lo extraordinario.<\/em><\/p>\n<p><em>\u00a0<\/em><\/p>\n<p><em>Desde mucho antes la hora anunciada para la llegada de la expedici\u00f3n futbolera, se hab\u00eda desplazado a la carretera de Extremadura una verdadera caravana de aficionados, partidarios del club \u201cpepino\u201d, que pugnaban por disputarse el honor de ser los primeros en darles la bienvenida a los victoriosos jugadores.<\/em><\/p>\n<p><em>\u00a0<\/em><\/p>\n<p><em>La animaci\u00f3n por la carretera era extraordinaria.<\/em><\/p>\n<p><em>\u00a0<\/em><\/p>\n<p><strong><em>En las Pajanosas hacen alto los excursionistas<\/em><\/strong><\/p>\n<p><em><b>\u00a0<\/b><\/em><\/p>\n<p><em>\u00a0<\/em><\/p>\n<p><em>Los primeros coches que divisaron a los jugadores los alcanzaron cerca de Las Pajanosas, y a poca distancia de este lugar hicieron alto unos y otros, uni\u00e9ndose a ellos los numerosos coches que llegaban de Sevilla.<\/em><\/p>\n<p><em>\u00a0<\/em><\/p>\n<p><em>En una venta fueron obsequiados los jugadores. El espect\u00e1culo estaba saturado de una jovialidad y de una simpat\u00eda sin l\u00edmites. La venta no estaba acondicionada para atender a tan concurrido personal, y los expedicionarios se encargaron del despacho y la venta \u201cal por mayor\u201d, auxiliando al due\u00f1o de la industria. Timimi preguntaba, ante el espect\u00e1culo: \u201c\u00bfPero es que se ha resuelto la huelga de taberneros?\u201d. Garc\u00eda de la Puerta cuidaba paternalmente de que no se excedieran sus compa\u00f1eros en el consumo de la bebida, y Peral, como chico con zapatos nuevos, no sab\u00eda como corresponder al recibimiento, y rompi\u00f3 en un \u00a1Viva el Betis\u00a1, que desbord\u00f3 el entusiasmo.<\/em><\/p>\n<p><em>\u00a0<\/em><\/p>\n<p><strong><em>La entrada en Sevilla. Se interrumpe la circulaci\u00f3n por el centro <\/em><\/strong><\/p>\n<p><em>\u00a0<\/em><\/p>\n<p><em>La entrada en Sevilla fue una verdadera apoteosis deportiva. Ya en La Pa\u00f1oleta y Triana se hab\u00eda unido a la manifestaci\u00f3n un sinn\u00famero de aficionados, y el acontecimiento constituy\u00f3 un verdadero conflicto para la circulaci\u00f3n, la que qued\u00f3 interrumpida desde la calle Reyes Cat\u00f3licos en todo el trayecto hasta la Plaza de San Francisco.<\/em><\/p>\n<p><em>\u00a0<\/em><\/p>\n<p><strong><em>Se desborda el entusiasmo <\/em><\/strong><\/p>\n<p><em>\u00a0<\/em><\/p>\n<p><em>El p\u00fablico no cesaba de aclamar al Betis y a los jugadores. Un grupo cogi\u00f3 en hombros, a la llegada a la Plaza de la Rep\u00fablica, al capit\u00e1n del equipo, y lo llev\u00f3 en dicha forma por la calle de las Sierpes hasta la secretar\u00eda del club. El p\u00fablico que le segu\u00eda se estacion\u00f3 largo rato ante las oficinas del club haciendo palmas y dando v\u00edtores al equipo.<\/em><\/p>\n<p><em>\u00a0<\/em><\/p>\n<p><em><strong>Hablando con el capit\u00e1n\u00a0<\/strong><b>\u00a0\u00a0\u00a0\u00a0 <\/b><\/em><\/p>\n<p><em><b>\u00a0<\/b><\/em><\/p>\n<p><em>Logramos a duras penas cambiar unas palabras con Andr\u00e9s Aranda, capit\u00e1n del equipo. Aranda, el sevillano deportista, poseedor de la \u201cmedalla del m\u00e9rito futbol\u00edstico\u201d en la anterior temporada, estaba verdaderamente emocionado.<\/em><\/p>\n<p><em>\u00a0<\/em><\/p>\n<p><em>&#8211;\u00a0\u00a0\u00a0\u00a0\u00a0 \u00bfQu\u00e9 nos dice usted del recibimiento?<\/em><\/p>\n<p><em>&#8211;\u00a0\u00a0\u00a0\u00a0\u00a0 \u00a1 Algo grande \u00a1 Nuevo en Sevilla. Demuestra que la afici\u00f3n entra por unos derroteros nuevos para Sevilla. \u00bfQui\u00e9n habr\u00eda de decirlo? Le digo que lo veo y no lo creo<\/em><\/p>\n<p><em>&#8211;\u00a0\u00a0\u00a0\u00a0\u00a0 \u00bfQu\u00e9 tal el viaje?<\/em><\/p>\n<p><em>&#8211;\u00a0\u00a0\u00a0\u00a0\u00a0 Deseando ver la Giralda<\/em><\/p>\n<p><em>&#8211;\u00a0\u00a0\u00a0\u00a0\u00a0 \u00bfNada m\u00e1s?<\/em><\/p>\n<p><em>&#8211;\u00a0\u00a0\u00a0\u00a0\u00a0 Y la Alameda, y a ustedes, que son unos grandes amigos\u2026Le aseguro que esta tarde he sentido, cr\u00e9alo, la emoci\u00f3n m\u00e1s intensa de mi vida deportiva<\/em><\/p>\n<p><em>&#8211;\u00a0\u00a0\u00a0\u00a0\u00a0 Y de Vigo, \u00bfQu\u00e9 puede decirse?<\/em><\/p>\n<p><em>&#8211;\u00a0\u00a0\u00a0\u00a0\u00a0 M\u00e1s vale no hablar de ello. Hemos soportado unos noventa minutos de juego que para nosotros se quedan. Preg\u00fanteselo usted a Soladrero, que ha sido la v\u00edctima m\u00e1s destacada del partido. Para colmo volvieron a lesionarle en el mismo ojo que sufri\u00f3 el golpe en el partido del Oviedo<\/em><\/p>\n<p><em>&#8211;\u00a0\u00a0\u00a0\u00a0\u00a0 \u00bfEntonces, el p\u00fablico\u2026?<\/em><\/p>\n<p><em>&#8211;\u00a0\u00a0\u00a0\u00a0\u00a0 El p\u00fablico chill\u00e1ndonos como nunca he o\u00eddo chillar. No parec\u00eda sino que jugaban ellos la final y no nosotros. Y lo peor era que aplaud\u00edan a rabiar cada vez que hac\u00eda un jugador de los suyos una entrada de las de \u201cabrigo\u201d, y era cada dos minutos. Le digo que m\u00e1s vale no hablar del partido\u2026<\/em><\/p>\n<p><em>&#8211;\u00a0\u00a0\u00a0\u00a0\u00a0 \u00bfQu\u00e9 ha sido lo m\u00e1s interesante de la excursi\u00f3n?<\/em><\/p>\n<p><em>&#8211;\u00a0\u00a0\u00a0\u00a0\u00a0 Lo m\u00e1s emocionante para nosotros, cuando divisamos, sin esperarlo siquiera, esta caravana automovil\u00edstica que sali\u00f3 a recibirnos a la carretera. Al principio cre\u00edmos que se trataba de turistas que ven\u00edan de Sevilla\u2026 Es tan raro que el p\u00fablico de Sevilla se lance a estas manifestaciones entusiastas fuera de los d\u00edas de partido, que, la verdad, lleg\u00f3 a emocionarnos a todos<\/em><\/p>\n<p><em>\u00a0<\/em><\/p>\n<p><em>\u00a0<\/em><\/p>\n<p><em>No pudimos hablar m\u00e1s con el capit\u00e1n del Betis Balompi\u00e9; un grupo de \u201cverdes\u201d, pero de un \u201cverde subid\u00edsimo\u201d, nos arrebat\u00f3 a nuestro interlocutor y en volandas le llevaron escaleras debajo de la secretar\u00eda del club.<\/em><\/p>\n<p><em>\u00a0<\/em><\/p>\n<p><em>Cuando abandonamos el local societario, a\u00fan continuaba el j\u00fabilo y el jolgorio.<\/em><\/p>\n<p><em>\u00a0<\/em><\/p>\n<p><em>Salimos bajo la impresi\u00f3n de que el f\u00fatbol en Sevilla entraba en una fase desconocida para la afici\u00f3n; de una etapa de una intensidad nueva para los veteranos deportistas sevillanos.<\/em><\/p>\n<p><em>\u00a0<\/em><\/p>\n<p><em>En la calle, Garc\u00eda de la Puerta, rodeado de varios taurinos de la Puerta del Arenal, inquir\u00eda noticias sobre el resultado e incidencias de la corrida del domingo anterior, y mostraba gran inter\u00e9s en la conversaci\u00f3n. Nos atrevimos a preguntarle:<\/em><\/p>\n<p><em>\u00a0<\/em><\/p>\n<p><em>&#8211;\u00a0\u00a0\u00a0\u00a0\u00a0 \u00bfGanaremos el domingo a La Coru\u00f1a?<\/em><\/p>\n<p><em>&#8211;\u00a0\u00a0\u00a0\u00a0\u00a0 \u00a1Hombre, eso ni se pregunta\u00a1 La duda ofende<\/em><\/p>\n<p><em>\u00a0<\/em><\/p>\n<p><em>Y sigui\u00f3 departiendo con sus admiradores del barrio de la Maestranza\u2026<\/em><\/p>\n<p>&nbsp;<\/p>\n<p>Fuente: La Uni\u00f3n 30 de marzo de 1932<\/p>\n","protected":false},"excerpt":{"rendered":"<p>La victoria del Betis el 20 de marzo en casa sobre el Oviedo le situaba en primer lugar de la clasificaci\u00f3n de la Segunda Divisi\u00f3n, a falta de solo 2 jornadas. El ascenso depend\u00eda exclusivamente de lo que hiciera el equipo b\u00e9tico, al superar en un punto en la clasificaci\u00f3n al Oviedo. S\u00f3lo quedaba visitar&#8230;<\/p>\n","protected":false},"author":5,"featured_media":33086,"comment_status":"open","ping_status":"open","sticky":false,"template":"","format":"standard","meta":{"_kad_post_transparent":"","_kad_post_title":"","_kad_post_layout":"","_kad_post_sidebar_id":"","_kad_post_content_style":"","_kad_post_vertical_padding":"","_kad_post_feature":"","_kad_post_feature_position":"","_kad_post_header":false,"_kad_post_footer":false,"_kad_post_classname":"","_jetpack_memberships_contains_paid_content":false,"footnotes":"","jetpack_publicize_message":"","jetpack_publicize_feature_enabled":true,"jetpack_social_post_already_shared":true,"jetpack_social_options":{"image_generator_settings":{"template":"highway","default_image_id":0,"font":"","enabled":false},"version":2}},"categories":[899,1],"tags":[2221,44,106,1759,17900],"class_list":["post-33085","post","type-post","status-publish","format-standard","has-post-thumbnail","hentry","category-1930-1939","category-portada","tag-1931-32","tag-44","tag-andres-aranda","tag-bar-jerezano","tag-liga-segunda-1931-32"],"jetpack_publicize_connections":[],"jetpack_featured_media_url":"https:\/\/i0.wp.com\/www.manquepierda.com\/historiarealbetis\/files\/2013\/10\/El-regreso-del-Betis.jpg?fit=698%2C189&ssl=1","jetpack_sharing_enabled":true,"jetpack_shortlink":"https:\/\/wp.me\/p1ij08-8BD","jetpack-related-posts":[],"_links":{"self":[{"href":"https:\/\/www.manquepierda.com\/historiarealbetis\/wp-json\/wp\/v2\/posts\/33085","targetHints":{"allow":["GET"]}}],"collection":[{"href":"https:\/\/www.manquepierda.com\/historiarealbetis\/wp-json\/wp\/v2\/posts"}],"about":[{"href":"https:\/\/www.manquepierda.com\/historiarealbetis\/wp-json\/wp\/v2\/types\/post"}],"author":[{"embeddable":true,"href":"https:\/\/www.manquepierda.com\/historiarealbetis\/wp-json\/wp\/v2\/users\/5"}],"replies":[{"embeddable":true,"href":"https:\/\/www.manquepierda.com\/historiarealbetis\/wp-json\/wp\/v2\/comments?post=33085"}],"version-history":[{"count":1,"href":"https:\/\/www.manquepierda.com\/historiarealbetis\/wp-json\/wp\/v2\/posts\/33085\/revisions"}],"predecessor-version":[{"id":99658,"href":"https:\/\/www.manquepierda.com\/historiarealbetis\/wp-json\/wp\/v2\/posts\/33085\/revisions\/99658"}],"wp:featuredmedia":[{"embeddable":true,"href":"https:\/\/www.manquepierda.com\/historiarealbetis\/wp-json\/wp\/v2\/media\/33086"}],"wp:attachment":[{"href":"https:\/\/www.manquepierda.com\/historiarealbetis\/wp-json\/wp\/v2\/media?parent=33085"}],"wp:term":[{"taxonomy":"category","embeddable":true,"href":"https:\/\/www.manquepierda.com\/historiarealbetis\/wp-json\/wp\/v2\/categories?post=33085"},{"taxonomy":"post_tag","embeddable":true,"href":"https:\/\/www.manquepierda.com\/historiarealbetis\/wp-json\/wp\/v2\/tags?post=33085"}],"curies":[{"name":"wp","href":"https:\/\/api.w.org\/{rel}","templated":true}]}}