{"id":33170,"date":"2013-11-01T07:56:53","date_gmt":"2013-11-01T06:56:53","guid":{"rendered":"http:\/\/www.manquepierda.com\/historiarealbetis\/?p=33170"},"modified":"2024-08-18T18:20:40","modified_gmt":"2024-08-18T16:20:40","slug":"malaga-betis-liga-2004","status":"publish","type":"post","link":"https:\/\/www.manquepierda.com\/historiarealbetis\/malaga-betis-liga-2004\/","title":{"rendered":"M\u00e1laga-Betis Liga 2004"},"content":{"rendered":"<p><a href=\"https:\/\/i0.wp.com\/www.manquepierda.com\/historiarealbetis\/files\/2013\/11\/M%C3%A1laga-Betis-Liga-2004-NMP-El-Correo-de-Andaluc%C3%ADa-24-5-2004.jpg?ssl=1\"><img data-recalc-dims=\"1\" loading=\"lazy\" decoding=\"async\" class=\"aligncenter size-medium wp-image-51636\" src=\"https:\/\/i0.wp.com\/www.manquepierda.com\/historiarealbetis\/files\/2013\/11\/M%C3%A1laga-Betis-Liga-2004-NMP-El-Correo-de-Andaluc%C3%ADa-24-5-2004.jpg?resize=680%2C380&#038;ssl=1\" alt=\"M\u00e1laga-Betis Liga 2004 (NMP) El Correo de Andaluc\u00eda 24-5-2004\" width=\"680\" height=\"380\" srcset=\"https:\/\/i0.wp.com\/www.manquepierda.com\/historiarealbetis\/files\/2013\/11\/M%C3%A1laga-Betis-Liga-2004-NMP-El-Correo-de-Andaluc%C3%ADa-24-5-2004.jpg?resize=680%2C380&amp;ssl=1 680w, https:\/\/i0.wp.com\/www.manquepierda.com\/historiarealbetis\/files\/2013\/11\/M%C3%A1laga-Betis-Liga-2004-NMP-El-Correo-de-Andaluc%C3%ADa-24-5-2004.jpg?resize=220%2C123&amp;ssl=1 220w, https:\/\/i0.wp.com\/www.manquepierda.com\/historiarealbetis\/files\/2013\/11\/M%C3%A1laga-Betis-Liga-2004-NMP-El-Correo-de-Andaluc%C3%ADa-24-5-2004.jpg?resize=768%2C429&amp;ssl=1 768w, https:\/\/i0.wp.com\/www.manquepierda.com\/historiarealbetis\/files\/2013\/11\/M%C3%A1laga-Betis-Liga-2004-NMP-El-Correo-de-Andaluc%C3%ADa-24-5-2004.jpg?w=772&amp;ssl=1 772w\" sizes=\"auto, (max-width: 680px) 100vw, 680px\" \/><\/a><\/p>\n<p>23 de mayo de 2004 en La Rosaleda \u00a0M\u00e1laga 2 Betis 3; jornada 38 del Campeonato de Liga de Primera Divisi\u00f3n.<\/p>\n<p>En la imagen los jugadores b\u00e9ticos Joaqu\u00edn, Dani, Varela y Ca\u00f1as se abrazan a la finalizaci\u00f3n del partido.<\/p>\n<p>En la primera parte el M\u00e1laga se adelant\u00f3 con 2 goles de Salva y Canabal en los minutos 21 y 45. Pero en la segunda parte el conjunto verdiblanco le dio la vuelta al marcador con goles de Dani en el 63, Juanito en el 70 y de nuevo Dani en el 88.<\/p>\n<p>Juande Ramos entrenaba al M\u00e1laga y V\u00edctor Fern\u00e1ndez al Betis.<\/p>\n","protected":false},"excerpt":{"rendered":"<p>23 de mayo de 2004 en La Rosaleda \u00a0M\u00e1laga 2 Betis 3; jornada 38 del Campeonato de Liga de Primera Divisi\u00f3n. En la imagen los jugadores b\u00e9ticos Joaqu\u00edn, Dani, Varela y Ca\u00f1as se abrazan a la finalizaci\u00f3n del partido. En la primera parte el M\u00e1laga se adelant\u00f3 con 2 goles de Salva y Canabal en&#8230;<\/p>\n","protected":false},"author":5,"featured_media":51636,"comment_status":"open","ping_status":"open","sticky":false,"template":"","format":"standard","meta":{"_kad_post_transparent":"","_kad_post_title":"","_kad_post_layout":"","_kad_post_sidebar_id":"","_kad_post_content_style":"","_kad_post_vertical_padding":"","_kad_post_feature":"","_kad_post_feature_position":"","_kad_post_header":false,"_kad_post_footer":false,"_kad_post_classname":"","_jetpack_memberships_contains_paid_content":false,"footnotes":"","jetpack_publicize_message":"","jetpack_publicize_feature_enabled":true,"jetpack_social_post_already_shared":true,"jetpack_social_options":{"image_generator_settings":{"template":"highway","default_image_id":0,"font":"","enabled":false},"version":2}},"categories":[4823,1],"tags":[6014,6013,1383,374,3912,2290,17836,3917],"class_list":["post-33170","post","type-post","status-publish","format-standard","has-post-thumbnail","hentry","category-2000-2009","category-portada","tag-2003-04","tag-6013","tag-daniel-martin-dani","tag-fernando-varela","tag-joaquin-sanchez","tag-juan-jose-canas","tag-liga-primera-2003-04","tag-malaga-cf"],"jetpack_publicize_connections":[],"jetpack_featured_media_url":"https:\/\/i0.wp.com\/www.manquepierda.com\/historiarealbetis\/files\/2013\/11\/M%C3%A1laga-Betis-Liga-2004-NMP-El-Correo-de-Andaluc%C3%ADa-24-5-2004.jpg?fit=772%2C431&ssl=1","jetpack_sharing_enabled":true,"jetpack_shortlink":"https:\/\/wp.me\/p1ij08-8D0","jetpack-related-posts":[],"_links":{"self":[{"href":"https:\/\/www.manquepierda.com\/historiarealbetis\/wp-json\/wp\/v2\/posts\/33170","targetHints":{"allow":["GET"]}}],"collection":[{"href":"https:\/\/www.manquepierda.com\/historiarealbetis\/wp-json\/wp\/v2\/posts"}],"about":[{"href":"https:\/\/www.manquepierda.com\/historiarealbetis\/wp-json\/wp\/v2\/types\/post"}],"author":[{"embeddable":true,"href":"https:\/\/www.manquepierda.com\/historiarealbetis\/wp-json\/wp\/v2\/users\/5"}],"replies":[{"embeddable":true,"href":"https:\/\/www.manquepierda.com\/historiarealbetis\/wp-json\/wp\/v2\/comments?post=33170"}],"version-history":[{"count":1,"href":"https:\/\/www.manquepierda.com\/historiarealbetis\/wp-json\/wp\/v2\/posts\/33170\/revisions"}],"predecessor-version":[{"id":97078,"href":"https:\/\/www.manquepierda.com\/historiarealbetis\/wp-json\/wp\/v2\/posts\/33170\/revisions\/97078"}],"wp:featuredmedia":[{"embeddable":true,"href":"https:\/\/www.manquepierda.com\/historiarealbetis\/wp-json\/wp\/v2\/media\/51636"}],"wp:attachment":[{"href":"https:\/\/www.manquepierda.com\/historiarealbetis\/wp-json\/wp\/v2\/media?parent=33170"}],"wp:term":[{"taxonomy":"category","embeddable":true,"href":"https:\/\/www.manquepierda.com\/historiarealbetis\/wp-json\/wp\/v2\/categories?post=33170"},{"taxonomy":"post_tag","embeddable":true,"href":"https:\/\/www.manquepierda.com\/historiarealbetis\/wp-json\/wp\/v2\/tags?post=33170"}],"curies":[{"name":"wp","href":"https:\/\/api.w.org\/{rel}","templated":true}]}}