{"id":33174,"date":"2013-10-28T07:41:14","date_gmt":"2013-10-28T06:41:14","guid":{"rendered":"http:\/\/www.manquepierda.com\/historiarealbetis\/?p=33174"},"modified":"2024-09-24T07:20:45","modified_gmt":"2024-09-24T05:20:45","slug":"entrevista-quino-noviembre-1968","status":"publish","type":"post","link":"https:\/\/www.manquepierda.com\/historiarealbetis\/entrevista-quino-noviembre-1968\/","title":{"rendered":"Entrevista Quino Noviembre 1968"},"content":{"rendered":"<figure id=\"attachment_33175\" aria-describedby=\"caption-attachment-33175\" style=\"width: 337px\" class=\"wp-caption aligncenter\"><a href=\"https:\/\/www.manquepierda.com\/historiarealbetis\/33174-entrevista-quino-noviembre-1968\/entrevista-quino-nmp-marca-15-11-1968\/\" rel=\"attachment wp-att-33175\"><img data-recalc-dims=\"1\" loading=\"lazy\" decoding=\"async\" class=\"size-full wp-image-33175\" src=\"https:\/\/i0.wp.com\/www.manquepierda.com\/historiarealbetis\/files\/2013\/10\/Entrevista-Quino-NMP-Marca-15-11-1968.jpg?resize=337%2C422&#038;ssl=1\" alt=\"Fuente: Marca 15 de noviembre de 1968\" width=\"337\" height=\"422\" srcset=\"https:\/\/i0.wp.com\/www.manquepierda.com\/historiarealbetis\/files\/2013\/10\/Entrevista-Quino-NMP-Marca-15-11-1968.jpg?w=337&amp;ssl=1 337w, https:\/\/i0.wp.com\/www.manquepierda.com\/historiarealbetis\/files\/2013\/10\/Entrevista-Quino-NMP-Marca-15-11-1968.jpg?resize=175%2C220&amp;ssl=1 175w\" sizes=\"auto, (max-width: 337px) 100vw, 337px\" \/><\/a><figcaption id=\"caption-attachment-33175\" class=\"wp-caption-text\">Fuente: Marca 15 de noviembre de 1968<\/figcaption><\/figure>\n<p>La temporada 1968-69 no fue buena para el Betis. Descendido a Segunda en la anterior no cumpli\u00f3 el objetivo de retornar a la Primera Divisi\u00f3n, y por el banquillo b\u00e9tico se sucedieron hasta tres entrenadores: Sabino Barinaga, Fernando Daucick y Santiago Tejera.<\/p>\n<p>Pero s\u00ed fue una magn\u00edfica campa\u00f1a para Joaqu\u00edn Sierra \u00abQuino\u00bb que se proclam\u00f3 m\u00e1ximo goleador de la categor\u00eda obteniendo nada m\u00e1s y nada menos que 33 goles.<\/p>\n<p>La disparidad del resultado de la campa\u00f1a del conjunto y del goleador verdiblanco se pone de manifiesto en esta entrevista que el corresponsal en Sevilla del diario deportivo Marca, Juan Manuel Borbujo, realiz\u00f3 a Quino el 15 de noviembre de 1968, cuando a\u00fan parec\u00eda posible luchar por el ascenso.<\/p>\n<p><span style=\"color: #339966\"><em>Otro jugador sevillano ocupa ahora la cabeza clasificadora de goleadores en la actual versi\u00f3n de la Liga de Segunda Divisi\u00f3n. Hace poco lo ostent\u00f3 Lebr\u00f3n, la revelaci\u00f3n sevillista del a\u00f1o, y al concluir la novena jornada, la del domingo anterior, se encaram\u00f3 en el puesto de honor Joaqu\u00edn Sierra \u201cQuino\u201d, uno de los famosos del Betis.<\/em><\/span><\/p>\n<p><span style=\"color: #339966\"><em>Lo hac\u00eda por primera vez, seg\u00fan nos explic\u00f3:<\/em><\/span><\/p>\n<p><span style=\"color: #339966\"><em>&#8211;\u00a0\u00a0\u00a0\u00a0\u00a0 La temporada pasada marqu\u00e9 siete u ocho goles, a lo sumo, a lo largo de la Liga, entonces en Primera Divisi\u00f3n. En la actual versi\u00f3n llevo siete en las nueve jornadas que hemos disputado. Casi a gol por tarde, aunque hubo encuentros en que no marqu\u00e9 ninguno. Vaya lo uno por los tres que consegu\u00ed el domingo frente al Mestalla.<\/em><\/span><\/p>\n<p><span style=\"color: #339966\"><em>&#8211;\u00a0\u00a0\u00a0\u00a0\u00a0 \u00bfEres goleador?<\/em><\/span><\/p>\n<p><span style=\"color: #339966\"><em>&#8211;\u00a0\u00a0\u00a0\u00a0\u00a0 Creo ver bien la puerta, por eso me gusta jugar en punta. Este a\u00f1o es el sitio que me est\u00e1n dando, y por eso estoy figurando en el grupo de goleadores.<\/em><\/span><\/p>\n<p><span style=\"color: #339966\"><em>&#8211;\u00a0\u00a0\u00a0\u00a0\u00a0 \u00bfNo te adaptas al puesto de centrocampista?<\/em><\/span><\/p>\n<p><span style=\"color: #339966\"><em>&#8211;\u00a0\u00a0\u00a0\u00a0\u00a0 Ya digo que rindo de forma m\u00e1s positiva para el equipo actuando en punta, en al \u00e1rea. No con misi\u00f3n fija, sino movible. Cuando me ordenan labor de centrocampista, tambi\u00e9n la realizo\u2026, pero no con el resultado pr\u00e1ctico de cuando me desenvuelvo delante.<\/em><\/span><\/p>\n<p><span style=\"color: #339966\"><em>&#8211;\u00a0\u00a0\u00a0\u00a0\u00a0 \u00bfQu\u00e9 es m\u00e1s dif\u00edcil: marcar goles en Primera o en Segunda?<\/em><\/span><\/p>\n<p><span style=\"color: #339966\"><em>&#8211;\u00a0\u00a0\u00a0\u00a0\u00a0 Marcar goles es dif\u00edcil hasta en Primera Regional<\/em><\/span><\/p>\n<p><span style=\"color: #339966\"><em>&#8211;\u00a0\u00a0\u00a0\u00a0\u00a0 T\u00fa, elemento destacado del Betis de hoy, \u00bfqu\u00e9 opinas de lo que sucede al equipo?<\/em><\/span><\/p>\n<p><span style=\"color: #339966\"><em>&#8211;\u00a0\u00a0\u00a0\u00a0\u00a0 \u00a0No van las cosas como esper\u00e1bamos<\/em><\/span><\/p>\n<p><span style=\"color: #339966\"><em>&#8211;\u00a0\u00a0\u00a0\u00a0\u00a0 \u00bfPor qu\u00e9?<\/em><\/span><\/p>\n<p><span style=\"color: #339966\"><em>&#8211;\u00a0\u00a0\u00a0\u00a0\u00a0 En parte porque la desgracia se ha cebado con nosotros, pues partidos que ten\u00edamos ganados se malograron inexplicablemente, y tambi\u00e9n porque surgieron imponderables no muy acordes con las aut\u00e9nticas posibilidades de la plantilla<\/em><\/span><\/p>\n<p><span style=\"color: #339966\"><em>&#8211;\u00a0\u00a0\u00a0\u00a0\u00a0 \u00bfA causa de la direcci\u00f3n t\u00e9cnica?<\/em><\/span><\/p>\n<p><span style=\"color: #339966\"><em>&#8211;\u00a0\u00a0\u00a0\u00a0\u00a0 No culpemos al entrenador.\u00a0 \u00a1 Ya est\u00e1 bien \u00a1 Vamos a repartirnos la culpa entre todos los jugadores, y as\u00ed seremos m\u00e1s justos y m\u00e1s leales<\/em><\/span><\/p>\n<p><span style=\"color: #339966\"><em>&#8211;\u00a0\u00a0\u00a0\u00a0\u00a0 \u00bfY c\u00f3mo determinas esa irregularidad de la plantilla?<\/em><\/span><\/p>\n<p><span style=\"color: #339966\"><em>&#8211;\u00a0\u00a0\u00a0\u00a0\u00a0 No sabr\u00eda detallar minuciosamente; quiz\u00e1 fruto de la desmoralizaci\u00f3n, de la indecisi\u00f3n\u2026 En fin, de m\u00faltiples factores an\u00edmicos.<\/em><\/span><\/p>\n<p><span style=\"color: #339966\"><em>&#8211;\u00a0\u00a0\u00a0\u00a0\u00a0 \u00bfAcaso hab\u00e9is valorado en demas\u00eda vuestro potencial?<\/em><\/span><\/p>\n<p><span style=\"color: #339966\"><em>&#8211;\u00a0\u00a0\u00a0\u00a0\u00a0 Tambi\u00e9n puede que sea esto, pero no todo. El Betis posee una plantilla joven, de porvenir, con fuerza y clase, pero\u2026 ya digo que no s\u00e9 exponer el fondo de la cuesti\u00f3n. Pero reitero mi opini\u00f3n anterior: que en lo sucedido entramos todos a partes iguales<\/em><\/span><\/p>\n<p><span style=\"color: #339966\"><em>&#8211;\u00a0\u00a0\u00a0\u00a0\u00a0 \u00bfY podr\u00e1 haber rectificaci\u00f3n?<\/em><\/span><\/p>\n<p><span style=\"color: #339966\"><em>&#8211;\u00a0\u00a0\u00a0\u00a0\u00a0 \u00a1Naturalmente\u00a1\u2026 Quedan veintinueve jornadas por delante, y en la Segunda Divisi\u00f3n no hay nada definido y todav\u00eda hay que cortar mucha tela. Lo que hace falta es que nos animemos y luchemos. En la lucha, y teniendo fe en nuestros esfuerzos, es como se puede enderezar nuestra nave. Y estimo que si nos lo proponemos ahora, el final ser\u00e1 triunfal. No olvidemos lo sucedido hace dos temporadas. Por aquel entonces, la Liga se hallaba mucho m\u00e1s avanzada y llegamos a clasificarnos para jugar la promoci\u00f3n de ascenso. Y ascendimos. Ahora, todav\u00eda hay tiempo y Liga. Todo es cuesti\u00f3n de tirar para delante.<\/em><\/span><\/p>\n<p><span style=\"color: #339966\"><em>\u00a0<\/em><\/span><\/p>\n<p><span style=\"color: #339966\"><em>Quino, muchacho de formaci\u00f3n, es inteligente. Adem\u00e1s es hombre sincero. Todo lo que acaba de manifestar en el di\u00e1logo sostenido con el periodista lo proclama con elocuencia. Y lleva raz\u00f3n en ello, \u00a1s\u00ed se\u00f1or\u00a1. Hasta en apreciar su rendimiento como jugador en punta\u2026 \u00a0\u00a0<\/em><\/span><\/p>\n<p><span style=\"color: #339966\"><em>\u00a0<\/em><\/span><\/p>\n","protected":false},"excerpt":{"rendered":"<p>La temporada 1968-69 no fue buena para el Betis. Descendido a Segunda en la anterior no cumpli\u00f3 el objetivo de retornar a la Primera Divisi\u00f3n, y por el banquillo b\u00e9tico se sucedieron hasta tres entrenadores: Sabino Barinaga, Fernando Daucick y Santiago Tejera. Pero s\u00ed fue una magn\u00edfica campa\u00f1a para Joaqu\u00edn Sierra \u00abQuino\u00bb que se proclam\u00f3&#8230;<\/p>\n","protected":false},"author":5,"featured_media":33175,"comment_status":"open","ping_status":"open","sticky":false,"template":"","format":"standard","meta":{"_kad_post_transparent":"","_kad_post_title":"","_kad_post_layout":"","_kad_post_sidebar_id":"","_kad_post_content_style":"","_kad_post_vertical_padding":"","_kad_post_feature":"","_kad_post_feature_position":"","_kad_post_header":false,"_kad_post_footer":false,"_kad_post_classname":"","_jetpack_memberships_contains_paid_content":false,"footnotes":"","jetpack_publicize_message":"","jetpack_publicize_feature_enabled":true,"jetpack_social_post_already_shared":true,"jetpack_social_options":{"image_generator_settings":{"template":"highway","default_image_id":0,"font":"","enabled":false},"version":2}},"categories":[902,893,1],"tags":[2083,4202,1621,16937],"class_list":["post-33174","post","type-post","status-publish","format-standard","has-post-thumbnail","hentry","category-1960-1969","category-jugadores-temas","category-portada","tag-2083","tag-1968-69","tag-joaquin-sierra-quino","tag-juan-manuel-borbujo"],"jetpack_publicize_connections":[],"jetpack_featured_media_url":"https:\/\/i0.wp.com\/www.manquepierda.com\/historiarealbetis\/files\/2013\/10\/Entrevista-Quino-NMP-Marca-15-11-1968.jpg?fit=337%2C422&ssl=1","jetpack_sharing_enabled":true,"jetpack_shortlink":"https:\/\/wp.me\/p1ij08-8D4","jetpack-related-posts":[],"_links":{"self":[{"href":"https:\/\/www.manquepierda.com\/historiarealbetis\/wp-json\/wp\/v2\/posts\/33174","targetHints":{"allow":["GET"]}}],"collection":[{"href":"https:\/\/www.manquepierda.com\/historiarealbetis\/wp-json\/wp\/v2\/posts"}],"about":[{"href":"https:\/\/www.manquepierda.com\/historiarealbetis\/wp-json\/wp\/v2\/types\/post"}],"author":[{"embeddable":true,"href":"https:\/\/www.manquepierda.com\/historiarealbetis\/wp-json\/wp\/v2\/users\/5"}],"replies":[{"embeddable":true,"href":"https:\/\/www.manquepierda.com\/historiarealbetis\/wp-json\/wp\/v2\/comments?post=33174"}],"version-history":[{"count":1,"href":"https:\/\/www.manquepierda.com\/historiarealbetis\/wp-json\/wp\/v2\/posts\/33174\/revisions"}],"predecessor-version":[{"id":99659,"href":"https:\/\/www.manquepierda.com\/historiarealbetis\/wp-json\/wp\/v2\/posts\/33174\/revisions\/99659"}],"wp:featuredmedia":[{"embeddable":true,"href":"https:\/\/www.manquepierda.com\/historiarealbetis\/wp-json\/wp\/v2\/media\/33175"}],"wp:attachment":[{"href":"https:\/\/www.manquepierda.com\/historiarealbetis\/wp-json\/wp\/v2\/media?parent=33174"}],"wp:term":[{"taxonomy":"category","embeddable":true,"href":"https:\/\/www.manquepierda.com\/historiarealbetis\/wp-json\/wp\/v2\/categories?post=33174"},{"taxonomy":"post_tag","embeddable":true,"href":"https:\/\/www.manquepierda.com\/historiarealbetis\/wp-json\/wp\/v2\/tags?post=33174"}],"curies":[{"name":"wp","href":"https:\/\/api.w.org\/{rel}","templated":true}]}}