{"id":33310,"date":"2013-11-09T08:55:18","date_gmt":"2013-11-09T07:55:18","guid":{"rendered":"http:\/\/www.manquepierda.com\/historiarealbetis\/?p=33310"},"modified":"2024-10-06T16:19:22","modified_gmt":"2024-10-06T14:19:22","slug":"nos-visita-el-fc-barcelona-4","status":"publish","type":"post","link":"https:\/\/www.manquepierda.com\/historiarealbetis\/nos-visita-el-fc-barcelona-4\/","title":{"rendered":"Nos visita el FC Barcelona"},"content":{"rendered":"<figure id=\"attachment_33311\" aria-describedby=\"caption-attachment-33311\" style=\"width: 505px\" class=\"wp-caption aligncenter\"><a href=\"https:\/\/www.manquepierda.com\/historiarealbetis\/33310-nos-visita-el-fc-barcelona-4\/barcelona-1951-52\/\" rel=\"attachment wp-att-33311\"><img data-recalc-dims=\"1\" loading=\"lazy\" decoding=\"async\" class=\"size-full wp-image-33311\" alt=\"El Barcelona en la temporada 1951-52\" src=\"https:\/\/i0.wp.com\/www.manquepierda.com\/historiarealbetis\/files\/2013\/11\/Barcelona-1951-52.jpg?resize=505%2C342&#038;ssl=1\" width=\"505\" height=\"342\" srcset=\"https:\/\/i0.wp.com\/www.manquepierda.com\/historiarealbetis\/files\/2013\/11\/Barcelona-1951-52.jpg?w=505&amp;ssl=1 505w, https:\/\/i0.wp.com\/www.manquepierda.com\/historiarealbetis\/files\/2013\/11\/Barcelona-1951-52.jpg?resize=220%2C148&amp;ssl=1 220w, https:\/\/i0.wp.com\/www.manquepierda.com\/historiarealbetis\/files\/2013\/11\/Barcelona-1951-52.jpg?resize=75%2C52&amp;ssl=1 75w\" sizes=\"auto, (max-width: 505px) 100vw, 505px\" \/><\/a><figcaption id=\"caption-attachment-33311\" class=\"wp-caption-text\">El Barcelona en la temporada 1951-52<\/figcaption><\/figure>\n<p>&nbsp;<\/p>\n<p>&nbsp;<\/p>\n<p>El pr\u00f3ximo domingo a las 21 horas recibiremos en el Benito Villamar\u00edn al F\u00fatbol Club Barcelona, fundado en 1899 y que ha permanecido todas las temporadas (82) en Primera Divisi\u00f3n. Ha sido Campe\u00f3n de Liga en 22 ocasiones y de Copa en 26.<\/p>\n<p>&nbsp;<\/p>\n<p>La primera visita del Barcelona a\u00a0 terreno b\u00e9tico se produjo el 24 de Abril de 1927 \u00a0en partido de los cuartos de final de Copa, con victoria b\u00e9tica\u00a0 por 1 a 0, gol obra de Carrasco.<\/p>\n<p>En total han sido 58 los partidos oficiales jugados por el Barcelona\u00a0 en campo b\u00e9tico, repartidos as\u00ed: 48 encuentros en Primera Divisi\u00f3n (16 victorias b\u00e9ticas,\u00a0 13 empates y 19 victorias barcelonistas), 8 partidos en Copa (4 victorias del Betis, 3 empates y 1 victoria del Barcelona), 1 partido de Copa de la Liga (victoria local) y 1 partido de Supercopa (victoria del Bar\u00e7a)<\/p>\n<p>&nbsp;<\/p>\n<p>De estos 58 partidos 7 se jugaron en el Patronato, 1 en el Estadio de la Exposici\u00f3n, 6 en Heli\u00f3polis, 34 en el Benito Villamar\u00edn, 9 en el Ruiz de Lopera y 1\u00a0 en el Nuevo Colombino.<\/p>\n<p>Entre los jugadores que han militado en los dos clubs podemos mencionar a Alfonso P\u00e9rez, Pedro Areso, Esteban Areta, Oscar Arp\u00f3n, Andr\u00e9s Bosch, Ram\u00f3n Mar\u00eda Calder\u00e9, Jos\u00e9 L\u00f3pez \u201cCanito\u201d, Angel Cu\u00e9llar, Dami\u00e1 Abell\u00e1, Manuel Hierro, Manuel Jim\u00e9nez, Jos\u00e9 Mari Garc\u00eda, Mario Alvarez, Enrique Mor\u00e1n, Vicente Morera, Oscar L\u00f3pez, Jos\u00e9 Manuel Pesudo, Jos\u00e9 Manuel Pinto, Juan Rocasolano II, Juan Carlos Rojo, Francisco Rossell\u00f3, Francisco Javier S\u00e1nchez Jara, Jos\u00e9 Seguer, Sergio Garc\u00eda, Jos\u00e9 Sol\u00e9, Xavi Torres, Juan Trujillo, Joaqu\u00edn Urquiaga y \u00a0Jorge Vila.<\/p>\n<p>&nbsp;<\/p>\n<p>Entre los entrenadores Patrick O\u00b4Connell, Enrique Fern\u00e1ndez, Fernando Daucick, Domingo Balmanya, C\u00e9sar Rodr\u00edguez, Jos\u00e9 Luis Romero, Luis Aragon\u00e9s y Lorenzo Serra.<\/p>\n","protected":false},"excerpt":{"rendered":"<p>&nbsp; &nbsp; El pr\u00f3ximo domingo a las 21 horas recibiremos en el Benito Villamar\u00edn al F\u00fatbol Club Barcelona, fundado en 1899 y que ha permanecido todas las temporadas (82) en Primera Divisi\u00f3n. Ha sido Campe\u00f3n de Liga en 22 ocasiones y de Copa en 26. &nbsp; La primera visita del Barcelona a\u00a0 terreno b\u00e9tico se&#8230;<\/p>\n","protected":false},"author":5,"featured_media":33311,"comment_status":"open","ping_status":"open","sticky":false,"template":"","format":"standard","meta":{"_kad_post_transparent":"","_kad_post_title":"","_kad_post_layout":"","_kad_post_sidebar_id":"","_kad_post_content_style":"","_kad_post_vertical_padding":"","_kad_post_feature":"","_kad_post_feature_position":"","_kad_post_header":false,"_kad_post_footer":false,"_kad_post_classname":"","_jetpack_memberships_contains_paid_content":false,"footnotes":"","jetpack_publicize_message":"","jetpack_publicize_feature_enabled":true,"jetpack_social_post_already_shared":true,"jetpack_social_options":{"image_generator_settings":{"template":"highway","default_image_id":0,"font":"","enabled":false},"version":2}},"categories":[895,1],"tags":[1441,1379,1309,1390,1443,18207,1455,1446,1317,1154,15226,1450,3821,1454,1318,13356,1314,1313,1080,1445,1451,1452,1449,4222,1453,1457,1456,1478,8381,3574,1306,1312,642,1016,1442,1048,1447,9544],"class_list":["post-33310","post","type-post","status-publish","format-standard","has-post-thumbnail","hentry","category-los-rivales","category-portada","tag-alfonso-perez","tag-andres-bosch","tag-angel-cuellar","tag-cesar-rodriguez","tag-damia-abella","tag-domingo-balmanya","tag-enrique-fernandez","tag-enrique-moran","tag-esteban-areta","tag-fc-barcelona","tag-fernando-daucik","tag-francisco-javier-sanchez-jara","tag-francisco-rosello","tag-joaquin-urquiaga","tag-jorge-vila","tag-jose-cano-canito","tag-jose-luis-romero","tag-jose-manuel-pesudo","tag-jose-manuel-pinto","tag-jose-mari-garcia","tag-jose-seguer","tag-jose-sole","tag-juan-carlos-rojo","tag-juan-rocasolano-ii","tag-juan-trujillo","tag-lorenzo-serra","tag-luis-aragones","tag-manuel-hierro","tag-manuel-jimenez","tag-mario-alvarez","tag-oscar-arpon","tag-oscar-lopez","tag-patrick-oconnell","tag-pedro-areso","tag-ramon-maria-caldere","tag-sergio-garcia","tag-vicente-morera","tag-xavi-torres"],"jetpack_publicize_connections":[],"jetpack_featured_media_url":"https:\/\/i0.wp.com\/www.manquepierda.com\/historiarealbetis\/files\/2013\/11\/Barcelona-1951-52.jpg?fit=505%2C342&ssl=1","jetpack_sharing_enabled":true,"jetpack_shortlink":"https:\/\/wp.me\/p1ij08-8Fg","jetpack-related-posts":[],"_links":{"self":[{"href":"https:\/\/www.manquepierda.com\/historiarealbetis\/wp-json\/wp\/v2\/posts\/33310","targetHints":{"allow":["GET"]}}],"collection":[{"href":"https:\/\/www.manquepierda.com\/historiarealbetis\/wp-json\/wp\/v2\/posts"}],"about":[{"href":"https:\/\/www.manquepierda.com\/historiarealbetis\/wp-json\/wp\/v2\/types\/post"}],"author":[{"embeddable":true,"href":"https:\/\/www.manquepierda.com\/historiarealbetis\/wp-json\/wp\/v2\/users\/5"}],"replies":[{"embeddable":true,"href":"https:\/\/www.manquepierda.com\/historiarealbetis\/wp-json\/wp\/v2\/comments?post=33310"}],"version-history":[{"count":1,"href":"https:\/\/www.manquepierda.com\/historiarealbetis\/wp-json\/wp\/v2\/posts\/33310\/revisions"}],"predecessor-version":[{"id":95318,"href":"https:\/\/www.manquepierda.com\/historiarealbetis\/wp-json\/wp\/v2\/posts\/33310\/revisions\/95318"}],"wp:featuredmedia":[{"embeddable":true,"href":"https:\/\/www.manquepierda.com\/historiarealbetis\/wp-json\/wp\/v2\/media\/33311"}],"wp:attachment":[{"href":"https:\/\/www.manquepierda.com\/historiarealbetis\/wp-json\/wp\/v2\/media?parent=33310"}],"wp:term":[{"taxonomy":"category","embeddable":true,"href":"https:\/\/www.manquepierda.com\/historiarealbetis\/wp-json\/wp\/v2\/categories?post=33310"},{"taxonomy":"post_tag","embeddable":true,"href":"https:\/\/www.manquepierda.com\/historiarealbetis\/wp-json\/wp\/v2\/tags?post=33310"}],"curies":[{"name":"wp","href":"https:\/\/api.w.org\/{rel}","templated":true}]}}