{"id":33507,"date":"2013-11-16T17:10:47","date_gmt":"2013-11-16T16:10:47","guid":{"rendered":"http:\/\/www.manquepierda.com\/historiarealbetis\/?p=33507"},"modified":"2024-09-23T18:40:07","modified_gmt":"2024-09-23T16:40:07","slug":"2013-noviembre-15-cajasol-salon-juan-de-mairena-1er-acto-asociacion-betica-cultural-mas-betis","status":"publish","type":"post","link":"https:\/\/www.manquepierda.com\/historiarealbetis\/2013-noviembre-15-cajasol-salon-juan-de-mairena-1er-acto-asociacion-betica-cultural-mas-betis\/","title":{"rendered":"2013-Noviembre 15.-Cajasol-Sal\u00f3n \u00abJuan de Mairena\u00bb-1er. Acto Asociaci\u00f3n B\u00e9tica Cultural \u00abM\u00e1s BETIS\u00bb,"},"content":{"rendered":"<figure id=\"attachment_33511\" aria-describedby=\"caption-attachment-33511\" style=\"width: 450px\" class=\"wp-caption aligncenter\"><a href=\"https:\/\/www.manquepierda.com\/historiarealbetis\/33507-2013-noviembre-15-cajasol-salon-juan-de-mairena-1er-acto-asociacion-betica-cultural-mas-betis\/67078_3516822937508_1980832094_n\/\" rel=\"attachment wp-att-33511\"><img data-recalc-dims=\"1\" loading=\"lazy\" decoding=\"async\" class=\"size-medium wp-image-33511\" alt=\"PONENCIA ENRIQUE A\u00d1INO\" src=\"https:\/\/i0.wp.com\/www.manquepierda.com\/historiarealbetis\/files\/2013\/11\/67078_3516822937508_1980832094_n.jpg?resize=450%2C600&#038;ssl=1\" width=\"450\" height=\"600\" srcset=\"https:\/\/i0.wp.com\/www.manquepierda.com\/historiarealbetis\/files\/2013\/11\/67078_3516822937508_1980832094_n.jpg?resize=450%2C600&amp;ssl=1 450w, https:\/\/i0.wp.com\/www.manquepierda.com\/historiarealbetis\/files\/2013\/11\/67078_3516822937508_1980832094_n.jpg?resize=165%2C220&amp;ssl=1 165w, https:\/\/i0.wp.com\/www.manquepierda.com\/historiarealbetis\/files\/2013\/11\/67078_3516822937508_1980832094_n.jpg?resize=525%2C700&amp;ssl=1 525w, https:\/\/i0.wp.com\/www.manquepierda.com\/historiarealbetis\/files\/2013\/11\/67078_3516822937508_1980832094_n.jpg?w=540&amp;ssl=1 540w\" sizes=\"auto, (max-width: 450px) 100vw, 450px\" \/><\/a><figcaption id=\"caption-attachment-33511\" class=\"wp-caption-text\">2\u00aa PONENCIA: <em><strong>\u00abAYER Y HOY DE LA COPA DE FERIAS DE VILLAMAR\u00cdN A LA EUROPE LEAGUE DE GUILL\u00c9N\u00bb.-Enrique A\u00f1ino Ca\u00f1al.-Secretario Agrupaci\u00f3n B\u00e9ticos Veteranos \u00abAlfonso Jaramillo\u00bb.<br \/><\/strong><\/em><\/figcaption><\/figure>\n<p style=\"text-align: center\">\u00abBuenas tardes a todos, Familia B\u00e9tica.<\/p>\n<p>Mi ponencia la dedicar\u00e9 a dar un breve recorrido hist\u00f3rico a la figura de <strong>don Benito Villamar\u00edn relacion\u00e1ndolo con la \u00e9poca actual que vive el Real Betis Balompi\u00e9.<\/strong><\/p>\n<p style=\"text-align: center\"><strong>BENITO VILLAMAR\u00cdN PRIETO nace un mi\u00e9rcoles 21 de Agosto de 1918 en PUGA-To\u00e9n (Orense). <\/strong><\/p>\n<p style=\"text-align: left\"><strong>El s\u00e1bado 21 de Mayo de 1955. es elegido c\u00f3mo 40\u00ba PRESIDENTE DEL REAL BETIS BALOMPI\u00c9,\u00a0 sucesor del presidente natural de Coria del R\u00edo (Sevilla) don Manuel Ruiz Rodr\u00edguez-Temporadas 1952-1953 \u00e1 1954-1955, ambas inclusive.<\/strong><\/p>\n<p style=\"text-align: left\">Desde 1959 \u00e1 1964, el Club Verdiblanco pas\u00f3 por una \u00e9poca de bonanza, que culmin\u00f3 con la 3\u00aa plaza en el Campeonato Nacional-Liga Primera Divisi\u00f3n-Temporada 1963-1964; el X Trofeo Ram\u00f3n de Carranza-C\u00e1diz, s\u00e1bado 29 y domingo 30-Agosto-1964; y su primera participaci\u00f3n en la <strong>Copa de Ciudades en Feria en Septiembre 1964.<br \/>\n<\/strong><\/p>\n<p style=\"text-align: center\"><strong>Recordemos un poco algunos hechos hist\u00f3ricos importantes de esa \u00e9poca:<\/strong><\/p>\n<p style=\"text-align: left\">Debemos destacar la temporada 1955-1956, con el equipo en Segunda Divisi\u00f3n-Grupo II \u00f3 Sur.\u00a0 Se encarg\u00f3 de realizar las gestiones y planificaciones durante esa campa\u00f1a deportiva <strong>con\u00a0 la \u00fanica misi\u00f3n de situar definitivamente al Real Betis Balompi\u00e9 en la \u00e9lite del f\u00fatbol nacional.<\/strong><\/p>\n<p style=\"text-align: left\">En la temporada <strong>1957-1958 consigue el Campeonato Nacional de Liga Segunda Divisi\u00f3n-Grupo Sur-entrenado por Antonio Barrios Seoane: 42 Puntos + 8 Positivos en 34 partidos jugados: 18-ganados, 6-empatados y 10 perdidos.\u00a0 66 goles a favor y 42 tantos en contra.\u00a0 <\/strong><\/p>\n<p style=\"text-align: center\"><strong>\u00abPASADO PRESENTE Y FUTURO\u00bb por don Benito Villamar\u00edn Prieto.<\/strong><\/p>\n<p style=\"text-align: left\"><em><strong>EN ESTE MUNDO HAY DOS CLASES DE HOMBRES:\u00a0 UNOS SIRVEN PARA HABLAR Y OTROS PARA TRABAJAR.\u00a0 <\/strong><\/em><em><strong>NADIE SABE EL TRABAJO QUE A M\u00cd TAN ACOSTUMBRADO A TRABAJAR,\u00a0 ME CUESTA HABLAR.\u00a0 <\/strong><\/em><em><strong>PERO ES HOY UNA JORNADA TAN HIST\u00d3RICA, \u00a0 QUE NO PUEDO NEGARME A ELLO.\u00a0 <\/strong><\/em><strong>\u00a1 SI CUANDO HAB\u00cdA ALGUNOS DESCONTENTOS Y FALTOS DE FE NO ME NEGU\u00c9 A ENTABLAR DI\u00c1LOGO,\u00a0 QU\u00c9 IBA A HACER AHORA\u00a1<\/strong><\/p>\n<p style=\"text-align: left\"><em><strong>\u00a1ESTOY EN DONDE ESTABA\u00a1\u00a0 VINE AL BETIS TRA\u00cdDO POR MIS AMIGOS,\u00a0 ACEPTADO POR SUS SOCIOS,\u00a0 LANZADO POR UN RUEGO QUE PARA MI ERA UNA ORDEN PORQUE DIMANABA DE UN SOLDADO,\u00a0 QUE SI NO FUERA M\u00c1S QUE SOLDADO RASO,\u00a0 P ARA M\u00cd SER\u00cdA CAPIT\u00c1N GENERAL:\u00a0 DON EDUARDO S\u00c1ENZ DE BURUAGA.<\/strong><\/em><\/p>\n<p style=\"text-align: left\"><em><strong>CUANDO QUISE ORGANIZAR EL CLUB C\u00d3MO CRE\u00cdA QUE DEB\u00cdA ORGANIZARLO,\u00a0 CUANDO NI FIABA EL \u00c9XITO A UN PARTIDO NI A DOS,\u00a0 SINO A LA TEMPORADA ENTERA,\u00a0 HUBO QUI\u00c9N SEMBR\u00d3 CIZA\u00d1A.\u00a0 YO ENTONCES BUSQU\u00c9 A LOS B\u00c9TICOS,\u00a0 UNO A UNO,\u00a0 C\u00d3MO PE\u00d1AS,\u00a0 C\u00d3MO AMIGOS\u00a0 Y C\u00d3MO RIVALES Y CON SU ANUENCIA SEGU\u00cd ADELANTE.<\/strong><\/em><\/p>\n<p style=\"text-align: left\"><em><strong>\u00bfPARA QU\u00c9?\u00a0 PARA PLANTEAR LOS M\u00c9RITOS QUE POD\u00cdAN LLEVARNOS A DONDE NOS HAN LLEVADO.\u00a0 QUE EL HOMBRE PUEDE PEDIR MUCHO Y NO SIEMPRE TENER SUERTE EN SUS DECISIONES.\u00a0 Y AHORA, NOSOTROS&#8211;NO QUIERO DECIR YO&#8211;HEMOS ENCONTRADO ESE PREMIO QUE TANTAS TEMPORADAS LA SUERTE HAB\u00cdA REGATEADO AL REAL BETIS BALOMPI\u00c9.<\/strong><\/em><\/p>\n<p style=\"text-align: left\"><em><strong>\u00a1YA ESTAMOS EN PRIMERA DIVISI\u00d3N\u00a1\u00a0 YA TENEMOS FORJADA LA BASE ORGANIZADORA DEL EQUIPO,\u00a0 DEL CLUB,\u00a0 DE SU CONTINUIDAD HIST\u00d3RICA.\u00a0 \u00a1HAY QUE MANTENERLA\u00a1<\/strong><\/em><\/p>\n<p><em><strong>\u00bfC\u00d3MO? MEJORANDO EL EQUIPO QUE ES LA MATERIA PRIMA Y HACI\u00c9NDOLO CON LA CABEZA SOBRE LOS HOMBROS,\u00a0 ES DECIR COMPAGINANDO LA GRAN INVERSI\u00d3N CON LA FORMA DISCRETA,\u00a0 NO DEJ\u00c1NDONOS LLEVAR POR EL DE TROCAR AL EQUIPO EN UN VIVERO DE PRESTIGIOS PARA QUE DESPU\u00c9S VAYAN A ENROLARSE EN OTRAS FILAS Y EN OTROS CLUBES. <\/strong><\/em><\/p>\n<p><em><strong>Y HAY QUE AMPLIAR&#8211;C\u00d3MO VAMOS A HACER&#8211;LA CAPACIDAD DEL CAMPO EN LO QUE SE REFIERE A SU TRIBUNA DE GOL SUR.<\/strong><\/em><\/p>\n<p style=\"text-align: left\"><em><strong>Y HAY QUE PERSEVERAR,\u00a0 HEMOS DE SACRIFICARNOS TODOS PARA,\u00a0 AHORA,\u00a0 CUANDO YA ESTAMOS EN LA PRIMERA DIVISI\u00d3N&#8211;COSA QUE PAREC\u00cdA IMPOSIBLE&#8211;PREPARAR LA VIDA DEL CLUB EN FORMA DE QUE EL D\u00cdA DE MA\u00d1ANA YO PUEDA ENTREGAR LAS RIENDAS DEL PODER CON UN CLUB EN LA DIVISI\u00d3N DE HONOR,\u00a0 U NA AFICI\u00d3N UNIDA,\u00a0 UNA HACIENDA SANA Y UN CAMPO,\u00a0 AMPLIADO O PROPIO.<\/strong><\/em><\/p>\n<p style=\"text-align: left\"><em><strong>Y CONSTE QUE ESTO,\u00a0 EL PORVENIR,\u00a0 ES PARA M\u00cd LO IMPORTANTE Y QUE A ESE PORVENIR EN LA M\u00c1XIMA CATEGOR\u00cdA,\u00a0 JUNTO A LOS MEJORES CLUBES ESPA\u00d1OLES,\u00a0 ES A LO QUE YO ASPIRO QUE LLEGUE EL REAL BETIS BALOMPI\u00c9.\u00a0 Y A LO QUE HA LLEGADO YA.\u00a0 Y NO POR OBRA PERSONAL M\u00cdA&#8211;QUE ESTO ES LO DE MENOS&#8211;SINO EL TRABAJO DE TODOS,\u00a0 QUE ES LO IMPORTANTE.<\/strong><\/em><\/p>\n<p style=\"text-align: left\"><em><strong>PERO ESTO NO ES PARA HABLARLO AHORA,\u00a0 ESTO ES PARA QUE LLEGUE CUANDO DEBE LLEGAR Y AHORA,\u00a0 A LO QUE ME VOY A ENTREGAR ES A CONSOLIDAR EL EQUIPO Y A ROBUSTECERLO EN PRIMERA DIVISI\u00d3N,\u00a0 A AMPLIAR EL CAMPO;\u00a0 EN RESUMEN,\u00a0 A HACER REALIDAD LAS ILUSIONES DE LOS B\u00c9TICOS QUE SON LAS M\u00cdAS Y EN EL PLAZO PERENTORIO DE LA PR\u00d3XIMA TEMPORADA QUE VA A HACER UNA TEMPORADA B\u00c9TICA CIEN POR<\/strong> <strong>CIEN<\/strong>\u00ab.\u00a0 <\/em>(\u00abSEVILLA-diario de la tarde.-JUNIO-1958.-N\u00famero extraordinario dedicado al regreso del Betis a Primera Divisi\u00f3n).<\/p>\n<p style=\"text-align: left\">Nos hace recordar la <strong>campa\u00f1a 2010-2011,\u00a0 <\/strong>el \u00faltimo ascenso hasta la fecha del Real Betis Balompi\u00e9,\u00a0 en el que con 83 puntos y 85 goles a favor,\u00a0 asciende el Club dirigido por <strong>D. Miguel Guill\u00e9n,\u00a0<\/strong>con la originalidad de hacerlo en las v\u00edas de un tren AVE.<\/p>\n<p style=\"text-align: left\">Y yo tambi\u00e9n me acuerdo de mi padre,\u00a0 ya que en 1957 al no asentar est\u00e9ticamente la corona del Rey Alfonso XIII sobre el v\u00e9rtice superior del rombo con las dos Bes entrelazadas en el Escudo Verdiblanco<em><strong>&#8211;cuyo art\u00edfice y autor fue Enrique A\u00f1ino Ilzarbe de Andueza&#8211;<\/strong><\/em>mi tutor;\u00a0 fue modificado a instancia de\u00a0 Jos\u00e9 Mar\u00eda De la Concha Meneses,\u00a0 sustituyendo dicha figura geom\u00e9trica por <strong>el Escudo redondo de las dos bes entrelazadas con corona de 1920,\u00a0 casi a la misma altura del rombo con corona real,\u00a0 quedando la segunda figura geom\u00e9trica del tri\u00e1ngulo invertido de 13 barras Verdiblancas:\u00a0 7-franjas estrechas verticales-impares-m\u00e1s las 6-pares-de color Verde,\u00a0 aprobado en Junta Directiva de don Benito Villamar\u00edn Prieto.<\/strong><\/p>\n<p style=\"text-align: left\">Parece ser que don Benito le puso a mi padre el mote de <strong>\u00abmostach\u00f3n de oro del Betis\u00bb por su expediente Balompedista en activo desde 1907 hasta 1939\u00a0 y en relaci\u00f3n a sus estrellas de 8 puntas debidas a su profesi\u00f3n castrense.\u00a0 En 1928,\u00a0 siendo presidente don Ignacio S\u00e1nchez Mej\u00edas lo nombr\u00f3 vocal de ornamentaci\u00f3n o desorno.<\/strong><\/p>\n<p style=\"text-align: left\">Destaco tambi\u00e9n que el viernes noche 05-Junio-1959 en el \u00abBar Manolo\u00bb sito en el Parque de Mar\u00eda Luisa,\u00a0 tuvo lugar el homenaje de las Pe\u00f1as B\u00e9ticad de Sevilla y su Provincia a don Benito Villamar\u00edn Prieto <strong>por la constante y acertada labor que realiza a favor de los colores verdiblancos desde que le fue encomendada la presidencia del Real Betis Balompi\u00e9,\u00a0 pronunciando las siguientes palabras:<\/strong><\/p>\n<p style=\"text-align: left\"><em><strong>\u00abDurante la presente temporada se ha recaudado doce millones de pesetas,\u00a0 aunque tambi\u00e9n fue elevado el cap\u00edtulo de gastos.\u00a0 Estamos gestionando con el Ayuntamiento de Sevilla la adquisici\u00f3n del Estadio de Heli\u00f3polis,\u00a0 que es una de mis grandes ilusiones\u00bb.<\/strong><\/em><\/p>\n<p style=\"text-align: left\">Al d\u00eda siguiente, 06-Junio, <strong>se inaugura la instalaci\u00f3n el\u00e9ctrica del Estadio Municipal de Heli\u00f3polis (ex-Stadium Exposici\u00f3n Iberoamericana-Sevilla 1929), con el primer partido internacional amistoso (iluminaci\u00f3n artificial a trav\u00e9s de 4 torretas con 48 focos cada una de ellas) entre el Real Betis Balompi\u00e9-4 goles vs. Sporting Club de Portugal (Lisboa, domingo 1\u00ba-Julio-1906)-1 tanto.<\/strong><\/p>\n<p style=\"text-align: left\">Otro momento hist\u00f3rico a destacar de la etapa de don Benito ser\u00eda el <strong>viernes 1\u00ba-Abril-1960, en el que se produce el traspaso al Real Madrid (Campe\u00f3n de Europa) del jugador Lu\u00eds Del Sol Cascajares-delantero-25 a\u00f1os,\u00a0 por 6.500.000 pesetas y 3 jugadores del filial merengue \u00abAgrupaci\u00f3n Deportiva Plus Ultra\u00bb: Lu\u00eds Llor\u00e9ns Soler,\u00a0 Ignacio Mart\u00edn-Esperanza Tejada\u00a0 y\u00a0 Antonio Pallar\u00e9s Huertas.<\/strong><\/p>\n<p style=\"text-align: center\">No podemos olvidarnos tampoco del <strong>Primer Trofeo \u00abBENITO VILLAMAR\u00cdN PRIETO-MAYO 1960\u00bb:<\/strong><\/p>\n<p style=\"text-align: left\"><strong>Campe\u00f3n Real Madrid-1 gol.-Entrenador Miguel Mu\u00f1oz Moz\u00fan.-Copa en forma de flor acampanada invertida en Oro puro de 18 Kilates, coste 900.000 pesetas, en su centro Escudo Verdiblanco esmaltado.\u00a0 Se encuentra en su Sala de Trofeos en una vitrina blindada y resalta por su belleza est\u00e9tica y por ser \u00fanica en dicho metal precioso en Espa\u00f1a.<\/strong><\/p>\n<p style=\"text-align: left\"><strong>Subcampe\u00f3n Real Betis Balompi\u00e9-0 Tanto.-Entrenador Sabino Barinaga Alberdi.-Copa en forma de flor acamapanada invertida en Plata de Ley 999 mil\u00e9simas, Escudo Verdiblanco esmaltado en su centro,\u00a0 tasada su valoraci\u00f3n en 283.000 pesetas de 1960.-Sala de Trofeos-Antepalco-Estadio Benito Villamar\u00edn.<\/strong><\/p>\n<p style=\"text-align: center\">Otro hecho hist\u00f3rico muy importante en la noche del s\u00e1bado <strong>12-Agosto-1961:<\/strong><\/p>\n<p style=\"text-align: left\"><strong>Estadio en propiedad del Real Betis Balompi\u00e9.-Bendici\u00f3n de sus instalaciones deportivas.-Firma ante Notario de la Escritura de Compra-Venta.-Discurso del presidente b\u00e9tico a las personalidades asistentes.<\/strong><\/p>\n<p style=\"text-align: left\"><strong>Partido Internacional Amistoso 23&#8217;30 Horas:\u00a0 Real Betis Balompi\u00e9-3 goles (Yanko Daucik-Lu\u00eds Aragon\u00e9s-Ignacio Mart\u00edn-Esperanza) vs. Associazione Calcio Firence Fiorentina-2 Tantos (1-del internacional sueco Torbje\u00f6rn Jonsson Bertil,\u00a0 sin jugar oficialmente con el Real Betis Balompi\u00e9;\u00a0 fue traspasado por Villamar\u00edn para la adquisci\u00f3n del estadio; 1-Dell&#8217; Angelo).<br \/>\n<\/strong><\/p>\n<p style=\"text-align: left\">Durante los a\u00f1os 1961-1962 se estudian los siguientes proyectos: <strong>Lanzar 25 millones de pesetas en Obligaciones Real Betis Balompi\u00e9 para ampliar el Estadio Villamar\u00edn \u00e1 60.000 localidades, y que el entrenador Ferdinand Daucik Fonfer siga al frente del equipo verdiblanco-temporada 1962-1963.<\/strong><\/p>\n<p style=\"text-align: center\"><strong>Y LLEGA EL DEB\u00da DEL \u00abEUROBETIS\u00bb.<\/strong><\/p>\n<p style=\"text-align: left\">En la Temporada 1963-1964 el Betis se clasific\u00f3 tercero en el Campeonato Nacional de Liga Primera Divisi\u00f3n entrenado por <strong>Domingo Balmany\u00e1 Parera: 37 puntos en 30 partidos jugados: 15-ganados, 7-empatados y 16 perdidos.\u00a0 47-goles a favor\u00a0 y\u00a0 36 tantos en contra.-\u00abPlacas y Medallas concedidas por la Federaci\u00f3n Andaluza de F\u00fatbol-Temporada 1963-1964\u00bb, se le concede \u00abXX Medalla L\u00f3pez Garc\u00eda\u00bb \u00e1 don Benito Villamar\u00edn Prieto,\u00a0 46 a\u00f1os y 1 mes de edad.<\/strong><\/p>\n<p style=\"text-align: center\"><strong>7\u00aa Edici\u00f3n COPA DE CIUDADES EN FERIAS.-1\/32 DE FINAL:<\/strong><\/p>\n<p style=\"text-align: left\"><strong>IDA.-Mi\u00e9rcoles 09-Setiembre-1964.-Estadio \u00abBenito Villamar\u00edn\u00bb.-25.000 espectadores.-Los equipos comparecieron portando intercambiadas las respectivas ense\u00f1as nacionales y siendo recibidos con sonoros aplausos.-Se interpret\u00f3 los himnos nacionales de Francia y Espa\u00f1a.<\/strong>&#8211;<strong>Arbitr\u00f3 el portugu\u00e9s Francisco Guerra (buena labor).<\/strong><\/p>\n<p style=\"text-align: left\"><strong>Entrenador LOUIS HON ANTONIN.-REAL BETIS BALOMPI\u00c9 con camisolines verdiblancos y calzonas negras-1 GOL (Cuando no hab\u00eda transcurrido ni un minuto de juego tras el descanso reglamentario: ROGELIO arrebat\u00f3 el esf\u00e9rico a Stako, cedi\u00e9ndolo a L\u00d3PEZ HIDALGO, que se hab\u00eda lanzado al ataque, dribl\u00f3 a Thusas, y a trav\u00e9s de un ch\u00fa archisuperi\u00f3 cruzado bati\u00f3 al meta Carnus).<\/strong><\/p>\n<p style=\"text-align: left\"><strong>\u00abPEP\u00cdN\u00bb-Jos\u00e9 Casas Gris (guardameta).-Francisco APARICIO Rambal-Eusebio R\u00cdOS Fern\u00e1ndez-\u00abPAQUITO\u00bb-Francisco Faleato Ochoantesana (zagueros).-\u00c1ngel SU\u00c1REZ Mart\u00ednez-Jos\u00e9 L\u00d3PEZ HIDALGO (medios).-Jos\u00e9 BREVAL Cala-\u00abFRASCO\u00bb-Francisco Ort\u00edz V\u00e1zquez; Fernando ANSOLA Sanmart\u00edn-Miguel AZC\u00c1RATE Iceta-ROGELIO Sosa Ram\u00edrez.<\/strong><\/p>\n<p style=\"text-align: center\"><strong>VS.<\/strong><\/p>\n<p style=\"text-align: left\">Entrenador Monsieur Henri Priami.-STADE FRAN\u00c7AISE (1950-1966).-El\u00e1stica blanca con doble franja diagonal azul y roja; pantal\u00f3n y medias del mismo color)-1 Tanto.<\/p>\n<p style=\"text-align: left\">Georges CARNUS (portero).-Fran\u00e7oise STASIAK-Bronas TRUZAS-Jean BACCONNIER (defensas).-Prudent BACQUET-Edouard STAKO (medios).-Ren\u00e9 BERANGE-Robert P\u00c9RI-Andr\u00e9 FEFEU-Philippe POTTIER (<strong>1-1.-76 minutos: salv\u00f3 la entrada de 3 rivales, batiendo a PEP\u00cdN<\/strong>)-Jean Pierre ALBA.<\/p>\n<p style=\"text-align: left\"><strong>VUELTA.-Mi\u00e9rcoles 30-Septiembre-1964.-Estadio \u00abParque de los Pr\u00edncipes\u00bb en Colombes-regi\u00f3n \u00abIle de France\u00bb.-6.000 espectadores de ellos 2.000 espa\u00f1oles.-No sonaron los himnos de Espa\u00f1a y Francia.-Arbitr\u00f3 el alem\u00e1n G\u00fcnter Baungartel (caser\u00edsimo).<\/strong><\/p>\n<p style=\"text-align: left\">STADE FRAN\u00c7AISE-2 Tantos: CARNUS.-BACQUET-TRUZAS-STASIAK (2-0.-77&#8242;).-Maryan SINAKOWSKI-STAKO.-BERANGE-P\u00c9RI-Georges PERYROCHE-POTTIER (1-0.-23&#8242;)-ALBA.<\/p>\n<p style=\"text-align: center\"><strong><em>VS:<\/em><\/strong><\/p>\n<p style=\"text-align: left\"><strong>REAL BETIS BALOMPI\u00c9-0 goles (en el marcador electr\u00f3nico: \u00abSevilla\u00bb): PEP\u00cdN.-Francisco GRAU Pla-Eusebio R\u00cdOS-PAQUITO.-L\u00d3PEZ HIDALGO-Andr\u00e9s BOSH Pujol.-BREVAL-Antonio PALLAR\u00c9S Huertas-ANSOLA-FRASCO-Le\u00f3n LASA M\u00fajica.<\/strong><\/p>\n<p style=\"text-align: center\"><strong>\u00abLA VUELTA DEL EUROBETIS CON GUILL\u00c9N\u00bb:<\/strong><\/p>\n<p style=\"text-align: left\">Mucho ha llovido desde que la extinta copa de la UEFA, el ahora reci\u00e9n nacido\u00a0<strong><em>EUROBETIS<\/em><\/strong><em>,\u00a0 <\/em>cayese derrotado en el partido de vuelta\u00a0 Octavos de Final-Temporada 2005-2006.-Sevilla,\u00a0 jueves 16-Maro-1960:\u00a0 Real Betis Balompi\u00e9-0 vs. FC Steau Bucaresti-3.<\/p>\n<p style=\"text-align: left\">Siete a\u00f1os despu\u00e9s de aquella experiencia europea de las trece barras, <strong>la era Eurob\u00e9tica de Miguel Guill\u00e9n volv\u00eda al \u00abVillamar\u00edn\u00bb a trav\u00e9s del borcegu\u00ed del ariete Jorge Molina Vidal.<\/strong><\/p>\n<p style=\"text-align: left\">Reci\u00e9n aterrizado del ascenso de segunda divisi\u00f3n y consolidado en primera, el <em><strong>Real Betis Balompi\u00e9<\/strong> <\/em>en apenas tres a\u00f1os, <strong>ha regresado a Europa con Miguel Guill\u00e9n Vallejo siendo el LIV gestor del cambio, de la ilusi\u00f3n y del aire fresco institucional.<\/strong><\/p>\n<p style=\"text-align: left\">Nada m\u00e1s pitar FernandoTeixeira Vitienes el final del encuentro en el \u00abCiutat de Valencia\u00bb, el s\u00e1bado 1\u00ba-Junio-2013,\u00a0 <em><strong>el Real Betis Balompi\u00e9 regresaba,\u00a0 gracias al gol del ariete Jorge Molina Vidal a los 68 minutos (13\u00ba de dicha campa\u00f1a deportiva) que empataba 1-1 el partido de la 38\u00aa Jornada contra el Levante Uni\u00f3n Deportiva; a la puerta de Europa y los b\u00e9ticos, volv\u00edan a cantar los sones celestiales del EUROBETIS.<\/strong><\/em><\/p>\n<p style=\"text-align: left\"><strong>Y finalmente para ir concluyendo,\u00a0 volviendo al ayer,\u00a0 el martes 07 de Diciembre de 1965, Benito Villamar\u00edn Prieto de su pu\u00f1o y letra escribe unas emocionat\u00edsimas l\u00edneas de despedida a sus compa\u00f1eros directivos, y a trav\u00e9s de ellos a la Afici\u00f3n Verdiblanca, a causa de su grave enfermedad de c\u00e1ncer de pulm\u00f3n.<\/strong><\/p>\n<p style=\"text-align: center\">SECCIONES DEPORTIVAS EN TIEMPOS DE DON BENITO VILLAMAR\u00cdN:<\/p>\n<p style=\"text-align: left\">1957-REAL BETIS BALONCESTO.<\/p>\n<p style=\"text-align: left\">1960-REMO Y PIRA\u00dcISMO.-DON\u00d3 una embarcaci\u00f3n \u00abOutriggers \u00e1 8 y Timonel\u00bb al Club Na\u00fatico Sevilla,\u00a0 siendo la madrina su hija Mar\u00eda Luisa Villamar\u00edn Guill\u00e9n;\u00a0 la embarcaci\u00f3n BETIS fue bendicida por el director del Colegio San Antonio Mar\u00eda Claret,\u00a0 Reverendo Padre Federico Guti\u00e9rrez Serrano, C. M. F.<\/p>\n<p style=\"text-align: left\">Participando en el Trofeo MOLFOR&#8217;S-<strong>PRIMERA REGATA SEVILLA-BETIS.-Distancia a recorrer 5.500 Metros<\/strong>,\u00a0 que perdi\u00f3 a causa de una rotura de un remo que no se pudo reponer a tiempo;\u00a0 salieron a pesar de todo,\u00a0 luchando c\u00f3mo jabatos los\u00a0 7 REMEROS B\u00c9TICOS\u00a0 vs. los 8 del eterno rival \u00abdeportivo\u00bb,\u00a0 pero a\u00fan as\u00ed s\u00f3lo se distancieron en poqu\u00edsimas brazas del vencedor,\u00a0 el domingo 16-Octubre-1960, derbi en las aguas del r\u00edo Guadalquivir.\u00a0 Hubo pol\u00e9micas a favor y en contra de la decisi\u00f3n del juez de la regata el sevillista Miguel L\u00f3pez Torrontegui.<\/p>\n<p style=\"text-align: left\">REAL BETIS-BALONMANO;\u00a0 REAL BETIS-RUGBY;\u00a0 REAL BETIS-ATLETISMO;\u00a0 REAL BETIS-BOXEO.<\/p>\n<p style=\"text-align: left\">1960.-CLUB DEPORTIVO <strong>VILLAMAR\u00cdN de LORA DEL R\u00cdO (Sevilla).-Entrenado por el ex-jugador b\u00e9tico \u00c1ngel Antonio Bernit G\u00f3mez (a) \u00abBERNI\u00bb.-Asunci\u00f3n (Paraguay).<\/strong><\/p>\n<p style=\"text-align: left\"><em><strong>EL LUNES 15 DE AGOSTO DE 1966-unos 8 meses despu\u00e9s de su carta de despedida-falleci\u00f3 en Sevilla, le faltaron 6 d\u00edas para cumplir la 48 a\u00f1os de edad. Don Benito Villamar\u00edn Prieto gestion\u00f3 como una empresa al Real Betis Balompi\u00e9 durante las once temporadas desde la 1955-1956 hasta la mitad de la 1965-1966.<\/strong><\/em><\/p>\n<p style=\"text-align: left\"><strong>Siempre tendr\u00e9 la certeza de que es nuestro primer presidente perpetuo,\u00a0 \u00fanico elegido democr\u00e1ticamente por mayor\u00eda por la afici\u00f3n b\u00e9tica en su \u00e9poca,\u00a0 y que si hubiera seguido con vida entre nosotros,\u00a0 cumplir\u00eda su misi\u00f3n al servicio de nuestro Real Betis Balompi\u00e9 de asentarlo por un largo per\u00edodo de tiempo en la Divisi\u00f3n de Honor espa\u00f1ola, y clasific\u00e1ndolo adem\u00e1s en las compiticiones europeas, definitivamente.<br \/>\n<\/strong><\/p>\n<p style=\"text-align: center\"><em><strong>DESCANSE EN PAZ.<\/strong><\/em><\/p>\n<figure id=\"attachment_33512\" aria-describedby=\"caption-attachment-33512\" style=\"width: 680px\" class=\"wp-caption aligncenter\"><a href=\"https:\/\/www.manquepierda.com\/historiarealbetis\/33507-2013-noviembre-15-cajasol-salon-juan-de-mairena-1er-acto-asociacion-betica-cultural-mas-betis\/sevilla-15-noviembre-2013\/\" rel=\"attachment wp-att-33512\"><img data-recalc-dims=\"1\" loading=\"lazy\" decoding=\"async\" class=\"size-medium wp-image-33512\" alt=\"Asociaci\u00f3n B\u00e9tica Cultural &quot;M\u00c1S BETIS&quot;\" src=\"https:\/\/i0.wp.com\/www.manquepierda.com\/historiarealbetis\/files\/2013\/11\/Sevilla-15-Noviembre-2013.jpg?resize=680%2C494&#038;ssl=1\" width=\"680\" height=\"494\" srcset=\"https:\/\/i0.wp.com\/www.manquepierda.com\/historiarealbetis\/files\/2013\/11\/Sevilla-15-Noviembre-2013.jpg?resize=680%2C494&amp;ssl=1 680w, https:\/\/i0.wp.com\/www.manquepierda.com\/historiarealbetis\/files\/2013\/11\/Sevilla-15-Noviembre-2013.jpg?resize=220%2C159&amp;ssl=1 220w, https:\/\/i0.wp.com\/www.manquepierda.com\/historiarealbetis\/files\/2013\/11\/Sevilla-15-Noviembre-2013.jpg?resize=960%2C697&amp;ssl=1 960w, https:\/\/i0.wp.com\/www.manquepierda.com\/historiarealbetis\/files\/2013\/11\/Sevilla-15-Noviembre-2013.jpg?w=2580&amp;ssl=1 2580w\" sizes=\"auto, (max-width: 680px) 100vw, 680px\" \/><\/a><figcaption id=\"caption-attachment-33512\" class=\"wp-caption-text\">Asociaci\u00f3n B\u00e9tica Cultural \u00abM\u00c1S BETIS\u00bb<\/figcaption><\/figure>\n<p style=\"text-align: center\"><a href=\"https:\/\/www.manquepierda.com\/historiarealbetis\/33507-2013-noviembre-15-cajasol-salon-juan-de-mairena-1er-acto-asociacion-betica-cultural-mas-betis\/abc-se-sabado-15-11-2013\/\" rel=\"attachment wp-att-33515\"><img data-recalc-dims=\"1\" loading=\"lazy\" decoding=\"async\" class=\"aligncenter size-medium wp-image-33515\" alt=\"abc-se-s\u00e1bado 15-11-2013\" src=\"https:\/\/i0.wp.com\/www.manquepierda.com\/historiarealbetis\/files\/2013\/11\/abc-se-s%C3%A1bado-15-11-2013.jpg?resize=680%2C446&#038;ssl=1\" width=\"680\" height=\"446\" srcset=\"https:\/\/i0.wp.com\/www.manquepierda.com\/historiarealbetis\/files\/2013\/11\/abc-se-s%C3%A1bado-15-11-2013.jpg?resize=680%2C446&amp;ssl=1 680w, https:\/\/i0.wp.com\/www.manquepierda.com\/historiarealbetis\/files\/2013\/11\/abc-se-s%C3%A1bado-15-11-2013.jpg?resize=220%2C144&amp;ssl=1 220w, https:\/\/i0.wp.com\/www.manquepierda.com\/historiarealbetis\/files\/2013\/11\/abc-se-s%C3%A1bado-15-11-2013.jpg?resize=960%2C629&amp;ssl=1 960w, https:\/\/i0.wp.com\/www.manquepierda.com\/historiarealbetis\/files\/2013\/11\/abc-se-s%C3%A1bado-15-11-2013.jpg?w=2032&amp;ssl=1 2032w\" sizes=\"auto, (max-width: 680px) 100vw, 680px\" \/><\/a><\/p>\n<p>&nbsp;<\/p>\n<p>&nbsp;<\/p>\n<p>&nbsp;<\/p>\n<p>&nbsp;<\/p>\n","protected":false},"excerpt":{"rendered":"<p>\u00abBuenas tardes a todos, Familia B\u00e9tica. Mi ponencia la dedicar\u00e9 a dar un breve recorrido hist\u00f3rico a la figura de don Benito Villamar\u00edn relacion\u00e1ndolo con la \u00e9poca actual que vive el Real Betis Balompi\u00e9. BENITO VILLAMAR\u00cdN PRIETO nace un mi\u00e9rcoles 21 de Agosto de 1918 en PUGA-To\u00e9n (Orense). El s\u00e1bado 21 de Mayo de 1955&#8230;.<\/p>\n","protected":false},"author":48,"featured_media":33511,"comment_status":"open","ping_status":"open","sticky":false,"template":"","format":"standard","meta":{"_kad_post_transparent":"","_kad_post_title":"","_kad_post_layout":"","_kad_post_sidebar_id":"","_kad_post_content_style":"","_kad_post_vertical_padding":"","_kad_post_feature":"","_kad_post_feature_position":"","_kad_post_header":false,"_kad_post_footer":false,"_kad_post_classname":"","_jetpack_memberships_contains_paid_content":false,"footnotes":"","jetpack_publicize_message":"","jetpack_publicize_feature_enabled":true,"jetpack_social_post_already_shared":true,"jetpack_social_options":{"image_generator_settings":{"template":"highway","default_image_id":0,"font":"","enabled":false},"version":2}},"categories":[3,1],"tags":[9696,9668,14280],"class_list":["post-33507","post","type-post","status-publish","format-standard","has-post-thumbnail","hentry","category-actualidad","category-portada","tag-sentimiento-villamarin-ayer-hoy-siempre","tag-asociacion-cultural-mas-betis","tag-enrique-anino-canal"],"jetpack_publicize_connections":[],"jetpack_featured_media_url":"https:\/\/i0.wp.com\/www.manquepierda.com\/historiarealbetis\/files\/2013\/11\/67078_3516822937508_1980832094_n.jpg?fit=540%2C720&ssl=1","jetpack_sharing_enabled":true,"jetpack_shortlink":"https:\/\/wp.me\/p1ij08-8Ir","jetpack-related-posts":[],"_links":{"self":[{"href":"https:\/\/www.manquepierda.com\/historiarealbetis\/wp-json\/wp\/v2\/posts\/33507","targetHints":{"allow":["GET"]}}],"collection":[{"href":"https:\/\/www.manquepierda.com\/historiarealbetis\/wp-json\/wp\/v2\/posts"}],"about":[{"href":"https:\/\/www.manquepierda.com\/historiarealbetis\/wp-json\/wp\/v2\/types\/post"}],"author":[{"embeddable":true,"href":"https:\/\/www.manquepierda.com\/historiarealbetis\/wp-json\/wp\/v2\/users\/48"}],"replies":[{"embeddable":true,"href":"https:\/\/www.manquepierda.com\/historiarealbetis\/wp-json\/wp\/v2\/comments?post=33507"}],"version-history":[{"count":1,"href":"https:\/\/www.manquepierda.com\/historiarealbetis\/wp-json\/wp\/v2\/posts\/33507\/revisions"}],"predecessor-version":[{"id":99595,"href":"https:\/\/www.manquepierda.com\/historiarealbetis\/wp-json\/wp\/v2\/posts\/33507\/revisions\/99595"}],"wp:featuredmedia":[{"embeddable":true,"href":"https:\/\/www.manquepierda.com\/historiarealbetis\/wp-json\/wp\/v2\/media\/33511"}],"wp:attachment":[{"href":"https:\/\/www.manquepierda.com\/historiarealbetis\/wp-json\/wp\/v2\/media?parent=33507"}],"wp:term":[{"taxonomy":"category","embeddable":true,"href":"https:\/\/www.manquepierda.com\/historiarealbetis\/wp-json\/wp\/v2\/categories?post=33507"},{"taxonomy":"post_tag","embeddable":true,"href":"https:\/\/www.manquepierda.com\/historiarealbetis\/wp-json\/wp\/v2\/tags?post=33507"}],"curies":[{"name":"wp","href":"https:\/\/api.w.org\/{rel}","templated":true}]}}