{"id":33617,"date":"2013-11-21T16:41:04","date_gmt":"2013-11-21T15:41:04","guid":{"rendered":"http:\/\/www.manquepierda.com\/historiarealbetis\/?p=33617"},"modified":"2024-09-23T18:46:14","modified_gmt":"2024-09-23T16:46:14","slug":"1932-noviembre-20-mancomunado-centro-sur-betis-balompie-5-goals-vs-athletic-madrid-0","status":"publish","type":"post","link":"https:\/\/www.manquepierda.com\/historiarealbetis\/1932-noviembre-20-mancomunado-centro-sur-betis-balompie-5-goals-vs-athletic-madrid-0\/","title":{"rendered":"1932-Noviembre 20-Mancomunado Centro-Sur: Betis Balompi\u00e9-5 goals vs. Athletic Madrid-0."},"content":{"rendered":"<figure id=\"attachment_33618\" aria-describedby=\"caption-attachment-33618\" style=\"width: 680px\" class=\"wp-caption aligncenter\"><a href=\"https:\/\/www.manquepierda.com\/historiarealbetis\/33617-1932-noviembre-20-mancomunado-centro-sur-betis-balompie-5-goals-vs-athletic-madrid-0\/19321120-1-bb-5-atm-0\/\" rel=\"attachment wp-att-33618\"><img data-recalc-dims=\"1\" loading=\"lazy\" decoding=\"async\" class=\"size-medium wp-image-33618\" src=\"https:\/\/i0.wp.com\/www.manquepierda.com\/historiarealbetis\/files\/2013\/11\/19321120.1-BB-5-ATM-0.jpg?resize=680%2C329&#038;ssl=1\" alt=\"mmm\" width=\"680\" height=\"329\" srcset=\"https:\/\/i0.wp.com\/www.manquepierda.com\/historiarealbetis\/files\/2013\/11\/19321120.1-BB-5-ATM-0.jpg?resize=680%2C329&amp;ssl=1 680w, https:\/\/i0.wp.com\/www.manquepierda.com\/historiarealbetis\/files\/2013\/11\/19321120.1-BB-5-ATM-0.jpg?resize=220%2C106&amp;ssl=1 220w, https:\/\/i0.wp.com\/www.manquepierda.com\/historiarealbetis\/files\/2013\/11\/19321120.1-BB-5-ATM-0.jpg?resize=960%2C465&amp;ssl=1 960w, https:\/\/i0.wp.com\/www.manquepierda.com\/historiarealbetis\/files\/2013\/11\/19321120.1-BB-5-ATM-0.jpg?w=1515&amp;ssl=1 1515w\" sizes=\"auto, (max-width: 680px) 100vw, 680px\" \/><\/a><figcaption id=\"caption-attachment-33618\" class=\"wp-caption-text\"><strong>\u00abLA IMAGEN DA IDEA DEL IMPULSO QUE IMPRIMIERON LOS B\u00c9TICOS\u00a0 EN SU PARTIDO CONTRA EL ATHLETIC\u00bb.-CP-ESTAMPA N\u00ba 255.-Fot\u00f3grafo GONSANHI.<\/strong><\/figcaption><\/figure>\n<figure id=\"attachment_33619\" aria-describedby=\"caption-attachment-33619\" style=\"width: 334px\" class=\"wp-caption aligncenter\"><a href=\"https:\/\/www.manquepierda.com\/historiarealbetis\/33617-1932-noviembre-20-mancomunado-centro-sur-betis-balompie-5-goals-vs-athletic-madrid-0\/19321120-2-bb-5-atm-0\/\" rel=\"attachment wp-att-33619\"><img data-recalc-dims=\"1\" loading=\"lazy\" decoding=\"async\" class=\"size-medium wp-image-33619\" src=\"https:\/\/i0.wp.com\/www.manquepierda.com\/historiarealbetis\/files\/2013\/11\/19321120.2-BB-5-ATM-0.jpg?resize=334%2C600&#038;ssl=1\" alt=\"mmm\" width=\"334\" height=\"600\" srcset=\"https:\/\/i0.wp.com\/www.manquepierda.com\/historiarealbetis\/files\/2013\/11\/19321120.2-BB-5-ATM-0.jpg?resize=334%2C600&amp;ssl=1 334w, https:\/\/i0.wp.com\/www.manquepierda.com\/historiarealbetis\/files\/2013\/11\/19321120.2-BB-5-ATM-0.jpg?resize=122%2C220&amp;ssl=1 122w, https:\/\/i0.wp.com\/www.manquepierda.com\/historiarealbetis\/files\/2013\/11\/19321120.2-BB-5-ATM-0.jpg?resize=390%2C700&amp;ssl=1 390w, https:\/\/i0.wp.com\/www.manquepierda.com\/historiarealbetis\/files\/2013\/11\/19321120.2-BB-5-ATM-0.jpg?w=741&amp;ssl=1 741w\" sizes=\"auto, (max-width: 334px) 100vw, 334px\" \/><\/a><figcaption id=\"caption-attachment-33619\" class=\"wp-caption-text\"><strong>\u00abUN ATAQUE EN TROMBA DE LA DELANTERA VERDIBLANCA\u00bb-CP-ESTAMPA N\u00ba 255-Fot\u00f3grafo GONSANHI.<\/strong><\/figcaption><\/figure>\n<figure id=\"attachment_33620\" aria-describedby=\"caption-attachment-33620\" style=\"width: 329px\" class=\"wp-caption aligncenter\"><a href=\"https:\/\/www.manquepierda.com\/historiarealbetis\/33617-1932-noviembre-20-mancomunado-centro-sur-betis-balompie-5-goals-vs-athletic-madrid-0\/19321120clsfcn\/\" rel=\"attachment wp-att-33620\"><img data-recalc-dims=\"1\" loading=\"lazy\" decoding=\"async\" class=\"size-full wp-image-33620\" src=\"https:\/\/i0.wp.com\/www.manquepierda.com\/historiarealbetis\/files\/2013\/11\/19321120clsfcn.jpg?resize=329%2C135&#038;ssl=1\" alt=\"mmm\" width=\"329\" height=\"135\" srcset=\"https:\/\/i0.wp.com\/www.manquepierda.com\/historiarealbetis\/files\/2013\/11\/19321120clsfcn.jpg?w=329&amp;ssl=1 329w, https:\/\/i0.wp.com\/www.manquepierda.com\/historiarealbetis\/files\/2013\/11\/19321120clsfcn.jpg?resize=220%2C90&amp;ssl=1 220w\" sizes=\"auto, (max-width: 329px) 100vw, 329px\" \/><\/a><figcaption id=\"caption-attachment-33620\" class=\"wp-caption-text\"><strong>CLASIFICACI\u00d3N FINAL DEL CAMPEONATO MANCOMUNADO CENTRO-SUR.-EMD-B-19321121-Lunes.<\/strong><\/figcaption><\/figure>\n<figure id=\"attachment_33621\" aria-describedby=\"caption-attachment-33621\" style=\"width: 321px\" class=\"wp-caption aligncenter\"><a href=\"https:\/\/www.manquepierda.com\/historiarealbetis\/33617-1932-noviembre-20-mancomunado-centro-sur-betis-balompie-5-goals-vs-athletic-madrid-0\/19321120rsltds\/\" rel=\"attachment wp-att-33621\"><img data-recalc-dims=\"1\" loading=\"lazy\" decoding=\"async\" class=\"size-full wp-image-33621\" src=\"https:\/\/i0.wp.com\/www.manquepierda.com\/historiarealbetis\/files\/2013\/11\/19321120rsltds.jpg?resize=321%2C90&#038;ssl=1\" alt=\"mmm\" width=\"321\" height=\"90\" srcset=\"https:\/\/i0.wp.com\/www.manquepierda.com\/historiarealbetis\/files\/2013\/11\/19321120rsltds.jpg?w=321&amp;ssl=1 321w, https:\/\/i0.wp.com\/www.manquepierda.com\/historiarealbetis\/files\/2013\/11\/19321120rsltds.jpg?resize=220%2C61&amp;ssl=1 220w\" sizes=\"auto, (max-width: 321px) 100vw, 321px\" \/><\/a><figcaption id=\"caption-attachment-33621\" class=\"wp-caption-text\">RESULTADOS \u00daLTIMA JORNADA CAMPEONATO MANCOMUNADO CENTRO-SUR-1932.-EMD-B-19321121-Lunes.<\/figcaption><\/figure>\n<p style=\"text-align: center\"><strong>1932-NOVIEMBRE 20.-DOMINGO EN SEVILLA-CAMPO MUNICIPAL DE DEPORTES PATRONATO OBRERO.<\/strong><\/p>\n<p style=\"text-align: center\"><strong>10\u00aa JORNADA Y \u00daLTIMA DEL CAMPEONATO MANCOMUNADO CENTRO-SUR A\u00d1O 1932.<\/strong><\/p>\n<figure id=\"attachment_40367\" aria-describedby=\"caption-attachment-40367\" style=\"width: 680px\" class=\"wp-caption aligncenter\"><a href=\"https:\/\/www.manquepierda.com\/historiarealbetis\/33617-1932-noviembre-20-mancomunado-centro-sur-betis-balompie-5-goals-vs-athletic-madrid-0\/19321120-mancomunado-patronaro1\/\" rel=\"attachment wp-att-40367\"><img data-recalc-dims=\"1\" loading=\"lazy\" decoding=\"async\" class=\"size-medium wp-image-40367\" src=\"https:\/\/i0.wp.com\/www.manquepierda.com\/historiarealbetis\/files\/2013\/11\/19321120-Mancomunado-Patronaro1.jpg?resize=680%2C452&#038;ssl=1\" alt=\"mmmm\" width=\"680\" height=\"452\" srcset=\"https:\/\/i0.wp.com\/www.manquepierda.com\/historiarealbetis\/files\/2013\/11\/19321120-Mancomunado-Patronaro1.jpg?resize=680%2C452&amp;ssl=1 680w, https:\/\/i0.wp.com\/www.manquepierda.com\/historiarealbetis\/files\/2013\/11\/19321120-Mancomunado-Patronaro1.jpg?resize=220%2C146&amp;ssl=1 220w, https:\/\/i0.wp.com\/www.manquepierda.com\/historiarealbetis\/files\/2013\/11\/19321120-Mancomunado-Patronaro1.jpg?resize=960%2C638&amp;ssl=1 960w, https:\/\/i0.wp.com\/www.manquepierda.com\/historiarealbetis\/files\/2013\/11\/19321120-Mancomunado-Patronaro1.jpg?w=2580&amp;ssl=1 2580w\" sizes=\"auto, (max-width: 680px) 100vw, 680px\" \/><\/a><figcaption id=\"caption-attachment-40367\" class=\"wp-caption-text\"><strong>\u00abBotones \u00abCasa Navarro\u00bb-Linier banda diestra-ARANDA-Capit\u00e1n Betis Balompi\u00e9 con Bander\u00edn \u00abCasa Navarro\u00bb-Representante \u00abCasa Navarro-Lu\u00eds Iglesias Garc\u00eda (\u00e1rbitro)-Lu\u00eds Mar\u00edn Sabater-Capit\u00e1n Athl\u00e9tic Club Madrid y Linier banda zurda\u00bb.-FSMCPA.<\/strong><\/figcaption><\/figure>\n<p style=\"text-align: center\">Arbitr\u00f3 el colegiado Lu\u00eds IGLESIAS Garc\u00eda.-ALINE\u00d3 as\u00ed a las siguientes escuadras:<\/p>\n<figure id=\"attachment_32042\" aria-describedby=\"caption-attachment-32042\" style=\"width: 154px\" class=\"wp-caption aligncenter\"><a href=\"https:\/\/www.manquepierda.com\/historiarealbetis\/32036-1933-noviembre-05-primera-division-betis-balompie-2-goles-vs-racing-santander-1\/1932-rbb-43\/\" rel=\"attachment wp-att-32042\"><img data-recalc-dims=\"1\" loading=\"lazy\" decoding=\"async\" class=\"size-full wp-image-32042\" src=\"https:\/\/i0.wp.com\/www.manquepierda.com\/historiarealbetis\/files\/2013\/08\/1932-RBB1.jpg?resize=154%2C154&#038;ssl=1\" alt=\"bbb\" width=\"154\" height=\"154\" srcset=\"https:\/\/i0.wp.com\/www.manquepierda.com\/historiarealbetis\/files\/2013\/08\/1932-RBB1.jpg?w=154&amp;ssl=1 154w, https:\/\/i0.wp.com\/www.manquepierda.com\/historiarealbetis\/files\/2013\/08\/1932-RBB1.jpg?resize=500%2C500&amp;ssl=1 500w\" sizes=\"auto, (max-width: 154px) 100vw, 154px\" \/><\/a><figcaption id=\"caption-attachment-32042\" class=\"wp-caption-text\"><em><strong>BETIS BALOMPI\u00c9-5 GOALS.-Segundo Clasificado.<br \/><\/strong><\/em><\/figcaption><\/figure>\n<p style=\"text-align: center\"><em><strong>1-0.-60 minutos:\u00a0 Un bal\u00f3n rechazado por la defensa athl\u00e9tica,\u00a0 lo recogi\u00f3 con la cabeza Adolfo II que lo cedi\u00f3 a LECUE batiendo a Berm\u00fadez.<\/strong><\/em><\/p>\n<p style=\"text-align: center\"><em><strong>2-0.-68 minutos:\u00a0 ARANDA de cabeza aprovechando un esf\u00e9rico bombeado tras un pase de Peral.<\/strong><\/em><\/p>\n<p style=\"text-align: center\"><em><strong>3-0.-73 minutos:\u00a0 Un cuero centrado por TIMIMI al \u00e1rea madrile\u00f1a, se le escap\u00f3 de las manos al meta Berm\u00fadez.<\/strong><\/em><\/p>\n<p style=\"text-align: center\"><em><strong>4-0.-79 minutos:\u00a0 Un centro de Enrique,\u00a0 despeje d\u00e9bil de la zaga athl\u00e9tica,\u00a0 lo recogi\u00f3 SOLADRERO y de un ch\u00fa archisuperi\u00f3 dur\u00edsimo fusil\u00f3 a Berm\u00fadez.<\/strong><\/em><\/p>\n<p style=\"text-align: center\"><em><strong>5-0.-85 minutos:\u00a0 Pase de Aranda a ADOLFO II logrando el marcador final del \u00faltimo partido campeonato mancomunado.<\/strong><\/em><\/p>\n<p style=\"text-align: center\"><strong>XXV PRESIDENTE REAL-BETIS BALOMPI\u00c9<\/strong><\/p>\n<figure id=\"attachment_25687\" aria-describedby=\"caption-attachment-25687\" style=\"width: 236px\" class=\"wp-caption aligncenter\"><a href=\"https:\/\/www.manquepierda.com\/historiarealbetis\/25685-1933-junio-30-hotel-majestic-noche-juntas-directivas-saliente-entrante\/jose-ignacio-mantecon-navasal-2-2\/\" rel=\"attachment wp-att-25687\"><img data-recalc-dims=\"1\" loading=\"lazy\" decoding=\"async\" class=\"size-full wp-image-25687\" src=\"https:\/\/i0.wp.com\/www.manquepierda.com\/historiarealbetis\/files\/2013\/01\/Jos%C3%A9-Ignacio-Mantec%C3%B3n-Navasal.2.jpg?resize=236%2C277&#038;ssl=1\" alt=\"MMM\" width=\"236\" height=\"277\" \/><\/a><figcaption id=\"caption-attachment-25687\" class=\"wp-caption-text\"><em><strong>DON JOS\u00c9 IGNACIO MANTEC\u00d3N NAVASAL.-30 A\u00d1OS-1 mes.-Temporadas 1931-1932 y 1932-1933, ambas inclusive.<\/strong><\/em><\/figcaption><\/figure>\n<p style=\"text-align: center\"><em><strong>Archivo de Indias-1926.-Oficial Tercero Cuerpo Facultativo de Archiveros, Bibliotecarios y Arque\u00f3logos de Espa\u00f1a.<\/strong><\/em><\/p>\n<p style=\"text-align: center\"><em><strong>ZARAGOZA, viernes 26 de Septiembre de 1902.-M\u00c9XICO-Distrito Federal-domingo 20 de Junio de 1982.-79 A\u00f1os-8 meses.-D. E. P.<\/strong><\/em><\/p>\n<p style=\"text-align: center\"><strong>ENTRENADOR BETIS BALOMPI\u00c9-TEMPORADA 1932-1933.<\/strong><\/p>\n<figure id=\"attachment_33623\" aria-describedby=\"caption-attachment-33623\" style=\"width: 206px\" class=\"wp-caption aligncenter\"><a href=\"https:\/\/www.manquepierda.com\/historiarealbetis\/33617-1932-noviembre-20-mancomunado-centro-sur-betis-balompie-5-goals-vs-athletic-madrid-0\/patrickjosephoconnell-17\/\" rel=\"attachment wp-att-33623\"><img data-recalc-dims=\"1\" loading=\"lazy\" decoding=\"async\" class=\"size-full wp-image-33623\" src=\"https:\/\/i0.wp.com\/www.manquepierda.com\/historiarealbetis\/files\/2013\/11\/PatrickJosephOCONNELL.jpg?resize=206%2C343&#038;ssl=1\" alt=\"MMMM\" width=\"206\" height=\"343\" srcset=\"https:\/\/i0.wp.com\/www.manquepierda.com\/historiarealbetis\/files\/2013\/11\/PatrickJosephOCONNELL.jpg?w=206&amp;ssl=1 206w, https:\/\/i0.wp.com\/www.manquepierda.com\/historiarealbetis\/files\/2013\/11\/PatrickJosephOCONNELL.jpg?resize=132%2C220&amp;ssl=1 132w\" sizes=\"auto, (max-width: 206px) 100vw, 206px\" \/><\/a><figcaption id=\"caption-attachment-33623\" class=\"wp-caption-text\"><strong>MR. PATRICK JOSEPH O&#8217;CONNELL.-45 A\u00f1os-8 meses-12 d\u00edas.-Temporada 1932-1933.<\/strong><\/figcaption><\/figure>\n<p style=\"text-align: center\">DUBLIN (Irlanda), martes 08 de Marzo de 1887.-ST PANCRAS-Londres (Inglaterra), viernes 27 de Febrero de 1959.-71 A\u00f1os-10 meses.-D. E. P.<\/p>\n<figure id=\"attachment_33475\" aria-describedby=\"caption-attachment-33475\" style=\"width: 188px\" class=\"wp-caption aligncenter\"><a href=\"https:\/\/www.manquepierda.com\/historiarealbetis\/33471-1931-septiembre-27-cpto-andalucia-a-betis-balompie-3-goals-vs-atletico-malagueno-3\/jesus-bernaldez-moreno-2\/\" rel=\"attachment wp-att-33475\"><img data-recalc-dims=\"1\" loading=\"lazy\" decoding=\"async\" class=\"size-thumbnail wp-image-33475\" src=\"https:\/\/i0.wp.com\/www.manquepierda.com\/historiarealbetis\/files\/2013\/11\/JES%C3%9AS-Bern%C3%A1ldez-Moreno-188x220.png?resize=188%2C220&#038;ssl=1\" alt=\"MMM\" width=\"188\" height=\"220\" srcset=\"https:\/\/i0.wp.com\/www.manquepierda.com\/historiarealbetis\/files\/2013\/11\/JES%C3%9AS-Bern%C3%A1ldez-Moreno.png?resize=188%2C220&amp;ssl=1 188w, https:\/\/i0.wp.com\/www.manquepierda.com\/historiarealbetis\/files\/2013\/11\/JES%C3%9AS-Bern%C3%A1ldez-Moreno.png?w=191&amp;ssl=1 191w\" sizes=\"auto, (max-width: 188px) 100vw, 188px\" \/><\/a><figcaption id=\"caption-attachment-33475\" class=\"wp-caption-text\"><strong>1.-Guardameta.-JES\u00daS Bern\u00e1ldez Moreno (a) \u00abManos Duras\u00bb.-29 a\u00f1os-3 meses-1 d\u00eda.<\/strong><\/figcaption><\/figure>\n<p style=\"text-align: center\">Destacado en su reaparici\u00f3n.-Poter\u00eda imbatida.<\/p>\n<p style=\"text-align: center\"><strong>VILLANUEVA DEL ARISCAL (Sevilla), mi\u00e9rcoles 19-Agosto-1903.-SEVILLA, viernes 06-Junio-1941.-37 A\u00f1os-10 meses.-D. E. P.<\/strong><\/p>\n<p style=\"text-align: center\"><strong>Temporadas 1923-1924 \u00e1 1931-1932 Campeonato Nacional Liga Segunda Divisi\u00f3n; 1932-1933 \u00e1 1935-1936; ambas inclusive.<\/strong><\/p>\n<figure id=\"attachment_33625\" aria-describedby=\"caption-attachment-33625\" style=\"width: 188px\" class=\"wp-caption aligncenter\"><a href=\"https:\/\/www.manquepierda.com\/historiarealbetis\/33617-1932-noviembre-20-mancomunado-centro-sur-betis-balompie-5-goals-vs-athletic-madrid-0\/pedro-pablo-areso-aramburu\/\" rel=\"attachment wp-att-33625\"><img data-recalc-dims=\"1\" loading=\"lazy\" decoding=\"async\" class=\"size-thumbnail wp-image-33625\" src=\"https:\/\/i0.wp.com\/www.manquepierda.com\/historiarealbetis\/files\/2013\/11\/Pedro-Pablo-Areso-Aramburu.png?resize=188%2C220&#038;ssl=1\" alt=\"mmm\" width=\"188\" height=\"220\" srcset=\"https:\/\/i0.wp.com\/www.manquepierda.com\/historiarealbetis\/files\/2013\/11\/Pedro-Pablo-Areso-Aramburu.png?resize=188%2C220&amp;ssl=1 188w, https:\/\/i0.wp.com\/www.manquepierda.com\/historiarealbetis\/files\/2013\/11\/Pedro-Pablo-Areso-Aramburu.png?w=191&amp;ssl=1 191w\" sizes=\"auto, (max-width: 188px) 100vw, 188px\" \/><\/a><figcaption id=\"caption-attachment-33625\" class=\"wp-caption-text\"><strong>2.-Zaguero Lateral Diestro.-Pedro Pablo ARESO Aramburu.-23 a\u00f1os-8 meses-5 d\u00edas.<\/strong><\/figcaption><\/figure>\n<p style=\"text-align: center\"><strong>VILLAFRANCA DE ORIA (Guip\u00fazcoa), lunes 15-Marzo-1909.-M\u00c9XICO-Distrito Federal 00-00-1987\/1988.-D. E. P.<\/strong><\/p>\n<p style=\"text-align: center\"><strong>Temporadas 1932-1933 \u00e1 1934-1935 Campeonato Nacional Liga Primera Divisi\u00f3n; ambas inclusive.<\/strong><\/p>\n<figure id=\"attachment_33591\" aria-describedby=\"caption-attachment-33591\" style=\"width: 117px\" class=\"wp-caption aligncenter\"><a href=\"https:\/\/www.manquepierda.com\/historiarealbetis\/33588-1932-enero-24-segunda-division-betis-balompie-3-goals-vs-club-celta-de-vigo-1\/jesusin-1-jesus-alberto-ruiz-medrano\/\" rel=\"attachment wp-att-33591\"><img data-recalc-dims=\"1\" loading=\"lazy\" decoding=\"async\" class=\"size-full wp-image-33591\" src=\"https:\/\/i0.wp.com\/www.manquepierda.com\/historiarealbetis\/files\/2013\/11\/JESUS%C3%8DN.1-Jes%C3%BAs-Alberto-Ruiz-Medrano.jpg?resize=117%2C184&#038;ssl=1\" alt=\"mmmm\" width=\"117\" height=\"184\" \/><\/a><figcaption id=\"caption-attachment-33591\" class=\"wp-caption-text\"><strong>3.-Zaguero Lateral Zurdo.-JESUS\u00cdN-Jes\u00fas Alberto Ruiz Medrano.-24 a\u00f1os-3 meses-13 d\u00edas.<\/strong><\/figcaption><\/figure>\n<p style=\"text-align: center\"><strong>SANCED\u00d3N (Guadalajara), viernes 07-Agosto-1908.-SEVILLA, mi\u00e9rcoles 13-Diciembre-1983.-75 A\u00f1os-4 meses-6 d\u00edas.-D. E. P.<\/strong><\/p>\n<p style=\"text-align: center\"><strong>Temporadas 1928-1929; 1930-1931 \u00e1 1931-1932 Campeonato Nacional Liga Segunda Divisi\u00f3n; 1932-1933; ambas inclusive.<\/strong><\/p>\n<figure id=\"attachment_31994\" aria-describedby=\"caption-attachment-31994\" style=\"width: 220px\" class=\"wp-caption aligncenter\"><a href=\"https:\/\/www.manquepierda.com\/historiarealbetis\/31987-1934-enero-14-patronato-primera-division-betis-balompie-1-gol-vs-athletic-club-bilbao-3\/peral-josesuarezgonzalez19320413-2\/\" rel=\"attachment wp-att-31994\"><img data-recalc-dims=\"1\" loading=\"lazy\" decoding=\"async\" class=\"size-thumbnail wp-image-31994\" src=\"https:\/\/i0.wp.com\/www.manquepierda.com\/historiarealbetis\/files\/2013\/08\/PERAL-Jos%C3%A9Sua%C5%95ezGonz%C3%A1lez19320413-220x204.jpg?resize=220%2C204&#038;ssl=1\" alt=\"Colecci\u00f3n e. a. c.\" width=\"220\" height=\"204\" srcset=\"https:\/\/i0.wp.com\/www.manquepierda.com\/historiarealbetis\/files\/2013\/08\/PERAL-Jos%C3%A9Sua%C5%95ezGonz%C3%A1lez19320413.jpg?resize=220%2C204&amp;ssl=1 220w, https:\/\/i0.wp.com\/www.manquepierda.com\/historiarealbetis\/files\/2013\/08\/PERAL-Jos%C3%A9Sua%C5%95ezGonz%C3%A1lez19320413.jpg?resize=644%2C600&amp;ssl=1 644w, https:\/\/i0.wp.com\/www.manquepierda.com\/historiarealbetis\/files\/2013\/08\/PERAL-Jos%C3%A9Sua%C5%95ezGonz%C3%A1lez19320413.jpg?w=683&amp;ssl=1 683w\" sizes=\"auto, (max-width: 220px) 100vw, 220px\" \/><\/a><figcaption id=\"caption-attachment-31994\" class=\"wp-caption-text\"><strong>4-Medio Diestro.-PERAL-Jos\u00e9 Su\u00e1rez Gonz\u00e1lez.-21 a\u00f1os-7 meses-10 d\u00edas.<\/strong><\/figcaption><\/figure>\n<p style=\"text-align: center\"><strong>SEVILLA, lunes 10-Abril-1911.-SEVILLA, domingo 28-Mayo-1967.-56 A\u00f1os-1 mes-18 d\u00edas.-D. E. P.<\/strong><\/p>\n<p style=\"text-align: center\"><strong>Temporadas 1929-1930 \u00e1 1931-1932 Campeonato Nacional Liga Segunda Divisi\u00f3n; 1932-1933 \u00e1 1934-1935 Campeonato Nacional Liga Primera Divisi\u00f3n; 1935-1936; 1938-1939 \u00e1 1941-1942 Campeonato Nacional Liga Segunda Divisi\u00f3n; 1942-1943 \u00e1 1943-1944; ambas inclusive.<\/strong><\/p>\n<figure id=\"attachment_31995\" aria-describedby=\"caption-attachment-31995\" style=\"width: 220px\" class=\"wp-caption aligncenter\"><a href=\"https:\/\/www.manquepierda.com\/historiarealbetis\/31987-1934-enero-14-patronato-primera-division-betis-balompie-1-gol-vs-athletic-club-bilbao-3\/enriquesoladreroarbide19320413\/\" rel=\"attachment wp-att-31995\"><img data-recalc-dims=\"1\" loading=\"lazy\" decoding=\"async\" class=\"size-thumbnail wp-image-31995\" src=\"https:\/\/i0.wp.com\/www.manquepierda.com\/historiarealbetis\/files\/2013\/08\/EnriqueSOLADREROarbide19320413.jpg?resize=220%2C206&#038;ssl=1\" alt=\"Colecci\u00f3n e. a. c.\" width=\"220\" height=\"206\" srcset=\"https:\/\/i0.wp.com\/www.manquepierda.com\/historiarealbetis\/files\/2013\/08\/EnriqueSOLADREROarbide19320413.jpg?resize=220%2C206&amp;ssl=1 220w, https:\/\/i0.wp.com\/www.manquepierda.com\/historiarealbetis\/files\/2013\/08\/EnriqueSOLADREROarbide19320413.jpg?resize=640%2C600&amp;ssl=1 640w, https:\/\/i0.wp.com\/www.manquepierda.com\/historiarealbetis\/files\/2013\/08\/EnriqueSOLADREROarbide19320413.jpg?w=679&amp;ssl=1 679w\" sizes=\"auto, (max-width: 220px) 100vw, 220px\" \/><\/a><figcaption id=\"caption-attachment-31995\" class=\"wp-caption-text\"><strong>5.-Medio Centro.-Enrique SOLADRERO Arbide.-19 a\u00f1os-6 meses.<\/strong><\/figcaption><\/figure>\n<p style=\"text-align: center\">MARC\u00d3 el 4-0.<\/p>\n<p style=\"text-align: center\"><strong>ARRIGORRIAGA (Vizcaya), mi\u00e9rcoles 30-Abril-1913.-SAN SEBASTI\u00c1N (Guip\u00fazcoa), domingo 17-Octubre-1976.-63 A\u00f1os-5 meses.-D. E. P.<\/strong><\/p>\n<p style=\"text-align: center\"><strong>Temporadas 1930-1931 \u00e1 1931-1932 Campeonato Nacional Liga Segunda Divisi\u00f3n; 1932-1933 \u00e1 1933-1934; ambas inclusive.<\/strong><\/p>\n<figure id=\"attachment_32044\" aria-describedby=\"caption-attachment-32044\" style=\"width: 220px\" class=\"wp-caption aligncenter\"><a href=\"https:\/\/www.manquepierda.com\/historiarealbetis\/32036-1933-noviembre-05-primera-division-betis-balompie-2-goles-vs-racing-santander-1\/adolfito19320413\/\" rel=\"attachment wp-att-32044\"><img data-recalc-dims=\"1\" loading=\"lazy\" decoding=\"async\" class=\"size-thumbnail wp-image-32044\" src=\"https:\/\/i0.wp.com\/www.manquepierda.com\/historiarealbetis\/files\/2013\/08\/ADOLFITO19320413.jpg?resize=220%2C206&#038;ssl=1\" alt=\"Colecci\u00f3n e. a. c.\" width=\"220\" height=\"206\" srcset=\"https:\/\/i0.wp.com\/www.manquepierda.com\/historiarealbetis\/files\/2013\/08\/ADOLFITO19320413.jpg?resize=220%2C206&amp;ssl=1 220w, https:\/\/i0.wp.com\/www.manquepierda.com\/historiarealbetis\/files\/2013\/08\/ADOLFITO19320413.jpg?resize=640%2C600&amp;ssl=1 640w, https:\/\/i0.wp.com\/www.manquepierda.com\/historiarealbetis\/files\/2013\/08\/ADOLFITO19320413.jpg?w=683&amp;ssl=1 683w\" sizes=\"auto, (max-width: 220px) 100vw, 220px\" \/><\/a><figcaption id=\"caption-attachment-32044\" class=\"wp-caption-text\"><strong>6.-Medio Zurdo.-ADOLFITO \u00f3 ADOLFO I.-ADOLFO Sancho Carrillo De Albornoz.-27 a\u00f1os-5 meses-2 d\u00edas.<\/strong><\/figcaption><\/figure>\n<p style=\"text-align: center\"><strong>SEVILLA, domingo 18-Junio-1905.-SEVILLA, lunes 13-Enero-1975.-69 A\u00f1os-6 meses.-D. E. P.<\/strong><\/p>\n<p style=\"text-align: center\"><strong>Temporadas 1925-1926 \u00e1 1931-1932 Campeonato Nacional Liga Segunda Divisi\u00f3n; 1932-1933 \u00e1 1934-1935; ambas inclusive.<\/strong><\/p>\n<figure id=\"attachment_31997\" aria-describedby=\"caption-attachment-31997\" style=\"width: 155px\" class=\"wp-caption aligncenter\"><a href=\"https:\/\/www.manquepierda.com\/historiarealbetis\/31987-1934-enero-14-patronato-primera-division-betis-balompie-1-gol-vs-athletic-club-bilbao-3\/timimi1-4\/\" rel=\"attachment wp-att-31997\"><img data-recalc-dims=\"1\" loading=\"lazy\" decoding=\"async\" class=\"size-full wp-image-31997\" src=\"https:\/\/i0.wp.com\/www.manquepierda.com\/historiarealbetis\/files\/2013\/08\/timimi1.jpg?resize=155%2C208&#038;ssl=1\" alt=\"Colecci\u00f3n Enrique A\u00f1ino Ca\u00f1al.\" width=\"155\" height=\"208\" \/><\/a><figcaption id=\"caption-attachment-31997\" class=\"wp-caption-text\"><strong>7.-Delantero-Extremo Diestro.-TIMIMI-Pedro Gonz\u00e1lez S\u00e1nchez.-21 a\u00f1os-10 meses-19 d\u00edas.<\/strong><\/figcaption><\/figure>\n<p style=\"text-align: center\">MARC\u00d3 el 3-0.<\/p>\n<p style=\"text-align: left\"><strong>LAS PALMAS DE GRAN CANARIAS-barrio de Arenales-domingo 1\u00ba-Enero-1911.-IDEM-Hospital de San Mart\u00edn-martes 26-Enero-1960.-49 A\u00f1os y 25 d\u00edas.-D. E. P.<\/strong><\/p>\n<p style=\"text-align: center\"><strong>Temporadas 1930-1931 \u00e1 1931-1932 Campeonato Nacional Liga Segunda Divisi\u00f3n; 1932-1933 \u00e1 1934-1935 Campeonato Nacional Primera Divisi\u00f3n; ambas inclusive.<\/strong><\/p>\n<figure id=\"attachment_32024\" aria-describedby=\"caption-attachment-32024\" style=\"width: 117px\" class=\"wp-caption aligncenter\"><a href=\"https:\/\/www.manquepierda.com\/historiarealbetis\/32014-1934-enero-28-primera-division-oviedo-club-futbol-4-vs-betis-balompie-3-goles\/adolfo-ii-adolfomartingonzalez-6\/\" rel=\"attachment wp-att-32024\"><img data-recalc-dims=\"1\" loading=\"lazy\" decoding=\"async\" class=\"size-thumbnail wp-image-32024\" src=\"https:\/\/i0.wp.com\/www.manquepierda.com\/historiarealbetis\/files\/2013\/08\/ADOLFO-II-AdolfoMart%C3%ADnGonz%C3%A1lez.jpg?resize=117%2C220&#038;ssl=1\" alt=\"colecci\u00f3n e.a.c.\" width=\"117\" height=\"220\" srcset=\"https:\/\/i0.wp.com\/www.manquepierda.com\/historiarealbetis\/files\/2013\/08\/ADOLFO-II-AdolfoMart%C3%ADnGonz%C3%A1lez.jpg?resize=117%2C220&amp;ssl=1 117w, https:\/\/i0.wp.com\/www.manquepierda.com\/historiarealbetis\/files\/2013\/08\/ADOLFO-II-AdolfoMart%C3%ADnGonz%C3%A1lez.jpg?w=186&amp;ssl=1 186w\" sizes=\"auto, (max-width: 117px) 100vw, 117px\" \/><\/a><figcaption id=\"caption-attachment-32024\" class=\"wp-caption-text\"><strong>8.-Delantero-Interior Diestro.-ADOLFO II-ADOLFO Mart\u00edn Gonz\u00e1lez.<\/strong><\/figcaption><\/figure>\n<p style=\"text-align: center\">MARC\u00d3 el 5-0.<\/p>\n<p style=\"text-align: center\"><strong>SAN CRIST\u00d3BAL DE LA LAGUNA (Tenerife), 09-12-\u00bf?.-\u00c9CIJA (Sevilla), s\u00e1bado 30-Octubre-2010.-96 A\u00f1os.-D. E. P.<\/strong><\/p>\n<p style=\"text-align: center\"><strong>Temporadas 1930-1931 \u00e1 1931-1932 Campeonato Nacional Liga Segunda Divisi\u00f3n; 1932-1933 \u00e1 1934-1935 Campeonato Nacional Liga Primera Divisi\u00f3n; 1935-1936; 1941-1942; ambas inclusive.<\/strong><\/p>\n<figure id=\"attachment_33626\" aria-describedby=\"caption-attachment-33626\" style=\"width: 105px\" class=\"wp-caption aligncenter\"><a href=\"https:\/\/www.manquepierda.com\/historiarealbetis\/33617-1932-noviembre-20-mancomunado-centro-sur-betis-balompie-5-goals-vs-athletic-madrid-0\/aranda-gutierrez-2\/\" rel=\"attachment wp-att-33626\"><img data-recalc-dims=\"1\" loading=\"lazy\" decoding=\"async\" class=\"size-thumbnail wp-image-33626\" src=\"https:\/\/i0.wp.com\/www.manquepierda.com\/historiarealbetis\/files\/2013\/11\/Aranda-Guti%C3%A9rrez-2.jpg?resize=105%2C220&#038;ssl=1\" alt=\"mmm\" width=\"105\" height=\"220\" srcset=\"https:\/\/i0.wp.com\/www.manquepierda.com\/historiarealbetis\/files\/2013\/11\/Aranda-Guti%C3%A9rrez-2.jpg?resize=105%2C220&amp;ssl=1 105w, https:\/\/i0.wp.com\/www.manquepierda.com\/historiarealbetis\/files\/2013\/11\/Aranda-Guti%C3%A9rrez-2.jpg?resize=288%2C600&amp;ssl=1 288w, https:\/\/i0.wp.com\/www.manquepierda.com\/historiarealbetis\/files\/2013\/11\/Aranda-Guti%C3%A9rrez-2.jpg?w=320&amp;ssl=1 320w\" sizes=\"auto, (max-width: 105px) 100vw, 105px\" \/><\/a><figcaption id=\"caption-attachment-33626\" class=\"wp-caption-text\"><strong>9.-Centro Delantero.-ARIETE-Andr\u00e9s ARANDA Guti\u00e9rrez.-27 a\u00f1os-2 meses.<\/strong><\/figcaption><\/figure>\n<p style=\"text-align: center\">Destac\u00f3 en su reaparici\u00f3n.-MARC\u00d3 el 2-0.<\/p>\n<p style=\"text-align: center\"><strong>LORA DEL R\u00cdO (Sevilla), domingo 27-Agosto-1905.-ARACENA (Huelva), mi\u00e9rcoles 10-Marzo-1965.-59 A\u00f1os-6 meses.-Entreanador primera plantilla-concentraci\u00f3n Real Betis Balompi\u00e9.-D. E. P.<\/strong><\/p>\n<p style=\"text-align: center\"><strong>Temporadas 1921-1922 \u00e1 1931-1932 Campeonato Nacional Liga Segunda Divisi\u00f3n; 1932-1933 \u00e1 1933-1934; ambas inclusive.<\/strong><\/p>\n<figure id=\"attachment_33627\" aria-describedby=\"caption-attachment-33627\" style=\"width: 149px\" class=\"wp-caption aligncenter\"><a href=\"https:\/\/www.manquepierda.com\/historiarealbetis\/33617-1932-noviembre-20-mancomunado-centro-sur-betis-balompie-5-goals-vs-athletic-madrid-0\/simon-lecue-andrade-3\/\" rel=\"attachment wp-att-33627\"><img data-recalc-dims=\"1\" loading=\"lazy\" decoding=\"async\" class=\"size-thumbnail wp-image-33627\" src=\"https:\/\/i0.wp.com\/www.manquepierda.com\/historiarealbetis\/files\/2013\/11\/Sim%C3%B3n-Lecue-Andrade.jpg?resize=149%2C220&#038;ssl=1\" alt=\"mmm\" width=\"149\" height=\"220\" srcset=\"https:\/\/i0.wp.com\/www.manquepierda.com\/historiarealbetis\/files\/2013\/11\/Sim%C3%B3n-Lecue-Andrade.jpg?resize=149%2C220&amp;ssl=1 149w, https:\/\/i0.wp.com\/www.manquepierda.com\/historiarealbetis\/files\/2013\/11\/Sim%C3%B3n-Lecue-Andrade.jpg?w=309&amp;ssl=1 309w\" sizes=\"auto, (max-width: 149px) 100vw, 149px\" \/><\/a><figcaption id=\"caption-attachment-33627\" class=\"wp-caption-text\"><strong>10.-Delantero-Interior Zurdo.-Sim\u00f3n LECUE Andrade.-20 a\u00f1os-9 meses-9 d\u00edas.<\/strong><\/figcaption><\/figure>\n<p style=\"text-align: center\">MARC\u00d3 EL 1-0.-Le anularon un tanto por presunto fuera de juego.-Destac\u00f3.<\/p>\n<p style=\"text-align: center\"><strong>ARRIGORRIAGA (Vizcaya), domingo 11-Febrero-1912.-MADRID, lunes 27-Febrero-1984.-72 A\u00f1os-16 d\u00edas.-D. E. P.<\/strong><\/p>\n<p style=\"text-align: center\"><strong>Temporadas 1932-1933 a 1934-1935 Campeonato Nacional Liga Primera Divisi\u00f3n; ambas inclusive.<\/strong><\/p>\n<figure id=\"attachment_33628\" aria-describedby=\"caption-attachment-33628\" style=\"width: 188px\" class=\"wp-caption aligncenter\"><a href=\"https:\/\/www.manquepierda.com\/historiarealbetis\/33617-1932-noviembre-20-mancomunado-centro-sur-betis-balompie-5-goals-vs-athletic-madrid-0\/enrique-garrido-reguera-5\/\" rel=\"attachment wp-att-33628\"><img data-recalc-dims=\"1\" loading=\"lazy\" decoding=\"async\" class=\"size-thumbnail wp-image-33628\" src=\"https:\/\/i0.wp.com\/www.manquepierda.com\/historiarealbetis\/files\/2013\/11\/ENRIQUE-Garrido-Reguera.png?resize=188%2C220&#038;ssl=1\" alt=\"mmm\" width=\"188\" height=\"220\" srcset=\"https:\/\/i0.wp.com\/www.manquepierda.com\/historiarealbetis\/files\/2013\/11\/ENRIQUE-Garrido-Reguera.png?resize=188%2C220&amp;ssl=1 188w, https:\/\/i0.wp.com\/www.manquepierda.com\/historiarealbetis\/files\/2013\/11\/ENRIQUE-Garrido-Reguera.png?w=191&amp;ssl=1 191w\" sizes=\"auto, (max-width: 188px) 100vw, 188px\" \/><\/a><figcaption id=\"caption-attachment-33628\" class=\"wp-caption-text\"><strong>11.-Delantero-Extremo Zurdo.-ENRIQUE Garrido Reguera.-19 a\u00f1os.<\/strong><\/figcaption><\/figure>\n<p style=\"text-align: center\"><strong>SEVILLA, 00-00-1913.-No localizadas fechas nacimiento-fallecimiento ciudad.-D. E. P.<\/strong><\/p>\n<p style=\"text-align: center\"><strong>Temporadas 1925-1926 \u00e1 1931-1932 Campeonato Nacional Liga Segunda Divisi\u00f3n; 1932-1933 \u00e1 1933-1934; ambas inclusive.<\/strong><\/p>\n<p style=\"text-align: center\">VS.<\/p>\n<p style=\"text-align: center\">ATHLETIC DE MADRID-0 TANTOS.<\/p>\n<p style=\"text-align: center\">10\u00ba-Presidente don Rafael Gonz\u00e1lez Iglesias.-Entrenador ingl\u00e9s,\u00a0 Mr. Walter M. Harris.<\/p>\n<p style=\"text-align: center\">Jos\u00e9 Manuel BERM\u00daDEZ Garc\u00eda.-Portero.<\/p>\n<p style=\"text-align: center\">Alfonso OLASO-Pedro MENDARO.-Defensas.<\/p>\n<p style=\"text-align: center\">SANTOS-CASTILLO-ANTO\u00d1ITO.-Medios.<\/p>\n<figure id=\"attachment_40368\" aria-describedby=\"caption-attachment-40368\" style=\"width: 680px\" class=\"wp-caption aligncenter\"><a href=\"https:\/\/www.manquepierda.com\/historiarealbetis\/33617-1932-noviembre-20-mancomunado-centro-sur-betis-balompie-5-goals-vs-athletic-madrid-0\/19321120-mancomunado-patronato2\/\" rel=\"attachment wp-att-40368\"><img data-recalc-dims=\"1\" loading=\"lazy\" decoding=\"async\" class=\"size-medium wp-image-40368\" src=\"https:\/\/i0.wp.com\/www.manquepierda.com\/historiarealbetis\/files\/2013\/11\/19321120-Mancomunado-Patronato2.jpg?resize=680%2C591&#038;ssl=1\" alt=\"mmmm\" width=\"680\" height=\"591\" srcset=\"https:\/\/i0.wp.com\/www.manquepierda.com\/historiarealbetis\/files\/2013\/11\/19321120-Mancomunado-Patronato2.jpg?resize=680%2C591&amp;ssl=1 680w, https:\/\/i0.wp.com\/www.manquepierda.com\/historiarealbetis\/files\/2013\/11\/19321120-Mancomunado-Patronato2.jpg?resize=220%2C191&amp;ssl=1 220w, https:\/\/i0.wp.com\/www.manquepierda.com\/historiarealbetis\/files\/2013\/11\/19321120-Mancomunado-Patronato2.jpg?resize=805%2C700&amp;ssl=1 805w\" sizes=\"auto, (max-width: 680px) 100vw, 680px\" \/><\/a><figcaption id=\"caption-attachment-40368\" class=\"wp-caption-text\"><strong>\u00abRepresentante \u00abCasa Navarro\u00bb-Andr\u00e9s ARANDA Guti\u00e9rrez (Capit\u00e1n Betis Balompi\u00e9-Bander\u00edn \u00abCasa Navarro\u00bb Athl\u00e9tic Club Madrid)-Lu\u00eds MAR\u00cdN Sabater (Capit\u00e1n Athl\u00e9tic Club Madrid-Bander\u00edn \u00abCasa Navarro\u00bb BETIS BALOMPI\u00c9)-Detras: \u00c1rbitro Lu\u00eds IGLESIAS Garc\u00eda\u00bb.-FSMCP.<\/strong><\/figcaption><\/figure>\n<p style=\"text-align: center\">Lu\u00eds MAR\u00cdN Sabater,<\/p>\n<p style=\"text-align: center\">GUIJARRO-GIL-Santiago BUIRIA-AMUN\u00c1RRIZ.-Delanteros.<\/p>\n<p>&nbsp;<\/p>\n<p>&nbsp;<\/p>\n<p>&nbsp;<\/p>\n<p>&nbsp;<\/p>\n<p>&nbsp;<\/p>\n","protected":false},"excerpt":{"rendered":"<p>1932-NOVIEMBRE 20.-DOMINGO EN SEVILLA-CAMPO MUNICIPAL DE DEPORTES PATRONATO OBRERO. 10\u00aa JORNADA Y \u00daLTIMA DEL CAMPEONATO MANCOMUNADO CENTRO-SUR A\u00d1O 1932. Arbitr\u00f3 el colegiado Lu\u00eds IGLESIAS Garc\u00eda.-ALINE\u00d3 as\u00ed a las siguientes escuadras: 1-0.-60 minutos:\u00a0 Un bal\u00f3n rechazado por la defensa athl\u00e9tica,\u00a0 lo recogi\u00f3 con la cabeza Adolfo II que lo cedi\u00f3 a LECUE batiendo a Berm\u00fadez. 2-0.-68&#8230;<\/p>\n","protected":false},"author":48,"featured_media":33618,"comment_status":"open","ping_status":"open","sticky":false,"template":"","format":"standard","meta":{"_kad_post_transparent":"","_kad_post_title":"","_kad_post_layout":"","_kad_post_sidebar_id":"","_kad_post_content_style":"","_kad_post_vertical_padding":"","_kad_post_feature":"","_kad_post_feature_position":"","_kad_post_header":false,"_kad_post_footer":false,"_kad_post_classname":"","_jetpack_memberships_contains_paid_content":false,"footnotes":"","jetpack_publicize_message":"","jetpack_publicize_feature_enabled":true,"jetpack_social_post_already_shared":true,"jetpack_social_options":{"image_generator_settings":{"template":"highway","default_image_id":0,"font":"","enabled":false},"version":2}},"categories":[899,906,1],"tags":[44,2575,15850,17939,13849],"class_list":["post-33617","post","type-post","status-publish","format-standard","has-post-thumbnail","hentry","category-1930-1939","category-investigacion-temas","category-portada","tag-44","tag-1932-33","tag-athletic-club-madrid","tag-campeonato-mancomunado-1932-33","tag-club-atletico-de-madrid"],"jetpack_publicize_connections":[],"jetpack_featured_media_url":"https:\/\/i0.wp.com\/www.manquepierda.com\/historiarealbetis\/files\/2013\/11\/19321120.1-BB-5-ATM-0.jpg?fit=1515%2C734&ssl=1","jetpack_sharing_enabled":true,"jetpack_shortlink":"https:\/\/wp.me\/p1ij08-8Kd","jetpack-related-posts":[],"_links":{"self":[{"href":"https:\/\/www.manquepierda.com\/historiarealbetis\/wp-json\/wp\/v2\/posts\/33617","targetHints":{"allow":["GET"]}}],"collection":[{"href":"https:\/\/www.manquepierda.com\/historiarealbetis\/wp-json\/wp\/v2\/posts"}],"about":[{"href":"https:\/\/www.manquepierda.com\/historiarealbetis\/wp-json\/wp\/v2\/types\/post"}],"author":[{"embeddable":true,"href":"https:\/\/www.manquepierda.com\/historiarealbetis\/wp-json\/wp\/v2\/users\/48"}],"replies":[{"embeddable":true,"href":"https:\/\/www.manquepierda.com\/historiarealbetis\/wp-json\/wp\/v2\/comments?post=33617"}],"version-history":[{"count":1,"href":"https:\/\/www.manquepierda.com\/historiarealbetis\/wp-json\/wp\/v2\/posts\/33617\/revisions"}],"predecessor-version":[{"id":95890,"href":"https:\/\/www.manquepierda.com\/historiarealbetis\/wp-json\/wp\/v2\/posts\/33617\/revisions\/95890"}],"wp:featuredmedia":[{"embeddable":true,"href":"https:\/\/www.manquepierda.com\/historiarealbetis\/wp-json\/wp\/v2\/media\/33618"}],"wp:attachment":[{"href":"https:\/\/www.manquepierda.com\/historiarealbetis\/wp-json\/wp\/v2\/media?parent=33617"}],"wp:term":[{"taxonomy":"category","embeddable":true,"href":"https:\/\/www.manquepierda.com\/historiarealbetis\/wp-json\/wp\/v2\/categories?post=33617"},{"taxonomy":"post_tag","embeddable":true,"href":"https:\/\/www.manquepierda.com\/historiarealbetis\/wp-json\/wp\/v2\/tags?post=33617"}],"curies":[{"name":"wp","href":"https:\/\/api.w.org\/{rel}","templated":true}]}}