{"id":33688,"date":"2013-11-28T07:12:53","date_gmt":"2013-11-28T06:12:53","guid":{"rendered":"http:\/\/www.manquepierda.com\/historiarealbetis\/?p=33688"},"modified":"2024-09-04T19:30:17","modified_gmt":"2024-09-04T17:30:17","slug":"presentacion-temporada-1996-97","status":"publish","type":"post","link":"https:\/\/www.manquepierda.com\/historiarealbetis\/presentacion-temporada-1996-97\/","title":{"rendered":"Presentaci\u00f3n Temporada 1996-97"},"content":{"rendered":"<p><a href=\"https:\/\/www.manquepierda.com\/historiarealbetis\/33688-presentacion-temporada-1996-97\/presentacion-temporada-1996-97-nmp-don-balon\/\" rel=\"attachment wp-att-33689\"><img data-recalc-dims=\"1\" loading=\"lazy\" decoding=\"async\" class=\"aligncenter size-medium wp-image-33689\" src=\"https:\/\/i0.wp.com\/www.manquepierda.com\/historiarealbetis\/files\/2013\/11\/Presentaci%C3%B3n-Temporada-1996-97-NMP-Don-Bal%C3%B3n.jpg?resize=680%2C350&#038;ssl=1\" alt=\"Presentaci\u00f3n Temporada 1996-97 (NMP) Don Bal\u00f3n\" width=\"680\" height=\"350\" srcset=\"https:\/\/i0.wp.com\/www.manquepierda.com\/historiarealbetis\/files\/2013\/11\/Presentaci%C3%B3n-Temporada-1996-97-NMP-Don-Bal%C3%B3n.jpg?resize=680%2C350&amp;ssl=1 680w, https:\/\/i0.wp.com\/www.manquepierda.com\/historiarealbetis\/files\/2013\/11\/Presentaci%C3%B3n-Temporada-1996-97-NMP-Don-Bal%C3%B3n.jpg?resize=220%2C113&amp;ssl=1 220w, https:\/\/i0.wp.com\/www.manquepierda.com\/historiarealbetis\/files\/2013\/11\/Presentaci%C3%B3n-Temporada-1996-97-NMP-Don-Bal%C3%B3n.jpg?resize=960%2C495&amp;ssl=1 960w, https:\/\/i0.wp.com\/www.manquepierda.com\/historiarealbetis\/files\/2013\/11\/Presentaci%C3%B3n-Temporada-1996-97-NMP-Don-Bal%C3%B3n.jpg?w=1130&amp;ssl=1 1130w\" sizes=\"auto, (max-width: 680px) 100vw, 680px\" \/><\/a><\/p>\n<p>El 18 de julio de 1996 se presentaba en el Benito Villamar\u00edn la plantilla verdiblanca con las altas de Prats, Luis Fern\u00e1ndez, Bjeli\u00e7a, Nadj, Finidi y Ferreira.<\/p>\n<p>En la imagen arriba: Jaro, Jarni, Bjeli\u00e7a, Ol\u00edas, R\u00edos, Finidi, Quico, Vidakovic, Kowalczyk y Prats; en la fila intermedia: Ram\u00f3n Cansino (m\u00e9dico), Jos\u00e9 Mar\u00eda Montiel (masajista), M\u00e1rquez, Alexis, Serra Ferrer, Ruiz de Lopera, Ure\u00f1a, Ca\u00f1as, Jos\u00e9 Alomar (preparador f\u00edsico) y Leo Fabre (fisioterapeuta); abajo: Josete, Merino, Jaime, Pier, Ferreira, Jos\u00e9 Mari, Stosic, Luis Fern\u00e1ndez, Nadj y Sabas<\/p>\n","protected":false},"excerpt":{"rendered":"<p>El 18 de julio de 1996 se presentaba en el Benito Villamar\u00edn la plantilla verdiblanca con las altas de Prats, Luis Fern\u00e1ndez, Bjeli\u00e7a, Nadj, Finidi y Ferreira. En la imagen arriba: Jaro, Jarni, Bjeli\u00e7a, Ol\u00edas, R\u00edos, Finidi, Quico, Vidakovic, Kowalczyk y Prats; en la fila intermedia: Ram\u00f3n Cansino (m\u00e9dico), Jos\u00e9 Mar\u00eda Montiel (masajista), M\u00e1rquez, Alexis,&#8230;<\/p>\n","protected":false},"author":5,"featured_media":33689,"comment_status":"open","ping_status":"open","sticky":false,"template":"","format":"standard","meta":{"_kad_post_transparent":"","_kad_post_title":"","_kad_post_layout":"","_kad_post_sidebar_id":"","_kad_post_content_style":"","_kad_post_vertical_padding":"","_kad_post_feature":"","_kad_post_feature_position":"","_kad_post_header":false,"_kad_post_footer":false,"_kad_post_classname":"","_jetpack_memberships_contains_paid_content":false,"footnotes":"","jetpack_publicize_message":"","jetpack_publicize_feature_enabled":true,"jetpack_social_post_already_shared":true,"jetpack_social_options":{"image_generator_settings":{"template":"highway","default_image_id":0,"font":"","enabled":false},"version":2}},"categories":[905,1],"tags":[3291,2478,2479,1328,9557,381,9729,1445,8716,1054,15494,2290,1420,3822,9731,1457,3495,1369,8707,1329,2461,17469,1047,8704,16845,1333,2289,1335,16815,1413,2462,1334],"class_list":["post-33688","post","type-post","status-publish","format-standard","has-post-thumbnail","hentry","category-1990-1999","category-portada","tag-3291","tag-1996-97","tag-albert-nadj","tag-alexis-trujillo","tag-estadio-benito-villamarin-presentacion","tag-finidi-george","tag-francisco-gomez-quico","tag-jose-mari-garcia","tag-jose-maria-montiel","tag-jose-tomas-josete","tag-juan-antonio-urena","tag-juan-jose-canas","tag-juan-merino","tag-juan-sabas","tag-leo-fabre","tag-lorenzo-serra","tag-luis-fernandez","tag-luis-marquez","tag-manuel-ruiz-de-lopera","tag-nenad-bjelica","tag-pedro-jaro","tag-pep-alomar","tag-pier-luigi-cherubino","tag-ramon-cansino","tag-risto-vidakovic","tag-robert-jarni","tag-roberto-rios","tag-tomas-olias","tag-toni-prats","tag-virgilio-ferreira","tag-vlada-stosic","tag-wojciech-kowalczyk"],"jetpack_publicize_connections":[],"jetpack_featured_media_url":"https:\/\/i0.wp.com\/www.manquepierda.com\/historiarealbetis\/files\/2013\/11\/Presentaci%C3%B3n-Temporada-1996-97-NMP-Don-Bal%C3%B3n.jpg?fit=1130%2C583&ssl=1","jetpack_sharing_enabled":true,"jetpack_shortlink":"https:\/\/wp.me\/p1ij08-8Lm","jetpack-related-posts":[],"_links":{"self":[{"href":"https:\/\/www.manquepierda.com\/historiarealbetis\/wp-json\/wp\/v2\/posts\/33688","targetHints":{"allow":["GET"]}}],"collection":[{"href":"https:\/\/www.manquepierda.com\/historiarealbetis\/wp-json\/wp\/v2\/posts"}],"about":[{"href":"https:\/\/www.manquepierda.com\/historiarealbetis\/wp-json\/wp\/v2\/types\/post"}],"author":[{"embeddable":true,"href":"https:\/\/www.manquepierda.com\/historiarealbetis\/wp-json\/wp\/v2\/users\/5"}],"replies":[{"embeddable":true,"href":"https:\/\/www.manquepierda.com\/historiarealbetis\/wp-json\/wp\/v2\/comments?post=33688"}],"version-history":[{"count":1,"href":"https:\/\/www.manquepierda.com\/historiarealbetis\/wp-json\/wp\/v2\/posts\/33688\/revisions"}],"predecessor-version":[{"id":97879,"href":"https:\/\/www.manquepierda.com\/historiarealbetis\/wp-json\/wp\/v2\/posts\/33688\/revisions\/97879"}],"wp:featuredmedia":[{"embeddable":true,"href":"https:\/\/www.manquepierda.com\/historiarealbetis\/wp-json\/wp\/v2\/media\/33689"}],"wp:attachment":[{"href":"https:\/\/www.manquepierda.com\/historiarealbetis\/wp-json\/wp\/v2\/media?parent=33688"}],"wp:term":[{"taxonomy":"category","embeddable":true,"href":"https:\/\/www.manquepierda.com\/historiarealbetis\/wp-json\/wp\/v2\/categories?post=33688"},{"taxonomy":"post_tag","embeddable":true,"href":"https:\/\/www.manquepierda.com\/historiarealbetis\/wp-json\/wp\/v2\/tags?post=33688"}],"curies":[{"name":"wp","href":"https:\/\/api.w.org\/{rel}","templated":true}]}}