{"id":33695,"date":"2013-11-25T19:25:13","date_gmt":"2013-11-25T18:25:13","guid":{"rendered":"http:\/\/www.manquepierda.com\/historiarealbetis\/?p=33695"},"modified":"2024-08-14T12:20:43","modified_gmt":"2024-08-14T10:20:43","slug":"1933-enero-01-primera-division-racing-de-santander-2-vs-betis-balompie-2-goals","status":"publish","type":"post","link":"https:\/\/www.manquepierda.com\/historiarealbetis\/1933-enero-01-primera-division-racing-de-santander-2-vs-betis-balompie-2-goals\/","title":{"rendered":"1933-Enero 01-Primera Divisi\u00f3n: Racing de Santander-2 vs. Betis Balompi\u00e9-2 goals."},"content":{"rendered":"<p style=\"text-align: center\"><strong>1933-ENERO 01-DOMINGO EN SANTANDER.-CAMPO DE SPORT DEL SARDINERO.<\/strong><\/p>\n<p style=\"text-align: center\"><strong>SEXTA JORNADA CAMPEONATO NACIONAL LIGA PRIMERA DIVISI\u00d3N-TEMPORADA 1932-1933.<\/strong><\/p>\n<p style=\"text-align: center\"><strong>Arbitr\u00f3 el colegiado vizca\u00edno Pedro VALLANA Jeanguenat.<\/strong><\/p>\n<figure id=\"attachment_33696\" aria-describedby=\"caption-attachment-33696\" style=\"width: 220px\" class=\"wp-caption aligncenter\"><a href=\"https:\/\/www.manquepierda.com\/historiarealbetis\/33695-1933-enero-01-primera-division-racing-de-santander-2-vs-betis-balompie-2-goals\/camposdesport\/\" rel=\"attachment wp-att-33696\"><img data-recalc-dims=\"1\" loading=\"lazy\" decoding=\"async\" class=\"size-thumbnail wp-image-33696\" alt=\"mmm\" src=\"https:\/\/i0.wp.com\/www.manquepierda.com\/historiarealbetis\/files\/2013\/11\/Camposdesport.jpg?resize=220%2C144&#038;ssl=1\" width=\"220\" height=\"144\" srcset=\"https:\/\/i0.wp.com\/www.manquepierda.com\/historiarealbetis\/files\/2013\/11\/Camposdesport.jpg?resize=220%2C144&amp;ssl=1 220w, https:\/\/i0.wp.com\/www.manquepierda.com\/historiarealbetis\/files\/2013\/11\/Camposdesport.jpg?w=650&amp;ssl=1 650w\" sizes=\"auto, (max-width: 220px) 100vw, 220px\" \/><\/a><figcaption id=\"caption-attachment-33696\" class=\"wp-caption-text\"><strong>CAMPO DE SPORTS \u00abEL SARDINERO\u00bb.-Colecci\u00f3n Josep Thomas i Bigas.-Noveno Clasificado.-RACING CLUB DE SANTANDER-2 Tantos.<\/strong><\/figcaption><\/figure>\n<p style=\"text-align: center\">Arbitr\u00f3 el colegiado vizca\u00edno Pedro VALLANA Jeanguenat.<\/p>\n<p style=\"text-align: center\">Entrenador Francisco PAGAZAurtund\u00faa Gonz\u00e1lez-Murrieta.<\/p>\n<p style=\"text-align: left\"><strong>Crist\u00f3bal SOL\u00c1.-Fernando CEBALLOS-Eusebio GURRUCHAGA.-Francisco HERN\u00c1NDEZ-\u00d3scar RODR\u00cdGUEZ-Manuel IBARRA.-SANTIago Zubieta-Jos\u00e9 Antonio LOREDO \u00c1lvarez (1-0.-18 minutos: Ibarra cede el bal\u00f3n a Larra\u00f1aga, \u00e9ste pasa al ariete, qui\u00e9n r\u00e1pidamente empalma un duro disparo batiendo a URQUIAGA)-Clemente Gonz\u00e1lez San Esteban (a) \u00abTELETE\u00bb logr\u00f3 el 2-0 a los 25 minutos: el 9 se la cede al 8 centra y recepciona el esf\u00e9rico marcando de cabeza)-Enrique LARRINAGA&nbsp; y&nbsp; Francisco Goenechea (a) \u00abCISCO\u00bb.<\/strong><\/p>\n<p style=\"text-align: center\"><em><strong>VS.<\/strong><\/em><\/p>\n<figure id=\"attachment_32042\" aria-describedby=\"caption-attachment-32042\" style=\"width: 154px\" class=\"wp-caption aligncenter\"><a href=\"https:\/\/www.manquepierda.com\/historiarealbetis\/32036-1933-noviembre-05-primera-division-betis-balompie-2-goles-vs-racing-santander-1\/1932-rbb-43\/\" rel=\"attachment wp-att-32042\"><img data-recalc-dims=\"1\" loading=\"lazy\" decoding=\"async\" class=\"size-full wp-image-32042\" alt=\"bbb\" src=\"https:\/\/i0.wp.com\/www.manquepierda.com\/historiarealbetis\/files\/2013\/08\/1932-RBB1.jpg?resize=154%2C154&#038;ssl=1\" width=\"154\" height=\"154\" srcset=\"https:\/\/i0.wp.com\/www.manquepierda.com\/historiarealbetis\/files\/2013\/08\/1932-RBB1.jpg?w=154&amp;ssl=1 154w, https:\/\/i0.wp.com\/www.manquepierda.com\/historiarealbetis\/files\/2013\/08\/1932-RBB1.jpg?resize=500%2C500&amp;ssl=1 500w\" sizes=\"auto, (max-width: 154px) 100vw, 154px\" \/><\/a><figcaption id=\"caption-attachment-32042\" class=\"wp-caption-text\"><em><strong>Quinto Clasificado.-BETIS BALOMPI\u00c9-2 GOLES.<\/strong><\/em><\/figcaption><\/figure>\n<p style=\"text-align: center\"><strong>2-1.-80 minutos: Avalancha verdiblanca y ROCASOLANO II chuta y bate al meta SOL\u00c1.<\/strong><\/p>\n<p style=\"text-align: center\"><em><strong>2-2.-89 minutos: <\/strong><\/em><em><strong>Tras acoso a la meta b\u00e9tica, despej\u00f3 un zaguero recepcionando el cuero TIMIMI que a toda velocidad escapa, chutando y logrando el empate, tras el cual VALLANA pit\u00f3 el final del encuentro liguero.<\/strong><\/em><\/p>\n<p style=\"text-align: center\"><em><strong>XXV PRESIDENTE REAL-BETIS BALOMPI\u00c9-TEMPORADA 1932-1933:<\/strong><\/em><\/p>\n<figure id=\"attachment_32792\" aria-describedby=\"caption-attachment-32792\" style=\"width: 161px\" class=\"wp-caption aligncenter\"><a href=\"https:\/\/www.manquepierda.com\/historiarealbetis\/32785-1931-octubre-04-andalucia-primera-categoria-4ajornada-sevilla-cf-4-vs-betis-balompie-2-goals\/jose-ignacio-mantecon-navasal-1-3\/\" rel=\"attachment wp-att-32792\"><img data-recalc-dims=\"1\" loading=\"lazy\" decoding=\"async\" class=\"size-full wp-image-32792\" alt=\"Jos\u00e9 Ignacio Mantec\u00f3n Navasal.\" src=\"https:\/\/i0.wp.com\/www.manquepierda.com\/historiarealbetis\/files\/2013\/10\/Jos%C3%A9-Ignacio-Mantec%C3%B3n-Navasal.1.jpg?resize=161%2C202&#038;ssl=1\" width=\"161\" height=\"202\"><\/a><figcaption id=\"caption-attachment-32792\" class=\"wp-caption-text\"><em><strong>DON JOS\u00c9 IGNACIO MANTEC\u00d3N NAVASAL.-30 A\u00f1os-3 meses.-Segunda Campa\u00f1a Deportiva-Gesti\u00f3n y Planificaci\u00f3n.<\/strong><\/em><\/figcaption><\/figure>\n<p style=\"text-align: center\"><em><strong>Archivo de Indias-Septiembre 1926.-Oficial Tercero del Cuerpo Facultativo de Archiveros, Bibliotecarios y Arque\u00f3logos de Espa\u00f1a.<\/strong><\/em><\/p>\n<p style=\"text-align: center\"><em><strong>Natural de ZARAGOZA, viernes 26 de Septiembre de 1902.-Falleci\u00f3 en M\u00c9XICO-Distrito Federal-domingo 20 de Junio de 1982.-79 A\u00f1os-8 meses.-D. E. P.<\/strong><\/em><\/p>\n<p style=\"text-align: center\"><em><strong>ENTRENADOR BETIS BALOMPI\u00c9-TEMPORADA 1932-1933:<\/strong><\/em><\/p>\n<figure id=\"attachment_33623\" aria-describedby=\"caption-attachment-33623\" style=\"width: 132px\" class=\"wp-caption aligncenter\"><a href=\"https:\/\/www.manquepierda.com\/historiarealbetis\/33617-1932-noviembre-20-mancomunado-centro-sur-betis-balompie-5-goals-vs-athletic-madrid-0\/patrickjosephoconnell-17\/\" rel=\"attachment wp-att-33623\"><img data-recalc-dims=\"1\" loading=\"lazy\" decoding=\"async\" class=\"size-thumbnail wp-image-33623\" alt=\"MMMM\" src=\"https:\/\/i0.wp.com\/www.manquepierda.com\/historiarealbetis\/files\/2013\/11\/PatrickJosephOCONNELL.jpg?resize=132%2C220&#038;ssl=1\" width=\"132\" height=\"220\" srcset=\"https:\/\/i0.wp.com\/www.manquepierda.com\/historiarealbetis\/files\/2013\/11\/PatrickJosephOCONNELL.jpg?resize=132%2C220&amp;ssl=1 132w, https:\/\/i0.wp.com\/www.manquepierda.com\/historiarealbetis\/files\/2013\/11\/PatrickJosephOCONNELL.jpg?w=206&amp;ssl=1 206w\" sizes=\"auto, (max-width: 132px) 100vw, 132px\" \/><\/a><figcaption id=\"caption-attachment-33623\" class=\"wp-caption-text\"><em><strong>Mr. PATRICK JOSEPH O&#8217;CONNELL.-45 A\u00f1os-10 meses.-PRIMERA CAMPA\u00d1A DEPORTIVA.<\/strong><\/em><\/figcaption><\/figure>\n<p style=\"text-align: center\"><em><strong>DUBLIN (Irlanda), martes 08-Marzo-1887.-ST PANCRAS-Londres (Inglaterra), viernes 27-Febrero-1959.-71 A\u00f1os-10 meses.-D. E. P.<\/strong><\/em><\/p>\n<figure id=\"attachment_33697\" aria-describedby=\"caption-attachment-33697\" style=\"width: 651px\" class=\"wp-caption aligncenter\"><a href=\"https:\/\/www.manquepierda.com\/historiarealbetis\/33695-1933-enero-01-primera-division-racing-de-santander-2-vs-betis-balompie-2-goals\/19330101-rcs-2-bb-2\/\" rel=\"attachment wp-att-33697\"><img data-recalc-dims=\"1\" loading=\"lazy\" decoding=\"async\" class=\"size-medium wp-image-33697\" alt=\"mmm\" src=\"https:\/\/i0.wp.com\/www.manquepierda.com\/historiarealbetis\/files\/2013\/11\/19330101-RCS-2-BB-2.jpg?resize=651%2C600&#038;ssl=1\" width=\"651\" height=\"600\" srcset=\"https:\/\/i0.wp.com\/www.manquepierda.com\/historiarealbetis\/files\/2013\/11\/19330101-RCS-2-BB-2.jpg?resize=651%2C600&amp;ssl=1 651w, https:\/\/i0.wp.com\/www.manquepierda.com\/historiarealbetis\/files\/2013\/11\/19330101-RCS-2-BB-2.jpg?resize=220%2C202&amp;ssl=1 220w, https:\/\/i0.wp.com\/www.manquepierda.com\/historiarealbetis\/files\/2013\/11\/19330101-RCS-2-BB-2.jpg?resize=759%2C700&amp;ssl=1 759w, https:\/\/i0.wp.com\/www.manquepierda.com\/historiarealbetis\/files\/2013\/11\/19330101-RCS-2-BB-2.jpg?w=1256&amp;ssl=1 1256w\" sizes=\"auto, (max-width: 651px) 100vw, 651px\" \/><\/a><figcaption id=\"caption-attachment-33697\" class=\"wp-caption-text\"><em><strong>\u00abEL GUARDAMETA-1-JOAQU\u00cdN URQUIAGA LEBARGURU resolviendo una&nbsp; dif\u00edcil situaci\u00f3n\u00bb.-CP-ESTAMPA N\u00ba 261-Fot\u00f3grafo SAMOT.<\/strong><\/em><\/figcaption><\/figure>\n<p style=\"text-align: center\"><em><strong>22 a\u00f1os-9 meses.-En el primer tiempo encaj\u00f3 los dos tantos de los monta\u00f1eses: 1-0 y 2-0.<br \/>\n<\/strong><\/em><\/p>\n<p style=\"text-align: center\"><em><strong>Zorrotxa (Bilbao), martes 29-Marzo-1910.-BILBAO (Vizcaya), domingo 25-Julio-1965.-55 A\u00f1os-4 meses.-D. E. P.<br \/>\n<\/strong><\/em><\/p>\n<p style=\"text-align: center\"><em><strong>Temporadas 1932-1933 \u00e1 1934-1935 Campeonato Nacional Liga Primera Divisi\u00f3n; 1935-1936; ambas inclusives.<\/strong><\/em><\/p>\n<figure id=\"attachment_33625\" aria-describedby=\"caption-attachment-33625\" style=\"width: 191px\" class=\"wp-caption aligncenter\"><a href=\"https:\/\/www.manquepierda.com\/historiarealbetis\/33617-1932-noviembre-20-mancomunado-centro-sur-betis-balompie-5-goals-vs-athletic-madrid-0\/pedro-pablo-areso-aramburu\/\" rel=\"attachment wp-att-33625\"><img data-recalc-dims=\"1\" loading=\"lazy\" decoding=\"async\" class=\"size-full wp-image-33625\" alt=\"mmm\" src=\"https:\/\/i0.wp.com\/www.manquepierda.com\/historiarealbetis\/files\/2013\/11\/Pedro-Pablo-Areso-Aramburu.png?resize=191%2C223&#038;ssl=1\" width=\"191\" height=\"223\" srcset=\"https:\/\/i0.wp.com\/www.manquepierda.com\/historiarealbetis\/files\/2013\/11\/Pedro-Pablo-Areso-Aramburu.png?w=191&amp;ssl=1 191w, https:\/\/i0.wp.com\/www.manquepierda.com\/historiarealbetis\/files\/2013\/11\/Pedro-Pablo-Areso-Aramburu.png?resize=188%2C220&amp;ssl=1 188w\" sizes=\"auto, (max-width: 191px) 100vw, 191px\" \/><\/a><figcaption id=\"caption-attachment-33625\" class=\"wp-caption-text\"><em><strong>2.-Zaguero Lateral Diestro PEDRO PABLO ARESO ARAMBURU.-23 a\u00f1os-9 meses.<\/strong><\/em><\/figcaption><\/figure>\n<p style=\"text-align: center\"><em><strong>VILLAFRANCA DE ORIA (Guip\u00fazcoa), lunes 15-Marzo-1909.-M\u00c9XICO-DF-\u00bf1987-1988?.-D. E. P.<\/strong><\/em><\/p>\n<p style=\"text-align: center\"><em><strong>Temporadas 1932-1933 \u00e1 1934-1935 Campeonato Nacional Liga Primera Divisi\u00f3n; ambas inclusive.<\/strong><\/em><\/p>\n<figure id=\"attachment_33591\" aria-describedby=\"caption-attachment-33591\" style=\"width: 117px\" class=\"wp-caption aligncenter\"><a href=\"https:\/\/www.manquepierda.com\/historiarealbetis\/33588-1932-enero-24-segunda-division-betis-balompie-3-goals-vs-club-celta-de-vigo-1\/jesusin-1-jesus-alberto-ruiz-medrano\/\" rel=\"attachment wp-att-33591\"><img data-recalc-dims=\"1\" loading=\"lazy\" decoding=\"async\" class=\"size-full wp-image-33591\" alt=\"mmmm\" src=\"https:\/\/i0.wp.com\/www.manquepierda.com\/historiarealbetis\/files\/2013\/11\/JESUS%C3%8DN.1-Jes%C3%BAs-Alberto-Ruiz-Medrano.jpg?resize=117%2C184&#038;ssl=1\" width=\"117\" height=\"184\"><\/a><figcaption id=\"caption-attachment-33591\" class=\"wp-caption-text\"><em><strong>3.-Zaguero Lateral Diestro.-Jes\u00fas Alberto Ruiz Medrano (a) \u00abJESUS\u00cdN\u00bb.-24 a\u00f1os-4 meses.<\/strong><\/em><\/figcaption><\/figure>\n<p style=\"text-align: center\">SACED\u00d3N (Guadalajara), viernes 07-Agosto-1908.-SEVILLA, martes 13-Diciembre-1983.-75 A\u00f1os-4 meses-6 d\u00edas.-D. E. P.<\/p>\n<p style=\"text-align: center\"><em><strong>Temporadas 1928-1929; 1930-1931 \u00e1 1931-1932 Campeonato Nacional Liga Segunda Divisi\u00f3n; 1932-1933; ambas inclusives.<\/strong><\/em><\/p>\n<figure id=\"attachment_33665\" aria-describedby=\"caption-attachment-33665\" style=\"width: 220px\" class=\"wp-caption aligncenter\"><a href=\"https:\/\/www.manquepierda.com\/historiarealbetis\/33608-1932-octubre-23-mancomunado-centro-sur-betis-balompie-5-goals-vs-valladolid-cd-2\/peral-josesuarezgonzalez19320413-4\/\" rel=\"attachment wp-att-33665\"><img data-recalc-dims=\"1\" loading=\"lazy\" decoding=\"async\" class=\"size-thumbnail wp-image-33665\" alt=\"mmm\" src=\"https:\/\/i0.wp.com\/www.manquepierda.com\/historiarealbetis\/files\/2013\/11\/PERAL-Jos%C3%A9Sua%C5%95ezGonz%C3%A1lez19320413-220x204.jpg?resize=220%2C204&#038;ssl=1\" width=\"220\" height=\"204\" srcset=\"https:\/\/i0.wp.com\/www.manquepierda.com\/historiarealbetis\/files\/2013\/11\/PERAL-Jos%C3%A9Sua%C5%95ezGonz%C3%A1lez19320413.jpg?resize=220%2C204&amp;ssl=1 220w, https:\/\/i0.wp.com\/www.manquepierda.com\/historiarealbetis\/files\/2013\/11\/PERAL-Jos%C3%A9Sua%C5%95ezGonz%C3%A1lez19320413.jpg?resize=644%2C600&amp;ssl=1 644w, https:\/\/i0.wp.com\/www.manquepierda.com\/historiarealbetis\/files\/2013\/11\/PERAL-Jos%C3%A9Sua%C5%95ezGonz%C3%A1lez19320413.jpg?w=683&amp;ssl=1 683w\" sizes=\"auto, (max-width: 220px) 100vw, 220px\" \/><\/a><figcaption id=\"caption-attachment-33665\" class=\"wp-caption-text\"><em><strong>4.-Medio-Diestro.-Jos\u00e9 Su\u00e1rez Gonz\u00e1lez (a) \u00abPERAL\u00bb.-21 a\u00f1os-8 meses.<\/strong><\/em><\/figcaption><\/figure>\n<p style=\"text-align: center\"><em><strong>SEVILLA, lunes 10-Abril-1911.-SEVILLA, domingo 28-Mayo-1967.-56 A\u00f1os-1 mes-18 d\u00edas.-D. E. P.<\/strong><\/em><\/p>\n<p style=\"text-align: center\"><em><strong>Temporadas 1929-1930 \u00e1 1931-1932 Campeonato Nacional Liga Segunda Divisi\u00f3n; 1932-1933 \u00e1 1934-1935 Campeonato Nacional Liga Primera Divisi\u00f3n; 1935-1939; 1938-1939 \u00e1 1941-1942 Campeonato Nacional Liga Segunda Divisi\u00f3n; 1942-1943 y 1943-1944; ambas inclusives.<\/strong><\/em><\/p>\n<figure id=\"attachment_33063\" aria-describedby=\"caption-attachment-33063\" style=\"width: 185px\" class=\"wp-caption aligncenter\"><a href=\"https:\/\/www.manquepierda.com\/historiarealbetis\/33061-soladrero-pancho-villegas-y-arrigorriaga-de-manuel-sarmiento\/soladrero-5\/\" rel=\"attachment wp-att-33063\"><img data-recalc-dims=\"1\" loading=\"lazy\" decoding=\"async\" class=\"size-thumbnail wp-image-33063\" alt=\"Enrique Soladrero\" src=\"https:\/\/i0.wp.com\/www.manquepierda.com\/historiarealbetis\/files\/2013\/10\/Soladrero1.jpg?resize=185%2C220&#038;ssl=1\" width=\"185\" height=\"220\" srcset=\"https:\/\/i0.wp.com\/www.manquepierda.com\/historiarealbetis\/files\/2013\/10\/Soladrero1.jpg?resize=185%2C220&amp;ssl=1 185w, https:\/\/i0.wp.com\/www.manquepierda.com\/historiarealbetis\/files\/2013\/10\/Soladrero1.jpg?resize=506%2C600&amp;ssl=1 506w, https:\/\/i0.wp.com\/www.manquepierda.com\/historiarealbetis\/files\/2013\/10\/Soladrero1.jpg?w=517&amp;ssl=1 517w\" sizes=\"auto, (max-width: 185px) 100vw, 185px\" \/><\/a><figcaption id=\"caption-attachment-33063\" class=\"wp-caption-text\"><em><strong>5.-Medio-Centro.-ENRIQUE SOLADRERO ARBIDE.-19 a\u00f1os-8 meses.<\/strong><\/em><\/figcaption><\/figure>\n<p style=\"text-align: center\"><em><strong>ARRIGORRIAGA (Vizcaya), mi\u00e9rcoles 30-Abril-1913.-SAN SEBASTI\u00c1N (Guip\u00fazcoa), domingo 17-Octubre-1976.-63 A\u00f1os-6 meses.-D. E. P.<\/strong><\/em><\/p>\n<p style=\"text-align: center\"><em><strong>Temporadas 1930-1931 \u00e1 1931-1932 Campeonato Nacional Liga Segunda Divisi\u00f3n; 1932-1933 \u00e1 1933-1934; ambas inclusves.<\/strong><\/em><\/p>\n<figure id=\"attachment_33698\" aria-describedby=\"caption-attachment-33698\" style=\"width: 95px\" class=\"wp-caption aligncenter\"><a href=\"https:\/\/www.manquepierda.com\/historiarealbetis\/33695-1933-enero-01-primera-division-racing-de-santander-2-vs-betis-balompie-2-goals\/roberto-martin-saez-2\/\" rel=\"attachment wp-att-33698\"><img data-recalc-dims=\"1\" loading=\"lazy\" decoding=\"async\" class=\"size-thumbnail wp-image-33698\" alt=\"mmm\" src=\"https:\/\/i0.wp.com\/www.manquepierda.com\/historiarealbetis\/files\/2013\/11\/Roberto-Mart%C3%ADn-S%C3%A1ez.jpg?resize=95%2C220&#038;ssl=1\" width=\"95\" height=\"220\" srcset=\"https:\/\/i0.wp.com\/www.manquepierda.com\/historiarealbetis\/files\/2013\/11\/Roberto-Mart%C3%ADn-S%C3%A1ez.jpg?resize=95%2C220&amp;ssl=1 95w, https:\/\/i0.wp.com\/www.manquepierda.com\/historiarealbetis\/files\/2013\/11\/Roberto-Mart%C3%ADn-S%C3%A1ez.jpg?w=121&amp;ssl=1 121w\" sizes=\"auto, (max-width: 95px) 100vw, 95px\" \/><\/a><figcaption id=\"caption-attachment-33698\" class=\"wp-caption-text\"><em><strong>6.-Medio-Zurdo.-ROBERTO MART\u00cdN S\u00c1EZ.-23 a\u00f1os.<\/strong><\/em><\/figcaption><\/figure>\n<p style=\"text-align: center\"><em><strong>BARAKALDO (Vizcaya) 00-00-1910.-\u00cdDEM, mi\u00e9rcoles 24-Enero-1934.-23 A\u00f1os.-D. E. P.<\/strong><\/em><\/p>\n<p style=\"text-align: center\"><em><strong>Temporadas 1932-1933&nbsp; y&nbsp; 1933-1934; ambas inclusive.<\/strong><\/em><\/p>\n<figure id=\"attachment_33651\" aria-describedby=\"caption-attachment-33651\" style=\"width: 175px\" class=\"wp-caption aligncenter\"><a href=\"https:\/\/www.manquepierda.com\/historiarealbetis\/33650-las-excentricidades-de-timimi\/pedro_gonz_lez_timimi\/\" rel=\"attachment wp-att-33651\"><img data-recalc-dims=\"1\" loading=\"lazy\" decoding=\"async\" class=\"size-thumbnail wp-image-33651\" alt=\"mmm\" src=\"https:\/\/i0.wp.com\/www.manquepierda.com\/historiarealbetis\/files\/2013\/11\/Pedro_Gonz_lez_Timimi.jpg?resize=175%2C220&#038;ssl=1\" width=\"175\" height=\"220\" srcset=\"https:\/\/i0.wp.com\/www.manquepierda.com\/historiarealbetis\/files\/2013\/11\/Pedro_Gonz_lez_Timimi.jpg?resize=175%2C220&amp;ssl=1 175w, https:\/\/i0.wp.com\/www.manquepierda.com\/historiarealbetis\/files\/2013\/11\/Pedro_Gonz_lez_Timimi.jpg?w=229&amp;ssl=1 229w\" sizes=\"auto, (max-width: 175px) 100vw, 175px\" \/><\/a><figcaption id=\"caption-attachment-33651\" class=\"wp-caption-text\"><em><strong>7.-Delantero-Extremo Diestro.-Pedro Gonz\u00e1lez S\u00e1nchez (a) \u00abTIMIMI\u00bb.-22 a\u00f1os.<\/strong><\/em><\/figcaption><\/figure>\n<p style=\"text-align: center\"><em><strong>MARC\u00d3 EL 2-2 A LOS 89 MINUTOS.<\/strong><\/em><\/p>\n<p style=\"text-align: center\"><em><strong>LAS PALMAS DE GRAN CANARIA-barrio ARENALES-domingo 1\u00ba-Enero-1911.-\u00cdDEM-Hospital San Mart\u00edn-martes 26-Enero-1960.-49 A\u00f1os-25 d\u00edas.-D. E. P.<\/strong><\/em><\/p>\n<p style=\"text-align: center\"><em><strong>Temporadas 1930-1931 \u00e1 1931-1932 Campeonato Nacional Liga Segunda Divisi\u00f3n; 1932-1933 \u00e1 1934-1935 Campeonato Nacional Liga Primera Divisi\u00f3n; ambas inclusives.<\/strong><\/em><\/p>\n<figure id=\"attachment_33699\" aria-describedby=\"caption-attachment-33699\" style=\"width: 143px\" class=\"wp-caption aligncenter\"><a href=\"https:\/\/www.manquepierda.com\/historiarealbetis\/33695-1933-enero-01-primera-division-racing-de-santander-2-vs-betis-balompie-2-goals\/rocasolano-ii\/\" rel=\"attachment wp-att-33699\"><img data-recalc-dims=\"1\" loading=\"lazy\" decoding=\"async\" class=\"size-thumbnail wp-image-33699\" alt=\"MMMM\" src=\"https:\/\/i0.wp.com\/www.manquepierda.com\/historiarealbetis\/files\/2013\/11\/ROCASOLANO-II.jpg?resize=143%2C220&#038;ssl=1\" width=\"143\" height=\"220\" srcset=\"https:\/\/i0.wp.com\/www.manquepierda.com\/historiarealbetis\/files\/2013\/11\/ROCASOLANO-II.jpg?resize=143%2C220&amp;ssl=1 143w, https:\/\/i0.wp.com\/www.manquepierda.com\/historiarealbetis\/files\/2013\/11\/ROCASOLANO-II.jpg?resize=392%2C600&amp;ssl=1 392w, https:\/\/i0.wp.com\/www.manquepierda.com\/historiarealbetis\/files\/2013\/11\/ROCASOLANO-II.jpg?w=393&amp;ssl=1 393w\" sizes=\"auto, (max-width: 143px) 100vw, 143px\" \/><\/a><figcaption id=\"caption-attachment-33699\" class=\"wp-caption-text\"><em><strong>8.-Delantero-Interior Diestro-Juan ROCASOLANO Camacho (a) \u00abROCASOLANO II\u00bb.-19 a\u00f1os-10 meses.<\/strong><\/em><\/figcaption><\/figure>\n<p style=\"text-align: center\"><em><strong>MARC\u00d3 EL 2-1 A LOS 80 MINUTOS.<\/strong><\/em><\/p>\n<p style=\"text-align: center\"><em><strong>MADRID, jueves 27-Marzo-1913.-No localizada ciudad y fecha fallecimiento.-D. E. P.<\/strong><\/em><\/p>\n<p style=\"text-align: center\"><em><strong>Temporadas 1932-1933&nbsp; y&nbsp; 1933-1934; ambas inclusive.<\/strong><\/em><\/p>\n<figure id=\"attachment_33675\" aria-describedby=\"caption-attachment-33675\" style=\"width: 124px\" class=\"wp-caption aligncenter\"><a href=\"https:\/\/www.manquepierda.com\/historiarealbetis\/33608-1932-octubre-23-mancomunado-centro-sur-betis-balompie-5-goals-vs-valladolid-cd-2\/leopoldo-ruiz-capillas-del-castillo-2\/\" rel=\"attachment wp-att-33675\"><img data-recalc-dims=\"1\" loading=\"lazy\" decoding=\"async\" class=\"size-thumbnail wp-image-33675\" alt=\"mmm\" src=\"https:\/\/i0.wp.com\/www.manquepierda.com\/historiarealbetis\/files\/2013\/11\/Leopoldo-Ruiz-Capillas-Del-Castillo.jpg?resize=124%2C220&#038;ssl=1\" width=\"124\" height=\"220\" srcset=\"https:\/\/i0.wp.com\/www.manquepierda.com\/historiarealbetis\/files\/2013\/11\/Leopoldo-Ruiz-Capillas-Del-Castillo.jpg?resize=124%2C220&amp;ssl=1 124w, https:\/\/i0.wp.com\/www.manquepierda.com\/historiarealbetis\/files\/2013\/11\/Leopoldo-Ruiz-Capillas-Del-Castillo.jpg?resize=338%2C600&amp;ssl=1 338w, https:\/\/i0.wp.com\/www.manquepierda.com\/historiarealbetis\/files\/2013\/11\/Leopoldo-Ruiz-Capillas-Del-Castillo.jpg?w=366&amp;ssl=1 366w\" sizes=\"auto, (max-width: 124px) 100vw, 124px\" \/><\/a><figcaption id=\"caption-attachment-33675\" class=\"wp-caption-text\"><em><strong>9.-Centro Delantero-Ariete.-Leopoldo Ruiz-CAPILLAS Del Castiilo.-26 a\u00f1os-9 meses.<\/strong><\/em><\/figcaption><\/figure>\n<p style=\"text-align: center\"><em><strong>SAN VICENTE DE LA SONSIERRA (La Rioja), domingo 31-Marzo-1907.-MADRID-cuartel de La Monta\u00f1a-lunes 20-Julio-1936.-29 A\u00f1os-3 meses.-D. E. P.<\/strong><\/em><\/p>\n<p style=\"text-align: center\"><em><strong>Temporada 1932-1933.<\/strong><\/em><\/p>\n<figure id=\"attachment_33677\" aria-describedby=\"caption-attachment-33677\" style=\"width: 149px\" class=\"wp-caption aligncenter\"><a href=\"https:\/\/www.manquepierda.com\/historiarealbetis\/33608-1932-octubre-23-mancomunado-centro-sur-betis-balompie-5-goals-vs-valladolid-cd-2\/simon-lecue-andrade-4\/\" rel=\"attachment wp-att-33677\"><img data-recalc-dims=\"1\" loading=\"lazy\" decoding=\"async\" class=\"size-thumbnail wp-image-33677\" alt=\"mmm\" src=\"https:\/\/i0.wp.com\/www.manquepierda.com\/historiarealbetis\/files\/2013\/11\/Sim%C3%B3n-Lecue-Andrade1.jpg?resize=149%2C220&#038;ssl=1\" width=\"149\" height=\"220\" srcset=\"https:\/\/i0.wp.com\/www.manquepierda.com\/historiarealbetis\/files\/2013\/11\/Sim%C3%B3n-Lecue-Andrade1.jpg?resize=149%2C220&amp;ssl=1 149w, https:\/\/i0.wp.com\/www.manquepierda.com\/historiarealbetis\/files\/2013\/11\/Sim%C3%B3n-Lecue-Andrade1.jpg?w=309&amp;ssl=1 309w\" sizes=\"auto, (max-width: 149px) 100vw, 149px\" \/><\/a><figcaption id=\"caption-attachment-33677\" class=\"wp-caption-text\"><em><strong>10.-Delantero-Interior Zurdo.-SIM\u00d3N LECUE ANDRADE.-20 a\u00f1os-10 meses.<\/strong><\/em><\/figcaption><\/figure>\n<p style=\"text-align: center\"><em><strong>ARRIGORRIAGA (Vizcaya), domimgo 11-Febrero-1912.-MADRID-Cl\u00ednica 1\u00ba-Octubre-lunes 27-Febrero-1984.-72 A\u00f1os-16 d\u00edas.-D. E. P.<\/strong><\/em><\/p>\n<p style=\"text-align: center\"><em><strong>Temporadas <\/strong><\/em><em><strong>1932-1933 \u00e1 1934-1935 Campeonato Nacional Liga Primera Divisi\u00f3n; ambas inclusive.<\/strong><\/em><\/p>\n<figure id=\"attachment_33628\" aria-describedby=\"caption-attachment-33628\" style=\"width: 188px\" class=\"wp-caption aligncenter\"><a href=\"https:\/\/www.manquepierda.com\/historiarealbetis\/33617-1932-noviembre-20-mancomunado-centro-sur-betis-balompie-5-goals-vs-athletic-madrid-0\/enrique-garrido-reguera-5\/\" rel=\"attachment wp-att-33628\"><img data-recalc-dims=\"1\" loading=\"lazy\" decoding=\"async\" class=\"size-thumbnail wp-image-33628\" alt=\"mmm\" src=\"https:\/\/i0.wp.com\/www.manquepierda.com\/historiarealbetis\/files\/2013\/11\/ENRIQUE-Garrido-Reguera.png?resize=188%2C220&#038;ssl=1\" width=\"188\" height=\"220\" srcset=\"https:\/\/i0.wp.com\/www.manquepierda.com\/historiarealbetis\/files\/2013\/11\/ENRIQUE-Garrido-Reguera.png?resize=188%2C220&amp;ssl=1 188w, https:\/\/i0.wp.com\/www.manquepierda.com\/historiarealbetis\/files\/2013\/11\/ENRIQUE-Garrido-Reguera.png?w=191&amp;ssl=1 191w\" sizes=\"auto, (max-width: 188px) 100vw, 188px\" \/><\/a><figcaption id=\"caption-attachment-33628\" class=\"wp-caption-text\"><em><strong>11.-Delantero-Extremo Zurdo.-ENRIQUE GARRIDO REGUERA.-19 a\u00f1os.<\/strong><\/em><\/figcaption><\/figure>\n<p style=\"text-align: center\"><em><strong>SEVILLA, 00-00-1913.-No localizadas fechas nacimiento-fallecimiento y ciudad.-D. E. P.<\/strong><\/em><\/p>\n<p style=\"text-align: center\"><em><strong>Temporadas 1925-1926 \u00e1 1931-1932 Campeonato Nacional Segunda Divisi\u00f3n; 1932-1933 \u00e1 1933-1934; ambas inclusives.<\/strong><\/em><\/p>\n<p style=\"text-align: center\">RESULTADOS Y CLASIFICACI\u00d3N GENERAL DESPU\u00c9S DE LA SEXTA JORNADA DEL CAMPEONATO NACIONAL LIGA PRIMERA DIVISI\u00d3N-TEMPORADA 1932-1933:<\/p>\n<figure id=\"attachment_33700\" aria-describedby=\"caption-attachment-33700\" style=\"width: 519px\" class=\"wp-caption aligncenter\"><a href=\"https:\/\/www.manquepierda.com\/historiarealbetis\/33695-1933-enero-01-primera-division-racing-de-santander-2-vs-betis-balompie-2-goals\/19330101rc\/\" rel=\"attachment wp-att-33700\"><img data-recalc-dims=\"1\" loading=\"lazy\" decoding=\"async\" class=\"size-full wp-image-33700\" alt=\"MMM\" src=\"https:\/\/i0.wp.com\/www.manquepierda.com\/historiarealbetis\/files\/2013\/11\/19330101RC.jpg?resize=519%2C464&#038;ssl=1\" width=\"519\" height=\"464\" srcset=\"https:\/\/i0.wp.com\/www.manquepierda.com\/historiarealbetis\/files\/2013\/11\/19330101RC.jpg?w=519&amp;ssl=1 519w, https:\/\/i0.wp.com\/www.manquepierda.com\/historiarealbetis\/files\/2013\/11\/19330101RC.jpg?resize=220%2C196&amp;ssl=1 220w\" sizes=\"auto, (max-width: 519px) 100vw, 519px\" \/><\/a><figcaption id=\"caption-attachment-33700\" class=\"wp-caption-text\">LVG-B-19330103-martes.<\/figcaption><\/figure>\n<p>&nbsp;<\/p>\n","protected":false},"excerpt":{"rendered":"<p>1933-ENERO 01-DOMINGO EN SANTANDER.-CAMPO DE SPORT DEL SARDINERO. SEXTA JORNADA CAMPEONATO NACIONAL LIGA PRIMERA DIVISI\u00d3N-TEMPORADA 1932-1933. Arbitr\u00f3 el colegiado vizca\u00edno Pedro VALLANA Jeanguenat. Arbitr\u00f3 el colegiado vizca\u00edno Pedro VALLANA Jeanguenat. Entrenador Francisco PAGAZAurtund\u00faa Gonz\u00e1lez-Murrieta. Crist\u00f3bal SOL\u00c1.-Fernando CEBALLOS-Eusebio GURRUCHAGA.-Francisco HERN\u00c1NDEZ-\u00d3scar RODR\u00cdGUEZ-Manuel IBARRA.-SANTIago Zubieta-Jos\u00e9 Antonio LOREDO \u00c1lvarez (1-0.-18 minutos: Ibarra cede el bal\u00f3n a Larra\u00f1aga, \u00e9ste pasa&#8230;<\/p>\n","protected":false},"author":48,"featured_media":33697,"comment_status":"open","ping_status":"open","sticky":false,"template":"","format":"standard","meta":{"_kad_post_transparent":"","_kad_post_title":"","_kad_post_layout":"","_kad_post_sidebar_id":"","_kad_post_content_style":"","_kad_post_vertical_padding":"","_kad_post_feature":"","_kad_post_feature_position":"","_kad_post_header":false,"_kad_post_footer":false,"_kad_post_classname":"","_jetpack_memberships_contains_paid_content":false,"footnotes":"","jetpack_publicize_message":"","jetpack_publicize_feature_enabled":true,"jetpack_social_post_already_shared":true,"jetpack_social_options":{"image_generator_settings":{"template":"highway","default_image_id":0,"font":"","enabled":false},"version":2}},"categories":[899,1],"tags":[2575,1537,17886,11766],"class_list":["post-33695","post","type-post","status-publish","format-standard","has-post-thumbnail","hentry","category-1930-1939","category-portada","tag-1932-33","tag-1537","tag-liga-primera-1932-33","tag-real-racing-club-santander"],"jetpack_publicize_connections":[],"jetpack_featured_media_url":"https:\/\/i0.wp.com\/www.manquepierda.com\/historiarealbetis\/files\/2013\/11\/19330101-RCS-2-BB-2.jpg?fit=1256%2C1157&ssl=1","jetpack_sharing_enabled":true,"jetpack_shortlink":"https:\/\/wp.me\/p1ij08-8Lt","jetpack-related-posts":[],"_links":{"self":[{"href":"https:\/\/www.manquepierda.com\/historiarealbetis\/wp-json\/wp\/v2\/posts\/33695","targetHints":{"allow":["GET"]}}],"collection":[{"href":"https:\/\/www.manquepierda.com\/historiarealbetis\/wp-json\/wp\/v2\/posts"}],"about":[{"href":"https:\/\/www.manquepierda.com\/historiarealbetis\/wp-json\/wp\/v2\/types\/post"}],"author":[{"embeddable":true,"href":"https:\/\/www.manquepierda.com\/historiarealbetis\/wp-json\/wp\/v2\/users\/48"}],"replies":[{"embeddable":true,"href":"https:\/\/www.manquepierda.com\/historiarealbetis\/wp-json\/wp\/v2\/comments?post=33695"}],"version-history":[{"count":1,"href":"https:\/\/www.manquepierda.com\/historiarealbetis\/wp-json\/wp\/v2\/posts\/33695\/revisions"}],"predecessor-version":[{"id":89961,"href":"https:\/\/www.manquepierda.com\/historiarealbetis\/wp-json\/wp\/v2\/posts\/33695\/revisions\/89961"}],"wp:featuredmedia":[{"embeddable":true,"href":"https:\/\/www.manquepierda.com\/historiarealbetis\/wp-json\/wp\/v2\/media\/33697"}],"wp:attachment":[{"href":"https:\/\/www.manquepierda.com\/historiarealbetis\/wp-json\/wp\/v2\/media?parent=33695"}],"wp:term":[{"taxonomy":"category","embeddable":true,"href":"https:\/\/www.manquepierda.com\/historiarealbetis\/wp-json\/wp\/v2\/categories?post=33695"},{"taxonomy":"post_tag","embeddable":true,"href":"https:\/\/www.manquepierda.com\/historiarealbetis\/wp-json\/wp\/v2\/tags?post=33695"}],"curies":[{"name":"wp","href":"https:\/\/api.w.org\/{rel}","templated":true}]}}