{"id":33738,"date":"2013-11-27T17:46:37","date_gmt":"2013-11-27T16:46:37","guid":{"rendered":"http:\/\/www.manquepierda.com\/historiarealbetis\/?p=33738"},"modified":"2024-08-20T08:27:11","modified_gmt":"2024-08-20T06:27:11","slug":"2013-noviembre-26-fallece-ex-jugador-betico-jose-nebot-navarro","status":"publish","type":"post","link":"https:\/\/www.manquepierda.com\/historiarealbetis\/2013-noviembre-26-fallece-ex-jugador-betico-jose-nebot-navarro\/","title":{"rendered":"2013-Noviembre 26.-Fallece ex-jugador b\u00e9tico Jos\u00e9 Nebot Navarro."},"content":{"rendered":"<figure id=\"attachment_33739\" aria-describedby=\"caption-attachment-33739\" style=\"width: 266px\" class=\"wp-caption aligncenter\"><a href=\"https:\/\/www.manquepierda.com\/historiarealbetis\/33738-2013-noviembre-26-fallece-ex-jugador-betico-jose-nebot-navarro\/images-44\/\" rel=\"attachment wp-att-33739\"><img data-recalc-dims=\"1\" loading=\"lazy\" decoding=\"async\" class=\"size-full wp-image-33739\" alt=\"D. \" src=\"https:\/\/i0.wp.com\/www.manquepierda.com\/historiarealbetis\/files\/2013\/11\/images.jpeg?resize=266%2C190&#038;ssl=1\" width=\"266\" height=\"190\" srcset=\"https:\/\/i0.wp.com\/www.manquepierda.com\/historiarealbetis\/files\/2013\/11\/images.jpeg?w=266&amp;ssl=1 266w, https:\/\/i0.wp.com\/www.manquepierda.com\/historiarealbetis\/files\/2013\/11\/images.jpeg?resize=220%2C157&amp;ssl=1 220w\" sizes=\"auto, (max-width: 266px) 100vw, 266px\" \/><\/a><figcaption id=\"caption-attachment-33739\" class=\"wp-caption-text\"><strong>Jos\u00e9 NEBOT Navarro.<\/strong><\/figcaption><\/figure>\n<p style=\"text-align: center\">Nuestro m\u00e1s sentido p\u00e9same a su viuda do\u00f1a Mar\u00eda Jos\u00e9 Turr\u00f3 Gaita,\u00a0 Familia y Amigos; Familia Verdiblanca.<\/p>\n<figure id=\"attachment_33740\" aria-describedby=\"caption-attachment-33740\" style=\"width: 463px\" class=\"wp-caption aligncenter\"><a href=\"https:\/\/www.manquepierda.com\/historiarealbetis\/33738-2013-noviembre-26-fallece-ex-jugador-betico-jose-nebot-navarro\/jose-nebot-navarro\/\" rel=\"attachment wp-att-33740\"><img data-recalc-dims=\"1\" loading=\"lazy\" decoding=\"async\" class=\"size-medium wp-image-33740\" alt=\"mmm\" src=\"https:\/\/i0.wp.com\/www.manquepierda.com\/historiarealbetis\/files\/2013\/11\/Jos%C3%A9-Nebot-Navarro.jpg?resize=463%2C600&#038;ssl=1\" width=\"463\" height=\"600\" srcset=\"https:\/\/i0.wp.com\/www.manquepierda.com\/historiarealbetis\/files\/2013\/11\/Jos%C3%A9-Nebot-Navarro.jpg?resize=463%2C600&amp;ssl=1 463w, https:\/\/i0.wp.com\/www.manquepierda.com\/historiarealbetis\/files\/2013\/11\/Jos%C3%A9-Nebot-Navarro.jpg?resize=170%2C220&amp;ssl=1 170w, https:\/\/i0.wp.com\/www.manquepierda.com\/historiarealbetis\/files\/2013\/11\/Jos%C3%A9-Nebot-Navarro.jpg?w=517&amp;ssl=1 517w\" sizes=\"auto, (max-width: 463px) 100vw, 463px\" \/><\/a><figcaption id=\"caption-attachment-33740\" class=\"wp-caption-text\"><em><strong>JOS\u00c9 NEBOT NAVARRO.-Ariete-Temporadas 1972-1973 y 1973-1974, ambas inclusives.<\/strong><\/em><\/figcaption><\/figure>\n<p style=\"text-align: center\">NULES (Castell\u00f3n), viernes 05-Septiembre-1947.-PALMA DE MALLORCA, martes 26-Noviembre-2013.-66 A\u00f1os-2 meses-21 d\u00edas.-D. E. P.<\/p>\n<p class=\"size-medium wp-image-33740\">Centro delantero-Ariete-Real Betis Balompi\u00e9-Temporadas:<\/p>\n<p style=\"text-align: center\"><strong>1972-1973.-Primera Divisi\u00f3n-25 a\u00f1os:\u00a0 11 partidos jugados (9-Titular; 8-completos; 2-Sustituciones).-841 minutos.-2 Goles marcados.<br \/>\n<\/strong><\/p>\n<p style=\"text-align: center\"><strong>1973-1974.-Segunda Divisi\u00f3n-26 a\u00f1os:\u00a0 6 partidos; 6 sustituciones).-165 minutos.-3 Tantos logrados.<\/strong><\/p>\n<p style=\"text-align: center\">1974-1975.-Fue traspasado al Real Club Deportivo Mallorca.<\/p>\n<p style=\"text-align: center\">\n","protected":false},"excerpt":{"rendered":"<p>Nuestro m\u00e1s sentido p\u00e9same a su viuda do\u00f1a Mar\u00eda Jos\u00e9 Turr\u00f3 Gaita,\u00a0 Familia y Amigos; Familia Verdiblanca. NULES (Castell\u00f3n), viernes 05-Septiembre-1947.-PALMA DE MALLORCA, martes 26-Noviembre-2013.-66 A\u00f1os-2 meses-21 d\u00edas.-D. E. P. Centro delantero-Ariete-Real Betis Balompi\u00e9-Temporadas: 1972-1973.-Primera Divisi\u00f3n-25 a\u00f1os:\u00a0 11 partidos jugados (9-Titular; 8-completos; 2-Sustituciones).-841 minutos.-2 Goles marcados. 1973-1974.-Segunda Divisi\u00f3n-26 a\u00f1os:\u00a0 6 partidos; 6 sustituciones).-165 minutos.-3 Tantos&#8230;<\/p>\n","protected":false},"author":48,"featured_media":33740,"comment_status":"open","ping_status":"open","sticky":false,"template":"","format":"standard","meta":{"_kad_post_transparent":"","_kad_post_title":"","_kad_post_layout":"","_kad_post_sidebar_id":"","_kad_post_content_style":"","_kad_post_vertical_padding":"","_kad_post_feature":"","_kad_post_feature_position":"","_kad_post_header":false,"_kad_post_footer":false,"_kad_post_classname":"","_jetpack_memberships_contains_paid_content":false,"footnotes":"","jetpack_publicize_message":"","jetpack_publicize_feature_enabled":true,"jetpack_social_post_already_shared":true,"jetpack_social_options":{"image_generator_settings":{"template":"highway","default_image_id":0,"font":"","enabled":false},"version":2}},"categories":[3,1],"tags":[3283],"class_list":["post-33738","post","type-post","status-publish","format-standard","has-post-thumbnail","hentry","category-actualidad","category-portada","tag-jose-nebot"],"jetpack_publicize_connections":[],"jetpack_featured_media_url":"https:\/\/i0.wp.com\/www.manquepierda.com\/historiarealbetis\/files\/2013\/11\/Jos%C3%A9-Nebot-Navarro.jpg?fit=517%2C669&ssl=1","jetpack_sharing_enabled":true,"jetpack_shortlink":"https:\/\/wp.me\/p1ij08-8Ma","jetpack-related-posts":[],"_links":{"self":[{"href":"https:\/\/www.manquepierda.com\/historiarealbetis\/wp-json\/wp\/v2\/posts\/33738","targetHints":{"allow":["GET"]}}],"collection":[{"href":"https:\/\/www.manquepierda.com\/historiarealbetis\/wp-json\/wp\/v2\/posts"}],"about":[{"href":"https:\/\/www.manquepierda.com\/historiarealbetis\/wp-json\/wp\/v2\/types\/post"}],"author":[{"embeddable":true,"href":"https:\/\/www.manquepierda.com\/historiarealbetis\/wp-json\/wp\/v2\/users\/48"}],"replies":[{"embeddable":true,"href":"https:\/\/www.manquepierda.com\/historiarealbetis\/wp-json\/wp\/v2\/comments?post=33738"}],"version-history":[{"count":1,"href":"https:\/\/www.manquepierda.com\/historiarealbetis\/wp-json\/wp\/v2\/posts\/33738\/revisions"}],"predecessor-version":[{"id":97240,"href":"https:\/\/www.manquepierda.com\/historiarealbetis\/wp-json\/wp\/v2\/posts\/33738\/revisions\/97240"}],"wp:featuredmedia":[{"embeddable":true,"href":"https:\/\/www.manquepierda.com\/historiarealbetis\/wp-json\/wp\/v2\/media\/33740"}],"wp:attachment":[{"href":"https:\/\/www.manquepierda.com\/historiarealbetis\/wp-json\/wp\/v2\/media?parent=33738"}],"wp:term":[{"taxonomy":"category","embeddable":true,"href":"https:\/\/www.manquepierda.com\/historiarealbetis\/wp-json\/wp\/v2\/categories?post=33738"},{"taxonomy":"post_tag","embeddable":true,"href":"https:\/\/www.manquepierda.com\/historiarealbetis\/wp-json\/wp\/v2\/tags?post=33738"}],"curies":[{"name":"wp","href":"https:\/\/api.w.org\/{rel}","templated":true}]}}