{"id":33789,"date":"2013-12-05T07:31:08","date_gmt":"2013-12-05T06:31:08","guid":{"rendered":"http:\/\/www.manquepierda.com\/historiarealbetis\/?p=33789"},"modified":"2024-10-06T16:37:03","modified_gmt":"2024-10-06T14:37:03","slug":"alineacion-jaen-betis-liga-1955","status":"publish","type":"post","link":"https:\/\/www.manquepierda.com\/historiarealbetis\/alineacion-jaen-betis-liga-1955\/","title":{"rendered":"Alineaci\u00f3n Ja\u00e9n-Betis Liga 1955"},"content":{"rendered":"<figure id=\"attachment_33790\" aria-describedby=\"caption-attachment-33790\" style=\"width: 550px\" class=\"wp-caption aligncenter\"><a href=\"https:\/\/www.manquepierda.com\/historiarealbetis\/33789-alineacion-jaen-betis-liga-1955\/dic-05-alineacion-jaen-betis-liga-1955\/\" rel=\"attachment wp-att-33790\"><img data-recalc-dims=\"1\" loading=\"lazy\" decoding=\"async\" class=\"size-full wp-image-33790\" src=\"https:\/\/i0.wp.com\/www.manquepierda.com\/historiarealbetis\/files\/2013\/11\/Dic-05-Alineaci%C3%B3n-Ja%C3%A9n-Betis-Liga-1955.jpg?resize=550%2C399&#038;ssl=1\" alt=\"Dic-05 Alineaci\u00f3n Ja\u00e9n-Betis Liga 1955\" width=\"550\" height=\"399\" srcset=\"https:\/\/i0.wp.com\/www.manquepierda.com\/historiarealbetis\/files\/2013\/11\/Dic-05-Alineaci%C3%B3n-Ja%C3%A9n-Betis-Liga-1955.jpg?w=550&amp;ssl=1 550w, https:\/\/i0.wp.com\/www.manquepierda.com\/historiarealbetis\/files\/2013\/11\/Dic-05-Alineaci%C3%B3n-Ja%C3%A9n-Betis-Liga-1955.jpg?resize=220%2C159&amp;ssl=1 220w\" sizes=\"auto, (max-width: 550px) 100vw, 550px\" \/><\/a><figcaption id=\"caption-attachment-33790\" class=\"wp-caption-text\">Fuente: Colecci\u00f3n particular Javier Maldonado<\/figcaption><\/figure>\n<p>&nbsp;<\/p>\n<p>18 de septiembre de 1955 en La Victoria \u00a0Ja\u00e9n 1 \u00a0Betis 0; \u00a0jornada 2 del campeonato de Liga de Segunda Divisi\u00f3n.<\/p>\n<p>&nbsp;<\/p>\n<p>En la imagen arriba: Gonz\u00e1lez, Genaro, Vilari\u00f1o, Ledesma, Lora, Cifuentes y Am\u00e9rico; abajo: Barranco, Sobrado, Guerrero, Botella y Linares.<\/p>\n<p>Con un tanto de Peir\u00f3 en el minuto 80 el Real Ja\u00e9n se impuso 1-0 al Betis.<\/p>\n<p>Tom\u00e1s Arnanz entrenaba al Ja\u00e9n y Pepe Valera al Betis.<\/p>\n<p>&nbsp;<\/p>\n<p>Agradecer a Javier Maldonado el uso de esta imagen.<\/p>\n","protected":false},"excerpt":{"rendered":"<p>&nbsp; 18 de septiembre de 1955 en La Victoria \u00a0Ja\u00e9n 1 \u00a0Betis 0; \u00a0jornada 2 del campeonato de Liga de Segunda Divisi\u00f3n. &nbsp; En la imagen arriba: Gonz\u00e1lez, Genaro, Vilari\u00f1o, Ledesma, Lora, Cifuentes y Am\u00e9rico; abajo: Barranco, Sobrado, Guerrero, Botella y Linares. Con un tanto de Peir\u00f3 en el minuto 80 el Real Ja\u00e9n se&#8230;<\/p>\n","protected":false},"author":5,"featured_media":33790,"comment_status":"open","ping_status":"open","sticky":false,"template":"","format":"standard","meta":{"_kad_post_transparent":"","_kad_post_title":"","_kad_post_layout":"","_kad_post_sidebar_id":"","_kad_post_content_style":"","_kad_post_vertical_padding":"","_kad_post_feature":"","_kad_post_feature_position":"","_kad_post_header":false,"_kad_post_footer":false,"_kad_post_classname":"","_jetpack_memberships_contains_paid_content":false,"footnotes":"","jetpack_publicize_message":"","jetpack_publicize_feature_enabled":true,"jetpack_social_post_already_shared":true,"jetpack_social_options":{"image_generator_settings":{"template":"highway","default_image_id":0,"font":"","enabled":false},"version":2}},"categories":[901,1],"tags":[55,4126,3918,1134,1136,1607,9755,17539,3183,6864,17881,2580,1418,1128,16772,1131],"class_list":["post-33789","post","type-post","status-publish","format-standard","has-post-thumbnail","hentry","category-1950-1959","category-portada","tag-55","tag-1955-56","tag-americo-canas","tag-angel-ledesma","tag-antonio-linares","tag-eduardo-sobrado","tag-emilio-barranco","tag-jenaro-rodriguez","tag-jose-garcia-botella","tag-julio-vilarino","tag-liga-segunda-1955-56","tag-luis-cifuentes","tag-manuel-lora","tag-pedro-gonzalez","tag-real-jaen-cf","tag-tomas-guerrero"],"jetpack_publicize_connections":[],"jetpack_featured_media_url":"https:\/\/i0.wp.com\/www.manquepierda.com\/historiarealbetis\/files\/2013\/11\/Dic-05-Alineaci%C3%B3n-Ja%C3%A9n-Betis-Liga-1955.jpg?fit=550%2C399&ssl=1","jetpack_sharing_enabled":true,"jetpack_shortlink":"https:\/\/wp.me\/p1ij08-8MZ","jetpack-related-posts":[],"_links":{"self":[{"href":"https:\/\/www.manquepierda.com\/historiarealbetis\/wp-json\/wp\/v2\/posts\/33789","targetHints":{"allow":["GET"]}}],"collection":[{"href":"https:\/\/www.manquepierda.com\/historiarealbetis\/wp-json\/wp\/v2\/posts"}],"about":[{"href":"https:\/\/www.manquepierda.com\/historiarealbetis\/wp-json\/wp\/v2\/types\/post"}],"author":[{"embeddable":true,"href":"https:\/\/www.manquepierda.com\/historiarealbetis\/wp-json\/wp\/v2\/users\/5"}],"replies":[{"embeddable":true,"href":"https:\/\/www.manquepierda.com\/historiarealbetis\/wp-json\/wp\/v2\/comments?post=33789"}],"version-history":[{"count":1,"href":"https:\/\/www.manquepierda.com\/historiarealbetis\/wp-json\/wp\/v2\/posts\/33789\/revisions"}],"predecessor-version":[{"id":96721,"href":"https:\/\/www.manquepierda.com\/historiarealbetis\/wp-json\/wp\/v2\/posts\/33789\/revisions\/96721"}],"wp:featuredmedia":[{"embeddable":true,"href":"https:\/\/www.manquepierda.com\/historiarealbetis\/wp-json\/wp\/v2\/media\/33790"}],"wp:attachment":[{"href":"https:\/\/www.manquepierda.com\/historiarealbetis\/wp-json\/wp\/v2\/media?parent=33789"}],"wp:term":[{"taxonomy":"category","embeddable":true,"href":"https:\/\/www.manquepierda.com\/historiarealbetis\/wp-json\/wp\/v2\/categories?post=33789"},{"taxonomy":"post_tag","embeddable":true,"href":"https:\/\/www.manquepierda.com\/historiarealbetis\/wp-json\/wp\/v2\/tags?post=33789"}],"curies":[{"name":"wp","href":"https:\/\/api.w.org\/{rel}","templated":true}]}}