{"id":33800,"date":"2013-12-04T07:33:19","date_gmt":"2013-12-04T06:33:19","guid":{"rendered":"http:\/\/www.manquepierda.com\/historiarealbetis\/?p=33800"},"modified":"2025-06-11T08:34:22","modified_gmt":"2025-06-11T06:34:22","slug":"heliodoro-castano","status":"publish","type":"post","link":"https:\/\/www.manquepierda.com\/historiarealbetis\/heliodoro-castano\/","title":{"rendered":"Heliodoro Casta\u00f1o"},"content":{"rendered":"<p style=\"text-align: center\"><a href=\"https:\/\/www.manquepierda.com\/historiarealbetis\/33800-heliodoro-castano\/castano-1\/\" rel=\"attachment wp-att-33801\"><img data-recalc-dims=\"1\" loading=\"lazy\" decoding=\"async\" class=\"aligncenter wp-image-33801\" src=\"https:\/\/i0.wp.com\/www.manquepierda.com\/historiarealbetis\/files\/2013\/11\/Casta%C3%B1o-1.jpg?resize=281%2C380&#038;ssl=1\" alt=\"Casta\u00f1o-1\" width=\"281\" height=\"380\" srcset=\"https:\/\/i0.wp.com\/www.manquepierda.com\/historiarealbetis\/files\/2013\/11\/Casta%C3%B1o-1.jpg?w=401&amp;ssl=1 401w, https:\/\/i0.wp.com\/www.manquepierda.com\/historiarealbetis\/files\/2013\/11\/Casta%C3%B1o-1.jpg?resize=162%2C220&amp;ssl=1 162w\" sizes=\"auto, (max-width: 281px) 100vw, 281px\" \/><\/a><\/p>\n<p style=\"text-align: center\"><strong>Heliodoro Casta\u00f1o Pedrosa,<\/strong> nacido en Alcazarquivir (Marruecos) el 5 de abril de 1933 y fallecido en Valencia el 25 de septiembre de 2019<\/p>\n<p style=\"text-align: center\">Extremo derecho.<\/p>\n<p style=\"text-align: center\">Comenz\u00f3 a jugar en el equipo juvenil del Larache, destacando como un extremo h\u00e1bil y veloz, lo que motiv\u00f3 el inter\u00e9s de diversos equipos peninsulares. Fue el Mestalla, filial valencianista, quien se hizo con su ficha. Despu\u00e9s de una fallida experiencia en tierras valencianas volvi\u00f3 al Protectorado marroqu\u00ed, fichando por el Espa\u00f1a de T\u00e1nger. En este equipo realiz\u00f3 una magn\u00edfica temporada, proclam\u00e1ndose m\u00e1ximo goleador de la Segunda Divisi\u00f3n y llamando la atenci\u00f3n de los grandes clubs. Ser\u00eda el Real Madrid quien lo incorporar\u00eda para la temporada 1955-56, aunque con la abundancia de grandes jugadores en la delantera blanca tuvo muy dif\u00edcil jugar con asiduidad. La temporada siguiente fue cedido al Real Ja\u00e9n.<\/p>\n<p style=\"text-align: center\">En febrero de 1958 el Real Madrid accedi\u00f3 a su traspaso al Betis, debutando con el camisol\u00edn verdiblanco el 9 de febrero de 1958 en Heli\u00f3polis en una derrota sorprendente (0-2) frente al Recreativo de Huelva. Form\u00f3 parte de la delantera cl\u00e1sica ( Casta\u00f1os, Lasa, Vila, Areta y Del Sol) que esa temporada devolvi\u00f3 al Betis a Primera Divisi\u00f3n tras 15 a\u00f1os de ausencia.<\/p>\n<p style=\"text-align: center\">\u00a0 En el Betis Casta\u00f1o estuvo un total de 5 temporadas, siendo la segunda (1958-59) la de mejor rendimiento. Posteriormente fue traspasado al C\u00f3rdoba, terminando su carrera futbol\u00edstica en el Hospitalet.<\/p>\n<p style=\"text-align: center\">En sus 5 temporadas Casta\u00f1o jug\u00f3 52 partidos de Liga, marcando 18 goles, 16 de Copa, en los que marc\u00f3 3 goles, y 36 amistosos, en los que obtuvo 14 tantos.<\/p>\n<p style=\"text-align: center\">Historial<\/p>\n<table border=\"0\" width=\"254\" cellspacing=\"0\" cellpadding=\"0\">\n<tbody>\n<tr>\n<td width=\"80\" height=\"17\">1952-53<\/td>\n<td width=\"94\">Mestalla<\/td>\n<td width=\"80\">Segunda<\/td>\n<\/tr>\n<\/tbody>\n<\/table>\n<table border=\"0\" width=\"254\" cellspacing=\"0\" cellpadding=\"0\">\n<tbody>\n<tr>\n<td width=\"80\" height=\"17\">1953-54<\/td>\n<td width=\"94\">Mestalla<\/td>\n<td width=\"80\">Segunda<\/td>\n<\/tr>\n<tr>\n<td height=\"17\">1954-55<\/td>\n<td>Espa\u00f1a T\u00e1nger<\/td>\n<td>Segunda<\/td>\n<\/tr>\n<tr>\n<td height=\"17\">1955-56<\/td>\n<td>Real Madrid<\/td>\n<td>Primera<\/td>\n<\/tr>\n<tr>\n<td height=\"17\">1956-57<\/td>\n<td>Ja\u00e9n<\/td>\n<td>Primera<\/td>\n<\/tr>\n<tr>\n<td height=\"17\">1957-58<\/td>\n<td>Betis<\/td>\n<td>Segunda<\/td>\n<\/tr>\n<tr>\n<td height=\"17\">1958-59<\/td>\n<td>Betis<\/td>\n<td>Primera<\/td>\n<\/tr>\n<tr>\n<td height=\"17\">1959-60<\/td>\n<td>Betis<\/td>\n<td>Primera<\/td>\n<\/tr>\n<tr>\n<td height=\"17\">1960-61<\/td>\n<td>Betis<\/td>\n<td>Primera<\/td>\n<\/tr>\n<tr>\n<td height=\"17\">1961-62<\/td>\n<td>Betis<\/td>\n<td>Primera<\/td>\n<\/tr>\n<tr>\n<td height=\"17\">1962-63<\/td>\n<td>C\u00f3rdoba<\/td>\n<td>Primera<\/td>\n<\/tr>\n<tr>\n<td height=\"17\">1963-64<\/td>\n<td>Hospitalet<\/td>\n<td>Segunda<\/td>\n<\/tr>\n<\/tbody>\n<\/table>\n<div class=\"mceTemp\"><\/div>\n","protected":false},"excerpt":{"rendered":"<p>Heliodoro Casta\u00f1o Pedrosa, nacido en Alcazarquivir (Marruecos) el 5 de abril de 1933 y fallecido en Valencia el 25 de septiembre de 2019 Extremo derecho. Comenz\u00f3 a jugar en el equipo juvenil del Larache, destacando como un extremo h\u00e1bil y veloz, lo que motiv\u00f3 el inter\u00e9s de diversos equipos peninsulares. Fue el Mestalla, filial valencianista,&#8230;<\/p>\n","protected":false},"author":5,"featured_media":33801,"comment_status":"open","ping_status":"open","sticky":false,"template":"","format":"standard","meta":{"_kad_post_transparent":"","_kad_post_title":"","_kad_post_layout":"","_kad_post_sidebar_id":"","_kad_post_content_style":"","_kad_post_vertical_padding":"","_kad_post_feature":"","_kad_post_feature_position":"","_kad_post_header":false,"_kad_post_footer":false,"_kad_post_classname":"","_jetpack_memberships_contains_paid_content":false,"footnotes":"","jetpack_publicize_message":"","jetpack_publicize_feature_enabled":true,"jetpack_social_post_already_shared":true,"jetpack_social_options":{"image_generator_settings":{"template":"highway","default_image_id":0,"font":"","enabled":false},"version":2}},"categories":[893,1],"tags":[1342],"class_list":["post-33800","post","type-post","status-publish","format-standard","has-post-thumbnail","hentry","category-jugadores-temas","category-portada","tag-heliodoro-castano"],"jetpack_publicize_connections":[],"jetpack_featured_media_url":"https:\/\/i0.wp.com\/www.manquepierda.com\/historiarealbetis\/files\/2013\/11\/Casta%C3%B1o-1.jpg?fit=401%2C543&ssl=1","jetpack_sharing_enabled":true,"jetpack_shortlink":"https:\/\/wp.me\/p1ij08-8Na","jetpack-related-posts":[],"_links":{"self":[{"href":"https:\/\/www.manquepierda.com\/historiarealbetis\/wp-json\/wp\/v2\/posts\/33800","targetHints":{"allow":["GET"]}}],"collection":[{"href":"https:\/\/www.manquepierda.com\/historiarealbetis\/wp-json\/wp\/v2\/posts"}],"about":[{"href":"https:\/\/www.manquepierda.com\/historiarealbetis\/wp-json\/wp\/v2\/types\/post"}],"author":[{"embeddable":true,"href":"https:\/\/www.manquepierda.com\/historiarealbetis\/wp-json\/wp\/v2\/users\/5"}],"replies":[{"embeddable":true,"href":"https:\/\/www.manquepierda.com\/historiarealbetis\/wp-json\/wp\/v2\/comments?post=33800"}],"version-history":[{"count":4,"href":"https:\/\/www.manquepierda.com\/historiarealbetis\/wp-json\/wp\/v2\/posts\/33800\/revisions"}],"predecessor-version":[{"id":103377,"href":"https:\/\/www.manquepierda.com\/historiarealbetis\/wp-json\/wp\/v2\/posts\/33800\/revisions\/103377"}],"wp:featuredmedia":[{"embeddable":true,"href":"https:\/\/www.manquepierda.com\/historiarealbetis\/wp-json\/wp\/v2\/media\/33801"}],"wp:attachment":[{"href":"https:\/\/www.manquepierda.com\/historiarealbetis\/wp-json\/wp\/v2\/media?parent=33800"}],"wp:term":[{"taxonomy":"category","embeddable":true,"href":"https:\/\/www.manquepierda.com\/historiarealbetis\/wp-json\/wp\/v2\/categories?post=33800"},{"taxonomy":"post_tag","embeddable":true,"href":"https:\/\/www.manquepierda.com\/historiarealbetis\/wp-json\/wp\/v2\/tags?post=33800"}],"curies":[{"name":"wp","href":"https:\/\/api.w.org\/{rel}","templated":true}]}}