{"id":33886,"date":"2013-12-19T07:31:09","date_gmt":"2013-12-19T06:31:09","guid":{"rendered":"http:\/\/www.manquepierda.com\/historiarealbetis\/?p=33886"},"modified":"2019-02-11T15:12:05","modified_gmt":"2019-02-11T14:12:05","slug":"reunion-de-directivas-1933","status":"publish","type":"post","link":"https:\/\/www.manquepierda.com\/historiarealbetis\/reunion-de-directivas-1933\/","title":{"rendered":"Homenaje a la Directiva Betis Balompi\u00e9 1933"},"content":{"rendered":"<figure id=\"attachment_33887\" aria-describedby=\"caption-attachment-33887\" style=\"width: 680px\" class=\"wp-caption aligncenter\"><a href=\"https:\/\/www.manquepierda.com\/historiarealbetis\/33886-reunion-de-directivas-1933\/22276_373-1933-07-02-comida-directivos\/\" rel=\"attachment wp-att-33887\"><img data-recalc-dims=\"1\" loading=\"lazy\" decoding=\"async\" class=\"size-medium wp-image-33887\" src=\"https:\/\/i0.wp.com\/www.manquepierda.com\/historiarealbetis\/files\/2013\/12\/22276_373-1933-07-02-Comida-Directivos.jpg?resize=680%2C493&#038;ssl=1\" alt=\"22276_373 1933-07-02 Comida Directivos\" width=\"680\" height=\"493\" srcset=\"https:\/\/i0.wp.com\/www.manquepierda.com\/historiarealbetis\/files\/2013\/12\/22276_373-1933-07-02-Comida-Directivos.jpg?resize=680%2C493&amp;ssl=1 680w, https:\/\/i0.wp.com\/www.manquepierda.com\/historiarealbetis\/files\/2013\/12\/22276_373-1933-07-02-Comida-Directivos.jpg?resize=220%2C159&amp;ssl=1 220w, https:\/\/i0.wp.com\/www.manquepierda.com\/historiarealbetis\/files\/2013\/12\/22276_373-1933-07-02-Comida-Directivos.jpg?resize=960%2C696&amp;ssl=1 960w, https:\/\/i0.wp.com\/www.manquepierda.com\/historiarealbetis\/files\/2013\/12\/22276_373-1933-07-02-Comida-Directivos.jpg?w=2012&amp;ssl=1 2012w\" sizes=\"auto, (max-width: 680px) 100vw, 680px\" \/><\/a><figcaption id=\"caption-attachment-33887\" class=\"wp-caption-text\">Fuente: Archivo Sim\u00f3<\/figcaption><\/figure>\n<p>&nbsp;<\/p>\n<p>El 27 de junio de 1933 el Betis Balompi\u00e9 celebr\u00f3 su asamblea ordinaria en el sal\u00f3n de la Sociedad Econ\u00f3mica de Amigos del Pa\u00eds. En ella \u00a0se aprob\u00f3 la memoria deportiva y econ\u00f3mica de la temporada y se procedi\u00f3 a la elecci\u00f3n de una nueva junta directiva.<\/p>\n<p>Abandon\u00f3 la presidencia del club Jos\u00e9 Ignacio Mantec\u00f3n Navasal y le sustituy\u00f3 Antonio \u00a0Moreno Sevillano. La candidatura entrante era muy continuista respecto a la anterior.<\/p>\n<p>&nbsp;<\/p>\n<p>A los pocos d\u00edas, el 2 de julio, tuvo lugar una comida entre los miembros de ambas directivas, tanto la saliente como la entrante.<\/p>\n<p style=\"text-align: center\">As\u00ed se narraba este acontecimiento en la cr\u00f3nica del peri\u00f3dico sevillano El Liberal:<\/p>\n<p>\u00bb <em>Anoche se reunieron en una comida \u00edntima los elementos que han cooperado en las Juntas directivas del Betis Balompi\u00e9 \u00a0de las temporadas 1931-32 y 1932-33 y la recientemente elegida para la temporada 1933-34.<\/em><\/p>\n<p><em>Ocuparon asientos en la presidencia los se\u00f1ores Mantec\u00f3n (don Juan Ignacio), Normand (don Enrique), Dom\u00e9nech (don Jos\u00e9 Mar\u00eda), Pol (don Antonio), Alonso Cueli (don Manuel) y otros, asistiendo como invitado el preparador del equipo.<\/em><\/p>\n<p><em>El acto transcurri\u00f3 en ambiente de gran cordialidad, y a los postres el se\u00f1or Mantec\u00f3n pronunci\u00f3 sentidas palabras, haciendo resaltar el hecho de que la directiva saliente hab\u00eda tenido principal cuidado en buscar sucesores, cuya labor en beneficio del Club pudiera ser todo lo beneficioso que se necesita. <\/em><\/p>\n<p><em>Termin\u00f3 diciendo que los elementos \u00a0b\u00e9ticos est\u00e1n verdaderamente unidos, y que todos se consideran como directivos a los efectos de prestar sus respectivas ayudas, aun cuando no ostenten cargo alguno. Fue muy aplaudido.<\/em><\/p>\n<p><em>Despu\u00e9s hablaron con elocuencia, en t\u00e9rminos an\u00e1logos, los se\u00f1ores Dom\u00e9nech (don Jos\u00e9 Mar\u00eda), Benjumea, Fern\u00e1ndez de Pando (don Carlos) y A\u00f1ino (don Enrique).<\/em><\/p>\n<p><em>Nuestro compa\u00f1ero se\u00f1or Olmedo (don Antonio) pronunci\u00f3 unas frases a requerimiento de los reunidos\u00bb.<\/em><\/p>\n<div class=\"mceTemp\"><\/div>\n<p>&nbsp;<\/p>\n<p>&nbsp;<\/p>\n","protected":false},"excerpt":{"rendered":"<p>&nbsp; El 27 de junio de 1933 el Betis Balompi\u00e9 celebr\u00f3 su asamblea ordinaria en el sal\u00f3n de la Sociedad Econ\u00f3mica de Amigos del Pa\u00eds. En ella \u00a0se aprob\u00f3 la memoria deportiva y econ\u00f3mica de la temporada y se procedi\u00f3 a la elecci\u00f3n de una nueva junta directiva. Abandon\u00f3 la presidencia del club Jos\u00e9 Ignacio&#8230;<\/p>\n","protected":false},"author":5,"featured_media":33887,"comment_status":"open","ping_status":"open","sticky":false,"template":"","format":"standard","meta":{"_kad_post_transparent":"","_kad_post_title":"","_kad_post_layout":"","_kad_post_sidebar_id":"","_kad_post_content_style":"","_kad_post_vertical_padding":"","_kad_post_feature":"","_kad_post_feature_position":"","_kad_post_header":false,"_kad_post_footer":false,"_kad_post_classname":"","_jetpack_memberships_contains_paid_content":false,"footnotes":"","jetpack_publicize_message":"","jetpack_publicize_feature_enabled":true,"jetpack_social_post_already_shared":true,"jetpack_social_options":{"image_generator_settings":{"template":"highway","default_image_id":0,"font":"","enabled":false},"version":2}},"categories":[899,891,1],"tags":[1537,1667,1663,1639,1733,1662,952,960,9812],"class_list":["post-33886","post","type-post","status-publish","format-standard","has-post-thumbnail","hentry","category-1930-1939","category-directivos-temas","category-portada","tag-1537","tag-antonio-pol-roma","tag-carlos-fernandez-de-pando","tag-enrique-anino-ilzarbe-de-andueza","tag-enrique-normand-faurie","tag-jose-ignacio-mantecon-navasal","tag-jose-maria-domenech-romero","tag-manuel-alonso-cueli","tag-real-betis-balompie-secretaria-alemanes-no-11"],"jetpack_publicize_connections":[],"jetpack_featured_media_url":"https:\/\/i0.wp.com\/www.manquepierda.com\/historiarealbetis\/files\/2013\/12\/22276_373-1933-07-02-Comida-Directivos.jpg?fit=2012%2C1460&ssl=1","jetpack_sharing_enabled":true,"jetpack_shortlink":"https:\/\/wp.me\/p1ij08-8Oy","jetpack-related-posts":[],"_links":{"self":[{"href":"https:\/\/www.manquepierda.com\/historiarealbetis\/wp-json\/wp\/v2\/posts\/33886","targetHints":{"allow":["GET"]}}],"collection":[{"href":"https:\/\/www.manquepierda.com\/historiarealbetis\/wp-json\/wp\/v2\/posts"}],"about":[{"href":"https:\/\/www.manquepierda.com\/historiarealbetis\/wp-json\/wp\/v2\/types\/post"}],"author":[{"embeddable":true,"href":"https:\/\/www.manquepierda.com\/historiarealbetis\/wp-json\/wp\/v2\/users\/5"}],"replies":[{"embeddable":true,"href":"https:\/\/www.manquepierda.com\/historiarealbetis\/wp-json\/wp\/v2\/comments?post=33886"}],"version-history":[{"count":0,"href":"https:\/\/www.manquepierda.com\/historiarealbetis\/wp-json\/wp\/v2\/posts\/33886\/revisions"}],"wp:featuredmedia":[{"embeddable":true,"href":"https:\/\/www.manquepierda.com\/historiarealbetis\/wp-json\/wp\/v2\/media\/33887"}],"wp:attachment":[{"href":"https:\/\/www.manquepierda.com\/historiarealbetis\/wp-json\/wp\/v2\/media?parent=33886"}],"wp:term":[{"taxonomy":"category","embeddable":true,"href":"https:\/\/www.manquepierda.com\/historiarealbetis\/wp-json\/wp\/v2\/categories?post=33886"},{"taxonomy":"post_tag","embeddable":true,"href":"https:\/\/www.manquepierda.com\/historiarealbetis\/wp-json\/wp\/v2\/tags?post=33886"}],"curies":[{"name":"wp","href":"https:\/\/api.w.org\/{rel}","templated":true}]}}