{"id":33953,"date":"2013-12-17T07:02:51","date_gmt":"2013-12-17T06:02:51","guid":{"rendered":"http:\/\/www.manquepierda.com\/historiarealbetis\/?p=33953"},"modified":"2024-08-30T20:48:05","modified_gmt":"2024-08-30T18:48:05","slug":"manuel-diaz","status":"publish","type":"post","link":"https:\/\/www.manquepierda.com\/historiarealbetis\/manuel-diaz\/","title":{"rendered":"Manuel D\u00edaz"},"content":{"rendered":"<p style=\"text-align: center\"><strong>\u00a0<\/strong><\/p>\n<p><a style=\"text-align: center\" href=\"https:\/\/www.manquepierda.com\/historiarealbetis\/33953-manuel-diaz\/diaz-72-73\/\" rel=\"attachment wp-att-33954\"><img data-recalc-dims=\"1\" loading=\"lazy\" decoding=\"async\" class=\"wp-image-33954 aligncenter\" src=\"https:\/\/i0.wp.com\/www.manquepierda.com\/historiarealbetis\/files\/2013\/12\/D%C3%ADaz-72-73.jpg?resize=182%2C274&#038;ssl=1\" alt=\"D\u00edaz 72-73\" width=\"182\" height=\"274\" srcset=\"https:\/\/i0.wp.com\/www.manquepierda.com\/historiarealbetis\/files\/2013\/12\/D%C3%ADaz-72-73.jpg?w=228&amp;ssl=1 228w, https:\/\/i0.wp.com\/www.manquepierda.com\/historiarealbetis\/files\/2013\/12\/D%C3%ADaz-72-73.jpg?resize=146%2C220&amp;ssl=1 146w\" sizes=\"auto, (max-width: 182px) 100vw, 182px\" \/><\/a><\/p>\n<p style=\"text-align: center\"><strong>Manuel D\u00edaz Moreno, <\/strong>nacido en Castilleja de la Cuesta (Sevilla) el 1 de marzo de 1948.<\/p>\n<p style=\"text-align: center\">Defensa.<\/p>\n<p style=\"text-align: center\">Comenz\u00f3 a jugar al f\u00fatbol en su localidad natal, pasando despu\u00e9s por los equipos juveniles del Betis y dos a\u00f1os con el filial b\u00e9tico, el Triana Balompi\u00e9, en Tercera divisi\u00f3n.<\/p>\n<p style=\"text-align: center\">Su debut con el primer equipo lo hizo el 24 de septiembre de 1968 en el campo de Domecq con motivo de un amistoso entre el Xerez Deportivo y el Betis (3-6 para los b\u00e9ticos). En esa misma temporada, 1968-69, se incorpora a la primera plantilla b\u00e9tica de la mano de Fernando Daucick, debutando de forma oficial el 8 de diciembre de 1968 en un Betis 5 Jerez Industrial 0, jornada 13 del Campeonato de Liga de Segunda Divisi\u00f3n.<\/p>\n<p style=\"text-align: center\">A partir de ah\u00ed se hace con el puesto de defensa central y jugar\u00e1 casi todos los partidos.<\/p>\n<p style=\"text-align: center\">Manuel D\u00edaz permaneci\u00f3 durante tres temporadas m\u00e1s en el Betis, afianz\u00e1ndose en el puesto defensivo e incluso llegando a ser convocado por el entrenador de la selecci\u00f3n Ladislao Kubala para un entrenamiento de la selecci\u00f3n en marzo de 1971. Ya hab\u00eda debutado anteriormente con la selecci\u00f3n sub-23, jugando dos partidos contra Francia y Portugal.<\/p>\n<p style=\"text-align: center\">En 1972 fue traspasado al C\u00e1diz, equipo en el que ostent\u00f3 incluso la capitan\u00eda. En el C\u00e1diz estuvo 5 temporadas, jugando 132 partidos de Liga y 12 de Copa, y participando en el primer ascenso a Primera Divisi\u00f3n del equipo cadista.<\/p>\n<p style=\"text-align: center\">En la temporada 1977-78 pas\u00f3 al Calvo Sotelo de Puertollano, pero una lesi\u00f3n de rodilla le oblig\u00f3 a retirarse de la pr\u00e1ctica futbol\u00edstica.<\/p>\n<p style=\"text-align: center\">En sus cuatro temporadas con el Betis D\u00edaz disput\u00f3 100 partidos de Liga, marcando un gol, 11 de Copa, 5 del Campeonato Andaluz de Reservas y 17 amistosos.<\/p>\n<table border=\"0\" width=\"240\" cellspacing=\"0\" cellpadding=\"0\">\n<tbody>\n<tr>\n<td width=\"80\" height=\"17\">1967-58<\/td>\n<td width=\"80\">Triana<\/td>\n<td width=\"80\">Tercera<\/td>\n<\/tr>\n<tr>\n<td height=\"17\">1968-69<\/td>\n<td>Triana<\/td>\n<td>Tercera<\/td>\n<\/tr>\n<tr>\n<td height=\"17\">1968-69<\/td>\n<td>Betis<\/td>\n<td>Segunda<\/td>\n<\/tr>\n<tr>\n<td height=\"17\">1969-70<\/td>\n<td>Betis<\/td>\n<td>Segunda<\/td>\n<\/tr>\n<tr>\n<td height=\"17\">1970-71<\/td>\n<td>Betis<\/td>\n<td>Segunda<\/td>\n<\/tr>\n<tr>\n<td height=\"17\">1971-72<\/td>\n<td>Betis<\/td>\n<td>Primera<\/td>\n<\/tr>\n<tr>\n<td height=\"17\">1972-73<\/td>\n<td>C\u00e1diz<\/td>\n<td>Segunda<\/td>\n<\/tr>\n<tr>\n<td height=\"17\">1973-74<\/td>\n<td>C\u00e1diz<\/td>\n<td>Segunda<\/td>\n<\/tr>\n<tr>\n<td height=\"17\">1974-75<\/td>\n<td>C\u00e1diz<\/td>\n<td>Segunda<\/td>\n<\/tr>\n<tr>\n<td height=\"17\">1975-76<\/td>\n<td>C\u00e1diz<\/td>\n<td>Segunda<\/td>\n<\/tr>\n<tr>\n<td height=\"17\">1976-77<\/td>\n<td>C\u00e1diz<\/td>\n<td>Segunda<\/td>\n<\/tr>\n<tr>\n<td height=\"17\">1977-78<\/td>\n<td>Calvo Sotelo<\/td>\n<td>Segunda<\/td>\n<\/tr>\n<\/tbody>\n<\/table>\n","protected":false},"excerpt":{"rendered":"<p>\u00a0 Manuel D\u00edaz Moreno, nacido en Castilleja de la Cuesta (Sevilla) el 1 de marzo de 1948. Defensa. Comenz\u00f3 a jugar al f\u00fatbol en su localidad natal, pasando despu\u00e9s por los equipos juveniles del Betis y dos a\u00f1os con el filial b\u00e9tico, el Triana Balompi\u00e9, en Tercera divisi\u00f3n. Su debut con el primer equipo lo&#8230;<\/p>\n","protected":false},"author":5,"featured_media":33954,"comment_status":"open","ping_status":"open","sticky":false,"template":"","format":"standard","meta":{"_kad_post_transparent":"","_kad_post_title":"","_kad_post_layout":"","_kad_post_sidebar_id":"","_kad_post_content_style":"","_kad_post_vertical_padding":"","_kad_post_feature":"","_kad_post_feature_position":"","_kad_post_header":false,"_kad_post_footer":false,"_kad_post_classname":"","_jetpack_memberships_contains_paid_content":false,"footnotes":"","jetpack_publicize_message":"","jetpack_publicize_feature_enabled":true,"jetpack_social_post_already_shared":true,"jetpack_social_options":{"image_generator_settings":{"template":"highway","default_image_id":0,"font":"","enabled":false},"version":2}},"categories":[893,1],"tags":[5211],"class_list":["post-33953","post","type-post","status-publish","format-standard","has-post-thumbnail","hentry","category-jugadores-temas","category-portada","tag-manuel-diaz"],"jetpack_publicize_connections":[],"jetpack_featured_media_url":"https:\/\/i0.wp.com\/www.manquepierda.com\/historiarealbetis\/files\/2013\/12\/D%C3%ADaz-72-73.jpg?fit=228%2C343&ssl=1","jetpack_sharing_enabled":true,"jetpack_shortlink":"https:\/\/wp.me\/p1ij08-8PD","jetpack-related-posts":[],"_links":{"self":[{"href":"https:\/\/www.manquepierda.com\/historiarealbetis\/wp-json\/wp\/v2\/posts\/33953","targetHints":{"allow":["GET"]}}],"collection":[{"href":"https:\/\/www.manquepierda.com\/historiarealbetis\/wp-json\/wp\/v2\/posts"}],"about":[{"href":"https:\/\/www.manquepierda.com\/historiarealbetis\/wp-json\/wp\/v2\/types\/post"}],"author":[{"embeddable":true,"href":"https:\/\/www.manquepierda.com\/historiarealbetis\/wp-json\/wp\/v2\/users\/5"}],"replies":[{"embeddable":true,"href":"https:\/\/www.manquepierda.com\/historiarealbetis\/wp-json\/wp\/v2\/comments?post=33953"}],"version-history":[{"count":1,"href":"https:\/\/www.manquepierda.com\/historiarealbetis\/wp-json\/wp\/v2\/posts\/33953\/revisions"}],"predecessor-version":[{"id":98245,"href":"https:\/\/www.manquepierda.com\/historiarealbetis\/wp-json\/wp\/v2\/posts\/33953\/revisions\/98245"}],"wp:featuredmedia":[{"embeddable":true,"href":"https:\/\/www.manquepierda.com\/historiarealbetis\/wp-json\/wp\/v2\/media\/33954"}],"wp:attachment":[{"href":"https:\/\/www.manquepierda.com\/historiarealbetis\/wp-json\/wp\/v2\/media?parent=33953"}],"wp:term":[{"taxonomy":"category","embeddable":true,"href":"https:\/\/www.manquepierda.com\/historiarealbetis\/wp-json\/wp\/v2\/categories?post=33953"},{"taxonomy":"post_tag","embeddable":true,"href":"https:\/\/www.manquepierda.com\/historiarealbetis\/wp-json\/wp\/v2\/tags?post=33953"}],"curies":[{"name":"wp","href":"https:\/\/api.w.org\/{rel}","templated":true}]}}