{"id":34050,"date":"2013-12-23T19:16:11","date_gmt":"2013-12-23T18:16:11","guid":{"rendered":"http:\/\/www.manquepierda.com\/historiarealbetis\/?p=34050"},"modified":"2024-08-25T17:32:53","modified_gmt":"2024-08-25T15:32:53","slug":"1934-abril-01-copa-presidente-republica-vuelta-sporting-de-gijon-1-vs-betis-balompie-0","status":"publish","type":"post","link":"https:\/\/www.manquepierda.com\/historiarealbetis\/1934-abril-01-copa-presidente-republica-vuelta-sporting-de-gijon-1-vs-betis-balompie-0\/","title":{"rendered":"1934-Abril 01-Copa PteRep\u00fablica-Vuelta.-Sporting Gij\u00f3n-1Betis Balompi\u00e9-0.-82Aniversario."},"content":{"rendered":"<p style=\"text-align: justify\">XXXII CAMPEONATO ESPA\u00d1A F\u00daTBOL-COPA PRESIDENTE REP\u00daBLICA DESDE DOMINGO 11 DE MARZO HASTA DOMINGO 06 DE MAYO DE 1934-AMBAS FECHAS INCLUSIVE.<\/p>\n<p style=\"text-align: center\"><img data-recalc-dims=\"1\" loading=\"lazy\" decoding=\"async\" class=\"aligncenter size-full wp-image-48651\" src=\"https:\/\/i0.wp.com\/www.manquepierda.com\/historiarealbetis\/files\/2013\/12\/EL-MOLIN%C3%93N.jpg?resize=640%2C351&#038;ssl=1\" alt=\"EL MOLIN\u00d3N\" width=\"640\" height=\"351\" srcset=\"https:\/\/i0.wp.com\/www.manquepierda.com\/historiarealbetis\/files\/2013\/12\/EL-MOLIN%C3%93N.jpg?w=640&amp;ssl=1 640w, https:\/\/i0.wp.com\/www.manquepierda.com\/historiarealbetis\/files\/2013\/12\/EL-MOLIN%C3%93N.jpg?resize=220%2C121&amp;ssl=1 220w\" sizes=\"auto, (max-width: 640px) 100vw, 640px\" \/><\/p>\n<p style=\"text-align: justify\"><strong>1934-ABRIL 01-DOMINGO EN GIJ\u00d3N (ASTURIAS)-ESTADIO MUNICIPAL \u00abEL MOLIN\u00d3N\u00bb-OCTAVOS DE FINAL-VUELTA (C\u00e9sped 105&#215;68 metros).-<em>Buena entrada.<\/em><\/strong><\/p>\n<p style=\"text-align: center\"><img data-recalc-dims=\"1\" loading=\"lazy\" decoding=\"async\" class=\"aligncenter size-thumbnail wp-image-48652\" src=\"https:\/\/i0.wp.com\/www.manquepierda.com\/historiarealbetis\/files\/2013\/12\/pedro-vallana-jeanguenat-tn.jpg?resize=220%2C220&#038;ssl=1\" alt=\"pedro-vallana-jeanguenat-tn\" width=\"220\" height=\"220\" srcset=\"https:\/\/i0.wp.com\/www.manquepierda.com\/historiarealbetis\/files\/2013\/12\/pedro-vallana-jeanguenat-tn.jpg?resize=220%2C220&amp;ssl=1 220w, https:\/\/i0.wp.com\/www.manquepierda.com\/historiarealbetis\/files\/2013\/12\/pedro-vallana-jeanguenat-tn.jpg?w=262&amp;ssl=1 262w\" sizes=\"auto, (max-width: 220px) 100vw, 220px\" \/><\/p>\n<p style=\"text-align: left\"><strong>Arbitr\u00f3 el colegiado vasco Pedro VALLANA Jeanquenat (36 a\u00f1os+5 meses menos 28 d\u00edas)-Natural de Getxo (Vizcaya), lunes 29 de Noviembre de 1897.<br \/>\n<\/strong><\/p>\n<figure id=\"attachment_34053\" aria-describedby=\"caption-attachment-34053\" style=\"width: 150px\" class=\"wp-caption aligncenter\"><a href=\"https:\/\/www.manquepierda.com\/historiarealbetis\/34050-1934-abril-01-copa-presidente-republica-vuelta-sporting-de-gijon-1-vs-betis-balompie-0\/sporting-gijon\/\" rel=\"attachment wp-att-34053\"><img data-recalc-dims=\"1\" loading=\"lazy\" decoding=\"async\" class=\"size-full wp-image-34053\" src=\"https:\/\/i0.wp.com\/www.manquepierda.com\/historiarealbetis\/files\/2013\/12\/Sporting-Gij%C3%B3n.jpg?resize=150%2C181&#038;ssl=1\" alt=\"mmm\" width=\"150\" height=\"181\" \/><\/a><figcaption id=\"caption-attachment-34053\" class=\"wp-caption-text\">SPORTING DE GIJ\u00d3N-1 TANTO.-Segunda Divisi\u00f3n.<\/figcaption><\/figure>\n<p style=\"text-align: center\">1930-1934.-Presidente don Pedro GARNUNG Portilla.<\/p>\n<p style=\"text-align: center\">1933-1934.-Entrenador Ram\u00f3n Herrera.<\/p>\n<p style=\"text-align: justify\">1-Florentino SI\u00d3N Mortera (Imbatido); 2-Armando QUIR\u00d3S \u00c1lvarez.-3-Pedro PENA Ponga; 4-FRAISI\u00d3N.-5-MANFREDO Arg\u00fcelles Blanco.-6-Lu\u00eds Men\u00e9ndez \u00c1lvarez (a) \u00abLUIS\u00cdN\u00bb; 7-F\u00e9lix ROTAETA.-8-Alberto MARGOLLES Vega.-9-PINO.<\/p>\n<figure id=\"attachment_48653\" aria-describedby=\"caption-attachment-48653\" style=\"width: 960px\" class=\"wp-caption alignnone\"><img data-recalc-dims=\"1\" loading=\"lazy\" decoding=\"async\" class=\"size-large wp-image-48653\" src=\"https:\/\/i0.wp.com\/www.manquepierda.com\/historiarealbetis\/files\/2013\/12\/19340401Herrera.jpg?resize=960%2C519&#038;ssl=1\" alt=\"mmm\" width=\"960\" height=\"519\" srcset=\"https:\/\/i0.wp.com\/www.manquepierda.com\/historiarealbetis\/files\/2013\/12\/19340401Herrera.jpg?resize=960%2C519&amp;ssl=1 960w, https:\/\/i0.wp.com\/www.manquepierda.com\/historiarealbetis\/files\/2013\/12\/19340401Herrera.jpg?resize=220%2C119&amp;ssl=1 220w, https:\/\/i0.wp.com\/www.manquepierda.com\/historiarealbetis\/files\/2013\/12\/19340401Herrera.jpg?resize=680%2C367&amp;ssl=1 680w, https:\/\/i0.wp.com\/www.manquepierda.com\/historiarealbetis\/files\/2013\/12\/19340401Herrera.jpg?resize=768%2C415&amp;ssl=1 768w, https:\/\/i0.wp.com\/www.manquepierda.com\/historiarealbetis\/files\/2013\/12\/19340401Herrera.jpg?w=1636&amp;ssl=1 1636w\" sizes=\"auto, (max-width: 960px) 100vw, 960px\" \/><figcaption id=\"caption-attachment-48653\" class=\"wp-caption-text\"><em><strong>1-0.-75 minutos.-Despu\u00e9s de una prolongada mel\u00e9e el bal\u00f3n fue a los pies de Ram\u00f3n, quien, con gran precisi\u00f3n, encaj\u00f3 el cuero en las redes defendidas por Urquiaga\u00bb.-<\/strong><\/em>Foto Ju\u00e1rez-AS-Madrid 19340402.<\/figcaption><\/figure>\n<figure id=\"attachment_48654\" aria-describedby=\"caption-attachment-48654\" style=\"width: 601px\" class=\"wp-caption aligncenter\"><img data-recalc-dims=\"1\" loading=\"lazy\" decoding=\"async\" class=\"size-large wp-image-48654\" src=\"https:\/\/i0.wp.com\/www.manquepierda.com\/historiarealbetis\/files\/2013\/12\/19340401Estampa.jpg?resize=601%2C700&#038;ssl=1\" alt=\"mmmm\" width=\"601\" height=\"700\" srcset=\"https:\/\/i0.wp.com\/www.manquepierda.com\/historiarealbetis\/files\/2013\/12\/19340401Estampa.jpg?resize=601%2C700&amp;ssl=1 601w, https:\/\/i0.wp.com\/www.manquepierda.com\/historiarealbetis\/files\/2013\/12\/19340401Estampa.jpg?resize=189%2C220&amp;ssl=1 189w, https:\/\/i0.wp.com\/www.manquepierda.com\/historiarealbetis\/files\/2013\/12\/19340401Estampa.jpg?resize=515%2C600&amp;ssl=1 515w, https:\/\/i0.wp.com\/www.manquepierda.com\/historiarealbetis\/files\/2013\/12\/19340401Estampa.jpg?resize=768%2C895&amp;ssl=1 768w, https:\/\/i0.wp.com\/www.manquepierda.com\/historiarealbetis\/files\/2013\/12\/19340401Estampa.jpg?w=868&amp;ssl=1 868w\" sizes=\"auto, (max-width: 601px) 100vw, 601px\" \/><figcaption id=\"caption-attachment-48654\" class=\"wp-caption-text\">\u00abSporting-1, Betis-0.-Lo mismo le ha ocurrido al Sporting; ese tanto de la victoria no le salva de la eliminaci\u00f3n\u00bb.-Sin especificar fot\u00f3grafo.-Revista Gr\u00e1fica \u00abEstampa\u00bb-Madrid 19340407-s\u00e1bado.<\/figcaption><\/figure>\n<p style=\"text-align: left\">10-<strong>Ram\u00f3n HERRERA Bueno (27 a\u00f1os menos 12 d\u00edas)-Natural de Gij\u00f3n (Asturias), s\u00e1bado 13 de Abril de 1907.-\u00cddem, martes 04 de Octubre de 1960 (53 A\u00f1os+6 meses menos 9 d\u00edas) D. E. P.<\/strong><\/p>\n<p style=\"text-align: justify\">11-Jos\u00e9 Ordieres Cuesta (a) \u00abPIN\u00bb.<\/p>\n<p style=\"text-align: center\"><strong>VS.<\/strong><\/p>\n<figure id=\"attachment_32042\" aria-describedby=\"caption-attachment-32042\" style=\"width: 154px\" class=\"wp-caption aligncenter\"><a href=\"https:\/\/www.manquepierda.com\/historiarealbetis\/32036-1933-noviembre-05-primera-division-betis-balompie-2-goles-vs-racing-santander-1\/1932-rbb-43\/\" rel=\"attachment wp-att-32042\"><img data-recalc-dims=\"1\" loading=\"lazy\" decoding=\"async\" class=\"size-full wp-image-32042\" src=\"https:\/\/i0.wp.com\/www.manquepierda.com\/historiarealbetis\/files\/2013\/08\/1932-RBB1.jpg?resize=154%2C154&#038;ssl=1\" alt=\"bbb\" width=\"154\" height=\"154\" srcset=\"https:\/\/i0.wp.com\/www.manquepierda.com\/historiarealbetis\/files\/2013\/08\/1932-RBB1.jpg?w=154&amp;ssl=1 154w, https:\/\/i0.wp.com\/www.manquepierda.com\/historiarealbetis\/files\/2013\/08\/1932-RBB1.jpg?resize=500%2C500&amp;ssl=1 500w\" sizes=\"auto, (max-width: 154px) 100vw, 154px\" \/><\/a><figcaption id=\"caption-attachment-32042\" class=\"wp-caption-text\"><strong>BETIS\u00a0 BALOMPI\u00c9-0 GOLES.- (3-0 ida+0-1=3-1).-Se clasific\u00f3 para los Cuartos de Final contra FC Barcelona.<\/strong><\/figcaption><\/figure>\n<figure id=\"attachment_32425\" aria-describedby=\"caption-attachment-32425\" style=\"width: 158px\" class=\"wp-caption alignright\"><a href=\"https:\/\/www.manquepierda.com\/historiarealbetis\/32424-1934-1935-el-betis-balompie-ante-la-competicion-de-liga-por-antonio-olmedo\/antonio-moreno-sevillano-26opresidente-rbb\/\" rel=\"attachment wp-att-32425\"><img data-recalc-dims=\"1\" loading=\"lazy\" decoding=\"async\" class=\"size-thumbnail wp-image-32425\" src=\"https:\/\/i0.wp.com\/www.manquepierda.com\/historiarealbetis\/files\/2013\/09\/Antonio-Moreno-Sevillano-26%C2%BAPresidente-RBB.jpg?resize=158%2C220&#038;ssl=1\" alt=\"CPEAC-Campe\u00f3n 103-Foto original Serrano.\" width=\"158\" height=\"220\" srcset=\"https:\/\/i0.wp.com\/www.manquepierda.com\/historiarealbetis\/files\/2013\/09\/Antonio-Moreno-Sevillano-26%C2%BAPresidente-RBB.jpg?resize=158%2C220&amp;ssl=1 158w, https:\/\/i0.wp.com\/www.manquepierda.com\/historiarealbetis\/files\/2013\/09\/Antonio-Moreno-Sevillano-26%C2%BAPresidente-RBB.jpg?resize=431%2C600&amp;ssl=1 431w, https:\/\/i0.wp.com\/www.manquepierda.com\/historiarealbetis\/files\/2013\/09\/Antonio-Moreno-Sevillano-26%C2%BAPresidente-RBB.jpg?resize=503%2C700&amp;ssl=1 503w, https:\/\/i0.wp.com\/www.manquepierda.com\/historiarealbetis\/files\/2013\/09\/Antonio-Moreno-Sevillano-26%C2%BAPresidente-RBB.jpg?w=860&amp;ssl=1 860w\" sizes=\"auto, (max-width: 158px) 100vw, 158px\" \/><\/a><figcaption id=\"caption-attachment-32425\" class=\"wp-caption-text\"><strong>Don ANTONIO MORENO SEVILLANO.-32 A\u00d1OS+7 meses.-Ilustre Letrado.<\/strong><\/figcaption><\/figure>\n<p style=\"text-align: right\"><strong class=\"size-thumbnail wp-image-32425\">\u00a0<\/strong><\/p>\n<p style=\"text-align: justify\"><strong>XXVI PRESIDENTE REAL-BETIS BALOMPI\u00c9.-Natural de OSUNA (Sevilla), viernes 09 de Agosto de 1901.-Falleci\u00f3 en SEVILLA, viernes 28 de Abril de 1978.-76 A\u00f1os+7 meses.-D. E. P.<\/strong><\/p>\n<p style=\"text-align: justify\"><strong>Temporadas 1933-1934 \u00e1 1934-1935 Campeonato Nacional Liga Primera Divisi\u00f3n; 1936-1937 \u00e1 1939-1940; ambas inclusives.<\/strong><\/p>\n<figure id=\"attachment_33228\" aria-describedby=\"caption-attachment-33228\" style=\"width: 161px\" class=\"wp-caption alignleft\"><a href=\"https:\/\/www.manquepierda.com\/historiarealbetis\/33223-1935-abril-07-primera-lider-betis-balompie-5-goles-vs-club-deportivo-espanol-0\/patrick-joseph-oconnell-1935-2\/\" rel=\"attachment wp-att-33228\"><img data-recalc-dims=\"1\" loading=\"lazy\" decoding=\"async\" class=\"size-thumbnail wp-image-33228\" src=\"https:\/\/i0.wp.com\/www.manquepierda.com\/historiarealbetis\/files\/2013\/10\/Patrick-Joseph-OConnell-1935.jpg?resize=161%2C220&#038;ssl=1\" alt=\"MMM\" width=\"161\" height=\"220\" srcset=\"https:\/\/i0.wp.com\/www.manquepierda.com\/historiarealbetis\/files\/2013\/10\/Patrick-Joseph-OConnell-1935.jpg?resize=161%2C220&amp;ssl=1 161w, https:\/\/i0.wp.com\/www.manquepierda.com\/historiarealbetis\/files\/2013\/10\/Patrick-Joseph-OConnell-1935.jpg?resize=441%2C600&amp;ssl=1 441w, https:\/\/i0.wp.com\/www.manquepierda.com\/historiarealbetis\/files\/2013\/10\/Patrick-Joseph-OConnell-1935.jpg?resize=514%2C700&amp;ssl=1 514w, https:\/\/i0.wp.com\/www.manquepierda.com\/historiarealbetis\/files\/2013\/10\/Patrick-Joseph-OConnell-1935.jpg?w=894&amp;ssl=1 894w\" sizes=\"auto, (max-width: 161px) 100vw, 161px\" \/><\/a><figcaption id=\"caption-attachment-33228\" class=\"wp-caption-text\"><strong>Mr. PATRICK JOSEP O&#8217;CONNELL.-47 A\u00f1os+24 d\u00edas.<\/strong><\/figcaption><\/figure>\n<p style=\"text-align: left\"><strong>ENTRENADOR BETIS BALOMPI\u00c9-TEMPORADA 1933-1934.<\/strong><\/p>\n<p style=\"text-align: justify\"><strong>Natural de DUBLIN (Irlanda), martes 08 de Marzo de 1887.-Falleci\u00f3 en ST PANCRAS-Londres (Inglaterra), viernes 27 de Febrero de 1959.-71 A\u00f1os+10 meses.-D. E. P.<\/strong><\/p>\n<p style=\"text-align: justify\"><strong>Temporadas 1933-1934 \u00e1 1934-1935 Campeonato Nacional Liga Primera Divisi\u00f3n; 1940-1941 \u00e1 1941-1942 Campeonato Nacional Segunda Divisi\u00f3n; 1945-1946 (Pedro Sol\u00e9+Andr\u00e9s Aranda+O&#8217;Connell) \u00e1 1946-1947 (O&#8217;Connell+Jos\u00e9 Su\u00e1rez Gonz\u00e1lez (a) \u00abPeral\u00bb); ambas inclusives.<\/strong><\/p>\n<figure id=\"attachment_33663\" aria-describedby=\"caption-attachment-33663\" style=\"width: 188px\" class=\"wp-caption aligncenter\"><a href=\"https:\/\/www.manquepierda.com\/historiarealbetis\/33608-1932-octubre-23-mancomunado-centro-sur-betis-balompie-5-goals-vs-valladolid-cd-2\/joaquin-urquiaga-legarburu-2\/\" rel=\"attachment wp-att-33663\"><img data-recalc-dims=\"1\" loading=\"lazy\" decoding=\"async\" class=\"size-thumbnail wp-image-33663\" src=\"https:\/\/i0.wp.com\/www.manquepierda.com\/historiarealbetis\/files\/2013\/11\/Joaqu%C3%ADn-URQUIAGA-Legarburu.png?resize=188%2C220&#038;ssl=1\" alt=\"MMM\" width=\"188\" height=\"220\" srcset=\"https:\/\/i0.wp.com\/www.manquepierda.com\/historiarealbetis\/files\/2013\/11\/Joaqu%C3%ADn-URQUIAGA-Legarburu.png?resize=188%2C220&amp;ssl=1 188w, https:\/\/i0.wp.com\/www.manquepierda.com\/historiarealbetis\/files\/2013\/11\/Joaqu%C3%ADn-URQUIAGA-Legarburu.png?w=191&amp;ssl=1 191w\" sizes=\"auto, (max-width: 188px) 100vw, 188px\" \/><\/a><figcaption id=\"caption-attachment-33663\" class=\"wp-caption-text\"><strong>1.-Guardameta.-Joaqu\u00edn URQUIAGA Legarburu.-24 a\u00f1os.-DESTAC\u00d3.<\/strong><\/figcaption><\/figure>\n<p style=\"text-align: center\"><strong>1 gol encajado.-1-0.-75 minutos: Herrera.<\/strong><\/p>\n<p style=\"text-align: justify\"><strong>BILBAO-Zorrotxa-martes 29-Marzo-1910.-BILBAO (Vizcaya), domingo 25-Julio-1965.-55 A\u00f1os+4 meses.-D. E. P.<\/strong><\/p>\n<p style=\"text-align: justify\"><strong>TemporadaS 1932-1933 \u00c1 1934-1935 Campeonato Nacional Liga Primera Divisi\u00f3n; 1935-1936; ambas inclusives.<\/strong><\/p>\n<figure id=\"attachment_33625\" aria-describedby=\"caption-attachment-33625\" style=\"width: 188px\" class=\"wp-caption aligncenter\"><a href=\"https:\/\/www.manquepierda.com\/historiarealbetis\/33617-1932-noviembre-20-mancomunado-centro-sur-betis-balompie-5-goals-vs-athletic-madrid-0\/pedro-pablo-areso-aramburu\/\" rel=\"attachment wp-att-33625\"><img data-recalc-dims=\"1\" loading=\"lazy\" decoding=\"async\" class=\"size-thumbnail wp-image-33625\" src=\"https:\/\/i0.wp.com\/www.manquepierda.com\/historiarealbetis\/files\/2013\/11\/Pedro-Pablo-Areso-Aramburu.png?resize=188%2C220&#038;ssl=1\" alt=\"mmm\" width=\"188\" height=\"220\" srcset=\"https:\/\/i0.wp.com\/www.manquepierda.com\/historiarealbetis\/files\/2013\/11\/Pedro-Pablo-Areso-Aramburu.png?resize=188%2C220&amp;ssl=1 188w, https:\/\/i0.wp.com\/www.manquepierda.com\/historiarealbetis\/files\/2013\/11\/Pedro-Pablo-Areso-Aramburu.png?w=191&amp;ssl=1 191w\" sizes=\"auto, (max-width: 188px) 100vw, 188px\" \/><\/a><figcaption id=\"caption-attachment-33625\" class=\"wp-caption-text\"><strong>2.-Zaguero-Lateral Diestro.-Pedro Pablo ARESO Aramburu.-25 a\u00f1os.-DESTAC\u00d3.<\/strong><\/figcaption><\/figure>\n<p style=\"text-align: justify\"><strong>VILLAFRANCA DE ORIA (Guip\u00fazcoa), lunes 15-Marzo-1909.-M\u00c9XICO-DF \u00bf1987-1988?.-D. E. P.<\/strong><\/p>\n<p style=\"text-align: justify\"><strong>Temporadas 1932-1933 \u00e1 1934-1935 Campeonato Nacional Liga Primera Divisi\u00f3n; ambas inclusives.<\/strong><\/p>\n<figure id=\"attachment_33988\" aria-describedby=\"caption-attachment-33988\" style=\"width: 188px\" class=\"wp-caption aligncenter\"><a href=\"https:\/\/www.manquepierda.com\/historiarealbetis\/33981-1934-febrero-25-primera-division-atocha-donostia-cf-3-vs-betis-balompie-2-goals\/serafin-aedo-renieblas-2\/\" rel=\"attachment wp-att-33988\"><img data-recalc-dims=\"1\" loading=\"lazy\" decoding=\"async\" class=\"size-thumbnail wp-image-33988\" src=\"https:\/\/i0.wp.com\/www.manquepierda.com\/historiarealbetis\/files\/2013\/12\/Seraf%C3%ADn-Aedo-Renieblas.png?resize=188%2C220&#038;ssl=1\" alt=\"mmm\" width=\"188\" height=\"220\" srcset=\"https:\/\/i0.wp.com\/www.manquepierda.com\/historiarealbetis\/files\/2013\/12\/Seraf%C3%ADn-Aedo-Renieblas.png?resize=188%2C220&amp;ssl=1 188w, https:\/\/i0.wp.com\/www.manquepierda.com\/historiarealbetis\/files\/2013\/12\/Seraf%C3%ADn-Aedo-Renieblas.png?w=191&amp;ssl=1 191w\" sizes=\"auto, (max-width: 188px) 100vw, 188px\" \/><\/a><figcaption id=\"caption-attachment-33988\" class=\"wp-caption-text\"><strong>3.-Zaguero-Lateral Zurdo.-Seraf\u00edn AEDO Renieblas.-25 a\u00f1os+4 mess.-DESTAC\u00d3.<\/strong><\/figcaption><\/figure>\n<p style=\"text-align: justify\"><strong>BARAKALDO (Vizcaya), mi\u00e9rcoles 11-Noviembre-1908.-M\u00c9XICO-DF-viernes 14-Octubre-1988.-79 A\u00f1os+10 meses.-D. E. P.<\/strong><\/p>\n<p style=\"text-align: justify\"><strong>Temporadas 1933-1934 \u00e1 1934-1935 Campeonato Nacional Liga Primera Divisi\u00f3n; 1935-1936; ambas inclusive.<\/strong><\/p>\n<p style=\"text-align: center\"><img data-recalc-dims=\"1\" loading=\"lazy\" decoding=\"async\" class=\"aligncenter size-thumbnail wp-image-48655\" src=\"https:\/\/i0.wp.com\/www.manquepierda.com\/historiarealbetis\/files\/2013\/12\/PERAL-19310606-1.jpg?resize=136%2C220&#038;ssl=1\" alt=\"PERAL-19310606\" width=\"136\" height=\"220\" srcset=\"https:\/\/i0.wp.com\/www.manquepierda.com\/historiarealbetis\/files\/2013\/12\/PERAL-19310606-1.jpg?resize=136%2C220&amp;ssl=1 136w, https:\/\/i0.wp.com\/www.manquepierda.com\/historiarealbetis\/files\/2013\/12\/PERAL-19310606-1.jpg?resize=371%2C600&amp;ssl=1 371w, https:\/\/i0.wp.com\/www.manquepierda.com\/historiarealbetis\/files\/2013\/12\/PERAL-19310606-1.jpg?resize=433%2C700&amp;ssl=1 433w, https:\/\/i0.wp.com\/www.manquepierda.com\/historiarealbetis\/files\/2013\/12\/PERAL-19310606-1.jpg?w=620&amp;ssl=1 620w\" sizes=\"auto, (max-width: 136px) 100vw, 136px\" \/><\/p>\n<p style=\"text-align: justify\"><strong>Jos\u00e9 Su\u00e1rez Gonz\u00e1lez (a) \u00abPERAL\u00bb.-SEVILLA, lunes 10-Abril-1911.-SEVILLA, domingo 28-Mayo-1967.-56 A\u00f1os+1 mes+18 d\u00edas.-D. E. P.<\/strong><\/p>\n<p style=\"text-align: justify\"><strong>Temporadas 1929-1930 \u00e1 1931-1932 Campeonato Nacional Liga Segunda Divisi\u00f3n; 1932-1933 \u00e1 1934-1935 Campeonato Nacional Liga Primera Divisi\u00f3n; 1935-1936; 1938-1939 \u00e1 1941-1942 Campeonato Nacional Liga Segunda Divisi\u00f3n; 1942-1943 \u00e1 1943-1944; ambas inclusives.<\/strong><\/p>\n<figure id=\"attachment_33987\" aria-describedby=\"caption-attachment-33987\" style=\"width: 185px\" class=\"wp-caption aligncenter\"><a href=\"https:\/\/www.manquepierda.com\/historiarealbetis\/33981-1934-febrero-25-primera-division-atocha-donostia-cf-3-vs-betis-balompie-2-goals\/enrique-soladrero-arbide-1\/\" rel=\"attachment wp-att-33987\"><img data-recalc-dims=\"1\" loading=\"lazy\" decoding=\"async\" class=\"size-thumbnail wp-image-33987\" src=\"https:\/\/i0.wp.com\/www.manquepierda.com\/historiarealbetis\/files\/2013\/12\/Enrique-Soladrero-Arbide.1.jpg?resize=185%2C220&#038;ssl=1\" alt=\"mmm\" width=\"185\" height=\"220\" srcset=\"https:\/\/i0.wp.com\/www.manquepierda.com\/historiarealbetis\/files\/2013\/12\/Enrique-Soladrero-Arbide.1.jpg?resize=185%2C220&amp;ssl=1 185w, https:\/\/i0.wp.com\/www.manquepierda.com\/historiarealbetis\/files\/2013\/12\/Enrique-Soladrero-Arbide.1.jpg?w=284&amp;ssl=1 284w\" sizes=\"auto, (max-width: 185px) 100vw, 185px\" \/><\/a><figcaption id=\"caption-attachment-33987\" class=\"wp-caption-text\"><strong>5.-Medio Centro.-Enrique SOLADRERO Arbide.-21 a\u00f1os menos 29 d\u00edas.<\/strong><\/figcaption><\/figure>\n<p style=\"text-align: justify\"><strong>ARRIGORRIAGA (Vizcaya),<\/strong> <strong>mi\u00e9rcoles 30-Abril-1913.-SAN SEBASTI\u00c1N (Guip\u00fazcoa), domingo 17-Octubre-1976.-63 A\u00f1os+5 meses.-D. E. P.<\/strong><\/p>\n<p style=\"text-align: justify\"><strong>Temporadas 1930-1931 \u00e1 1931-1932 Campeonato Nacional Liga Segunda Divisi\u00f3n; 1932-1933 \u00e1 1933-1934; ambas inclusives.<\/strong><\/p>\n<figure id=\"attachment_32022\" aria-describedby=\"caption-attachment-32022\" style=\"width: 129px\" class=\"wp-caption aligncenter\"><a href=\"https:\/\/www.manquepierda.com\/historiarealbetis\/32014-1934-enero-28-primera-division-oviedo-club-futbol-4-vs-betis-balompie-3-goles\/rufino-fernandez-larrinoa1\/\" rel=\"attachment wp-att-32022\"><img data-recalc-dims=\"1\" loading=\"lazy\" decoding=\"async\" class=\"size-thumbnail wp-image-32022\" src=\"https:\/\/i0.wp.com\/www.manquepierda.com\/historiarealbetis\/files\/2013\/08\/Rufino-Fern%C3%A1ndez-LARRINOA1.jpg?resize=129%2C220&#038;ssl=1\" alt=\"Colecci\u00f3n e. a. c.\" width=\"129\" height=\"220\" srcset=\"https:\/\/i0.wp.com\/www.manquepierda.com\/historiarealbetis\/files\/2013\/08\/Rufino-Fern%C3%A1ndez-LARRINOA1.jpg?resize=129%2C220&amp;ssl=1 129w, https:\/\/i0.wp.com\/www.manquepierda.com\/historiarealbetis\/files\/2013\/08\/Rufino-Fern%C3%A1ndez-LARRINOA1.jpg?resize=352%2C600&amp;ssl=1 352w, https:\/\/i0.wp.com\/www.manquepierda.com\/historiarealbetis\/files\/2013\/08\/Rufino-Fern%C3%A1ndez-LARRINOA1.jpg?resize=411%2C700&amp;ssl=1 411w, https:\/\/i0.wp.com\/www.manquepierda.com\/historiarealbetis\/files\/2013\/08\/Rufino-Fern%C3%A1ndez-LARRINOA1.jpg?w=636&amp;ssl=1 636w\" sizes=\"auto, (max-width: 129px) 100vw, 129px\" \/><\/a><figcaption id=\"caption-attachment-32022\" class=\"wp-caption-text\"><strong>6.-Medio-Zurdo.-Rufino Fern\u00e1ndez De LARRINOA Magunaurrekoetxea.-25 a\u00f1os+3 meses.<\/strong><\/figcaption><\/figure>\n<p style=\"text-align: justify\"><strong>ARRIGORRIAGA (Vizcaya), lunes 11-Enero-1909.-BASAURI (Vizcaya), mi\u00e9rcoles 05-Diciembre-2001.-92 A\u00f1os+10 meses.-D. E. P.<\/strong><\/p>\n<p style=\"text-align: justify\"><strong>Temporadas 1933-1934 \u00e1 1934-1935 Campeonato Nacional Liga Primera Divisi\u00f3n; 1935-1936; ambas inclusives.<\/strong><\/p>\n<figure id=\"attachment_34055\" aria-describedby=\"caption-attachment-34055\" style=\"width: 140px\" class=\"wp-caption aligncenter\"><a href=\"https:\/\/www.manquepierda.com\/historiarealbetis\/34050-1934-abril-01-copa-presidente-republica-vuelta-sporting-de-gijon-1-vs-betis-balompie-0\/salvador-arqueta-echevarria-2\/\" rel=\"attachment wp-att-34055\"><img data-recalc-dims=\"1\" loading=\"lazy\" decoding=\"async\" class=\"size-thumbnail wp-image-34055\" src=\"https:\/\/i0.wp.com\/www.manquepierda.com\/historiarealbetis\/files\/2013\/12\/Salvador-Arqueta-Echevarr%C3%ADa1.jpg?resize=140%2C220&#038;ssl=1\" alt=\"mmm\" width=\"140\" height=\"220\" srcset=\"https:\/\/i0.wp.com\/www.manquepierda.com\/historiarealbetis\/files\/2013\/12\/Salvador-Arqueta-Echevarr%C3%ADa1.jpg?resize=140%2C220&amp;ssl=1 140w, https:\/\/i0.wp.com\/www.manquepierda.com\/historiarealbetis\/files\/2013\/12\/Salvador-Arqueta-Echevarr%C3%ADa1.jpg?resize=383%2C600&amp;ssl=1 383w, https:\/\/i0.wp.com\/www.manquepierda.com\/historiarealbetis\/files\/2013\/12\/Salvador-Arqueta-Echevarr%C3%ADa1.jpg?w=385&amp;ssl=1 385w\" sizes=\"auto, (max-width: 140px) 100vw, 140px\" \/><\/a><figcaption id=\"caption-attachment-34055\" class=\"wp-caption-text\"><strong>7.-Delantero-Extremo Diestro.-Salvador ARQUETA Echevarr\u00eda.-20 a\u00f1os+3 meses.<\/strong><\/figcaption><\/figure>\n<p style=\"text-align: justify\"><strong>ERANDIO (Vizcaya), mi\u00e9rcoles 28-Enero-1914.-No localizada ciudad y fecha fallecimiento, si ha lugar D. E. P.<\/strong><\/p>\n<p style=\"text-align: center\"><strong>Temporada 1933-1934.<\/strong><\/p>\n<figure id=\"attachment_33989\" aria-describedby=\"caption-attachment-33989\" style=\"width: 188px\" class=\"wp-caption aligncenter\"><a href=\"https:\/\/www.manquepierda.com\/historiarealbetis\/33981-1934-febrero-25-primera-division-atocha-donostia-cf-3-vs-betis-balompie-2-goals\/saro-angelmartinrodriguez-13\/\" rel=\"attachment wp-att-33989\"><img data-recalc-dims=\"1\" loading=\"lazy\" decoding=\"async\" class=\"size-thumbnail wp-image-33989\" src=\"https:\/\/i0.wp.com\/www.manquepierda.com\/historiarealbetis\/files\/2013\/12\/SARO-%C3%A1ngelMart%C3%ADnrodr%C3%ADguez.png?resize=188%2C220&#038;ssl=1\" alt=\"mmm\" width=\"188\" height=\"220\" srcset=\"https:\/\/i0.wp.com\/www.manquepierda.com\/historiarealbetis\/files\/2013\/12\/SARO-%C3%A1ngelMart%C3%ADnrodr%C3%ADguez.png?resize=188%2C220&amp;ssl=1 188w, https:\/\/i0.wp.com\/www.manquepierda.com\/historiarealbetis\/files\/2013\/12\/SARO-%C3%A1ngelMart%C3%ADnrodr%C3%ADguez.png?w=191&amp;ssl=1 191w\" sizes=\"auto, (max-width: 188px) 100vw, 188px\" \/><\/a><figcaption id=\"caption-attachment-33989\" class=\"wp-caption-text\"><strong>8.-Delantero-Interior Diestro.-\u00c1ngel Mart\u00edn Rodriguez (a) \u00abSARO\u00bb.-25 a\u00f1os+1 mes.<\/strong><\/figcaption><\/figure>\n<p><strong>VALLADOLID, lunes 01-Marzo-1909.-Obituario, lunes 13 de Enero de 1975 (65 A\u00f1os+10 meses+12 d\u00edas) D. E. P.<br \/>\n<\/strong><\/p>\n<p style=\"text-align: justify\"><strong>Temporadas 1933-1934 \u00e1 1934-1935 Campeonato Nacional Liga Primera Divisi\u00f3n; 1935-1936; 1938-1939 \u00e1 1941-1942 Campeonato Nacional Liga Segunda Divisi\u00f3n; 1942-1943 \u00e1 1948-1949; ambas inclusives.<\/strong><\/p>\n<figure id=\"attachment_33991\" aria-describedby=\"caption-attachment-33991\" style=\"width: 220px\" class=\"wp-caption aligncenter\"><a href=\"https:\/\/www.manquepierda.com\/historiarealbetis\/33981-1934-febrero-25-primera-division-atocha-donostia-cf-3-vs-betis-balompie-2-goals\/victorio-unamuno-ibarzabal-4\/\" rel=\"attachment wp-att-33991\"><img data-recalc-dims=\"1\" loading=\"lazy\" decoding=\"async\" class=\"size-thumbnail wp-image-33991\" src=\"https:\/\/i0.wp.com\/www.manquepierda.com\/historiarealbetis\/files\/2013\/12\/Victorio-Unamuno-Ibarzabal.jpg?resize=220%2C220&#038;ssl=1\" alt=\"mmm\" width=\"220\" height=\"220\" srcset=\"https:\/\/i0.wp.com\/www.manquepierda.com\/historiarealbetis\/files\/2013\/12\/Victorio-Unamuno-Ibarzabal.jpg?resize=220%2C220&amp;ssl=1 220w, https:\/\/i0.wp.com\/www.manquepierda.com\/historiarealbetis\/files\/2013\/12\/Victorio-Unamuno-Ibarzabal.jpg?w=244&amp;ssl=1 244w\" sizes=\"auto, (max-width: 220px) 100vw, 220px\" \/><\/a><figcaption id=\"caption-attachment-33991\" class=\"wp-caption-text\"><strong>9.-Centro Delantero-ARIETE.-Victorio UNAMUNO Ibarzabal.-24 a\u00f1os+10 meses.<\/strong><\/figcaption><\/figure>\n<p style=\"text-align: justify\"><strong>BERGARA (Guip\u00fazcoa), viernes 21-Mayo-1909<\/strong><strong>.-DURANGO (Vizcaya), viernes 20-Mayo-1988.-79 A\u00f1os.-D. E. P.<\/strong><\/p>\n<p style=\"text-align: justify\"><strong>Temporadas 1933-1934 \u00e1 1934-1935 Campeonato Nacional Liga Primera Divisi\u00f3n; 1935-1936; ambas inclusives.<\/strong><\/p>\n<figure id=\"attachment_33677\" aria-describedby=\"caption-attachment-33677\" style=\"width: 149px\" class=\"wp-caption aligncenter\"><a href=\"https:\/\/www.manquepierda.com\/historiarealbetis\/33608-1932-octubre-23-mancomunado-centro-sur-betis-balompie-5-goals-vs-valladolid-cd-2\/simon-lecue-andrade-4\/\" rel=\"attachment wp-att-33677\"><img data-recalc-dims=\"1\" loading=\"lazy\" decoding=\"async\" class=\"size-thumbnail wp-image-33677\" src=\"https:\/\/i0.wp.com\/www.manquepierda.com\/historiarealbetis\/files\/2013\/11\/Sim%C3%B3n-Lecue-Andrade1.jpg?resize=149%2C220&#038;ssl=1\" alt=\"mmm\" width=\"149\" height=\"220\" srcset=\"https:\/\/i0.wp.com\/www.manquepierda.com\/historiarealbetis\/files\/2013\/11\/Sim%C3%B3n-Lecue-Andrade1.jpg?resize=149%2C220&amp;ssl=1 149w, https:\/\/i0.wp.com\/www.manquepierda.com\/historiarealbetis\/files\/2013\/11\/Sim%C3%B3n-Lecue-Andrade1.jpg?w=309&amp;ssl=1 309w\" sizes=\"auto, (max-width: 149px) 100vw, 149px\" \/><\/a><figcaption id=\"caption-attachment-33677\" class=\"wp-caption-text\"><strong>10.-Delantero-Interior Zurdo.-Sim\u00f3n LECUE Andrade.-22 a\u00f1os.<\/strong><\/figcaption><\/figure>\n<p style=\"text-align: justify\"><strong>ARRIGORRIAGA (Vizcaya), domingo 11-Febrero-1912.-MADRID-1\u00ba de Octubre-lunes 27-Febrero-1984.-72 A\u00f1os menos 16 d\u00edas.-D. E. P.<\/strong><\/p>\n<p style=\"text-align: justify\"><strong>Temporadas 1932-1933 \u00e1 1934-1935 Campeonato Nacional Liga Primera Divisi\u00f3n; ambas inclusives.<\/strong><\/p>\n<figure id=\"attachment_34030\" aria-describedby=\"caption-attachment-34030\" style=\"width: 144px\" class=\"wp-caption aligncenter\"><a href=\"https:\/\/www.manquepierda.com\/historiarealbetis\/34029-enrique-garrido\/enrique-1932\/\" rel=\"attachment wp-att-34030\"><img data-recalc-dims=\"1\" loading=\"lazy\" decoding=\"async\" class=\"size-full wp-image-34030\" src=\"https:\/\/i0.wp.com\/www.manquepierda.com\/historiarealbetis\/files\/2013\/12\/Enrique-1932.jpg?resize=144%2C157&#038;ssl=1\" alt=\"mmm\" width=\"144\" height=\"157\" \/><\/a><figcaption id=\"caption-attachment-34030\" class=\"wp-caption-text\"><strong>11.-Delantero-Extremo Zurdo.-ENRIQUE Garrido Reguera.-20 a\u00f1os.<\/strong><\/figcaption><\/figure>\n<p style=\"text-align: center\"><strong>SEVILLA, 00-00-1913.-SEVILLA, 00-00-1948.-No localizadas fechas nacimiento-fallecimiento.-D. E. P.<\/strong><\/p>\n<p style=\"text-align: justify\"><strong>Temporadas 1925-1926 \u00e1 1931-1932 Campeonato Nacional Liga Segunda Divisi\u00f3n; 1932-1933 \u00e1 1933-1934; ambas inclusives.<\/strong><\/p>\n<hr \/>\n<p style=\"text-align: justify\">\n<p style=\"text-align: center\"><strong>**1934-MAYO 25-DOMINGO-TARDE-EN SEVILLA-DOMINGO DE RAMOS**<\/strong><\/p>\n<figure id=\"attachment_34063\" aria-describedby=\"caption-attachment-34063\" style=\"width: 220px\" class=\"wp-caption aligncenter\"><a href=\"https:\/\/www.manquepierda.com\/historiarealbetis\/34050-1934-abril-01-copa-presidente-republica-vuelta-sporting-de-gijon-1-vs-betis-balompie-0\/patronato-obrero1935-7\/\" rel=\"attachment wp-att-34063\"><img data-recalc-dims=\"1\" loading=\"lazy\" decoding=\"async\" class=\"size-thumbnail wp-image-34063\" src=\"https:\/\/i0.wp.com\/www.manquepierda.com\/historiarealbetis\/files\/2013\/12\/Patronato-Obrero1935.jpg?resize=220%2C94&#038;ssl=1\" alt=\"MMM\" width=\"220\" height=\"94\" srcset=\"https:\/\/i0.wp.com\/www.manquepierda.com\/historiarealbetis\/files\/2013\/12\/Patronato-Obrero1935.jpg?resize=220%2C94&amp;ssl=1 220w, https:\/\/i0.wp.com\/www.manquepierda.com\/historiarealbetis\/files\/2013\/12\/Patronato-Obrero1935.jpg?w=400&amp;ssl=1 400w\" sizes=\"auto, (max-width: 220px) 100vw, 220px\" \/><\/a><figcaption id=\"caption-attachment-34063\" class=\"wp-caption-text\"><strong>Campo Municipal de Deportes PATRONATO OBRERO.<\/strong><\/figcaption><\/figure>\n<p style=\"text-align: justify\"><strong>XXXII CAMPEONATO DE ESPA\u00d1A-COPA PRESIDENTE DE LA REP\u00daBLICA-1934.-PARTIDO DE IDA.<\/strong><\/p>\n<p style=\"text-align: center\"><strong>Arbitr\u00f3 el colegiado valenciano Lu\u00eds Sanch\u00eds ORDU\u00d1A.-Aline\u00f3 ambas escuadras de la forma siguiente:<br \/>\n<\/strong><\/p>\n<p style=\"text-align: center\"><strong>BETIS BALOMPI\u00c9-3 GOLES.<\/strong><\/p>\n<p style=\"text-align: center\"><strong>URQUIAGA (imbatido).<\/strong><\/p>\n<p style=\"text-align: center\"><strong>AEDO-ARQUETA.<\/strong><\/p>\n<p style=\"text-align: center\"><strong>PERAL-SOLADRERO-LARRINOA.<\/strong><\/p>\n<p style=\"text-align: justify\"><strong>SARO (3-0.-Tras el descanso reglamentario)-ARESO-UNAMUNO-LECUE (1-0 Y 2-0 en el primer tiempo)-ENRIQUE.<\/strong><\/p>\n<p style=\"text-align: center\">VS.<\/p>\n<p style=\"text-align: center\">SPORTING DE GIJ\u00d3N-0 TANTOS.<\/p>\n<p style=\"text-align: justify\">SI\u00d3N.-QUIR\u00d3S-PENA.-TRONCH\u00cdN-RUBIERA-LUIS\u00cdN.-MARGOLLES-ABELARDO-HERRERA-PIN-PANERA.<\/p>\n<p style=\"text-align: justify\"><strong>Clasificado para 1\/4 Final-XXXII CAMPEONATO DE ESPA\u00d1A-COPA PRESIDENTE DE LA REP\u00daBLICA 1934.<\/strong><\/p>\n<p style=\"text-align: center\"><em><strong>BETIS BALOMPI\u00c9-3 GOLES (3+0) <\/strong><\/em><strong>vs. SPORTING DE GIJ\u00d3N-1 TANTO (0+1).<\/strong><\/p>\n","protected":false},"excerpt":{"rendered":"<p>XXXII CAMPEONATO ESPA\u00d1A F\u00daTBOL-COPA PRESIDENTE REP\u00daBLICA DESDE DOMINGO 11 DE MARZO HASTA DOMINGO 06 DE MAYO DE 1934-AMBAS FECHAS INCLUSIVE. 1934-ABRIL 01-DOMINGO EN GIJ\u00d3N (ASTURIAS)-ESTADIO MUNICIPAL \u00abEL MOLIN\u00d3N\u00bb-OCTAVOS DE FINAL-VUELTA (C\u00e9sped 105&#215;68 metros).-Buena entrada. Arbitr\u00f3 el colegiado vasco Pedro VALLANA Jeanquenat (36 a\u00f1os+5 meses menos 28 d\u00edas)-Natural de Getxo (Vizcaya), lunes 29 de Noviembre de&#8230;<\/p>\n","protected":false},"author":48,"featured_media":48653,"comment_status":"open","ping_status":"open","sticky":false,"template":"","format":"standard","meta":{"_kad_post_transparent":"","_kad_post_title":"","_kad_post_layout":"","_kad_post_sidebar_id":"","_kad_post_content_style":"","_kad_post_vertical_padding":"","_kad_post_feature":"","_kad_post_feature_position":"","_kad_post_header":false,"_kad_post_footer":false,"_kad_post_classname":"","_jetpack_memberships_contains_paid_content":false,"footnotes":"","jetpack_publicize_message":"","jetpack_publicize_feature_enabled":true,"jetpack_social_post_already_shared":true,"jetpack_social_options":{"image_generator_settings":{"template":"highway","default_image_id":0,"font":"","enabled":false},"version":2}},"categories":[899,1],"tags":[2242,1536,17878,15721],"class_list":["post-34050","post","type-post","status-publish","format-standard","has-post-thumbnail","hentry","category-1930-1939","category-portada","tag-1933-34","tag-1536","tag-copa-1933-34","tag-real-sporting-gijon"],"jetpack_publicize_connections":[],"jetpack_featured_media_url":"https:\/\/i0.wp.com\/www.manquepierda.com\/historiarealbetis\/files\/2013\/12\/19340401Herrera.jpg?fit=1636%2C884&ssl=1","jetpack_sharing_enabled":true,"jetpack_shortlink":"https:\/\/wp.me\/p1ij08-8Rc","jetpack-related-posts":[],"_links":{"self":[{"href":"https:\/\/www.manquepierda.com\/historiarealbetis\/wp-json\/wp\/v2\/posts\/34050","targetHints":{"allow":["GET"]}}],"collection":[{"href":"https:\/\/www.manquepierda.com\/historiarealbetis\/wp-json\/wp\/v2\/posts"}],"about":[{"href":"https:\/\/www.manquepierda.com\/historiarealbetis\/wp-json\/wp\/v2\/types\/post"}],"author":[{"embeddable":true,"href":"https:\/\/www.manquepierda.com\/historiarealbetis\/wp-json\/wp\/v2\/users\/48"}],"replies":[{"embeddable":true,"href":"https:\/\/www.manquepierda.com\/historiarealbetis\/wp-json\/wp\/v2\/comments?post=34050"}],"version-history":[{"count":1,"href":"https:\/\/www.manquepierda.com\/historiarealbetis\/wp-json\/wp\/v2\/posts\/34050\/revisions"}],"predecessor-version":[{"id":97798,"href":"https:\/\/www.manquepierda.com\/historiarealbetis\/wp-json\/wp\/v2\/posts\/34050\/revisions\/97798"}],"wp:featuredmedia":[{"embeddable":true,"href":"https:\/\/www.manquepierda.com\/historiarealbetis\/wp-json\/wp\/v2\/media\/48653"}],"wp:attachment":[{"href":"https:\/\/www.manquepierda.com\/historiarealbetis\/wp-json\/wp\/v2\/media?parent=34050"}],"wp:term":[{"taxonomy":"category","embeddable":true,"href":"https:\/\/www.manquepierda.com\/historiarealbetis\/wp-json\/wp\/v2\/categories?post=34050"},{"taxonomy":"post_tag","embeddable":true,"href":"https:\/\/www.manquepierda.com\/historiarealbetis\/wp-json\/wp\/v2\/tags?post=34050"}],"curies":[{"name":"wp","href":"https:\/\/api.w.org\/{rel}","templated":true}]}}