{"id":34067,"date":"2013-12-28T07:12:13","date_gmt":"2013-12-28T06:12:13","guid":{"rendered":"http:\/\/www.manquepierda.com\/historiarealbetis\/?p=34067"},"modified":"2024-09-29T16:08:22","modified_gmt":"2024-09-29T14:08:22","slug":"biri-biri-ficha-por-el-betis-1976","status":"publish","type":"post","link":"https:\/\/www.manquepierda.com\/historiarealbetis\/biri-biri-ficha-por-el-betis-1976\/","title":{"rendered":"Biri-Biri ficha por el Betis 1976"},"content":{"rendered":"<figure id=\"attachment_34068\" aria-describedby=\"caption-attachment-34068\" style=\"width: 214px\" class=\"wp-caption alignleft\"><a href=\"https:\/\/www.manquepierda.com\/historiarealbetis\/34067-biri-biri-ficha-por-el-betis-1976\/biri-ficha-por-el-betis-1976-nmp-nueva-andalucia-28-12-1976\/\" rel=\"attachment wp-att-34068\"><img data-recalc-dims=\"1\" loading=\"lazy\" decoding=\"async\" class=\"wp-image-34068 \" src=\"https:\/\/i0.wp.com\/www.manquepierda.com\/historiarealbetis\/files\/2013\/12\/Biri-ficha-por-el-Betis-1976-NMP-Nueva-Andaluc%C3%ADa-28-12-1976.jpg?resize=214%2C333&#038;ssl=1\" alt=\"Fuente: Nueva Andaluc\u00eda 28 de diciembre de 1976\" width=\"214\" height=\"333\" srcset=\"https:\/\/i0.wp.com\/www.manquepierda.com\/historiarealbetis\/files\/2013\/12\/Biri-ficha-por-el-Betis-1976-NMP-Nueva-Andaluc%C3%ADa-28-12-1976.jpg?w=383&amp;ssl=1 383w, https:\/\/i0.wp.com\/www.manquepierda.com\/historiarealbetis\/files\/2013\/12\/Biri-ficha-por-el-Betis-1976-NMP-Nueva-Andaluc%C3%ADa-28-12-1976.jpg?resize=141%2C220&amp;ssl=1 141w\" sizes=\"auto, (max-width: 214px) 100vw, 214px\" \/><\/a><figcaption id=\"caption-attachment-34068\" class=\"wp-caption-text\">Fuente: Nueva Andaluc\u00eda 28 de diciembre de 1976<\/figcaption><\/figure>\n<p>&nbsp;<\/p>\n<p>Tal d\u00eda como hoy de hace 37 a\u00f1os el periodista sevillano Vicente Br\u00fa daba una primicia en el vespertino Nueva Andaluc\u00eda: el fichaje del ex jugador sevillista Biri-Biri por el Betis. El jugador hab\u00eda quedado libre al final de la temporada anterior, al no ponerse de acuerdo con la entidad sevillista en una posible renovaci\u00f3n.<\/p>\n<p>El fichaje del jugador gambiano por el club verdiblanco fue toda una sensaci\u00f3n, y era el reverso de la moneda de lo que sucedi\u00f3 en 1973 cuando el jugador acudi\u00f3 a Madrid para fichar por el Betis y los emisarios sevillistas en el aeropuerto de Barajas se hicieron con el jugador. Ahora fue al rev\u00e9s, y fue Jos\u00e9 Mar\u00eda de la Concha quien, en el aeropuerto franc\u00e9s de Orly, se anticip\u00f3 a los deseos sevillistas de volver a contar con el jugador.<\/p>\n<p>&nbsp;<\/p>\n<p>He aqu\u00ed la entrevista que Biri-Biri concedi\u00f3 a Vicente Br\u00fa:<\/p>\n<p>&nbsp;<\/p>\n<p>&nbsp;<\/p>\n<p><span style=\"color: #339966\"><em>\u00a0Encuentro inesperado por la plaza de San Lorenzo. En un principio dudamos de que fuera Biri, pero al vernos se dirigi\u00f3 a nosotros y nos salud\u00f3.<\/em><\/span><\/p>\n<p><span style=\"color: #339966\"><em>\u00a0<\/em><\/span><\/p>\n<p><span style=\"color: #339966\"><em>&#8211;\u00a0\u00a0\u00a0\u00a0\u00a0 \u00bfQu\u00e9 haces por aqu\u00ed?<\/em><\/span><\/p>\n<p><span style=\"color: #339966\"><em>&#8211;\u00a0\u00a0\u00a0\u00a0\u00a0 He venido para firmar un compromiso para la pr\u00f3xima temporada y seguir jugando en Espa\u00f1a<\/em><\/span><\/p>\n<p><span style=\"color: #339966\"><em>&#8211;\u00a0\u00a0\u00a0\u00a0\u00a0 \u00bfTe han llamado del Sevilla?<\/em><\/span><\/p>\n<p><span style=\"color: #339966\"><em>&#8211;\u00a0\u00a0\u00a0\u00a0\u00a0 Me llamaron e incluso pagaron mis pasajes y el de mi mujer, pero al llegar a Par\u00eds me estaba esperando Jos\u00e9 Mar\u00eda de la Concha en el aeropuerto de Orly, y all\u00ed mismo he llegado a un acuerdo con el Betis. Ha sido m\u00e1s o menos como pas\u00f3 cuando firm\u00e9 por el Sevilla, aunque ha cambiado el escenario, que anteriormente fue el aeropuerto de Barajas, y el club que en esta ocasi\u00f3n es el Betis<\/em><\/span><\/p>\n<p><span style=\"color: #339966\"><em>&#8211;\u00a0\u00a0\u00a0\u00a0\u00a0 \u00bfQu\u00e9 duraci\u00f3n tendr\u00e1 este contrato?<\/em><\/span><\/p>\n<p><span style=\"color: #339966\"><em>&#8211;\u00a0\u00a0\u00a0\u00a0\u00a0 En un principio ser\u00e1 por dos temporadas, aunque prorrogable a tres<\/em><\/span><\/p>\n<p><span style=\"color: #339966\"><em>&#8211;\u00a0\u00a0\u00a0\u00a0\u00a0 \u00bfQu\u00e9 significa esto para ti?<\/em><\/span><\/p>\n<p><span style=\"color: #339966\"><em>&#8211;\u00a0\u00a0\u00a0\u00a0\u00a0 Una gran alegr\u00eda. Tambi\u00e9n estaba muy contento de que me hubiera llamado el Sevilla, ya que a\u00f1oraba estas tierras y lo mismo le ocurr\u00eda a mi esposa, pero soy profesional, el Betis es un gran club y procurar\u00e9 entregarme a sus colores<\/em><\/span><\/p>\n<p><span style=\"color: #339966\"><em>&#8211;\u00a0\u00a0\u00a0\u00a0\u00a0 \u00bfTe decepcion\u00f3 que no te llamara el Sevilla antes?<\/em><\/span><\/p>\n<p><span style=\"color: #339966\"><em>&#8211;\u00a0\u00a0\u00a0\u00a0\u00a0 Pues s\u00ed ya que creo que hab\u00eda cumplido durantes las temporadas que estuve en el club y tampoco era excesivo el dinero que ped\u00eda. Ahora me han dicho que los fichajes de los sudamericanos, mucho m\u00e1s caros que el m\u00edo, no le est\u00e1n dando el resultado apetecido <\/em><\/span><\/p>\n<p><span style=\"color: #339966\"><em>&#8211;\u00a0\u00a0\u00a0\u00a0\u00a0 Hablemos del Betis, \u00bfqu\u00e9 noticias tienes del que va a ser tu club?<\/em><\/span><\/p>\n<p><span style=\"color: #339966\"><em>&#8211;\u00a0\u00a0\u00a0\u00a0\u00a0 Me han dicho que est\u00e1 jugando muy bien, y creo que voy a encajar perfectamente en su f\u00fatbol<\/em><\/span><\/p>\n<p><span style=\"color: #339966\"><em>&#8211;\u00a0\u00a0\u00a0\u00a0\u00a0 \u00bfTendr\u00e1s sitio en esa delantera que est\u00e1 entre las m\u00e1s goleadores?<\/em><\/span><\/p>\n<p><span style=\"color: #339966\"><em>&#8211;\u00a0\u00a0\u00a0\u00a0\u00a0 Procurar\u00e9 tenerlo y por m\u00ed no va a quedar. Luchar\u00e9 por un puesto y por demostrar que fue un error del Sevilla el dejarme en libertad<\/em><\/span><\/p>\n<p><span style=\"color: #339966\"><em>&#8211;\u00a0\u00a0\u00a0\u00a0\u00a0 \u00bfQu\u00e9 has hecho desde que te marchaste?<\/em><\/span><\/p>\n<p><span style=\"color: #339966\"><em>&#8211;\u00a0\u00a0\u00a0\u00a0\u00a0 He estado entrenando y jugando con la selecci\u00f3n de Gambia. He tenido varias proposiciones para jugar en Francia, pero so\u00f1aba con volver a Espa\u00f1a y la llamada del Sevilla colm\u00f3 mis ilusiones. Luego, al cruzarse el Betis en mi camino, pens\u00e9 en que soy profesional y como me pagan m\u00e1s, no dud\u00e9 en firmar por los verdiblancos.<\/em><\/span><\/p>\n<p><span style=\"color: #339966\"><em>&#8211;\u00a0\u00a0\u00a0\u00a0\u00a0 \u00bfTemes represalias de los que fueron tus hinchas?<\/em><\/span><\/p>\n<p><span style=\"color: #339966\"><em>&#8211;\u00a0\u00a0\u00a0\u00a0\u00a0 No, por supuesto que no. El Sevilla es un gran club y su afici\u00f3n me ayud\u00f3 siempre. Desde Gambia he seguido su evoluci\u00f3n y s\u00e9 que est\u00e1 haciendo una gran campa\u00f1a. Blanco me suele escribir y me manda los peri\u00f3dicos de aqu\u00ed. Ahora bien, espero que comprendan mi actitud y el que haya firmado por el rival. Anteriormente sucedi\u00f3 lo contrario, ya que, como sabes, yo ven\u00eda para el Betis y recruz\u00f3 el Sevilla<\/em><\/span><\/p>\n<p><span style=\"color: #339966\"><em>\u00a0<\/em><\/span><\/p>\n<p><span style=\"color: #339966\"><em>\u00a0<\/em><\/span><\/p>\n<p><span style=\"color: #339966\"><em>Muchas cosas hablamos con el de Gambia durante nuestro traslado al Benito Villamar\u00edn. Biri accedi\u00f3 gustoso a hacerse una foto con la camiseta verdiblanca. Esta fue la noticia, que servimos en primicia a nuestros lectores.<\/em><\/span><\/p>\n<p><span style=\"color: #339966\"><em>\u00a0<\/em><\/span><\/p>\n<p><i>\u00a0<\/i><\/p>\n<p>Fuente: Vicente Bru en Nueva Andaluc\u00eda 28 de diciembre de 1976<\/p>\n<p>&nbsp;<\/p>\n<p>&nbsp;<\/p>\n","protected":false},"excerpt":{"rendered":"<p>&nbsp; Tal d\u00eda como hoy de hace 37 a\u00f1os el periodista sevillano Vicente Br\u00fa daba una primicia en el vespertino Nueva Andaluc\u00eda: el fichaje del ex jugador sevillista Biri-Biri por el Betis. El jugador hab\u00eda quedado libre al final de la temporada anterior, al no ponerse de acuerdo con la entidad sevillista en una posible&#8230;<\/p>\n","protected":false},"author":5,"featured_media":34068,"comment_status":"open","ping_status":"open","sticky":false,"template":"","format":"standard","meta":{"_kad_post_transparent":"","_kad_post_title":"","_kad_post_layout":"","_kad_post_sidebar_id":"","_kad_post_content_style":"","_kad_post_vertical_padding":"","_kad_post_feature":"","_kad_post_feature_position":"","_kad_post_header":false,"_kad_post_footer":false,"_kad_post_classname":"","_jetpack_memberships_contains_paid_content":false,"footnotes":"","jetpack_publicize_message":"","jetpack_publicize_feature_enabled":true,"jetpack_social_post_already_shared":true,"jetpack_social_options":{"image_generator_settings":{"template":"highway","default_image_id":0,"font":"","enabled":false},"version":2}},"categories":[903,1],"tags":[1556,2238,9824,16566],"class_list":["post-34067","post","type-post","status-publish","format-standard","has-post-thumbnail","hentry","category-1970-1979","category-portada","tag-1556","tag-1976-77","tag-biri-biri","tag-vicente-bru"],"jetpack_publicize_connections":[],"jetpack_featured_media_url":"https:\/\/i0.wp.com\/www.manquepierda.com\/historiarealbetis\/files\/2013\/12\/Biri-ficha-por-el-Betis-1976-NMP-Nueva-Andaluc%C3%ADa-28-12-1976.jpg?fit=383%2C595&ssl=1","jetpack_sharing_enabled":true,"jetpack_shortlink":"https:\/\/wp.me\/p1ij08-8Rt","jetpack-related-posts":[],"_links":{"self":[{"href":"https:\/\/www.manquepierda.com\/historiarealbetis\/wp-json\/wp\/v2\/posts\/34067","targetHints":{"allow":["GET"]}}],"collection":[{"href":"https:\/\/www.manquepierda.com\/historiarealbetis\/wp-json\/wp\/v2\/posts"}],"about":[{"href":"https:\/\/www.manquepierda.com\/historiarealbetis\/wp-json\/wp\/v2\/types\/post"}],"author":[{"embeddable":true,"href":"https:\/\/www.manquepierda.com\/historiarealbetis\/wp-json\/wp\/v2\/users\/5"}],"replies":[{"embeddable":true,"href":"https:\/\/www.manquepierda.com\/historiarealbetis\/wp-json\/wp\/v2\/comments?post=34067"}],"version-history":[{"count":1,"href":"https:\/\/www.manquepierda.com\/historiarealbetis\/wp-json\/wp\/v2\/posts\/34067\/revisions"}],"predecessor-version":[{"id":99886,"href":"https:\/\/www.manquepierda.com\/historiarealbetis\/wp-json\/wp\/v2\/posts\/34067\/revisions\/99886"}],"wp:featuredmedia":[{"embeddable":true,"href":"https:\/\/www.manquepierda.com\/historiarealbetis\/wp-json\/wp\/v2\/media\/34068"}],"wp:attachment":[{"href":"https:\/\/www.manquepierda.com\/historiarealbetis\/wp-json\/wp\/v2\/media?parent=34067"}],"wp:term":[{"taxonomy":"category","embeddable":true,"href":"https:\/\/www.manquepierda.com\/historiarealbetis\/wp-json\/wp\/v2\/categories?post=34067"},{"taxonomy":"post_tag","embeddable":true,"href":"https:\/\/www.manquepierda.com\/historiarealbetis\/wp-json\/wp\/v2\/tags?post=34067"}],"curies":[{"name":"wp","href":"https:\/\/api.w.org\/{rel}","templated":true}]}}