{"id":34084,"date":"2013-12-31T08:26:01","date_gmt":"2013-12-31T07:26:01","guid":{"rendered":"http:\/\/www.manquepierda.com\/historiarealbetis\/?p=34084"},"modified":"2019-05-07T20:03:52","modified_gmt":"2019-05-07T18:03:52","slug":"enrique-bescos","status":"publish","type":"post","link":"https:\/\/www.manquepierda.com\/historiarealbetis\/enrique-bescos\/","title":{"rendered":"Enrique Besc\u00f3s"},"content":{"rendered":"<p><a href=\"https:\/\/www.manquepierda.com\/historiarealbetis\/34084-enrique-bescos\/bescos\/\" rel=\"attachment wp-att-34085\"><img data-recalc-dims=\"1\" loading=\"lazy\" decoding=\"async\" class=\"aligncenter size-full wp-image-34085\" src=\"https:\/\/i0.wp.com\/www.manquepierda.com\/historiarealbetis\/files\/2013\/12\/Besc%C3%B3s.jpg?resize=145%2C202&#038;ssl=1\" alt=\"Besc\u00f3s\" width=\"145\" height=\"202\" \/><\/a><\/p>\n<p><strong>Enrique Besc\u00f3s Mambrona, <\/strong>nacido en Madrid el 26 de marzo de 1915 y fallecido el 22 de octubre de 2007 en Barcelona.<\/p>\n<p>Interior derecho.<\/p>\n<p>Lleg\u00f3 al Betis en la temporada 1940-41 procedente del Imperio de Madrid. Su primer partido fue un amistoso jugado en el Vel\u00f3dromo onubense contra el Recreativo (3-1) el 1 de enero de 1941. Cuatro d\u00edas despu\u00e9s debutaba en partido oficial en un Racing de C\u00f3rdoba 2 Betis 1 de la jornada 15 del Campeonato de Liga de Segunda Divisi\u00f3n.<\/p>\n<p>En el Betis estuvo un total de 4 temporadas, participando en el ascenso a Primera Divisi\u00f3n en la campa\u00f1a 1941-42. En 1944 fue traspasado al Real Murcia.<\/p>\n<p>Cuando finaliz\u00f3 su etapa futbol\u00edstica en 1951 inici\u00f3 su carrera de entrenador, que le llev\u00f3 a numerosos equipos de Segunda y Tercera Divisi\u00f3n hasta los a\u00f1os 70.<\/p>\n<p>En sus 4 temporadas con el Betis Besc\u00f3s jug\u00f3 73 partidos de Liga, consiguiendo 16 goles, 15 de Copa, marcando 2 goles, 1 de la Copa Presidente y 15 amistosos, obteniendo 1 gol.<\/p>\n<p>Historial<\/p>\n<table border=\"0\" width=\"252\" cellspacing=\"0\" cellpadding=\"0\">\n<tbody>\n<tr>\n<td width=\"80\" height=\"17\">1935-36<\/td>\n<td width=\"92\">Imperio Madrid<\/td>\n<td width=\"80\"><\/td>\n<\/tr>\n<tr>\n<td height=\"17\">1939-40<\/td>\n<td>Imperio Madrid<\/td>\n<td>Segunda<\/td>\n<\/tr>\n<tr>\n<td height=\"17\">1940-41<\/td>\n<td>Betis<\/td>\n<td>Segunda<\/td>\n<\/tr>\n<tr>\n<td height=\"17\">1941-42<\/td>\n<td>Betis<\/td>\n<td>Segunda<\/td>\n<\/tr>\n<tr>\n<td height=\"17\">1942-43<\/td>\n<td>Betis<\/td>\n<td>Primera<\/td>\n<\/tr>\n<tr>\n<td height=\"17\">1943-44<\/td>\n<td>Betis<\/td>\n<td>Segunda<\/td>\n<\/tr>\n<tr>\n<td height=\"17\">1944-45<\/td>\n<td>Murcia<\/td>\n<td>Primera<\/td>\n<\/tr>\n<tr>\n<td height=\"17\">1945-46<\/td>\n<td>Murcia<\/td>\n<td>Primera<\/td>\n<\/tr>\n<tr>\n<td height=\"17\">1946-47<\/td>\n<td>Murcia<\/td>\n<td>Primera<\/td>\n<\/tr>\n<tr>\n<td height=\"17\">1947-48<\/td>\n<td>Zaragoza<\/td>\n<td>Tercera<\/td>\n<\/tr>\n<tr>\n<td height=\"17\">1948-49<\/td>\n<td>Zaragoza<\/td>\n<td>Tercera<\/td>\n<\/tr>\n<tr>\n<td height=\"17\">1949-50<\/td>\n<td>Logro\u00f1\u00e9s<\/td>\n<td>Tercera<\/td>\n<\/tr>\n<tr>\n<td height=\"17\">1950-51<\/td>\n<td>Gerona<\/td>\n<td>Segunda<\/td>\n<\/tr>\n<\/tbody>\n<\/table>\n","protected":false},"excerpt":{"rendered":"<p>Enrique Besc\u00f3s Mambrona, nacido en Madrid el 26 de marzo de 1915 y fallecido el 22 de octubre de 2007 en Barcelona. Interior derecho. Lleg\u00f3 al Betis en la temporada 1940-41 procedente del Imperio de Madrid. Su primer partido fue un amistoso jugado en el Vel\u00f3dromo onubense contra el Recreativo (3-1) el 1 de enero&#8230;<\/p>\n","protected":false},"author":5,"featured_media":34085,"comment_status":"open","ping_status":"open","sticky":false,"template":"","format":"standard","meta":{"_kad_post_transparent":"","_kad_post_title":"","_kad_post_layout":"","_kad_post_sidebar_id":"","_kad_post_content_style":"","_kad_post_vertical_padding":"","_kad_post_feature":"","_kad_post_feature_position":"","_kad_post_header":false,"_kad_post_footer":false,"_kad_post_classname":"","_jetpack_memberships_contains_paid_content":false,"footnotes":"","jetpack_publicize_message":"","jetpack_publicize_feature_enabled":true,"jetpack_social_post_already_shared":true,"jetpack_social_options":{"image_generator_settings":{"template":"highway","default_image_id":0,"font":"","enabled":false},"version":2}},"categories":[893,1],"tags":[1934],"class_list":["post-34084","post","type-post","status-publish","format-standard","has-post-thumbnail","hentry","category-jugadores-temas","category-portada","tag-enrique-bescos"],"jetpack_publicize_connections":[],"jetpack_featured_media_url":"https:\/\/i0.wp.com\/www.manquepierda.com\/historiarealbetis\/files\/2013\/12\/Besc%C3%B3s.jpg?fit=145%2C202&ssl=1","jetpack_sharing_enabled":true,"jetpack_shortlink":"https:\/\/wp.me\/p1ij08-8RK","jetpack-related-posts":[],"_links":{"self":[{"href":"https:\/\/www.manquepierda.com\/historiarealbetis\/wp-json\/wp\/v2\/posts\/34084","targetHints":{"allow":["GET"]}}],"collection":[{"href":"https:\/\/www.manquepierda.com\/historiarealbetis\/wp-json\/wp\/v2\/posts"}],"about":[{"href":"https:\/\/www.manquepierda.com\/historiarealbetis\/wp-json\/wp\/v2\/types\/post"}],"author":[{"embeddable":true,"href":"https:\/\/www.manquepierda.com\/historiarealbetis\/wp-json\/wp\/v2\/users\/5"}],"replies":[{"embeddable":true,"href":"https:\/\/www.manquepierda.com\/historiarealbetis\/wp-json\/wp\/v2\/comments?post=34084"}],"version-history":[{"count":0,"href":"https:\/\/www.manquepierda.com\/historiarealbetis\/wp-json\/wp\/v2\/posts\/34084\/revisions"}],"wp:featuredmedia":[{"embeddable":true,"href":"https:\/\/www.manquepierda.com\/historiarealbetis\/wp-json\/wp\/v2\/media\/34085"}],"wp:attachment":[{"href":"https:\/\/www.manquepierda.com\/historiarealbetis\/wp-json\/wp\/v2\/media?parent=34084"}],"wp:term":[{"taxonomy":"category","embeddable":true,"href":"https:\/\/www.manquepierda.com\/historiarealbetis\/wp-json\/wp\/v2\/categories?post=34084"},{"taxonomy":"post_tag","embeddable":true,"href":"https:\/\/www.manquepierda.com\/historiarealbetis\/wp-json\/wp\/v2\/tags?post=34084"}],"curies":[{"name":"wp","href":"https:\/\/api.w.org\/{rel}","templated":true}]}}