{"id":34123,"date":"2014-01-06T08:25:06","date_gmt":"2014-01-06T07:25:06","guid":{"rendered":"http:\/\/www.manquepierda.com\/historiarealbetis\/?p=34123"},"modified":"2015-03-07T00:34:02","modified_gmt":"2015-03-06T23:34:02","slug":"entrevista-rogelio-1970","status":"publish","type":"post","link":"https:\/\/www.manquepierda.com\/historiarealbetis\/entrevista-rogelio-1970\/","title":{"rendered":"Entrevista Rogelio 1970"},"content":{"rendered":"<p>&nbsp;<\/p>\n<p>&nbsp;<\/p>\n<p>&nbsp;<\/p>\n<p><span style=\"line-height: 1.5em\"><a href=\"https:\/\/www.manquepierda.com\/historiarealbetis\/34123-entrevista-rogelio-1970\/1970-12-13-entrevista-rogelio-nmp-imagen\/\" rel=\"attachment wp-att-41471\"><img data-recalc-dims=\"1\" loading=\"lazy\" decoding=\"async\" class=\"alignleft wp-image-41471\" src=\"https:\/\/i0.wp.com\/www.manquepierda.com\/historiarealbetis\/files\/2014\/01\/1970-12-13-Entrevista-Rogelio-NMP-imagen.jpg?resize=290%2C234&#038;ssl=1\" alt=\"1970-12-13 Entrevista Rogelio (NMP) imagen\" width=\"290\" height=\"234\" srcset=\"https:\/\/i0.wp.com\/www.manquepierda.com\/historiarealbetis\/files\/2014\/01\/1970-12-13-Entrevista-Rogelio-NMP-imagen.jpg?resize=680%2C548&amp;ssl=1 680w, https:\/\/i0.wp.com\/www.manquepierda.com\/historiarealbetis\/files\/2014\/01\/1970-12-13-Entrevista-Rogelio-NMP-imagen.jpg?resize=220%2C177&amp;ssl=1 220w, https:\/\/i0.wp.com\/www.manquepierda.com\/historiarealbetis\/files\/2014\/01\/1970-12-13-Entrevista-Rogelio-NMP-imagen.jpg?resize=868%2C700&amp;ssl=1 868w, https:\/\/i0.wp.com\/www.manquepierda.com\/historiarealbetis\/files\/2014\/01\/1970-12-13-Entrevista-Rogelio-NMP-imagen.jpg?w=899&amp;ssl=1 899w\" sizes=\"auto, (max-width: 290px) 100vw, 290px\" \/><\/a>En diciembre de 1970 la plantilla del Betis visita la redacci\u00f3n del diario deportivo Marca con motivo de su estancia en Madrid para enfrentarse al Rayo Vallecano, en \u00a0partido \u00a0de la jornada 15 del Campeonato de Liga de Segunda Divisi\u00f3n. Con motivo de la entrevista Rogelio Sosa concedi\u00f3 esta entrevista, en la que curiosamente desvela sus gustos cineg\u00e9ticos.<\/span><\/p>\n<p>&nbsp;<\/p>\n<p>&nbsp;<\/p>\n<p>&nbsp;<\/p>\n<p>&nbsp;<\/p>\n<p>&nbsp;<\/p>\n<p>&nbsp;<\/p>\n<p><em style=\"color: #339966;line-height: 1.5em\">Todos los jugadores que componen el equipo del Betis han estado en nuestra casa. Rogelio Sosa es la figura del equipo, sin lugar a dudas. Rogelio es un jugador que ha dado mucho que hablar. Varias veces se ha dicho que pretend\u00edan su fichaje el Real Madrid y tambi\u00e9n el Atl\u00e9tico de Madrid. Hoy domingo, el Betis se enfrentar\u00e1 al Rayo Vallecano, y es posible que Rogelio no juegue, ya que se resiente de una peque\u00f1a lesi\u00f3n.<\/em><\/p>\n<p><span style=\"color: #339966\"><em>\u00a0<\/em><\/span><\/p>\n<p><span style=\"color: #339966\"><em>&#8211;\u00a0\u00a0\u00a0\u00a0\u00a0 Tengo una peque\u00f1a lesi\u00f3n de rodilla, me confirma el mismo Rogelio, pero espero que esto pase. De todas formas, para prevenir mejor mi salud quiero que el doctor Garaiz\u00e1bal me vea, aprovechando as\u00ed mi viaje a Madrid.<\/em><\/span><\/p>\n<p><span style=\"color: #339966\"><em>&#8211;\u00a0\u00a0\u00a0\u00a0\u00a0 \u00bfJugar\u00e1 o no jugar\u00e1 en el partido de hoy?<\/em><\/span><\/p>\n<p><span style=\"color: #339966\"><em>&#8211;\u00a0\u00a0\u00a0\u00a0\u00a0 Yo he venido con el equipo a jugar, pero hasta \u00faltima hora el entrenador no se pronunciar\u00e1. Espero que podr\u00e9 jugar<\/em><\/span><\/p>\n<p><span style=\"color: #339966\"><em>\u00a0<\/em><\/span><span style=\"color: #339966\"><em>Rogelio es el centrocampista m\u00e1s famoso del Betis. Lleva nueve temporadas jugando en el primer equipo del Betis, aunque tambi\u00e9n ha jugado en los juveniles.<\/em><\/span><\/p>\n<p><span style=\"color: #339966\"><em>\u00a0<\/em><\/span><span style=\"color: #339966\"><em>&#8211;\u00a0\u00a0\u00a0\u00a0\u00a0 A prop\u00f3sito, \u00bfPor qu\u00e9 el Betis no sube a Primera?<\/em><\/span><\/p>\n<p><span style=\"color: #339966\"><em>&#8211;\u00a0\u00a0\u00a0\u00a0\u00a0 La \u00e9poca del Betis de las grandes figuras ya pas\u00f3: los tiempos de R\u00edos, Grau, Bosch, Pep\u00edn, etc , pero ahora el Betis est\u00e1 muy bien y es posible que con un poco de suerte subamos a Primera<\/em><\/span><\/p>\n<p><span style=\"color: #339966\"><em>&#8211;\u00a0\u00a0\u00a0\u00a0\u00a0 \u00bfQu\u00e9 pasar\u00e1 con el Rayo?<\/em><\/span><\/p>\n<p><span style=\"color: #339966\"><em>&#8211;\u00a0\u00a0\u00a0\u00a0\u00a0 Ganaremos nosotros. Venimos con mucha fuerza y con muchos deseos de marcar goles<\/em><\/span><\/p>\n<p><span style=\"color: #339966\"><em>&#8211;\u00a0\u00a0\u00a0\u00a0\u00a0 \u00bfCu\u00e1ntos goles marca usted por temporada?<\/em><\/span><\/p>\n<p><span style=\"color: #339966\"><em>&#8211;\u00a0\u00a0\u00a0\u00a0\u00a0 Unos diez goles, que multiplicados por nueve temporadas que llevo en el Betis suman noventa goles. Mi misi\u00f3n es jugar en el centro del campo, si no, seguro que tendr\u00eda muchos m\u00e1s goles en mi haber.<\/em><\/span><\/p>\n<p><span style=\"color: #339966\"><em>&#8211;\u00a0\u00a0\u00a0\u00a0\u00a0 \u00bfQu\u00e9 otro deporte le gusta?<\/em><\/span><\/p>\n<p><span style=\"color: #339966\"><em>&#8211;\u00a0\u00a0\u00a0\u00a0\u00a0 La caza me entusiasma. Me gusta cazar perdices y codornices<\/em><\/span><\/p>\n<p><span style=\"color: #339966\"><em>&#8211;\u00a0\u00a0\u00a0\u00a0\u00a0 \u00bfLas piezas cazadas pasan de noventa?<\/em><\/span><\/p>\n<p><span style=\"color: #339966\"><em>&#8211;\u00a0\u00a0\u00a0\u00a0\u00a0 No las he contado, pero seguro que el n\u00famero de perdices sobrepasa el n\u00famero de goles<\/em><\/span><\/p>\n<p><span style=\"color: #339966\"><em>\u00a0<\/em><\/span><\/p>\n<p><span style=\"color: #339966\"><em>Rogelio est\u00e1 casado. Su mujer se llama Elo\u00edsa y su hija, de seis meses de edad, se llama Roc\u00edo.<\/em><\/span><\/p>\n<p><span style=\"color: #339966\"><em>\u00a0<\/em><\/span><span style=\"color: #339966\"><em>&#8211;\u00a0\u00a0\u00a0\u00a0\u00a0 \u00bfPor qu\u00e9?<\/em><\/span><\/p>\n<p><span style=\"color: #339966\"><em>&#8211;\u00a0\u00a0\u00a0\u00a0\u00a0 Mi hija naci\u00f3 en tiempo de la romer\u00eda del Roc\u00edo. No hab\u00eda m\u00e1s remedio que ponerle este nombre<\/em><\/span><\/p>\n<p><span style=\"color: #339966\"><em>&#8211;\u00a0\u00a0\u00a0\u00a0\u00a0 \u00bfVienen a verle a jugar?<\/em><\/span><\/p>\n<p><span style=\"color: #339966\"><em>&#8211;\u00a0\u00a0\u00a0\u00a0\u00a0 Nunca va mi mujer a verme jugar. A veces en Sevilla se traslada al campo, pero no le gustaducho el f\u00fatbol<\/em><\/span><\/p>\n<p><span style=\"color: #339966\"><em>\u00a0<\/em><\/span><span style=\"color: #339966\"><em>&#8211;\u00a0\u00a0\u00a0\u00a0\u00a0 He sido internacional varias veces, me explica Rogelio. Dos veces con la selecci\u00f3n sub-23 y dos veces con la selecci\u00f3n B.<\/em><\/span><\/p>\n<p><span style=\"color: #339966\"><em>\u00a0<\/em><\/span><span style=\"color: #339966\"><em>&#8211;\u00a0\u00a0\u00a0\u00a0\u00a0 \u00bfQu\u00e9 le gusta m\u00e1s, el f\u00fatbol latino o el americano?<\/em><\/span><\/p>\n<p><span style=\"color: #339966\"><em>\u00a0<\/em><\/span><span style=\"color: #339966\"><em>&#8211;\u00a0\u00a0\u00a0\u00a0\u00a0 Me gusta el f\u00fatbol de pincelada. Es decir, el f\u00fatbol fuerza y el f\u00fatbol de clase, porque el f\u00fatbol tiene que tener las dos cosas: fuerza y t\u00e9cnica<\/em><\/span><\/p>\n<p><span style=\"color: #339966\"><em>\u00a0<\/em><\/span><span style=\"color: #339966\"><em>&#8211;\u00a0\u00a0\u00a0\u00a0\u00a0 Su forma de juego es muy vistosa \u00bfno es as\u00ed?<\/em><\/span><\/p>\n<p><span style=\"color: #339966\"><em>\u00a0<\/em><\/span><span style=\"color: #339966\"><em>&#8211;\u00a0\u00a0\u00a0\u00a0\u00a0 S\u00ed, mi juego es espectacular. Creo que mi fama en el equipo se debe a la vistosidad de mi juego.<\/em><\/span><\/p>\n<p><span style=\"color: #339966\"><em>\u00a0<\/em><\/span><span style=\"color: #339966\"><em>Rogelio cuenta su historial futbol\u00edstico con orgullo. Recuerda emocionado el partido contra el Benfica, cuando gan\u00f3 el Betis el Trofeo Carranza. Y tambi\u00e9n recuerda con tristeza el partido contra el Sevilla, ya que en este encuentro le expulsaron del campo y precisamente en su propia tierra.<\/em><\/span><\/p>\n<p><span style=\"color: #339966\"><em>\u00a0<\/em><\/span><em style=\"color: #339966;line-height: 1.5em\">&#8211;\u00a0\u00a0\u00a0\u00a0\u00a0 Las decisiones de los \u00e1rbitros, dice Rogelio, debemos aceptarlas con deportividad. No nos queda m\u00e1s remedio que estar preparados para esas malas tardes.<\/em><\/p>\n<p><span style=\"color: #339966\"><em>&#8211;\u00a0\u00a0\u00a0\u00a0\u00a0 \u00bfEst\u00e1 el futbolista en general bien preparado?<\/em><\/span><\/p>\n<p><span style=\"color: #339966\"><em>&#8211;\u00a0\u00a0\u00a0\u00a0\u00a0 Creo que hay de todo, pero en general el futbolista es un hombre preparado. Yo he tenido dos expulsiones, y no me acompleja el reconocer mis errores<\/em><\/span><\/p>\n<p><span style=\"color: #339966\"><em>&#8211;\u00a0\u00a0\u00a0\u00a0\u00a0 Cuando no juega, \u00bfqu\u00e9 le divierte?<\/em><\/span><\/p>\n<p><span style=\"color: #339966\"><em>&#8211;\u00a0\u00a0\u00a0\u00a0\u00a0 Estar en casa con mi mujer. Me entusiasma la casa, ver la televisi\u00f3n y leer. Soy un hombre de gustos sencillos.<\/em><\/span><\/p>\n<p><span style=\"color: #339966\"><em>\u00a0<\/em><\/span><span style=\"color: #339966\"><em>Rogelio, un hombre sencillo, simp\u00e1tico, figura en el Betis y con muchas posibilidades de fichar por un equipo de Primera\u2026<\/em><\/span><\/p>\n<p><span style=\"color: #339966\"><em>\u00a0<\/em><\/span><span style=\"color: #339966\"><em>&#8211; Estoy bien en el Betis, pero tanto se habla de mis futuros fichajes que si alguna vez me fichan en serio no me lo voy a creer<\/em><\/span><\/p>\n<p><span style=\"color: #339966\"><em>\u00a0<\/em><\/span><span style=\"color: #339966\"><em>\u00a0<\/em><\/span><\/p>\n","protected":false},"excerpt":{"rendered":"<p>&nbsp; &nbsp; &nbsp; En diciembre de 1970 la plantilla del Betis visita la redacci\u00f3n del diario deportivo Marca con motivo de su estancia en Madrid para enfrentarse al Rayo Vallecano, en \u00a0partido \u00a0de la jornada 15 del Campeonato de Liga de Segunda Divisi\u00f3n. Con motivo de la entrevista Rogelio Sosa concedi\u00f3 esta entrevista, en la&#8230;<\/p>\n","protected":false},"author":5,"featured_media":41471,"comment_status":"open","ping_status":"open","sticky":false,"template":"","format":"standard","meta":{"_kad_post_transparent":"","_kad_post_title":"","_kad_post_layout":"","_kad_post_sidebar_id":"","_kad_post_content_style":"","_kad_post_vertical_padding":"","_kad_post_feature":"","_kad_post_feature_position":"","_kad_post_header":false,"_kad_post_footer":false,"_kad_post_classname":"","_jetpack_memberships_contains_paid_content":false,"footnotes":"","jetpack_publicize_message":"","jetpack_publicize_feature_enabled":true,"jetpack_social_post_already_shared":true,"jetpack_social_options":{"image_generator_settings":{"template":"highway","default_image_id":0,"font":"","enabled":false},"version":2}},"categories":[903,893,1],"tags":[4639,2225,1396],"class_list":["post-34123","post","type-post","status-publish","format-standard","has-post-thumbnail","hentry","category-1970-1979","category-jugadores-temas","category-portada","tag-4639","tag-1970-71","tag-rogelio-sosa"],"jetpack_publicize_connections":[],"jetpack_featured_media_url":"https:\/\/i0.wp.com\/www.manquepierda.com\/historiarealbetis\/files\/2014\/01\/1970-12-13-Entrevista-Rogelio-NMP-imagen.jpg?fit=899%2C725&ssl=1","jetpack_sharing_enabled":true,"jetpack_shortlink":"https:\/\/wp.me\/p1ij08-8Sn","jetpack-related-posts":[],"_links":{"self":[{"href":"https:\/\/www.manquepierda.com\/historiarealbetis\/wp-json\/wp\/v2\/posts\/34123","targetHints":{"allow":["GET"]}}],"collection":[{"href":"https:\/\/www.manquepierda.com\/historiarealbetis\/wp-json\/wp\/v2\/posts"}],"about":[{"href":"https:\/\/www.manquepierda.com\/historiarealbetis\/wp-json\/wp\/v2\/types\/post"}],"author":[{"embeddable":true,"href":"https:\/\/www.manquepierda.com\/historiarealbetis\/wp-json\/wp\/v2\/users\/5"}],"replies":[{"embeddable":true,"href":"https:\/\/www.manquepierda.com\/historiarealbetis\/wp-json\/wp\/v2\/comments?post=34123"}],"version-history":[{"count":0,"href":"https:\/\/www.manquepierda.com\/historiarealbetis\/wp-json\/wp\/v2\/posts\/34123\/revisions"}],"wp:featuredmedia":[{"embeddable":true,"href":"https:\/\/www.manquepierda.com\/historiarealbetis\/wp-json\/wp\/v2\/media\/41471"}],"wp:attachment":[{"href":"https:\/\/www.manquepierda.com\/historiarealbetis\/wp-json\/wp\/v2\/media?parent=34123"}],"wp:term":[{"taxonomy":"category","embeddable":true,"href":"https:\/\/www.manquepierda.com\/historiarealbetis\/wp-json\/wp\/v2\/categories?post=34123"},{"taxonomy":"post_tag","embeddable":true,"href":"https:\/\/www.manquepierda.com\/historiarealbetis\/wp-json\/wp\/v2\/tags?post=34123"}],"curies":[{"name":"wp","href":"https:\/\/api.w.org\/{rel}","templated":true}]}}