{"id":34224,"date":"2014-01-09T07:22:00","date_gmt":"2014-01-09T06:22:00","guid":{"rendered":"http:\/\/www.manquepierda.com\/historiarealbetis\/?p=34224"},"modified":"2024-08-31T00:13:05","modified_gmt":"2024-08-30T22:13:05","slug":"alineacion-betis-elche-liga-1967","status":"publish","type":"post","link":"https:\/\/www.manquepierda.com\/historiarealbetis\/alineacion-betis-elche-liga-1967\/","title":{"rendered":"Alineaci\u00f3n Betis-Elche Liga 1967"},"content":{"rendered":"<p><a href=\"https:\/\/www.manquepierda.com\/historiarealbetis\/34224-alineacion-betis-elche-liga-1967\/alineacion-betis-elche-liga-1967\/\" rel=\"attachment wp-att-34225\"><img data-recalc-dims=\"1\" loading=\"lazy\" decoding=\"async\" class=\"aligncenter size-medium wp-image-34225\" src=\"https:\/\/i0.wp.com\/www.manquepierda.com\/historiarealbetis\/files\/2014\/01\/Alineaci%C3%B3n-Betis-Elche-Liga-1967.jpeg?resize=680%2C433&#038;ssl=1\" alt=\"Alineaci\u00f3n Betis-Elche Liga 1967\" width=\"680\" height=\"433\" srcset=\"https:\/\/i0.wp.com\/www.manquepierda.com\/historiarealbetis\/files\/2014\/01\/Alineaci%C3%B3n-Betis-Elche-Liga-1967.jpeg?resize=680%2C433&amp;ssl=1 680w, https:\/\/i0.wp.com\/www.manquepierda.com\/historiarealbetis\/files\/2014\/01\/Alineaci%C3%B3n-Betis-Elche-Liga-1967.jpeg?resize=220%2C140&amp;ssl=1 220w, https:\/\/i0.wp.com\/www.manquepierda.com\/historiarealbetis\/files\/2014\/01\/Alineaci%C3%B3n-Betis-Elche-Liga-1967.jpeg?w=710&amp;ssl=1 710w\" sizes=\"auto, (max-width: 680px) 100vw, 680px\" \/><\/a><\/p>\n<p>15 de octubre de 1967 en el Villamar\u00edn \u00a0 Betis 1 Elche 0; jornada 5 del Campeonato de Liga de Primer Divisi\u00f3n.<\/p>\n<p>En la imagen arriba: Villanova, Aparicio, Telech\u00eda, Ant\u00f3n, Frasco y Pach\u00f3n; abajo: Cristo, Quino, Gonz\u00e1lez, Demetrio y Rogelio.<\/p>\n<p>Con un gol de Gonz\u00e1lez en el minuto 19 el Betis se impuso al Elche.<\/p>\n<p>C\u00e9sar Rodr\u00edguez entrenaba al Betis y Alfredo Di St\u00e9fano al Elche.<\/p>\n","protected":false},"excerpt":{"rendered":"<p>15 de octubre de 1967 en el Villamar\u00edn \u00a0 Betis 1 Elche 0; jornada 5 del Campeonato de Liga de Primer Divisi\u00f3n. En la imagen arriba: Villanova, Aparicio, Telech\u00eda, Ant\u00f3n, Frasco y Pach\u00f3n; abajo: Cristo, Quino, Gonz\u00e1lez, Demetrio y Rogelio. Con un gol de Gonz\u00e1lez en el minuto 19 el Betis se impuso al Elche&#8230;.<\/p>\n","protected":false},"author":5,"featured_media":34225,"comment_status":"open","ping_status":"open","sticky":false,"template":"","format":"standard","meta":{"_kad_post_transparent":"","_kad_post_title":"","_kad_post_layout":"","_kad_post_sidebar_id":"","_kad_post_content_style":"","_kad_post_vertical_padding":"","_kad_post_feature":"","_kad_post_feature_position":"","_kad_post_header":false,"_kad_post_footer":false,"_kad_post_classname":"","_jetpack_memberships_contains_paid_content":false,"footnotes":"","jetpack_publicize_message":"","jetpack_publicize_feature_enabled":true,"jetpack_social_post_already_shared":true,"jetpack_social_options":{"image_generator_settings":{"template":"highway","default_image_id":0,"font":"","enabled":false},"version":2}},"categories":[902,1],"tags":[1247,2085,1617,2311,1378,1616,1010,2086,1621,1381,5082,17793,1050,1040,1396],"class_list":["post-34224","post","type-post","status-publish","format-standard","has-post-thumbnail","hentry","category-1960-1969","category-portada","tag-1247","tag-1967-68","tag-antonio-martinez-anton","tag-demetrio-oliver","tag-elche-cf","tag-francisco-aparicio","tag-francisco-ortiz-frasco","tag-francisco-telechia","tag-joaquin-sierra-quino","tag-jose-cristo","tag-jose-manuel-pachon","tag-liga-primera-1967-68","tag-manuel-villanova","tag-pepe-gonzalez","tag-rogelio-sosa"],"jetpack_publicize_connections":[],"jetpack_featured_media_url":"https:\/\/i0.wp.com\/www.manquepierda.com\/historiarealbetis\/files\/2014\/01\/Alineaci%C3%B3n-Betis-Elche-Liga-1967.jpeg?fit=710%2C453&ssl=1","jetpack_sharing_enabled":true,"jetpack_shortlink":"https:\/\/wp.me\/p1ij08-8U0","jetpack-related-posts":[],"_links":{"self":[{"href":"https:\/\/www.manquepierda.com\/historiarealbetis\/wp-json\/wp\/v2\/posts\/34224","targetHints":{"allow":["GET"]}}],"collection":[{"href":"https:\/\/www.manquepierda.com\/historiarealbetis\/wp-json\/wp\/v2\/posts"}],"about":[{"href":"https:\/\/www.manquepierda.com\/historiarealbetis\/wp-json\/wp\/v2\/types\/post"}],"author":[{"embeddable":true,"href":"https:\/\/www.manquepierda.com\/historiarealbetis\/wp-json\/wp\/v2\/users\/5"}],"replies":[{"embeddable":true,"href":"https:\/\/www.manquepierda.com\/historiarealbetis\/wp-json\/wp\/v2\/comments?post=34224"}],"version-history":[{"count":1,"href":"https:\/\/www.manquepierda.com\/historiarealbetis\/wp-json\/wp\/v2\/posts\/34224\/revisions"}],"predecessor-version":[{"id":97427,"href":"https:\/\/www.manquepierda.com\/historiarealbetis\/wp-json\/wp\/v2\/posts\/34224\/revisions\/97427"}],"wp:featuredmedia":[{"embeddable":true,"href":"https:\/\/www.manquepierda.com\/historiarealbetis\/wp-json\/wp\/v2\/media\/34225"}],"wp:attachment":[{"href":"https:\/\/www.manquepierda.com\/historiarealbetis\/wp-json\/wp\/v2\/media?parent=34224"}],"wp:term":[{"taxonomy":"category","embeddable":true,"href":"https:\/\/www.manquepierda.com\/historiarealbetis\/wp-json\/wp\/v2\/categories?post=34224"},{"taxonomy":"post_tag","embeddable":true,"href":"https:\/\/www.manquepierda.com\/historiarealbetis\/wp-json\/wp\/v2\/tags?post=34224"}],"curies":[{"name":"wp","href":"https:\/\/api.w.org\/{rel}","templated":true}]}}