{"id":3423,"date":"2010-11-08T16:16:09","date_gmt":"2010-11-08T16:16:09","guid":{"rendered":"http:\/\/www.manquepierda.com\/?p=3423"},"modified":"2024-08-14T13:00:09","modified_gmt":"2024-08-14T11:00:09","slug":"real-madrid-betis-liga-1973-2","status":"publish","type":"post","link":"https:\/\/www.manquepierda.com\/historiarealbetis\/real-madrid-betis-liga-1973-2\/","title":{"rendered":"Real Madrid-Betis Liga 1973"},"content":{"rendered":"<figure id=\"attachment_3425\" aria-describedby=\"caption-attachment-3425\" style=\"width: 163px\" class=\"wp-caption alignleft\"><a href=\"https:\/\/i0.wp.com\/www.manquepierda.com\/historiarealbetis\/files\/2010\/11\/1973-4-10-Madrid-Betis-6-MP.jpg?ssl=1\"><img data-recalc-dims=\"1\" loading=\"lazy\" decoding=\"async\" class=\"size-medium wp-image-3425\" src=\"https:\/\/i0.wp.com\/www.manquepierda.com\/wordpress\/wp-content\/uploads\/2010\/11\/1973-4-10-Madrid-Betis-6-MP-163x300.jpg?resize=163%2C300\" alt=\"\" width=\"163\" height=\"300\" srcset=\"https:\/\/i0.wp.com\/www.manquepierda.com\/historiarealbetis\/files\/2010\/11\/1973-4-10-Madrid-Betis-6-MP.jpg?resize=163%2C300&amp;ssl=1 163w, https:\/\/i0.wp.com\/www.manquepierda.com\/historiarealbetis\/files\/2010\/11\/1973-4-10-Madrid-Betis-6-MP.jpg?w=494&amp;ssl=1 494w\" sizes=\"auto, (max-width: 163px) 100vw, 163px\" \/><\/a><figcaption id=\"caption-attachment-3425\" class=\"wp-caption-text\">Fuente: As Color 10 de Abril de 1973<\/figcaption><\/figure>\n<p>7 de Abril de 1973 en el Bernab\u00e9u\u00a0 Jornada 28 del Campeonato de Liga de Primera Divisi\u00f3n\u00a0\u00a0 Real Madrid\u00a0 1\u00a0\u00a0\u00a0 Betis 1<\/p>\n<p>Un Betis que peleaba por escapar de la zona de descenso, di\u00f3 la sorpresa al empatar a 1 en casa del Real Madrid. En la imagen Javier L\u00f3pez y Jos\u00e9 Manuel Pesudo se abrazan al finalizar el partido.<\/p>\n<p>El Betis aline\u00f3 ese d\u00eda a Pesudo, Bizcocho, Aramburu, Cobo, Frigols, Jenaro, Gonz\u00e1lez, Mellado, L\u00f3pez, Rosell\u00f3 y Rogelio.\u00a0 El Real Madrid a Garc\u00eda Rem\u00f3n, Touri\u00f1o, Benito (Jos\u00e9 Luis), Verdugo, Andr\u00e9s, Grande, Amancio, Pirri (Gonz\u00e1lez), Santillana, Vel\u00e1zquez y Aguilar. Los goles fueron marcados por Amancio de penalty y Javier L\u00f3pez.<\/p>\n<figure style=\"width: 320px\" class=\"wp-caption alignnone\"><a href=\"https:\/\/i0.wp.com\/img585.imageshack.us\/img585\/2914\/1973410madridbetis2mp.jpg\"><img data-recalc-dims=\"1\" loading=\"lazy\" decoding=\"async\" src=\"https:\/\/i0.wp.com\/img585.imageshack.us\/img585\/2914\/1973410madridbetis2mp.jpg?resize=320%2C188\" alt=\"\" width=\"320\" height=\"188\" \/><\/a><figcaption class=\"wp-caption-text\">Fuente: As Color 10 de Abril de 1973<\/figcaption><\/figure>\n<p>Amancio consigue de penalty el gol madridista<\/p>\n<figure style=\"width: 320px\" class=\"wp-caption alignnone\"><a href=\"https:\/\/i0.wp.com\/img600.imageshack.us\/img600\/3165\/1973410madridbetis3mp.jpg\"><img data-recalc-dims=\"1\" loading=\"lazy\" decoding=\"async\" src=\"https:\/\/i0.wp.com\/img600.imageshack.us\/img600\/3165\/1973410madridbetis3mp.jpg?resize=320%2C162\" alt=\"\" width=\"320\" height=\"162\" \/><\/a><figcaption class=\"wp-caption-text\">Fuente: As Color 10 de Abril de 1973<\/figcaption><\/figure>\n<p>Momentos de peligro ante la porter\u00eda b\u00e9tica<\/p>\n<figure style=\"width: 320px\" class=\"wp-caption alignnone\"><a href=\"https:\/\/i0.wp.com\/img87.imageshack.us\/img87\/2281\/1973410madridbetis1.jpg\"><img data-recalc-dims=\"1\" loading=\"lazy\" decoding=\"async\" src=\"https:\/\/i0.wp.com\/img87.imageshack.us\/img87\/2281\/1973410madridbetis1.jpg?resize=320%2C201\" alt=\"\" width=\"320\" height=\"201\" \/><\/a><figcaption class=\"wp-caption-text\">Fuente: As Color 10 de Abril de 1973<\/figcaption><\/figure>\n<p>Santillana remata ante la porter\u00eda b\u00e9tica defendida por Pesudo<\/p>\n","protected":false},"excerpt":{"rendered":"<p>7 de Abril de 1973 en el Bernab\u00e9u\u00a0 Jornada 28 del Campeonato de Liga de Primera Divisi\u00f3n\u00a0\u00a0 Real Madrid\u00a0 1\u00a0\u00a0\u00a0 Betis 1 Un Betis que peleaba por escapar de la zona de descenso, di\u00f3 la sorpresa al empatar a 1 en casa del Real Madrid. En la imagen Javier L\u00f3pez y Jos\u00e9 Manuel Pesudo se&#8230;<\/p>\n","protected":false},"author":5,"featured_media":3425,"comment_status":"open","ping_status":"open","sticky":false,"template":"","format":"standard","meta":{"_kad_post_transparent":"","_kad_post_title":"","_kad_post_layout":"","_kad_post_sidebar_id":"","_kad_post_content_style":"","_kad_post_vertical_padding":"","_kad_post_feature":"","_kad_post_feature_position":"","_kad_post_header":false,"_kad_post_footer":false,"_kad_post_classname":"","_jetpack_memberships_contains_paid_content":false,"footnotes":"","jetpack_publicize_message":"","jetpack_publicize_feature_enabled":true,"jetpack_social_post_already_shared":false,"jetpack_social_options":{"image_generator_settings":{"template":"highway","default_image_id":0,"font":"","enabled":false},"version":2}},"categories":[903,1],"tags":[2309,56,1178,1313,17899,13362],"class_list":["post-3423","post","type-post","status-publish","format-standard","has-post-thumbnail","hentry","category-1970-1979","category-portada","tag-1972-73","tag-56","tag-javier-lopez","tag-jose-manuel-pesudo","tag-liga-primera-1972-73","tag-real-madrid-cf"],"jetpack_publicize_connections":[],"jetpack_featured_media_url":"https:\/\/i0.wp.com\/www.manquepierda.com\/historiarealbetis\/files\/2010\/11\/1973-4-10-Madrid-Betis-6-MP.jpg?fit=494%2C908&ssl=1","jetpack_sharing_enabled":true,"jetpack_shortlink":"https:\/\/wp.me\/p1ij08-Td","jetpack-related-posts":[],"_links":{"self":[{"href":"https:\/\/www.manquepierda.com\/historiarealbetis\/wp-json\/wp\/v2\/posts\/3423","targetHints":{"allow":["GET"]}}],"collection":[{"href":"https:\/\/www.manquepierda.com\/historiarealbetis\/wp-json\/wp\/v2\/posts"}],"about":[{"href":"https:\/\/www.manquepierda.com\/historiarealbetis\/wp-json\/wp\/v2\/types\/post"}],"author":[{"embeddable":true,"href":"https:\/\/www.manquepierda.com\/historiarealbetis\/wp-json\/wp\/v2\/users\/5"}],"replies":[{"embeddable":true,"href":"https:\/\/www.manquepierda.com\/historiarealbetis\/wp-json\/wp\/v2\/comments?post=3423"}],"version-history":[{"count":1,"href":"https:\/\/www.manquepierda.com\/historiarealbetis\/wp-json\/wp\/v2\/posts\/3423\/revisions"}],"predecessor-version":[{"id":96710,"href":"https:\/\/www.manquepierda.com\/historiarealbetis\/wp-json\/wp\/v2\/posts\/3423\/revisions\/96710"}],"wp:featuredmedia":[{"embeddable":true,"href":"https:\/\/www.manquepierda.com\/historiarealbetis\/wp-json\/wp\/v2\/media\/3425"}],"wp:attachment":[{"href":"https:\/\/www.manquepierda.com\/historiarealbetis\/wp-json\/wp\/v2\/media?parent=3423"}],"wp:term":[{"taxonomy":"category","embeddable":true,"href":"https:\/\/www.manquepierda.com\/historiarealbetis\/wp-json\/wp\/v2\/categories?post=3423"},{"taxonomy":"post_tag","embeddable":true,"href":"https:\/\/www.manquepierda.com\/historiarealbetis\/wp-json\/wp\/v2\/tags?post=3423"}],"curies":[{"name":"wp","href":"https:\/\/api.w.org\/{rel}","templated":true}]}}