{"id":34264,"date":"2014-01-13T07:13:33","date_gmt":"2014-01-13T06:13:33","guid":{"rendered":"http:\/\/www.manquepierda.com\/historiarealbetis\/?p=34264"},"modified":"2017-06-06T19:50:33","modified_gmt":"2017-06-06T17:50:33","slug":"entrevista-ernesto-pons-1963","status":"publish","type":"post","link":"https:\/\/www.manquepierda.com\/historiarealbetis\/entrevista-ernesto-pons-1963\/","title":{"rendered":"Entrevista Ernesto Pons 1963"},"content":{"rendered":"<p>&nbsp;<\/p>\n<p><a href=\"https:\/\/www.manquepierda.com\/historiarealbetis\/34264-entrevista-ernesto-pons-1963\/entrevista-ernesto-pons-1963-nmp-marca-13-01-1963\/\" rel=\"attachment wp-att-34265\"><img data-recalc-dims=\"1\" loading=\"lazy\" decoding=\"async\" class=\"alignleft wp-image-34265\" src=\"https:\/\/i0.wp.com\/www.manquepierda.com\/historiarealbetis\/files\/2014\/01\/Entrevista-Ernesto-Pons-1963-NMP-Marca-13-01-1963.jpg?resize=179%2C301&#038;ssl=1\" alt=\"Entrevista Ernesto Pons 1963 (NMP) Marca 13-01-1963\" width=\"179\" height=\"301\" srcset=\"https:\/\/i0.wp.com\/www.manquepierda.com\/historiarealbetis\/files\/2014\/01\/Entrevista-Ernesto-Pons-1963-NMP-Marca-13-01-1963.jpg?w=256&amp;ssl=1 256w, https:\/\/i0.wp.com\/www.manquepierda.com\/historiarealbetis\/files\/2014\/01\/Entrevista-Ernesto-Pons-1963-NMP-Marca-13-01-1963.jpg?resize=130%2C220&amp;ssl=1 130w\" sizes=\"auto, (max-width: 179px) 100vw, 179px\" \/><\/a><\/p>\n<p>Ernesto Pons accedi\u00f3 al cargo de entrenador del Betis en la jornada 11 de la temporada 1962-63, supliendo a Fernando Daucick.<\/p>\n<p>En enero de 1963 acudi\u00f3 el Betis a Madrid para enfrentarse al equipo blanco en el Bernab\u00e9u. \u00a0El equipo, en los 5 partidos entrenados por el t\u00e9cnico catal\u00e1n, hab\u00eda reaccionado, con 3 victorias, 1 empate y 1 derrota, pasando en la clasificaci\u00f3n de la 12\u00aa a la 8\u00aa posici\u00f3n en la tabla.<\/p>\n<p>El caso de Ernesto Pons es un tanto at\u00edpico en el mundo del f\u00fatbol, ya que lleg\u00f3 a los banquillos sin haber pasado por los terrenos de juego. Ernesto Pons proven\u00eda del mundo del atletismo, en el que fue una aut\u00e9ntica estrella, pasando luego a entrenar a la selecci\u00f3n espa\u00f1ola de hockey sobre patines, a equipos de atletismo e incluso a la formaci\u00f3n te\u00f3rica en Educaci\u00f3n F\u00edsica en la Universidad de la \u00e9poca. Luego comenz\u00f3 a preparar f\u00edsicamente a equipos de f\u00fatbol y ah\u00ed empez\u00f3 su contacto con el mundo del banquillo.<\/p>\n<p>&nbsp;<\/p>\n<p>&nbsp;<\/p>\n<p><span style=\"color: #339966\"><em>Desde las pistas atl\u00e9ticas a la tarea de magisterio, desde su dedicaci\u00f3n amateur al atletismo hasta su profesi\u00f3n actual como preparador de f\u00fatbol, la vida de Ernesto Pons est\u00e1 jalonada de servicio y entrega al deporte. Tres veces campe\u00f3n de Espa\u00f1a de salto de altura y otras tantas de triple salto, recordman nacional de salto de altura durante 14 a\u00f1os (1944 a 1958), Ernesto Pons pas\u00f3 despu\u00e9s, sucesivamente, a preparar la selecci\u00f3n nacional de hockey sobre patines, a entrenar al equipo de atletismo del RCD Espa\u00f1ol y del SEU madrile\u00f1o, al aula de Educaci\u00f3n F\u00edsica de la Universidad de Barcelona, a la Asesor\u00eda Nacional de Educaci\u00f3n F\u00edsica de Juventudes\u2026\u00a0 Luego, el f\u00fatbol: entrenador f\u00edsico del Espa\u00f1ol y del Celta; preparador t\u00e9cnico del Turista de Vigo; entrenador del Deportivo de La Coru\u00f1a, del Orense, del Espa\u00f1ol, del Sabadell\u2026 Ahora llega a Madrid como preparador del Betis sevillano. <\/em><\/span><\/p>\n<p><span style=\"color: #339966\"><em>Es una fecunda historia deportiva la de Ernesto Pons, con la savia de autenticidad del atletismo, ra\u00edz de una tarea a la que sirve con entrega, honestidad y hondo esp\u00edritu.<\/em><\/span><\/p>\n<p><span style=\"color: #339966\"><em>\u00a0<\/em><\/span><\/p>\n<p><span style=\"color: #339966\"><em>\u00a1Quietos, hermanos\u00a1 Lleg\u00f3 el Betis Balompi\u00e9. <\/em><\/span><\/p>\n<p><span style=\"color: #339966\"><em>\u00a0<\/em><\/span><\/p>\n<p><span style=\"color: #339966\"><em>Ernesto Pons, preparador de los blanquiverdes, o de los verdiblancos, a elegir, ten\u00eda prisa. El autocar que traslad\u00f3 a la expedici\u00f3n desde Barajas al hotel se qued\u00f3 en la puerta, casi con el motor en marcha. Hab\u00eda que dejar las maletas, atusarse un poco el flequillo y, \u00a1hale\u00a1, al cine, a la sesi\u00f3n especial, la de los chicos. Y los chicos del Betis no se quer\u00edan perder ni el NO-DO. Hubo, pues, que preguntar corriendito y anotar apresuradamente para no chinchar la funci\u00f3n a los forasteros.<\/em><\/span><\/p>\n<p><span style=\"color: #339966\"><em>\u00a0<\/em><\/span><\/p>\n<p><span style=\"color: #339966\"><em>El antiguo recordman nacional de salto de altura que hoy entrena a los albiverdes declar\u00f3 recientemente a Borbujo en Sevilla, que \u00e9l espera que el equipo d\u00e9 su m\u00e1ximo rendimiento en la segunda vuelta. Le pregunto que si desde el principio, y ante el Madrid, en Chamart\u00edn. Ernesto Pons responde:<\/em><\/span><\/p>\n<p><span style=\"color: #339966\"><em>\u00a0<\/em><\/span><\/p>\n<p><span style=\"color: #339966\"><em>&#8211;\u00a0\u00a0\u00a0\u00a0\u00a0 Es posible que no haya alcanzado su rendimiento pleno; pero lo que s\u00ed le puedo afirmar es que viene dispuesto a dar la batalla al Real Madrid. Este, indudablemente, cuenta con un elevado porcentaje de posibilidades a su favor; sin embargo, el resto, aunque m\u00e1s corto, es del Betis. Y tambi\u00e9n entra en danza.<\/em><\/span><\/p>\n<p><span style=\"color: #339966\"><em>\u00a0<\/em><\/span><\/p>\n<p><span style=\"color: #339966\"><em>Como si hablara en voz alta consigo mismo, Ernesto Pons a\u00f1ade:<\/em><\/span><\/p>\n<p><span style=\"color: #339966\"><em>\u00a0<\/em><\/span><\/p>\n<p><span style=\"color: #339966\"><em>&#8211;\u00a0\u00a0\u00a0\u00a0\u00a0 El Madrid marca siempre, por lo menos, dos goles. El Betis si quiere puntuar, y claro que quiere, ya lo sabe: ha de conseguir un par de tantos como m\u00ednimo<\/em><\/span><\/p>\n<p><span style=\"color: #339966\"><em>\u00a0<\/em><\/span><\/p>\n<p><span style=\"color: #339966\"><em>Se ha dicho que, en cierto modo, los b\u00e9ticos vienen a Chamart\u00edn con una alineaci\u00f3n revolucionaria. Planteo la cuesti\u00f3n<\/em><\/span><\/p>\n<p><span style=\"color: #339966\"><em>\u00a0<\/em><\/span><\/p>\n<p><span style=\"color: #339966\"><em>&#8211;\u00a0\u00a0\u00a0\u00a0\u00a0 Ya he le\u00eddo que traigo a un delantero centro (Ansola) de extremo derecho; a un interior (Pallar\u00e9s) de delantero centro y a un medio (Lasa) de interior. El domingo pasado jug\u00f3 Colo con el \u201csiete\u201d a la espalda, pero, en realidad, actu\u00f3 de defensa. Ansola, Pallar\u00e9s y Lasa vienen jugando desde hace tres o cuatro partidos en los puestos en que figuran ahora, dorsal aparte. En Chamart\u00edn, sencillamente, cada uno llevar\u00e1 el n\u00famero que le corresponde. Al no poder jugar Montaner, creo preferible ir con la verdad por delante a volver a colocar el \u201csiete\u201d en las espaldas de un defensa.<\/em><\/span><\/p>\n<p><span style=\"color: #339966\"><em>\u00a0<\/em><\/span><\/p>\n<p><span style=\"color: #339966\"><em>Pregunto: \u201cEl Betis se encuentra justamente en la mitad de la tabla. \u00bfEs este su sitio?\u201d<\/em><\/span><\/p>\n<p><span style=\"color: #339966\"><em>\u00a0<\/em><\/span><\/p>\n<p><span style=\"color: #339966\"><em>&#8211;\u00a0\u00a0\u00a0\u00a0\u00a0 En estos momentos s\u00ed. En el futuro ya veremos. Tenga en cuenta que los tres primeros partidos arrojaron un balance de cuatro negativos. Luego, en los otros doce, el balance es de dos positivos. Nos resta enjugar el par de negativos de la diferencia, pero creo que lo dicho demuestra que estamos en buen camino para lograrlo.\u00a0\u00a0 <\/em><\/span><\/p>\n<p><span style=\"color: #339966\"><em>\u00a0<\/em><\/span><\/p>\n<p><span style=\"color: #339966\"><em>Recuerdo: \u201cEn el Villamar\u00edn el Madrid gan\u00f3 por 2-5\u2026\u201d<\/em><\/span><\/p>\n<p><span style=\"color: #339966\"><em>\u00a0<\/em><\/span><\/p>\n<p><span style=\"color: #339966\"><em>&#8211;\u00a0\u00a0\u00a0\u00a0\u00a0 En Chamart\u00edn puede volver a ganarnos por ese resultado. El Madrid es capaz de vencer por diferencia no solo al Betis, sino a cualquiera. Procuraremos evitarlo, naturalmente.<\/em><\/span><\/p>\n<p><span style=\"color: #339966\"><em>\u00a0<\/em><\/span><\/p>\n<p><span style=\"color: #339966\"><em>Si se habla de Daoiz hay que decir algo de Velarde. Si se cita a Romeo, el nombre de Julieta sale solito. Si se nombra al Betis, surge el Sevilla como por obligaci\u00f3n. Por eso digo que en la actualidad el Betis aventaja al Sevilla en tres puestos y dos puntos, ambos con un par de negativos. Y pregunto: \u201cAl final, \u00bfprefiere una buena clasificaci\u00f3n, con el Sevilla por delante, o una clasificaci\u00f3n discreta, pero superior a la del rival regional?\u201d\u00a0 Ernesto Pons sonr\u00ede antes de responder as\u00ed:<\/em><\/span><\/p>\n<p><span style=\"color: #339966\"><em>\u00a0<\/em><\/span><\/p>\n<p><span style=\"color: #339966\"><em>&#8211;\u00a0\u00a0\u00a0\u00a0\u00a0 Mire, yo como entrenador estar\u00eda encantado con que el Sevilla fuera campe\u00f3n y el Betis subcampe\u00f3n; pero los aficionados\u2026<\/em><\/span><\/p>\n<p><span style=\"color: #339966\"><em>\u00a0<\/em><\/span><\/p>\n<p><span style=\"color: #339966\"><em>Vuelve a sonre\u00edr, y empalma:<\/em><\/span><\/p>\n<p><span style=\"color: #339966\"><em>\u00a0<\/em><\/span><\/p>\n<p><span style=\"color: #339966\"><em>&#8211;\u00a0\u00a0\u00a0\u00a0\u00a0 Los aficionados seguramente se alegrar\u00edan si el Betis quedara sexto, con tal de que el Sevilla fuera s\u00e9ptimo<\/em><\/span><\/p>\n<p><span style=\"color: #339966\"><em>\u00a0<\/em><\/span><\/p>\n<p><span style=\"color: #339966\"><em>Ernesto Pons ha dicho \u201cel sexto\u201d como una concesi\u00f3n, como mal mayor. \u00bfEs que aspira a un puesto superior normalmente? Lo pregunto. Y el preparador de los andaluces dice:<\/em><\/span><\/p>\n<p><span style=\"color: #339966\"><em>\u00a0<\/em><\/span><\/p>\n<p><span style=\"color: #339966\"><em>&#8211;\u00a0\u00a0\u00a0\u00a0\u00a0 Yo creo que, con toda sinceridad, que el Betis, al concluir la Liga, ser\u00e1 uno de los cinco o seis primeros.<\/em><\/span><\/p>\n<p><span style=\"color: #339966\"><em>\u00a0<\/em><\/span><\/p>\n<p><span style=\"color: #339966\"><em>Me acord\u00e9 del NO-DO, y dije \u201cadi\u00f3s\u201d. <\/em><\/span><\/p>\n<p><span style=\"color: #339966\"><em>\u00a0<\/em><\/span><\/p>\n<p><span style=\"color: #339966\"><em>De nada.<\/em><\/span><\/p>\n<p><i>\u00a0<\/i><\/p>\n<p><i>\u00a0<\/i>En la misma p\u00e1gina de esta entrevista se recoge una imagen de la expedici\u00f3n b\u00e9tica en Madrid y se nos da cuenta de los pormenores del viaje. Ya entonces el Betis viaja a Madrid en avi\u00f3n, con lo que en el espacio de una hora y cuarto llega a Madrid. La tarde se dedic\u00f3 al cine (Atraco a las tres) y al teatro (Academia de baile).<\/p>\n<p>&nbsp;<\/p>\n<figure id=\"attachment_34300\" aria-describedby=\"caption-attachment-34300\" style=\"width: 499px\" class=\"wp-caption aligncenter\"><a href=\"https:\/\/www.manquepierda.com\/historiarealbetis\/34264-entrevista-ernesto-pons-1963\/entrevista-ernesto-pons-1963-el-equipo-en-madrid-nmp-marca-13-01-1963\/\" rel=\"attachment wp-att-34300\"><img data-recalc-dims=\"1\" loading=\"lazy\" decoding=\"async\" class=\"size-full wp-image-34300\" src=\"https:\/\/i0.wp.com\/www.manquepierda.com\/historiarealbetis\/files\/2014\/01\/Entrevista-Ernesto-Pons-1963-El-equipo-en-Madrid-NMP-Marca-13-01-1963.jpg?resize=499%2C367&#038;ssl=1\" alt=\"Fuente: Marca 13 de enero de 1963\" width=\"499\" height=\"367\" srcset=\"https:\/\/i0.wp.com\/www.manquepierda.com\/historiarealbetis\/files\/2014\/01\/Entrevista-Ernesto-Pons-1963-El-equipo-en-Madrid-NMP-Marca-13-01-1963.jpg?w=499&amp;ssl=1 499w, https:\/\/i0.wp.com\/www.manquepierda.com\/historiarealbetis\/files\/2014\/01\/Entrevista-Ernesto-Pons-1963-El-equipo-en-Madrid-NMP-Marca-13-01-1963.jpg?resize=220%2C161&amp;ssl=1 220w\" sizes=\"auto, (max-width: 499px) 100vw, 499px\" \/><\/a><figcaption id=\"caption-attachment-34300\" class=\"wp-caption-text\">Fuente: Marca 13 de enero de 1963<\/figcaption><\/figure>\n<p><i>\u00a0<\/i><\/p>\n<p><span style=\"color: #339966\"><em>Los chicos del Betis, ayer, se levantaron prontito, se fueron al Villamar\u00edn, entrenaron un rato, marcharon al aeropuerto, almorzaron a las doce y media, se subieron al avi\u00f3n a las dos menos cuarto, tomaron tierra en Barajas a las tres y diez y a las tres y media corridas llegaban al hotel Zurbano madrile\u00f1o. Luego, jornada intensiva de espect\u00e1culos: a las cuatro y media al cine Callao a ver \u201cAtraco a las tres\u201d, ya metidos en horarios. Y metidos en risas, despu\u00e9s de Cassen, Jos\u00e9 Luis L\u00f3pez V\u00e1zquez y Gracita Morales en celuloide, al teatro Alc\u00e1zar, donde se representa \u201cAcademia de baile\u201d, con Ismael Merlo y Angel de Andr\u00e9s.\u00a0 \u00a1Vaya tardecita\u00a1<\/em><\/span><\/p>\n<p><span style=\"color: #339966\"><em>\u00a0<\/em><\/span><\/p>\n<p><span style=\"color: #339966\"><em>Con Ernesto Pons al frente han venido catorce jugadores: los que figuran en la alineaci\u00f3n (Corral, Grau, R\u00edos, Colo, Bosch, Mart\u00ednez, Da Silva, Luis, Pallar\u00e9s, Lasa y Ansola) y los suplentes Pep\u00edn, Kuszmann y Mart\u00edn Esperanza. Y a juzgar por el pron\u00f3stico de los que hoy se vestir\u00e1n de futbolistas en Chamart\u00edn, llegan dispuestos a puntuar (siete vaticinan empate; dos, victoria b\u00e9tica, con la abstenci\u00f3n de Bosch y el pron\u00f3stico favorable al Madrid del interior Lasa).<\/em><\/span><span style=\"color: #339966\"><em>\u00a0<\/em><\/span><\/p>\n<p><span style=\"color: #339966\"><em>Aqu\u00ed est\u00e1 el Betis, por primera vez en la temporada. Bienvenido\u00a0\u00a0 \u00a0<\/em><\/span><\/p>\n<p><span style=\"color: #339966\"><em>\u00a0<\/em><\/span><\/p>\n","protected":false},"excerpt":{"rendered":"<p>&nbsp; Ernesto Pons accedi\u00f3 al cargo de entrenador del Betis en la jornada 11 de la temporada 1962-63, supliendo a Fernando Daucick. En enero de 1963 acudi\u00f3 el Betis a Madrid para enfrentarse al equipo blanco en el Bernab\u00e9u. \u00a0El equipo, en los 5 partidos entrenados por el t\u00e9cnico catal\u00e1n, hab\u00eda reaccionado, con 3 victorias,&#8230;<\/p>\n","protected":false},"author":5,"featured_media":34265,"comment_status":"open","ping_status":"open","sticky":false,"template":"","format":"standard","meta":{"_kad_post_transparent":"","_kad_post_title":"","_kad_post_layout":"","_kad_post_sidebar_id":"","_kad_post_content_style":"","_kad_post_vertical_padding":"","_kad_post_feature":"","_kad_post_feature_position":"","_kad_post_header":false,"_kad_post_footer":false,"_kad_post_classname":"","_jetpack_memberships_contains_paid_content":false,"footnotes":"","jetpack_publicize_message":"","jetpack_publicize_feature_enabled":true,"jetpack_social_post_already_shared":true,"jetpack_social_options":{"image_generator_settings":{"template":"highway","default_image_id":0,"font":"","enabled":false},"version":2}},"categories":[902,892,1],"tags":[4280,4281,8185],"class_list":["post-34264","post","type-post","status-publish","format-standard","has-post-thumbnail","hentry","category-1960-1969","category-entrenadores-temas","category-portada","tag-1962-63","tag-4281","tag-ernesto-pons"],"jetpack_publicize_connections":[],"jetpack_featured_media_url":"https:\/\/i0.wp.com\/www.manquepierda.com\/historiarealbetis\/files\/2014\/01\/Entrevista-Ernesto-Pons-1963-NMP-Marca-13-01-1963.jpg?fit=256%2C430&ssl=1","jetpack_sharing_enabled":true,"jetpack_shortlink":"https:\/\/wp.me\/p1ij08-8UE","jetpack-related-posts":[],"_links":{"self":[{"href":"https:\/\/www.manquepierda.com\/historiarealbetis\/wp-json\/wp\/v2\/posts\/34264","targetHints":{"allow":["GET"]}}],"collection":[{"href":"https:\/\/www.manquepierda.com\/historiarealbetis\/wp-json\/wp\/v2\/posts"}],"about":[{"href":"https:\/\/www.manquepierda.com\/historiarealbetis\/wp-json\/wp\/v2\/types\/post"}],"author":[{"embeddable":true,"href":"https:\/\/www.manquepierda.com\/historiarealbetis\/wp-json\/wp\/v2\/users\/5"}],"replies":[{"embeddable":true,"href":"https:\/\/www.manquepierda.com\/historiarealbetis\/wp-json\/wp\/v2\/comments?post=34264"}],"version-history":[{"count":0,"href":"https:\/\/www.manquepierda.com\/historiarealbetis\/wp-json\/wp\/v2\/posts\/34264\/revisions"}],"wp:featuredmedia":[{"embeddable":true,"href":"https:\/\/www.manquepierda.com\/historiarealbetis\/wp-json\/wp\/v2\/media\/34265"}],"wp:attachment":[{"href":"https:\/\/www.manquepierda.com\/historiarealbetis\/wp-json\/wp\/v2\/media?parent=34264"}],"wp:term":[{"taxonomy":"category","embeddable":true,"href":"https:\/\/www.manquepierda.com\/historiarealbetis\/wp-json\/wp\/v2\/categories?post=34264"},{"taxonomy":"post_tag","embeddable":true,"href":"https:\/\/www.manquepierda.com\/historiarealbetis\/wp-json\/wp\/v2\/tags?post=34264"}],"curies":[{"name":"wp","href":"https:\/\/api.w.org\/{rel}","templated":true}]}}