{"id":34321,"date":"2014-01-14T21:41:07","date_gmt":"2014-01-14T20:41:07","guid":{"rendered":"http:\/\/www.manquepierda.com\/historiarealbetis\/?p=34321"},"modified":"2024-08-19T12:06:42","modified_gmt":"2024-08-19T10:06:42","slug":"1931-noviembre-29-segunda-division-patronato-betis-balompie-4-goles-vs-murcia-fc-1","status":"publish","type":"post","link":"https:\/\/www.manquepierda.com\/historiarealbetis\/1931-noviembre-29-segunda-division-patronato-betis-balompie-4-goles-vs-murcia-fc-1\/","title":{"rendered":"1931-Noviembre 29-Segunda-Patronato: Betis Balompi\u00e9-4 MurciaCf-1.-84Aniversario."},"content":{"rendered":"<p style=\"text-align: center\"><strong>IV EDICI\u00d3N-CAMPEONATO NACIONAL LIGA SEGUNDA DIVISI\u00d3N-TEMPORADA 1931-1932.<\/strong><\/p>\n<p style=\"text-align: center\"><a href=\"https:\/\/www.manquepierda.com\/historiarealbetis\/34321-1931-noviembre-29-segunda-division-patronato-betis-balompie-4-goles-vs-murcia-fc-1\/19281028-gran-reloj-marcador-anino-2\/\" rel=\"attachment wp-att-45066\"><img data-recalc-dims=\"1\" loading=\"lazy\" decoding=\"async\" class=\"aligncenter size-thumbnail wp-image-45066\" src=\"https:\/\/i0.wp.com\/www.manquepierda.com\/historiarealbetis\/files\/2014\/01\/19281028-Gran-reloj-marcador-A%C3%B1ino.jpg?resize=155%2C220&#038;ssl=1\" alt=\"19281028-Gran reloj-marcador A\u00f1ino\" width=\"155\" height=\"220\" srcset=\"https:\/\/i0.wp.com\/www.manquepierda.com\/historiarealbetis\/files\/2014\/01\/19281028-Gran-reloj-marcador-A%C3%B1ino.jpg?resize=155%2C220&amp;ssl=1 155w, https:\/\/i0.wp.com\/www.manquepierda.com\/historiarealbetis\/files\/2014\/01\/19281028-Gran-reloj-marcador-A%C3%B1ino.jpg?w=211&amp;ssl=1 211w\" sizes=\"auto, (max-width: 155px) 100vw, 155px\" \/><\/a><strong>1931-NOVIEMBRE 29-DOMINGO EN BARRIO \u00abEL PORVENIR\u00bb-CAMPO MUNICIPAL DEPORTES \u00abPATRONATO OBRERO\u00bb-SEGUNDA JORNADA.<\/strong><\/p>\n<p style=\"text-align: left\"><strong>Gran Reloj-Marcador dise\u00f1ado por Enrique A\u00f1ino Ilzarbe de Andueza-En vigor desde domingo 28 de Octubre de 1928.<\/strong><\/p>\n<figure id=\"attachment_33844\" aria-describedby=\"caption-attachment-33844\" style=\"width: 125px\" class=\"wp-caption aligncenter\"><a href=\"https:\/\/www.manquepierda.com\/historiarealbetis\/33841-1933-mayo-28-campeonato-espana-14-final-ida-betis-balompie-4-goal-vs-valencia-cf-2\/mga\/\" rel=\"attachment wp-att-33844\"><img data-recalc-dims=\"1\" loading=\"lazy\" decoding=\"async\" class=\"size-thumbnail wp-image-33844\" src=\"https:\/\/i0.wp.com\/www.manquepierda.com\/historiarealbetis\/files\/2013\/12\/MGA.jpg?resize=125%2C220&#038;ssl=1\" alt=\"mmm\" width=\"125\" height=\"220\" srcset=\"https:\/\/i0.wp.com\/www.manquepierda.com\/historiarealbetis\/files\/2013\/12\/MGA.jpg?resize=125%2C220&amp;ssl=1 125w, https:\/\/i0.wp.com\/www.manquepierda.com\/historiarealbetis\/files\/2013\/12\/MGA.jpg?w=274&amp;ssl=1 274w\" sizes=\"auto, (max-width: 125px) 100vw, 125px\" \/><\/a><figcaption id=\"caption-attachment-33844\" class=\"wp-caption-text\">Arbitr\u00f3 el colegiado vizca\u00edno MANUEL G\u00d3MEZ ARRIBAS.-BIEN.<\/figcaption><\/figure>\n<figure id=\"attachment_34322\" aria-describedby=\"caption-attachment-34322\" style=\"width: 680px\" class=\"wp-caption aligncenter\"><a href=\"https:\/\/www.manquepierda.com\/historiarealbetis\/34321-1931-noviembre-29-segunda-division-patronato-betis-balompie-4-goles-vs-murcia-fc-1\/19311129-patronato-bb-4-murcia-fbc-1\/\" rel=\"attachment wp-att-34322\"><img data-recalc-dims=\"1\" loading=\"lazy\" decoding=\"async\" class=\"size-medium wp-image-34322\" src=\"https:\/\/i0.wp.com\/www.manquepierda.com\/historiarealbetis\/files\/2014\/01\/19311129-Patronato-BB-4-Murcia-FbC-1.jpg?resize=680%2C347&#038;ssl=1\" alt=\"mmm\" width=\"680\" height=\"347\" srcset=\"https:\/\/i0.wp.com\/www.manquepierda.com\/historiarealbetis\/files\/2014\/01\/19311129-Patronato-BB-4-Murcia-FbC-1.jpg?resize=680%2C347&amp;ssl=1 680w, https:\/\/i0.wp.com\/www.manquepierda.com\/historiarealbetis\/files\/2014\/01\/19311129-Patronato-BB-4-Murcia-FbC-1.jpg?resize=220%2C112&amp;ssl=1 220w, https:\/\/i0.wp.com\/www.manquepierda.com\/historiarealbetis\/files\/2014\/01\/19311129-Patronato-BB-4-Murcia-FbC-1.jpg?w=870&amp;ssl=1 870w\" sizes=\"auto, (max-width: 680px) 100vw, 680px\" \/><\/a><figcaption id=\"caption-attachment-34322\" class=\"wp-caption-text\"><strong>\u00abM\u00e1s que un campo de f\u00fatbol PARECE SERLO DE BATALLA, pero no ocurri\u00f3 nada\u00bb.-CP-ESTAMPA N\u00ba 204-Fot\u00f3grafo GONSANHI.<\/strong><\/figcaption><\/figure>\n<figure id=\"attachment_32042\" aria-describedby=\"caption-attachment-32042\" style=\"width: 154px\" class=\"wp-caption aligncenter\"><a href=\"https:\/\/www.manquepierda.com\/historiarealbetis\/32036-1933-noviembre-05-primera-division-betis-balompie-2-goles-vs-racing-santander-1\/1932-rbb-43\/\" rel=\"attachment wp-att-32042\"><img data-recalc-dims=\"1\" loading=\"lazy\" decoding=\"async\" class=\"size-full wp-image-32042\" src=\"https:\/\/i0.wp.com\/www.manquepierda.com\/historiarealbetis\/files\/2013\/08\/1932-RBB1.jpg?resize=154%2C154&#038;ssl=1\" alt=\"bbb\" width=\"154\" height=\"154\" srcset=\"https:\/\/i0.wp.com\/www.manquepierda.com\/historiarealbetis\/files\/2013\/08\/1932-RBB1.jpg?w=154&amp;ssl=1 154w, https:\/\/i0.wp.com\/www.manquepierda.com\/historiarealbetis\/files\/2013\/08\/1932-RBB1.jpg?resize=500%2C500&amp;ssl=1 500w\" sizes=\"auto, (max-width: 154px) 100vw, 154px\" \/><\/a><figcaption id=\"caption-attachment-32042\" class=\"wp-caption-text\"><strong>LIDER.-BETIS BALOMPI\u00c9-4 GOLES.<\/strong><\/figcaption><\/figure>\n<p style=\"text-align: right\"><strong>\u00a0<\/strong><\/p>\n<figure id=\"attachment_32936\" aria-describedby=\"caption-attachment-32936\" style=\"width: 161px\" class=\"wp-caption alignright\"><a href=\"https:\/\/www.manquepierda.com\/historiarealbetis\/32931-32931\/jose-ignacio-mantecon-navasal-1-4\/\" rel=\"attachment wp-att-32936\"><img data-recalc-dims=\"1\" loading=\"lazy\" decoding=\"async\" class=\"size-full wp-image-32936\" src=\"https:\/\/i0.wp.com\/www.manquepierda.com\/historiarealbetis\/files\/2013\/10\/Jos%C3%A9-Ignacio-Mantec%C3%B3n-Navasal.11.jpg?resize=161%2C202&#038;ssl=1\" alt=\"Don JOS\u00c9 IGNACIO MANTEC\u00d3N NAVASAL.\" width=\"161\" height=\"202\" \/><\/a><figcaption id=\"caption-attachment-32936\" class=\"wp-caption-text\"><strong>DON JOS\u00c9 IGNACIO MANTEC\u00d3N NAVASAL.-29 A\u00f1os-2 meses y 3 d\u00edas.<\/strong><\/figcaption><\/figure>\n<p style=\"text-align: right\"><strong>XXV PRESIDENTE REAL-BETIS BALOMPI\u00c9.<\/strong><\/p>\n<p style=\"text-align: right\"><strong>1926-Oficial Tercero del Cuerpo Facultativo de Archiveros, Bibliotecarios y Arque\u00f3logos de Espa\u00f1a.-Archivo General de Indias.-Sevilla.<\/strong><\/p>\n<p style=\"text-align: right\"><strong>Natural de ZARAGOZA, viernes 26 de Septiembre de 1902.<\/strong><\/p>\n<p style=\"text-align: right\"><strong>Obituario.-M\u00c9XICO-DISTRITO FEDERAL-domingo 20 de Junio de 1982.<\/strong><\/p>\n<p style=\"text-align: right\"><strong>79 A\u00f1os, 8 meses.-D. E. P.<\/strong><\/p>\n<p style=\"text-align: right\"><strong>Temporadas 1931-1932 \u00e1 1932-1933, ambas inclusive.<\/strong><\/p>\n<p style=\"text-align: left\"><strong><a href=\"https:\/\/www.manquepierda.com\/historiarealbetis\/34321-1931-noviembre-29-segunda-division-patronato-betis-balompie-4-goles-vs-murcia-fc-1\/emilio-sampere-oliveras-18\/\" rel=\"attachment wp-att-45067\"><img data-recalc-dims=\"1\" loading=\"lazy\" decoding=\"async\" class=\"alignleft size-thumbnail wp-image-45067\" src=\"https:\/\/i0.wp.com\/www.manquepierda.com\/historiarealbetis\/files\/2014\/01\/Emilio-SAMPERE-Oliveras1.jpg?resize=220%2C137&#038;ssl=1\" alt=\"Emilio SAMPERE Oliveras\" width=\"220\" height=\"137\" srcset=\"https:\/\/i0.wp.com\/www.manquepierda.com\/historiarealbetis\/files\/2014\/01\/Emilio-SAMPERE-Oliveras1.jpg?resize=220%2C137&amp;ssl=1 220w, https:\/\/i0.wp.com\/www.manquepierda.com\/historiarealbetis\/files\/2014\/01\/Emilio-SAMPERE-Oliveras1.jpg?w=498&amp;ssl=1 498w\" sizes=\"auto, (max-width: 220px) 100vw, 220px\" \/><\/a>ENTRENADOR BETIS BALOMPI\u00c9:<\/strong><\/p>\n<p style=\"text-align: left\"><strong>Emilio SAMPERE OLIVERAS.<\/strong><\/p>\n<p style=\"text-align: left\"><strong>Natural \u00bf? 00-00-1894.<\/strong><\/p>\n<p style=\"text-align: left\"><strong>Falleci\u00f3 en BARCELONA, domingo 04 de Septiembre de 1966.-81 A\u00f1os.-D. E. P.-TEMPORADAS 1930-1931 \u00e1 1931-1932; ambas inclusive.<\/strong><\/p>\n<p style=\"text-align: center\">ALINEACI\u00d3N:<\/p>\n<p style=\"text-align: center\"><a href=\"https:\/\/www.manquepierda.com\/historiarealbetis\/34321-1931-noviembre-29-segunda-division-patronato-betis-balompie-4-goles-vs-murcia-fc-1\/jesus-bernaldez-moreno-12\/\" rel=\"attachment wp-att-45068\"><img data-recalc-dims=\"1\" loading=\"lazy\" decoding=\"async\" class=\"aligncenter size-thumbnail wp-image-45068\" src=\"https:\/\/i0.wp.com\/www.manquepierda.com\/historiarealbetis\/files\/2014\/01\/JES%C3%9AS-Bern%C3%A1ldez-Moreno.png?resize=188%2C220&#038;ssl=1\" alt=\"JES\u00daS Bern\u00e1ldez Moreno\" width=\"188\" height=\"220\" srcset=\"https:\/\/i0.wp.com\/www.manquepierda.com\/historiarealbetis\/files\/2014\/01\/JES%C3%9AS-Bern%C3%A1ldez-Moreno.png?resize=188%2C220&amp;ssl=1 188w, https:\/\/i0.wp.com\/www.manquepierda.com\/historiarealbetis\/files\/2014\/01\/JES%C3%9AS-Bern%C3%A1ldez-Moreno.png?w=191&amp;ssl=1 191w\" sizes=\"auto, (max-width: 188px) 100vw, 188px\" \/><\/a><strong>1-Guardameta.-JES\u00daS Bern\u00e1ldez Moreno (a) \u00abManos Duras\u00bb (28 a\u00f1os+3 meses+10 d\u00edas).-1 tanto encajado.<\/strong><\/p>\n<p style=\"text-align: center\">1 Gol encajado.-Primer tiempo:<\/p>\n<figure id=\"attachment_34323\" aria-describedby=\"caption-attachment-34323\" style=\"width: 220px\" class=\"wp-caption aligncenter\"><a href=\"https:\/\/www.manquepierda.com\/historiarealbetis\/34321-1931-noviembre-29-segunda-division-patronato-betis-balompie-4-goles-vs-murcia-fc-1\/19311129-jesus-1-1\/\" rel=\"attachment wp-att-34323\"><img data-recalc-dims=\"1\" loading=\"lazy\" decoding=\"async\" class=\"size-thumbnail wp-image-34323\" src=\"https:\/\/i0.wp.com\/www.manquepierda.com\/historiarealbetis\/files\/2014\/01\/19311129-Jes%C3%BAs-1-1.jpg?resize=220%2C151&#038;ssl=1\" alt=\"mmm\" width=\"220\" height=\"151\" srcset=\"https:\/\/i0.wp.com\/www.manquepierda.com\/historiarealbetis\/files\/2014\/01\/19311129-Jes%C3%BAs-1-1.jpg?resize=220%2C151&amp;ssl=1 220w, https:\/\/i0.wp.com\/www.manquepierda.com\/historiarealbetis\/files\/2014\/01\/19311129-Jes%C3%BAs-1-1.jpg?w=678&amp;ssl=1 678w\" sizes=\"auto, (max-width: 220px) 100vw, 220px\" \/><\/a><figcaption id=\"caption-attachment-34323\" class=\"wp-caption-text\">VI\u00d1ETA-ABC-SE-19311201-Martes.<\/figcaption><\/figure>\n<p style=\"text-align: left\">1-1.-Palacios entr\u00f3 en el \u00e1rea b\u00e9tica, sale a su encuentro el portero, el esf\u00e9rico no sali\u00f3 fuera, centro del 8 que recepciona Samuel ESCRICH marcando.<\/p>\n<p style=\"text-align: left\"><strong>VILLANUEVA DEL ARISCAL (Sevilla), mi\u00e9rcoles 19-Agosto-1903.-SEVILLA, viernes 06-Junio-1941.-37 A\u00f1os y 9 meses.-D. E. P.<\/strong><\/p>\n<p style=\"text-align: left\"><strong>Temporadas 1923-1924 \u00e1 1931-1932 Campeonato Nacional Liga Segunda Divisi\u00f3n; 1932-1933 \u00e1 1935-1936; ambas inclusive.<\/strong><\/p>\n<figure id=\"attachment_34202\" aria-describedby=\"caption-attachment-34202\" style=\"width: 98px\" class=\"wp-caption aligncenter\"><a href=\"https:\/\/www.manquepierda.com\/historiarealbetis\/34195-1928-marzo-18-cpto-espana-grupo-iv-primera-fase-cartagena-4-vs-real-betis-balompie-2\/andres-aranda-gutierrez-2\/\" rel=\"attachment wp-att-34202\"><img data-recalc-dims=\"1\" loading=\"lazy\" decoding=\"async\" class=\"size-thumbnail wp-image-34202\" src=\"https:\/\/i0.wp.com\/www.manquepierda.com\/historiarealbetis\/files\/2014\/01\/Andr%C3%A9s-ARANDA-Guti%C3%A9rrez.jpg?resize=98%2C220&#038;ssl=1\" alt=\"mmm\" width=\"98\" height=\"220\" srcset=\"https:\/\/i0.wp.com\/www.manquepierda.com\/historiarealbetis\/files\/2014\/01\/Andr%C3%A9s-ARANDA-Guti%C3%A9rrez.jpg?resize=98%2C220&amp;ssl=1 98w, https:\/\/i0.wp.com\/www.manquepierda.com\/historiarealbetis\/files\/2014\/01\/Andr%C3%A9s-ARANDA-Guti%C3%A9rrez.jpg?resize=268%2C600&amp;ssl=1 268w, https:\/\/i0.wp.com\/www.manquepierda.com\/historiarealbetis\/files\/2014\/01\/Andr%C3%A9s-ARANDA-Guti%C3%A9rrez.jpg?resize=313%2C700&amp;ssl=1 313w, https:\/\/i0.wp.com\/www.manquepierda.com\/historiarealbetis\/files\/2014\/01\/Andr%C3%A9s-ARANDA-Guti%C3%A9rrez.jpg?w=681&amp;ssl=1 681w\" sizes=\"auto, (max-width: 98px) 100vw, 98px\" \/><\/a><figcaption id=\"caption-attachment-34202\" class=\"wp-caption-text\"><strong>2.-Zaguero-Diestro.-ANDR\u00c9S ARANDA Guti\u00e9rrez.-26 A\u00f1os-3 meses y 2 d\u00edas.<\/strong><\/figcaption><\/figure>\n<p style=\"text-align: left\"><strong>LORA DEL R\u00cdO (Sevilla), domingo 27-Agosto-1905.-Entrenador primera plantilla concentraci\u00f3n en ARACENA (Huelva), mi\u00e9rcoles 10-Marzo-1965.-59 A\u00f1os y 6 meses.-D. E. P.<\/strong><\/p>\n<p style=\"text-align: left\"><strong>Temporadas 1921-1922 \u00e1 1931-1932 Campeonato Nacional Liga Segunda Divisi\u00f3n; 1932-1933 \u00e1 1933-1934; ambas inclusive.<\/strong><\/p>\n<p style=\"text-align: center\"><a href=\"https:\/\/www.manquepierda.com\/historiarealbetis\/34321-1931-noviembre-29-segunda-division-patronato-betis-balompie-4-goles-vs-murcia-fc-1\/jesusin-jesus-alberto-ruiz-medrano-8\/\" rel=\"attachment wp-att-45069\"><img data-recalc-dims=\"1\" loading=\"lazy\" decoding=\"async\" class=\"aligncenter size-thumbnail wp-image-45069\" src=\"https:\/\/i0.wp.com\/www.manquepierda.com\/historiarealbetis\/files\/2014\/01\/JESUS%C3%8DN-Jes%C3%BAs-Alberto-Ruiz-Medrano.jpg?resize=151%2C220&#038;ssl=1\" alt=\"JESUS\u00cdN-Jes\u00fas Alberto Ruiz Medrano\" width=\"151\" height=\"220\" srcset=\"https:\/\/i0.wp.com\/www.manquepierda.com\/historiarealbetis\/files\/2014\/01\/JESUS%C3%8DN-Jes%C3%BAs-Alberto-Ruiz-Medrano.jpg?resize=151%2C220&amp;ssl=1 151w, https:\/\/i0.wp.com\/www.manquepierda.com\/historiarealbetis\/files\/2014\/01\/JESUS%C3%8DN-Jes%C3%BAs-Alberto-Ruiz-Medrano.jpg?resize=412%2C600&amp;ssl=1 412w, https:\/\/i0.wp.com\/www.manquepierda.com\/historiarealbetis\/files\/2014\/01\/JESUS%C3%8DN-Jes%C3%BAs-Alberto-Ruiz-Medrano.jpg?resize=481%2C700&amp;ssl=1 481w, https:\/\/i0.wp.com\/www.manquepierda.com\/historiarealbetis\/files\/2014\/01\/JESUS%C3%8DN-Jes%C3%BAs-Alberto-Ruiz-Medrano.jpg?w=699&amp;ssl=1 699w\" sizes=\"auto, (max-width: 151px) 100vw, 151px\" \/><\/a><strong>3-Zaguero Zurdo.-Jes\u00fas Alberto Ruiz Medrano (a) \u00abJESUS\u00cdN\u00bb (23 a\u00f1os+3 meses+22 d\u00edas).<\/strong><\/p>\n<p style=\"text-align: left\"><strong>SACED\u00d3N (Guadalajara), viernes 07-Agosto-1908.-SEVILLA, martes 13-Diciembre-1983.-75 A\u00f1os-4 meses y 6 d\u00edas.-D. E. P.<\/strong><\/p>\n<p style=\"text-align: left\"><strong>Temporadas 1928-1929; 1930-1931 \u00e1 1931-1932 Campeonato Nacional Liga Segunda Divisi\u00f3n; 1932-1933; ambas inclusive.<\/strong><\/p>\n<p style=\"text-align: center\"><a href=\"https:\/\/www.manquepierda.com\/historiarealbetis\/34321-1931-noviembre-29-segunda-division-patronato-betis-balompie-4-goles-vs-murcia-fc-1\/peral-josesuarezgonzalez19320413-6\/\" rel=\"attachment wp-att-45070\"><img data-recalc-dims=\"1\" loading=\"lazy\" decoding=\"async\" class=\"aligncenter size-thumbnail wp-image-45070\" src=\"https:\/\/i0.wp.com\/www.manquepierda.com\/historiarealbetis\/files\/2014\/01\/PERAL-Jos%C3%A9Sua%C5%95ezGonz%C3%A1lez19320413.jpg?resize=220%2C205&#038;ssl=1\" alt=\"PERAL-Jos\u00e9Sua\u0155ezGonz\u00e1lez19320413\" width=\"220\" height=\"205\" srcset=\"https:\/\/i0.wp.com\/www.manquepierda.com\/historiarealbetis\/files\/2014\/01\/PERAL-Jos%C3%A9Sua%C5%95ezGonz%C3%A1lez19320413.jpg?resize=220%2C205&amp;ssl=1 220w, https:\/\/i0.wp.com\/www.manquepierda.com\/historiarealbetis\/files\/2014\/01\/PERAL-Jos%C3%A9Sua%C5%95ezGonz%C3%A1lez19320413.jpg?resize=644%2C600&amp;ssl=1 644w, https:\/\/i0.wp.com\/www.manquepierda.com\/historiarealbetis\/files\/2014\/01\/PERAL-Jos%C3%A9Sua%C5%95ezGonz%C3%A1lez19320413.jpg?w=683&amp;ssl=1 683w\" sizes=\"auto, (max-width: 220px) 100vw, 220px\" \/><\/a><strong>4-Medio Diestro.-Jos\u00e9 Su\u00e1rez Gonz\u00e1lez (a) \u00abPERAL\u00bb (20 a\u00f1os+7 meses+19 d\u00edas).<\/strong><\/p>\n<p style=\"text-align: left\"><strong>SEVILLA, lunes 10-Abril-1911.-SEVILLA, domingo 28-Mayo-1967.-56 A\u00f1os-1 mes y 18 d\u00edas.-D. E. P.<\/strong><\/p>\n<p style=\"text-align: left\"><strong>Temporadas 1929-1930 \u00e1 1931-1932 Campeonato Nacional Liga Segunda Divisi\u00f3n; 1932-1933 \u00e1 1934-1935 Campeonato Nacional Liga Primera Divisi\u00f3n; 1935-1936; 1938-1939 \u00e1 1941-1942 Campeonato Nacional Segunda Divisi\u00f3n; 1942-1943 \u00e1 1943-1944; ambas inclusive.<\/strong><\/p>\n<figure id=\"attachment_33063\" aria-describedby=\"caption-attachment-33063\" style=\"width: 185px\" class=\"wp-caption aligncenter\"><a href=\"https:\/\/www.manquepierda.com\/historiarealbetis\/33061-soladrero-pancho-villegas-y-arrigorriaga-de-manuel-sarmiento\/soladrero-5\/\" rel=\"attachment wp-att-33063\"><img data-recalc-dims=\"1\" loading=\"lazy\" decoding=\"async\" class=\"size-thumbnail wp-image-33063\" src=\"https:\/\/i0.wp.com\/www.manquepierda.com\/historiarealbetis\/files\/2013\/10\/Soladrero1.jpg?resize=185%2C220&#038;ssl=1\" alt=\"Enrique Soladrero\" width=\"185\" height=\"220\" srcset=\"https:\/\/i0.wp.com\/www.manquepierda.com\/historiarealbetis\/files\/2013\/10\/Soladrero1.jpg?resize=185%2C220&amp;ssl=1 185w, https:\/\/i0.wp.com\/www.manquepierda.com\/historiarealbetis\/files\/2013\/10\/Soladrero1.jpg?resize=506%2C600&amp;ssl=1 506w, https:\/\/i0.wp.com\/www.manquepierda.com\/historiarealbetis\/files\/2013\/10\/Soladrero1.jpg?w=517&amp;ssl=1 517w\" sizes=\"auto, (max-width: 185px) 100vw, 185px\" \/><\/a><figcaption id=\"caption-attachment-33063\" class=\"wp-caption-text\"><strong>5.-Medio-Centro.-Enrique SOLADRERO Arbide.-18 A\u00f1os y 6 meses.<\/strong><\/figcaption><\/figure>\n<p style=\"text-align: left\"><strong>ARRIGORRIAGA (Vizcaya), mi\u00e9rcoles 30-Abril-1913.-SAN SEBASTI\u00c1N (Guip\u00fazcoa), domingo 17-Octubre-1976.-63 A\u00f1os y 5 meses.-D. E. P.<\/strong><\/p>\n<p style=\"text-align: left\"><strong>Temporadas 1930-1931 \u00e1 1931-1932 Campeonato Nacional Liga Segunda Divisi\u00f3n; 1932-1933 \u00e1 1933-1934; ambas inclusive.<\/strong><\/p>\n<figure id=\"attachment_32841\" aria-describedby=\"caption-attachment-32841\" style=\"width: 128px\" class=\"wp-caption aligncenter\"><a href=\"https:\/\/www.manquepierda.com\/historiarealbetis\/32832-1931-noviembre-15-andalucia-10jornada-cordoba-racing-club-1-vs-betis-balompie-3\/adolfito-1929-4\/\" rel=\"attachment wp-att-32841\"><img data-recalc-dims=\"1\" loading=\"lazy\" decoding=\"async\" class=\"size-full wp-image-32841\" src=\"https:\/\/i0.wp.com\/www.manquepierda.com\/historiarealbetis\/files\/2013\/10\/ADOLFITO-1929.jpg?resize=128%2C182&#038;ssl=1\" alt=\"ADOLFO Sancho Carrillo de Albornoz (a) &quot;ADOLFITO \u00f3 Adolfo I&quot;.\" width=\"128\" height=\"182\" \/><\/a><figcaption id=\"caption-attachment-32841\" class=\"wp-caption-text\"><strong>6.-Medio-Zurdo.-Adolfo Sancho Carrillo De Albornoz (a) \u00abADOLFITO-ADOLFO I\u00bb.-26 A\u00f1os-5 meses y 11 d\u00edas.<\/strong><\/figcaption><\/figure>\n<p style=\"text-align: left\"><strong>SEVILLA, domingo 18-Junio-1905.-SEVILLA, lunes 13-Enero-1975.-69 A\u00f1os y 6 meses.-D. E. P.<\/strong><\/p>\n<p style=\"text-align: left\"><strong>Temporadas 1925-1926 \u00e1 1931-1932 Campeonato Nacional Liga Segunda Divisi\u00f3n; 1932-1933 \u00e1 1934-1935; ambas inclusive.<\/strong><\/p>\n<figure id=\"attachment_32842\" aria-describedby=\"caption-attachment-32842\" style=\"width: 155px\" class=\"wp-caption aligncenter\"><a href=\"https:\/\/www.manquepierda.com\/historiarealbetis\/32832-1931-noviembre-15-andalucia-10jornada-cordoba-racing-club-1-vs-betis-balompie-3\/timimi1-6\/\" rel=\"attachment wp-att-32842\"><img data-recalc-dims=\"1\" loading=\"lazy\" decoding=\"async\" class=\"size-full wp-image-32842\" src=\"https:\/\/i0.wp.com\/www.manquepierda.com\/historiarealbetis\/files\/2013\/10\/timimi1.jpg?resize=155%2C208&#038;ssl=1\" alt=\"Pedro Gonz\u00e1lez S\u00e1nchez (a)&quot;TIMIMI&quot;.\" width=\"155\" height=\"208\" \/><\/a><figcaption id=\"caption-attachment-32842\" class=\"wp-caption-text\"><strong>7.-Delantero-Extremo Diestro.-Pedro Gonz\u00e1lez S\u00e1nchez (a) \u00abTIMIMI\u00bb.-20 A\u00f1os-10 meses y 28 d\u00edas.<\/strong><\/figcaption><\/figure>\n<p style=\"text-align: left\"><strong>LAS PALMAS DE GRAN CANARIA-barrio de ARENALES-domingo 1\u00ba-Enero-1911.-\u00cdDEM-Hospital de San Mart\u00edn-martes 26-Enero-1960.-49 A\u00f1os y 25 d\u00edas.-D. E. P.<\/strong><\/p>\n<figure id=\"attachment_34324\" aria-describedby=\"caption-attachment-34324\" style=\"width: 193px\" class=\"wp-caption aligncenter\"><a href=\"https:\/\/www.manquepierda.com\/historiarealbetis\/34321-1931-noviembre-29-segunda-division-patronato-betis-balompie-4-goles-vs-murcia-fc-1\/19311129-timimi\/\" rel=\"attachment wp-att-34324\"><img data-recalc-dims=\"1\" loading=\"lazy\" decoding=\"async\" class=\"size-thumbnail wp-image-34324\" src=\"https:\/\/i0.wp.com\/www.manquepierda.com\/historiarealbetis\/files\/2014\/01\/19311129-Timimi.jpg?resize=193%2C220&#038;ssl=1\" alt=\"mmm\" width=\"193\" height=\"220\" srcset=\"https:\/\/i0.wp.com\/www.manquepierda.com\/historiarealbetis\/files\/2014\/01\/19311129-Timimi.jpg?resize=193%2C220&amp;ssl=1 193w, https:\/\/i0.wp.com\/www.manquepierda.com\/historiarealbetis\/files\/2014\/01\/19311129-Timimi.jpg?resize=528%2C600&amp;ssl=1 528w, https:\/\/i0.wp.com\/www.manquepierda.com\/historiarealbetis\/files\/2014\/01\/19311129-Timimi.jpg?resize=616%2C700&amp;ssl=1 616w, https:\/\/i0.wp.com\/www.manquepierda.com\/historiarealbetis\/files\/2014\/01\/19311129-Timimi.jpg?w=676&amp;ssl=1 676w\" sizes=\"auto, (max-width: 193px) 100vw, 193px\" \/><\/a><figcaption id=\"caption-attachment-34324\" class=\"wp-caption-text\">VI\u00d1ETA ABC-SE-19311129-Martes.<\/figcaption><\/figure>\n<p style=\"text-align: left\"><strong>2-1.-1er. Tiempo-Clamorosa ovaci\u00f3n: Jugada archisuperi\u00f3 del 7 b\u00e9tico desde el medio campo acosado por dos rivales a los cu\u00e1les burl\u00f3, intern\u00e1ndose para un ch\u00fa cruzado desde la misma l\u00ednea de puerta rebotando el cuero en el poste contrario hacia el interior de la meta defendida por Enrique; marcador final de esta fase.<br \/>\n<\/strong><\/p>\n<p style=\"text-align: left\"><strong>3-1.-2\u00aa Tiempo.-Gran pase de Soladrero o Garc\u00eda De la Puerta, qui\u00e9n despu\u00e9s de combinar por ala izquierda, para ceder \u00f3ptimamente al 7 verdiblanco, batiendo desde cerca al meta murciano.<\/strong><\/p>\n<p style=\"text-align: left\"><strong>Temporadas 1930-1931 \u00e1 1931-1932 Campeonato Nacional Liga Segunda Divisi\u00f3n; 1932-1933 \u00e1 1934-1935 Campeonato Nacional Liga Primera Divisi\u00f3n.<\/strong><\/p>\n<figure id=\"attachment_34158\" aria-describedby=\"caption-attachment-34158\" style=\"width: 117px\" class=\"wp-caption aligncenter\"><a href=\"https:\/\/www.manquepierda.com\/historiarealbetis\/34154-1935-junio-02-copa-presidente-republica-ida-betis-balompie-1-vs-cd-sabadell-fc-1\/adolfo-ii-adolfomartingonzalez-9\/\" rel=\"attachment wp-att-34158\"><img data-recalc-dims=\"1\" loading=\"lazy\" decoding=\"async\" class=\"size-thumbnail wp-image-34158\" src=\"https:\/\/i0.wp.com\/www.manquepierda.com\/historiarealbetis\/files\/2014\/01\/ADOLFO-II-AdolfoMart%C3%ADnGonz%C3%A1lez.jpg?resize=117%2C220&#038;ssl=1\" alt=\"mmm\" width=\"117\" height=\"220\" srcset=\"https:\/\/i0.wp.com\/www.manquepierda.com\/historiarealbetis\/files\/2014\/01\/ADOLFO-II-AdolfoMart%C3%ADnGonz%C3%A1lez.jpg?resize=117%2C220&amp;ssl=1 117w, https:\/\/i0.wp.com\/www.manquepierda.com\/historiarealbetis\/files\/2014\/01\/ADOLFO-II-AdolfoMart%C3%ADnGonz%C3%A1lez.jpg?w=186&amp;ssl=1 186w\" sizes=\"auto, (max-width: 117px) 100vw, 117px\" \/><\/a><figcaption id=\"caption-attachment-34158\" class=\"wp-caption-text\"><strong>8.-Delantero-Interior Zurdo.-Adolfo Mart\u00edn Gonz\u00e1lez (a) \u00abADOLFO II\u00bb.<\/strong><\/figcaption><\/figure>\n<p style=\"text-align: left\"><strong>SAN CRIST\u00d3BAL DE LA LAGUNA (Tenerife), 09-Diciembre \u00bf?.-\u00c9CIJA (Sevilla), s\u00e1bado 30-Octubre-2010.-96 A\u00f1os.-D. E. P.<\/strong><\/p>\n<figure id=\"attachment_34325\" aria-describedby=\"caption-attachment-34325\" style=\"width: 220px\" class=\"wp-caption aligncenter\"><a href=\"https:\/\/www.manquepierda.com\/historiarealbetis\/34321-1931-noviembre-29-segunda-division-patronato-betis-balompie-4-goles-vs-murcia-fc-1\/19311129-adolfo-ii-1-0\/\" rel=\"attachment wp-att-34325\"><img data-recalc-dims=\"1\" loading=\"lazy\" decoding=\"async\" class=\"size-thumbnail wp-image-34325\" src=\"https:\/\/i0.wp.com\/www.manquepierda.com\/historiarealbetis\/files\/2014\/01\/19311129-Adolfo-II-1-0.jpg?resize=220%2C198&#038;ssl=1\" alt=\"mmm\" width=\"220\" height=\"198\" srcset=\"https:\/\/i0.wp.com\/www.manquepierda.com\/historiarealbetis\/files\/2014\/01\/19311129-Adolfo-II-1-0.jpg?resize=220%2C198&amp;ssl=1 220w, https:\/\/i0.wp.com\/www.manquepierda.com\/historiarealbetis\/files\/2014\/01\/19311129-Adolfo-II-1-0.jpg?w=663&amp;ssl=1 663w\" sizes=\"auto, (max-width: 220px) 100vw, 220px\" \/><\/a><figcaption id=\"caption-attachment-34325\" class=\"wp-caption-text\">VI\u00d1ETA ABC-SE-19311129-Martes.<\/figcaption><\/figure>\n<p style=\"text-align: left\"><strong>1-0.-Primer Tiempo.-Ch\u00fa artichuperi\u00f3 de ADOLFO II tras estupenda pared con Soladrero.<\/strong><\/p>\n<p style=\"text-align: left\"><strong>4-1.-Segundo Tiempo.-Gran jugada de la delantera b\u00e9tica con ch\u00fa de Garc\u00eda De la Puerta que repeli\u00f3 el travesa\u00f1o, recepcion\u00e1ndolo Soladrero cediendo el esf\u00e9rico al 8 verdiblanco muy bien situado, empalm\u00f3 un ch\u00fa muy duro a media altura fusilando al meta Enrique que no pudo atajarlo.<\/strong><\/p>\n<p style=\"text-align: left\"><strong>Temporadas 1930-1931 \u00e1 1931-1932 Campeoato Nacional Liga Segunda Divisi\u00f3n; 1932-1933 \u00e1 1934-1935 Campeonato Nacional Liga Primera Divisi\u00f3n; 1935-1936; 1941-1942; ambas inclusive.<\/strong><\/p>\n<figure id=\"attachment_33450\" aria-describedby=\"caption-attachment-33450\" style=\"width: 188px\" class=\"wp-caption aligncenter\"><a href=\"https:\/\/www.manquepierda.com\/historiarealbetis\/33442-1931-septiembre-20-andalucia-a-betis-balompie-3-goals-vs-recreativo-huelva-2\/rosendo-romero-garcia-3\/\" rel=\"attachment wp-att-33450\"><img data-recalc-dims=\"1\" loading=\"lazy\" decoding=\"async\" class=\"size-thumbnail wp-image-33450\" src=\"https:\/\/i0.wp.com\/www.manquepierda.com\/historiarealbetis\/files\/2013\/11\/Rosendo-ROMERO-Garc%C3%ADa.png?resize=188%2C220&#038;ssl=1\" alt=\"mmm\" width=\"188\" height=\"220\" srcset=\"https:\/\/i0.wp.com\/www.manquepierda.com\/historiarealbetis\/files\/2013\/11\/Rosendo-ROMERO-Garc%C3%ADa.png?resize=188%2C220&amp;ssl=1 188w, https:\/\/i0.wp.com\/www.manquepierda.com\/historiarealbetis\/files\/2013\/11\/Rosendo-ROMERO-Garc%C3%ADa.png?w=191&amp;ssl=1 191w\" sizes=\"auto, (max-width: 188px) 100vw, 188px\" \/><\/a><figcaption id=\"caption-attachment-33450\" class=\"wp-caption-text\"><strong>9.-Centro Delantero.-ARIETE.-Rosendo ROMERO Garc\u00eda (a) \u00abEl Chato\u00bb.-20 A\u00f1os.<\/strong><\/figcaption><\/figure>\n<p style=\"text-align: left\"><strong>MARCHENA (Sevilla), 00-00-1910.-No localizadas ciudad y fecha fallecimiento.-D. E. P.<\/strong><\/p>\n<p style=\"text-align: left\"><strong>Temporadas 1930-1931 \u00e1 1931-1932; 1939-1940; ambas inclusive.<\/strong><\/p>\n<figure id=\"attachment_32170\" aria-describedby=\"caption-attachment-32170\" style=\"width: 135px\" class=\"wp-caption aligncenter\"><a href=\"https:\/\/www.manquepierda.com\/historiarealbetis\/32162-1931-diciembre-20-segunda-division-sevilla-fbc-2-vs-betis-balompie-3-goals\/garciadelapuerta\/\" rel=\"attachment wp-att-32170\"><img data-recalc-dims=\"1\" loading=\"lazy\" decoding=\"async\" class=\"size-full wp-image-32170\" src=\"https:\/\/i0.wp.com\/www.manquepierda.com\/historiarealbetis\/files\/2013\/08\/Garciadelapuerta.jpg?resize=135%2C167&#038;ssl=1\" alt=\"colecci\u00f3n e. a. c. \" width=\"135\" height=\"167\" \/><\/a><figcaption id=\"caption-attachment-32170\" class=\"wp-caption-text\"><strong>10.-Delantero.-Interior Zurdo.-Mariano GARC\u00cdA DE LA PUERTA.-24 A\u00f1os y 6 meses.<\/strong><\/figcaption><\/figure>\n<p style=\"text-align: left\"><strong>BARCELONA, viernes 31-Mayo-1907.-MADRID \u00bf?.-D. E. P.<\/strong><\/p>\n<p style=\"text-align: left\"><strong>Temporadas 1931-1932 Campeonato Nacional Liga Segunda Divisi\u00f3n \u00e1 1933-1934; ambas inclusive.<\/strong><\/p>\n<figure id=\"attachment_34326\" aria-describedby=\"caption-attachment-34326\" style=\"width: 188px\" class=\"wp-caption aligncenter\"><a href=\"https:\/\/www.manquepierda.com\/historiarealbetis\/34321-1931-noviembre-29-segunda-division-patronato-betis-balompie-4-goles-vs-murcia-fc-1\/rafael-sanz-2\/\" rel=\"attachment wp-att-34326\"><img data-recalc-dims=\"1\" loading=\"lazy\" decoding=\"async\" class=\"size-thumbnail wp-image-34326\" src=\"https:\/\/i0.wp.com\/www.manquepierda.com\/historiarealbetis\/files\/2014\/01\/Rafael-SANZ.png?resize=188%2C220&#038;ssl=1\" alt=\"MMMM\" width=\"188\" height=\"220\" srcset=\"https:\/\/i0.wp.com\/www.manquepierda.com\/historiarealbetis\/files\/2014\/01\/Rafael-SANZ.png?resize=188%2C220&amp;ssl=1 188w, https:\/\/i0.wp.com\/www.manquepierda.com\/historiarealbetis\/files\/2014\/01\/Rafael-SANZ.png?w=191&amp;ssl=1 191w\" sizes=\"auto, (max-width: 188px) 100vw, 188px\" \/><\/a><figcaption id=\"caption-attachment-34326\" class=\"wp-caption-text\"><strong>11.-Delantero.-Extremo Zurdo.-Rafael SANZ.<\/strong><\/figcaption><\/figure>\n<p style=\"text-align: left\"><strong>No localizadas ciudades y fechas nacimiento-fallecimiento.-D. E. P.<\/strong><\/p>\n<p style=\"text-align: left\"><strong>Temporadas 1930-1931 \u00e1 1931-1932 Campeonato Nacional Liga Segunda Divisi\u00f3n; 1932-1933; ambas inclusive.<\/strong><\/p>\n<figure id=\"attachment_34333\" aria-describedby=\"caption-attachment-34333\" style=\"width: 178px\" class=\"wp-caption aligncenter\"><a href=\"https:\/\/www.manquepierda.com\/historiarealbetis\/34321-1931-noviembre-29-segunda-division-patronato-betis-balompie-4-goles-vs-murcia-fc-1\/oselito-19311129\/\" rel=\"attachment wp-att-34333\"><img data-recalc-dims=\"1\" loading=\"lazy\" decoding=\"async\" class=\"size-thumbnail wp-image-34333\" src=\"https:\/\/i0.wp.com\/www.manquepierda.com\/historiarealbetis\/files\/2014\/01\/Oselito-19311129.jpg?resize=178%2C220&#038;ssl=1\" alt=\"mmm\" width=\"178\" height=\"220\" srcset=\"https:\/\/i0.wp.com\/www.manquepierda.com\/historiarealbetis\/files\/2014\/01\/Oselito-19311129.jpg?resize=178%2C220&amp;ssl=1 178w, https:\/\/i0.wp.com\/www.manquepierda.com\/historiarealbetis\/files\/2014\/01\/Oselito-19311129.jpg?resize=486%2C600&amp;ssl=1 486w, https:\/\/i0.wp.com\/www.manquepierda.com\/historiarealbetis\/files\/2014\/01\/Oselito-19311129.jpg?resize=568%2C700&amp;ssl=1 568w, https:\/\/i0.wp.com\/www.manquepierda.com\/historiarealbetis\/files\/2014\/01\/Oselito-19311129.jpg?w=676&amp;ssl=1 676w\" sizes=\"auto, (max-width: 178px) 100vw, 178px\" \/><\/a><figcaption id=\"caption-attachment-34333\" class=\"wp-caption-text\"><strong>VI\u00d1ETA MART\u00cdNEZ DE LE\u00d3N.-ABC-SE-19311201-Martes.<\/strong><\/figcaption><\/figure>\n<p style=\"text-align: center\">VS.<\/p>\n<figure id=\"attachment_34327\" aria-describedby=\"caption-attachment-34327\" style=\"width: 161px\" class=\"wp-caption aligncenter\"><a href=\"https:\/\/www.manquepierda.com\/historiarealbetis\/34321-1931-noviembre-29-segunda-division-patronato-betis-balompie-4-goles-vs-murcia-fc-1\/murciaftbolclubrepblicakw8\/\" rel=\"attachment wp-att-34327\"><img data-recalc-dims=\"1\" loading=\"lazy\" decoding=\"async\" class=\"size-thumbnail wp-image-34327\" src=\"https:\/\/i0.wp.com\/www.manquepierda.com\/historiarealbetis\/files\/2014\/01\/murciaftbolclubrepblicakw8.png?resize=161%2C220&#038;ssl=1\" alt=\"mmmm\" width=\"161\" height=\"220\" srcset=\"https:\/\/i0.wp.com\/www.manquepierda.com\/historiarealbetis\/files\/2014\/01\/murciaftbolclubrepblicakw8.png?resize=161%2C220&amp;ssl=1 161w, https:\/\/i0.wp.com\/www.manquepierda.com\/historiarealbetis\/files\/2014\/01\/murciaftbolclubrepblicakw8.png?w=280&amp;ssl=1 280w\" sizes=\"auto, (max-width: 161px) 100vw, 161px\" \/><\/a><figcaption id=\"caption-attachment-34327\" class=\"wp-caption-text\">MURCIA CLUB DE F\u00daTBOL-1 TANTO,-Quinto Clasificado.<\/figcaption><\/figure>\n<p style=\"text-align: left\">ENRIQUE.-VIGUERAS I-<strong>Pedro Pablo ARESO Aramburu<\/strong>.-GRIERA-PALAH\u00cd-VIGUERAS II.-ANTO\u00d1ITO-PALACIOS-Samuel ESCRICH (1-1.-Primer Tiempo)-ARACIL-SORNICHERO.<\/p>\n<p style=\"text-align: left\">RESULTADOS DE LA SEGUNDA JORNADA Y CLASIFICIACI\u00d3N GENERAL SEGUNDA DIVISI\u00d3N-TEMPORADA 1931-1932:<\/p>\n<figure id=\"attachment_34336\" aria-describedby=\"caption-attachment-34336\" style=\"width: 660px\" class=\"wp-caption aligncenter\"><a href=\"https:\/\/www.manquepierda.com\/historiarealbetis\/34321-1931-noviembre-29-segunda-division-patronato-betis-balompie-4-goles-vs-murcia-fc-1\/bb-4-mcf-1\/\" rel=\"attachment wp-att-34336\"><img data-recalc-dims=\"1\" loading=\"lazy\" decoding=\"async\" class=\"size-medium wp-image-34336\" src=\"https:\/\/i0.wp.com\/www.manquepierda.com\/historiarealbetis\/files\/2014\/01\/BB-4-MCF-1.jpg?resize=660%2C600&#038;ssl=1\" alt=\"mmm\" width=\"660\" height=\"600\" srcset=\"https:\/\/i0.wp.com\/www.manquepierda.com\/historiarealbetis\/files\/2014\/01\/BB-4-MCF-1.jpg?resize=660%2C600&amp;ssl=1 660w, https:\/\/i0.wp.com\/www.manquepierda.com\/historiarealbetis\/files\/2014\/01\/BB-4-MCF-1.jpg?resize=220%2C199&amp;ssl=1 220w, https:\/\/i0.wp.com\/www.manquepierda.com\/historiarealbetis\/files\/2014\/01\/BB-4-MCF-1.jpg?w=691&amp;ssl=1 691w\" sizes=\"auto, (max-width: 660px) 100vw, 660px\" \/><\/a><figcaption id=\"caption-attachment-34336\" class=\"wp-caption-text\">ABC-SEVILLA-1931-DICIEMBRE 01.-Martes.<\/figcaption><\/figure>\n<p style=\"text-align: left\">\n","protected":false},"excerpt":{"rendered":"<p>IV EDICI\u00d3N-CAMPEONATO NACIONAL LIGA SEGUNDA DIVISI\u00d3N-TEMPORADA 1931-1932. 1931-NOVIEMBRE 29-DOMINGO EN BARRIO \u00abEL PORVENIR\u00bb-CAMPO MUNICIPAL DEPORTES \u00abPATRONATO OBRERO\u00bb-SEGUNDA JORNADA. Gran Reloj-Marcador dise\u00f1ado por Enrique A\u00f1ino Ilzarbe de Andueza-En vigor desde domingo 28 de Octubre de 1928. \u00a0 XXV PRESIDENTE REAL-BETIS BALOMPI\u00c9. 1926-Oficial Tercero del Cuerpo Facultativo de Archiveros, Bibliotecarios y Arque\u00f3logos de Espa\u00f1a.-Archivo General de Indias.-Sevilla&#8230;.<\/p>\n","protected":false},"author":48,"featured_media":34322,"comment_status":"open","ping_status":"open","sticky":false,"template":"","format":"standard","meta":{"_kad_post_transparent":"","_kad_post_title":"","_kad_post_layout":"","_kad_post_sidebar_id":"","_kad_post_content_style":"","_kad_post_vertical_padding":"","_kad_post_feature":"","_kad_post_feature_position":"","_kad_post_header":false,"_kad_post_footer":false,"_kad_post_classname":"","_jetpack_memberships_contains_paid_content":false,"footnotes":"","jetpack_publicize_message":"","jetpack_publicize_feature_enabled":true,"jetpack_social_post_already_shared":true,"jetpack_social_options":{"image_generator_settings":{"template":"highway","default_image_id":0,"font":"","enabled":false},"version":2}},"categories":[899,1],"tags":[1029,2221,17900,16574],"class_list":["post-34321","post","type-post","status-publish","format-standard","has-post-thumbnail","hentry","category-1930-1939","category-portada","tag-1029","tag-1931-32","tag-liga-segunda-1931-32","tag-real-murcia-cf"],"jetpack_publicize_connections":[],"jetpack_featured_media_url":"https:\/\/i0.wp.com\/www.manquepierda.com\/historiarealbetis\/files\/2014\/01\/19311129-Patronato-BB-4-Murcia-FbC-1.jpg?fit=870%2C445&ssl=1","jetpack_sharing_enabled":true,"jetpack_shortlink":"https:\/\/wp.me\/p1ij08-8Vz","jetpack-related-posts":[],"_links":{"self":[{"href":"https:\/\/www.manquepierda.com\/historiarealbetis\/wp-json\/wp\/v2\/posts\/34321","targetHints":{"allow":["GET"]}}],"collection":[{"href":"https:\/\/www.manquepierda.com\/historiarealbetis\/wp-json\/wp\/v2\/posts"}],"about":[{"href":"https:\/\/www.manquepierda.com\/historiarealbetis\/wp-json\/wp\/v2\/types\/post"}],"author":[{"embeddable":true,"href":"https:\/\/www.manquepierda.com\/historiarealbetis\/wp-json\/wp\/v2\/users\/48"}],"replies":[{"embeddable":true,"href":"https:\/\/www.manquepierda.com\/historiarealbetis\/wp-json\/wp\/v2\/comments?post=34321"}],"version-history":[{"count":1,"href":"https:\/\/www.manquepierda.com\/historiarealbetis\/wp-json\/wp\/v2\/posts\/34321\/revisions"}],"predecessor-version":[{"id":97183,"href":"https:\/\/www.manquepierda.com\/historiarealbetis\/wp-json\/wp\/v2\/posts\/34321\/revisions\/97183"}],"wp:featuredmedia":[{"embeddable":true,"href":"https:\/\/www.manquepierda.com\/historiarealbetis\/wp-json\/wp\/v2\/media\/34322"}],"wp:attachment":[{"href":"https:\/\/www.manquepierda.com\/historiarealbetis\/wp-json\/wp\/v2\/media?parent=34321"}],"wp:term":[{"taxonomy":"category","embeddable":true,"href":"https:\/\/www.manquepierda.com\/historiarealbetis\/wp-json\/wp\/v2\/categories?post=34321"},{"taxonomy":"post_tag","embeddable":true,"href":"https:\/\/www.manquepierda.com\/historiarealbetis\/wp-json\/wp\/v2\/tags?post=34321"}],"curies":[{"name":"wp","href":"https:\/\/api.w.org\/{rel}","templated":true}]}}