{"id":34354,"date":"2014-01-16T21:58:08","date_gmt":"2014-01-16T20:58:08","guid":{"rendered":"http:\/\/www.manquepierda.com\/historiarealbetis\/?p=34354"},"modified":"2024-08-23T17:19:10","modified_gmt":"2024-08-23T15:19:10","slug":"1932-enero-10-segunda-division-patronato-betis-balompie-5-vs-athletic-madrid-1","status":"publish","type":"post","link":"https:\/\/www.manquepierda.com\/historiarealbetis\/1932-enero-10-segunda-division-patronato-betis-balompie-5-vs-athletic-madrid-1\/","title":{"rendered":"1932-Enero 10-Segunda Divisi\u00f3n-Patronato: Betis Balompi\u00e9-5 vs. Athletic Madrid-1"},"content":{"rendered":"<p style=\"text-align: center\"><strong>1932-ENERO 10-DOMINGO EN LA CIUDAD DEL R\u00cdO BETIS.-CAMPO MUNICIPAL DE DEPORTES \u00abPATRONATO OBRERO\u00bb.<\/strong><\/p>\n<p style=\"text-align: center\"><strong>Tarde con \u00abchiri miri\u00bb dificultando bastante el desarrollo del partido.<\/strong><\/p>\n<p style=\"text-align: center\"><strong class=\"size-full wp-image-33844\">CAMPEONATO NACIONAL LIGA SEGUNDA DIVISI\u00d3N-SEXTA JORNADA-TEMPORADA 1931-1932.<\/strong><\/p>\n<figure id=\"attachment_34355\" aria-describedby=\"caption-attachment-34355\" style=\"width: 144px\" class=\"wp-caption aligncenter\"><a href=\"https:\/\/www.manquepierda.com\/historiarealbetis\/34354-1932-enero-10-segunda-division-patronato-betis-balompie-5-vs-athletic-madrid-1\/jarribaseijas\/\" rel=\"attachment wp-att-34355\"><img data-recalc-dims=\"1\" loading=\"lazy\" decoding=\"async\" class=\"size-thumbnail wp-image-34355\" alt=\"mmm\" src=\"https:\/\/i0.wp.com\/www.manquepierda.com\/historiarealbetis\/files\/2014\/01\/JArribaseijas.jpg?resize=144%2C220&#038;ssl=1\" width=\"144\" height=\"220\" srcset=\"https:\/\/i0.wp.com\/www.manquepierda.com\/historiarealbetis\/files\/2014\/01\/JArribaseijas.jpg?resize=144%2C220&amp;ssl=1 144w, https:\/\/i0.wp.com\/www.manquepierda.com\/historiarealbetis\/files\/2014\/01\/JArribaseijas.jpg?w=189&amp;ssl=1 189w\" sizes=\"auto, (max-width: 144px) 100vw, 144px\" \/><\/a><figcaption id=\"caption-attachment-34355\" class=\"wp-caption-text\">Arbitr\u00f3 el colegiado catal\u00e1n JES\u00daS ARRIBAS SEIJAS.-35 A\u00f1os.-Aline\u00f3 ambas escuadras de la forma siguiente.-Buena labor.<\/figcaption><\/figure>\n<p style=\"text-align: center\"><em><strong>\u00abEl p\u00fablico satisfecho del triunfo de su BETIS BALOMPI\u00c9, que cada d\u00eda gana m\u00e1s adeptos\u00bb <\/strong><\/em><strong>(Antonio Olmedo.-ABC-M\/SE).<\/strong><\/p>\n<figure id=\"attachment_32042\" aria-describedby=\"caption-attachment-32042\" style=\"width: 154px\" class=\"wp-caption aligncenter\"><a href=\"https:\/\/www.manquepierda.com\/historiarealbetis\/32036-1933-noviembre-05-primera-division-betis-balompie-2-goles-vs-racing-santander-1\/1932-rbb-43\/\" rel=\"attachment wp-att-32042\"><img data-recalc-dims=\"1\" loading=\"lazy\" decoding=\"async\" class=\"size-full wp-image-32042\" alt=\"bbb\" src=\"https:\/\/i0.wp.com\/www.manquepierda.com\/historiarealbetis\/files\/2013\/08\/1932-RBB1.jpg?resize=154%2C154&#038;ssl=1\" width=\"154\" height=\"154\" srcset=\"https:\/\/i0.wp.com\/www.manquepierda.com\/historiarealbetis\/files\/2013\/08\/1932-RBB1.jpg?w=154&amp;ssl=1 154w, https:\/\/i0.wp.com\/www.manquepierda.com\/historiarealbetis\/files\/2013\/08\/1932-RBB1.jpg?resize=500%2C500&amp;ssl=1 500w\" sizes=\"auto, (max-width: 154px) 100vw, 154px\" \/><\/a><figcaption id=\"caption-attachment-32042\" class=\"wp-caption-text\"><strong>2\u00ba CLASIFICADO.-BETIS BALOMPI\u00c9-5 GOALS.<\/strong><\/figcaption><\/figure>\n<figure id=\"attachment_32936\" aria-describedby=\"caption-attachment-32936\" style=\"width: 161px\" class=\"wp-caption alignright\"><a href=\"https:\/\/www.manquepierda.com\/historiarealbetis\/32931-32931\/jose-ignacio-mantecon-navasal-1-4\/\" rel=\"attachment wp-att-32936\"><img data-recalc-dims=\"1\" loading=\"lazy\" decoding=\"async\" class=\"size-full wp-image-32936\" alt=\"Don JOS\u00c9 IGNACIO MANTEC\u00d3N NAVASAL.\" src=\"https:\/\/i0.wp.com\/www.manquepierda.com\/historiarealbetis\/files\/2013\/10\/Jos%C3%A9-Ignacio-Mantec%C3%B3n-Navasal.11.jpg?resize=161%2C202&#038;ssl=1\" width=\"161\" height=\"202\"><\/a><figcaption id=\"caption-attachment-32936\" class=\"wp-caption-text\"><strong>DON JOS\u00c9 IGNACIO MANTEC\u00d3N NAVASAL.-29 A\u00f1os y 4 meses.<\/strong><\/figcaption><\/figure>\n<p style=\"text-align: right\"><strong>XXV PRESIDENTE REAL-BETIS BALOMPI\u00c9.<\/strong><\/p>\n<p style=\"text-align: right\"><strong>Natural de ZARAGOZA, viernes 26 de Septiembre de 1902.<\/strong><\/p>\n<p style=\"text-align: right\"><strong>Oficial Tercero-Cuerpo Facultativo de Archiveros, Bibliotecarios, y Arque\u00f3logos de Espa\u00f1a.-1926-Septiembre: Archivo General de Indias en Sevilla.<\/strong><\/p>\n<p style=\"text-align: right\"><strong>Falleci\u00f3 en M\u00c9XICO, Distrito Federal, domingo 20 de Junio de 1982.-79 A\u00f1os, 9 meses.-D. E. P.<\/strong><\/p>\n<p style=\"text-align: right\"><strong>Temporadas 1931-1932 Campeonato Nacional Liga Segunda Divisi\u00f3n \u00e1 1932-1933; ambas inclusives.<\/strong><\/p>\n<figure id=\"attachment_34356\" aria-describedby=\"caption-attachment-34356\" style=\"width: 62px\" class=\"wp-caption alignleft\"><a href=\"https:\/\/www.manquepierda.com\/historiarealbetis\/34354-1932-enero-10-segunda-division-patronato-betis-balompie-5-vs-athletic-madrid-1\/emilio-sampere-oliveras-8\/\" rel=\"attachment wp-att-34356\"><img data-recalc-dims=\"1\" loading=\"lazy\" decoding=\"async\" class=\"size-thumbnail wp-image-34356\" alt=\"MMMM\" src=\"https:\/\/i0.wp.com\/www.manquepierda.com\/historiarealbetis\/files\/2014\/01\/Emilio-SAMPERE-Oliveras.jpg?resize=62%2C220&#038;ssl=1\" width=\"62\" height=\"220\" srcset=\"https:\/\/i0.wp.com\/www.manquepierda.com\/historiarealbetis\/files\/2014\/01\/Emilio-SAMPERE-Oliveras.jpg?resize=62%2C220&amp;ssl=1 62w, https:\/\/i0.wp.com\/www.manquepierda.com\/historiarealbetis\/files\/2014\/01\/Emilio-SAMPERE-Oliveras.jpg?resize=170%2C600&amp;ssl=1 170w\" sizes=\"auto, (max-width: 62px) 100vw, 62px\" \/><\/a><figcaption id=\"caption-attachment-34356\" class=\"wp-caption-text\"><strong>EMILIO SAMPERE OLIVERAS 48 A\u00f1os.<\/strong><\/figcaption><\/figure>\n<p style=\"text-align: left\"><strong>ENTRENADOR BETIS BALOMPI\u00c9.<\/strong><\/p>\n<p style=\"text-align: left\"><strong>1894-00-00.-Se desconoce ciudad y fecha de su nacimiento.<\/strong><\/p>\n<p style=\"text-align: left\"><strong>BARCELONA, domingo 04 de Diciembre de 1966.<\/strong><\/p>\n<p style=\"text-align: left\"><strong>61 A\u00f1os.-D. E. P.<\/strong><\/p>\n<p style=\"text-align: left\"><strong>Temporadas 1930-1931 \u00e1 1931-1932 Campeonato Nacional Liga Segunda Divisi\u00f3n; ambas inclusive.<\/strong><\/p>\n<figure id=\"attachment_32529\" aria-describedby=\"caption-attachment-32529\" style=\"width: 151px\" class=\"wp-caption aligncenter\"><a href=\"https:\/\/www.manquepierda.com\/historiarealbetis\/32521-1926-abril-04-grupo-iv-sexta-jornada-real-betis-balompie-3-vs-club-atletico-madrid-2\/jesus-bernaldez-4\/\" rel=\"attachment wp-att-32529\"><img data-recalc-dims=\"1\" loading=\"lazy\" decoding=\"async\" class=\"size-thumbnail wp-image-32529\" alt=\"colecci\u00f3n e.a. c.\" src=\"https:\/\/i0.wp.com\/www.manquepierda.com\/historiarealbetis\/files\/2013\/09\/JES%C3%9AS-Bern%C3%A1ldez.jpg?resize=151%2C220&#038;ssl=1\" width=\"151\" height=\"220\" srcset=\"https:\/\/i0.wp.com\/www.manquepierda.com\/historiarealbetis\/files\/2013\/09\/JES%C3%9AS-Bern%C3%A1ldez.jpg?resize=151%2C220&amp;ssl=1 151w, https:\/\/i0.wp.com\/www.manquepierda.com\/historiarealbetis\/files\/2013\/09\/JES%C3%9AS-Bern%C3%A1ldez.jpg?resize=411%2C600&amp;ssl=1 411w, https:\/\/i0.wp.com\/www.manquepierda.com\/historiarealbetis\/files\/2013\/09\/JES%C3%9AS-Bern%C3%A1ldez.jpg?resize=480%2C700&amp;ssl=1 480w, https:\/\/i0.wp.com\/www.manquepierda.com\/historiarealbetis\/files\/2013\/09\/JES%C3%9AS-Bern%C3%A1ldez.jpg?w=736&amp;ssl=1 736w\" sizes=\"auto, (max-width: 151px) 100vw, 151px\" \/><\/a><figcaption id=\"caption-attachment-32529\" class=\"wp-caption-text\"><strong>1.-Guardameta.-JES\u00daS Bern\u00e1ldez Moreno.-29 A\u00f1os y 4 meses.-DESTAC\u00d3.<\/strong><\/figcaption><\/figure>\n<p style=\"text-align: center\"><strong>VILLANUEVA DEL ARISCAL (Sevilla), mi\u00e9rcoles 19-Agosto-1903.-SEVILLA, viernes 06-Junio-1941.-37 A\u00f1os y 9 meses.-D. E. P.<\/strong><\/p>\n<p style=\"text-align: center\"><strong>1 gol encajado en el segundo tiempo, logrado por Arteche, tras pase de Buir\u00eda en avance veloz, el meta b\u00e9tico par\u00f3 su ch\u00fa pero se le escap\u00f3 el cuero mojado y duro, de sus manos: 3-1. <\/strong><\/p>\n<p style=\"text-align: center\"><strong>Temporadas 1923-1924 \u00e1 1931-1932 (Campeonato Nacional Liga Segunda Divisi\u00f3n); 1932-1933 \u00e1 1935-1936; ambas inclusives.<\/strong><\/p>\n<figure id=\"attachment_34202\" aria-describedby=\"caption-attachment-34202\" style=\"width: 98px\" class=\"wp-caption aligncenter\"><a href=\"https:\/\/www.manquepierda.com\/historiarealbetis\/34195-1928-marzo-18-cpto-espana-grupo-iv-primera-fase-cartagena-4-vs-real-betis-balompie-2\/andres-aranda-gutierrez-2\/\" rel=\"attachment wp-att-34202\"><img data-recalc-dims=\"1\" loading=\"lazy\" decoding=\"async\" class=\"size-thumbnail wp-image-34202\" alt=\"mmm\" src=\"https:\/\/i0.wp.com\/www.manquepierda.com\/historiarealbetis\/files\/2014\/01\/Andr%C3%A9s-ARANDA-Guti%C3%A9rrez.jpg?resize=98%2C220&#038;ssl=1\" width=\"98\" height=\"220\" srcset=\"https:\/\/i0.wp.com\/www.manquepierda.com\/historiarealbetis\/files\/2014\/01\/Andr%C3%A9s-ARANDA-Guti%C3%A9rrez.jpg?resize=98%2C220&amp;ssl=1 98w, https:\/\/i0.wp.com\/www.manquepierda.com\/historiarealbetis\/files\/2014\/01\/Andr%C3%A9s-ARANDA-Guti%C3%A9rrez.jpg?resize=268%2C600&amp;ssl=1 268w, https:\/\/i0.wp.com\/www.manquepierda.com\/historiarealbetis\/files\/2014\/01\/Andr%C3%A9s-ARANDA-Guti%C3%A9rrez.jpg?resize=313%2C700&amp;ssl=1 313w, https:\/\/i0.wp.com\/www.manquepierda.com\/historiarealbetis\/files\/2014\/01\/Andr%C3%A9s-ARANDA-Guti%C3%A9rrez.jpg?w=681&amp;ssl=1 681w\" sizes=\"auto, (max-width: 98px) 100vw, 98px\" \/><\/a><figcaption id=\"caption-attachment-34202\" class=\"wp-caption-text\"><strong>2.-Zaguero-Lateral Diestro ANDR\u00c9S ARANDA Guit\u00ederrez.-26 A\u00f1os y 4 meses.-DESTAC\u00d3.<\/strong><\/figcaption><\/figure>\n<p style=\"text-align: center\"><strong>LORA DEL R\u00cdO (Sevilla), domingo 27-Agosto-1905.-ARACENA (Huelva), mi\u00e9rcoles 10-Marzo-1965.-Siendo entrenador de la primera plantilla verdiblanca.-59 A\u00f1os y 6 meses.-D. E. P.<\/strong><\/p>\n<p style=\"text-align: center\"><strong>Temporadas 1921-1922 \u00e1 1931-1932 Campeonato Nacional Liga Segunda Divisi\u00f3n; 1932-1933 \u00e1 1933-1934; ambas inclusives.<\/strong><\/p>\n<figure id=\"attachment_34357\" aria-describedby=\"caption-attachment-34357\" style=\"width: 151px\" class=\"wp-caption aligncenter\"><a href=\"https:\/\/www.manquepierda.com\/historiarealbetis\/34354-1932-enero-10-segunda-division-patronato-betis-balompie-5-vs-athletic-madrid-1\/jesusin-jesus-alberto-ruiz-medrano-4\/\" rel=\"attachment wp-att-34357\"><img data-recalc-dims=\"1\" loading=\"lazy\" decoding=\"async\" class=\"size-thumbnail wp-image-34357\" alt=\"MMMM\" src=\"https:\/\/i0.wp.com\/www.manquepierda.com\/historiarealbetis\/files\/2014\/01\/JESUS%C3%8DN-Jes%C3%BAs-Alberto-Ruiz-Medrano.jpg?resize=151%2C220&#038;ssl=1\" width=\"151\" height=\"220\" srcset=\"https:\/\/i0.wp.com\/www.manquepierda.com\/historiarealbetis\/files\/2014\/01\/JESUS%C3%8DN-Jes%C3%BAs-Alberto-Ruiz-Medrano.jpg?resize=151%2C220&amp;ssl=1 151w, https:\/\/i0.wp.com\/www.manquepierda.com\/historiarealbetis\/files\/2014\/01\/JESUS%C3%8DN-Jes%C3%BAs-Alberto-Ruiz-Medrano.jpg?resize=412%2C600&amp;ssl=1 412w, https:\/\/i0.wp.com\/www.manquepierda.com\/historiarealbetis\/files\/2014\/01\/JESUS%C3%8DN-Jes%C3%BAs-Alberto-Ruiz-Medrano.jpg?resize=481%2C700&amp;ssl=1 481w, https:\/\/i0.wp.com\/www.manquepierda.com\/historiarealbetis\/files\/2014\/01\/JESUS%C3%8DN-Jes%C3%BAs-Alberto-Ruiz-Medrano.jpg?w=699&amp;ssl=1 699w\" sizes=\"auto, (max-width: 151px) 100vw, 151px\" \/><\/a><figcaption id=\"caption-attachment-34357\" class=\"wp-caption-text\"><strong>3.-Zaguero-Lateral Zurdo.-Jes\u00fas Alberto Ruiz Medrano (a) \u00abJESUS\u00cdN\u00bb.-23 A\u00f1os y 4 meses.-DESTAC\u00d3.<\/strong><\/figcaption><\/figure>\n<p style=\"text-align: center\"><strong>SACED\u00d3N (Guadalajara), viernes 07-Agosto-1908.-SEVILLA, martes 13-Diciembre-1983.-75 A\u00f1os, 4 meses y 6 d\u00edas.-D. E. P.<\/strong><\/p>\n<p style=\"text-align: center\"><strong>Temporadas 1928-1929; 1930-1931 \u00e1 1931-1932 Campeonato Nacional Liga Segunda Divisi\u00f3n; 1932-1933; ambas inclusives.<\/strong><\/p>\n<figure id=\"attachment_34359\" aria-describedby=\"caption-attachment-34359\" style=\"width: 220px\" class=\"wp-caption aligncenter\"><a href=\"https:\/\/www.manquepierda.com\/historiarealbetis\/34354-1932-enero-10-segunda-division-patronato-betis-balompie-5-vs-athletic-madrid-1\/peral-josesuarezgonzalez19320413-5\/\" rel=\"attachment wp-att-34359\"><img data-recalc-dims=\"1\" loading=\"lazy\" decoding=\"async\" class=\"size-thumbnail wp-image-34359\" alt=\"mmm\" src=\"https:\/\/i0.wp.com\/www.manquepierda.com\/historiarealbetis\/files\/2014\/01\/PERAL-Jos%C3%A9Sua%C5%95ezGonz%C3%A1lez19320413.jpg?resize=220%2C204&#038;ssl=1\" width=\"220\" height=\"204\" srcset=\"https:\/\/i0.wp.com\/www.manquepierda.com\/historiarealbetis\/files\/2014\/01\/PERAL-Jos%C3%A9Sua%C5%95ezGonz%C3%A1lez19320413.jpg?resize=220%2C204&amp;ssl=1 220w, https:\/\/i0.wp.com\/www.manquepierda.com\/historiarealbetis\/files\/2014\/01\/PERAL-Jos%C3%A9Sua%C5%95ezGonz%C3%A1lez19320413.jpg?resize=644%2C600&amp;ssl=1 644w, https:\/\/i0.wp.com\/www.manquepierda.com\/historiarealbetis\/files\/2014\/01\/PERAL-Jos%C3%A9Sua%C5%95ezGonz%C3%A1lez19320413.jpg?w=683&amp;ssl=1 683w\" sizes=\"auto, (max-width: 220px) 100vw, 220px\" \/><\/a><figcaption id=\"caption-attachment-34359\" class=\"wp-caption-text\"><strong>4.-Medio-Diestro.-Jos\u00e9 Su\u00e1rez Gonz\u00e1lez (a) \u00abPERAL\u00bb.-20 A\u00f1os, 9 meses.<\/strong><\/figcaption><\/figure>\n<p style=\"text-align: center\"><strong>SEVILLA, lunes 10-Abril-1911.-SEVILLA, domingo 28-Mayo-1967.-56 A\u00f1os, 1 mes y 18 d\u00edas.-D. E. P.<\/strong><\/p>\n<p style=\"text-align: center\"><strong>Temporadas 1929-1930 \u00e1 1931-1932 Campeonato Nacional Liga Segunda Divisi\u00f3n; 1932-1933 \u00e1 1934-1935 Campeonato Nacional Liga Primera Divisi\u00f3n; 1935-1936; 1938-1939 \u00e1 1941-1942 Campeonato Nacional Liga Segunda Divisi\u00f3n; 1942-1943 \u00e1 1943-1944; ambas inclusives.<\/strong><\/p>\n<figure id=\"attachment_34360\" aria-describedby=\"caption-attachment-34360\" style=\"width: 220px\" class=\"wp-caption aligncenter\"><a href=\"https:\/\/www.manquepierda.com\/historiarealbetis\/34354-1932-enero-10-segunda-division-patronato-betis-balompie-5-vs-athletic-madrid-1\/enriquesoladreroarbide19320413-2\/\" rel=\"attachment wp-att-34360\"><img data-recalc-dims=\"1\" loading=\"lazy\" decoding=\"async\" class=\"size-thumbnail wp-image-34360\" alt=\"mmm\" src=\"https:\/\/i0.wp.com\/www.manquepierda.com\/historiarealbetis\/files\/2014\/01\/EnriqueSOLADREROarbide19320413.jpg?resize=220%2C206&#038;ssl=1\" width=\"220\" height=\"206\" srcset=\"https:\/\/i0.wp.com\/www.manquepierda.com\/historiarealbetis\/files\/2014\/01\/EnriqueSOLADREROarbide19320413.jpg?resize=220%2C206&amp;ssl=1 220w, https:\/\/i0.wp.com\/www.manquepierda.com\/historiarealbetis\/files\/2014\/01\/EnriqueSOLADREROarbide19320413.jpg?resize=640%2C600&amp;ssl=1 640w, https:\/\/i0.wp.com\/www.manquepierda.com\/historiarealbetis\/files\/2014\/01\/EnriqueSOLADREROarbide19320413.jpg?w=679&amp;ssl=1 679w\" sizes=\"auto, (max-width: 220px) 100vw, 220px\" \/><\/a><figcaption id=\"caption-attachment-34360\" class=\"wp-caption-text\"><strong>5.-Medio-Centro.-Enrique SOLADRERO Arbide.-18 A\u00f1os, 8 meses.<\/strong><\/figcaption><\/figure>\n<p style=\"text-align: center\"><strong>ARRIGORRIAGA (Vizcaya), mi\u00e9rcoles 30-Abril-1913.-SAN SEBASTI\u00c1N (Guip\u00fazcoa), domingo 17-Octubre-1976.-63 A\u00f1os y 6 meses.-D. E. P.<\/strong><\/p>\n<p style=\"text-align: center\"><strong>Temporadas 1930-1931 \u00e1 1931-1932 Campeonato Nacional Liga Segunda Divisi\u00f3n; 1932-1933 \u00e1 1933-1934; ambas inclusives.<\/strong><\/p>\n<figure id=\"attachment_34361\" aria-describedby=\"caption-attachment-34361\" style=\"width: 220px\" class=\"wp-caption aligncenter\"><a href=\"https:\/\/www.manquepierda.com\/historiarealbetis\/34354-1932-enero-10-segunda-division-patronato-betis-balompie-5-vs-athletic-madrid-1\/adolfito19320413-3\/\" rel=\"attachment wp-att-34361\"><img data-recalc-dims=\"1\" loading=\"lazy\" decoding=\"async\" class=\"size-thumbnail wp-image-34361\" alt=\"mmm\" src=\"https:\/\/i0.wp.com\/www.manquepierda.com\/historiarealbetis\/files\/2014\/01\/ADOLFITO19320413.jpg?resize=220%2C206&#038;ssl=1\" width=\"220\" height=\"206\" srcset=\"https:\/\/i0.wp.com\/www.manquepierda.com\/historiarealbetis\/files\/2014\/01\/ADOLFITO19320413.jpg?resize=220%2C206&amp;ssl=1 220w, https:\/\/i0.wp.com\/www.manquepierda.com\/historiarealbetis\/files\/2014\/01\/ADOLFITO19320413.jpg?resize=640%2C600&amp;ssl=1 640w, https:\/\/i0.wp.com\/www.manquepierda.com\/historiarealbetis\/files\/2014\/01\/ADOLFITO19320413.jpg?w=683&amp;ssl=1 683w\" sizes=\"auto, (max-width: 220px) 100vw, 220px\" \/><\/a><figcaption id=\"caption-attachment-34361\" class=\"wp-caption-text\"><strong>6.-Medio-Zurdo.-Adolfo Sancho Carrillo De Albornoz (a) \u00abADOLFITO-ADOLFO I\u00bb.-26 A\u00f1os, 6 meses.<\/strong><\/figcaption><\/figure>\n<p style=\"text-align: center\"><strong>SEVILLA, domingo 18-Junio-1905.-SEVILLA, lunes 13-Enero-1975.-69 A\u00f1os y 6 meses.-D. E. P.<\/strong><\/p>\n<p style=\"text-align: center\"><strong>Temporadas 1925-1926 \u00e1 1931-1932 Campeonato Nacional Liga Segunda Divisi\u00f3n; 1932-1933 \u00e1 1934-1935; ambas inclusives.<\/strong><\/p>\n<figure id=\"attachment_34362\" aria-describedby=\"caption-attachment-34362\" style=\"width: 163px\" class=\"wp-caption aligncenter\"><a href=\"https:\/\/www.manquepierda.com\/historiarealbetis\/34354-1932-enero-10-segunda-division-patronato-betis-balompie-5-vs-athletic-madrid-1\/timimi-6\/\" rel=\"attachment wp-att-34362\"><img data-recalc-dims=\"1\" loading=\"lazy\" decoding=\"async\" class=\"size-thumbnail wp-image-34362\" alt=\"MMM\" src=\"https:\/\/i0.wp.com\/www.manquepierda.com\/historiarealbetis\/files\/2014\/01\/TIMIMI.jpg?resize=163%2C220&#038;ssl=1\" width=\"163\" height=\"220\" srcset=\"https:\/\/i0.wp.com\/www.manquepierda.com\/historiarealbetis\/files\/2014\/01\/TIMIMI.jpg?resize=163%2C220&amp;ssl=1 163w, https:\/\/i0.wp.com\/www.manquepierda.com\/historiarealbetis\/files\/2014\/01\/TIMIMI.jpg?w=217&amp;ssl=1 217w\" sizes=\"auto, (max-width: 163px) 100vw, 163px\" \/><\/a><figcaption id=\"caption-attachment-34362\" class=\"wp-caption-text\"><strong>7.-Delantero.-Extremo Diestro.-Pedro Gonz\u00e1lez S\u00e1nchez (a) \u00abTIMIMI\u00bb.-21 A\u00f1os y 9 d\u00edas.<\/strong><\/figcaption><\/figure>\n<p style=\"text-align: center\"><strong>LAS PALMAS DE GRAN CANARIA-Arenales-domingo 1\u00ba-Enero-1911.-\u00cdDEM-Hospital San Mart\u00edn-martes 26-Enero-1960.-49 A\u00f1os+25 d\u00edas.-D. E. P.<br \/>\n<\/strong><\/p>\n<p style=\"text-align: center\"><strong>Temporadas 1930-1931 \u00e1 1931-1932 Campeonato Nacional Liga Segunda Divisi\u00f3n; 1932-1933 \u00e1 1934-1935 Campeonato Nacional Liga Primera Divisi\u00f3n; ambas inclusives.<\/strong><\/p>\n<figure id=\"attachment_34363\" aria-describedby=\"caption-attachment-34363\" style=\"width: 156px\" class=\"wp-caption aligncenter\"><a href=\"https:\/\/www.manquepierda.com\/historiarealbetis\/34354-1932-enero-10-segunda-division-patronato-betis-balompie-5-vs-athletic-madrid-1\/adolfo-martin-gonzalez\/\" rel=\"attachment wp-att-34363\"><img data-recalc-dims=\"1\" loading=\"lazy\" decoding=\"async\" class=\"size-thumbnail wp-image-34363\" alt=\"mmm\" src=\"https:\/\/i0.wp.com\/www.manquepierda.com\/historiarealbetis\/files\/2014\/01\/ADOLFO-Mart%C3%ADn-Gonz%C3%A1lez.jpg?resize=156%2C220&#038;ssl=1\" width=\"156\" height=\"220\" srcset=\"https:\/\/i0.wp.com\/www.manquepierda.com\/historiarealbetis\/files\/2014\/01\/ADOLFO-Mart%C3%ADn-Gonz%C3%A1lez.jpg?resize=156%2C220&amp;ssl=1 156w, https:\/\/i0.wp.com\/www.manquepierda.com\/historiarealbetis\/files\/2014\/01\/ADOLFO-Mart%C3%ADn-Gonz%C3%A1lez.jpg?w=195&amp;ssl=1 195w\" sizes=\"auto, (max-width: 156px) 100vw, 156px\" \/><\/a><figcaption id=\"caption-attachment-34363\" class=\"wp-caption-text\"><strong>8.-Delantero.-Interior Diestro.-Adolfo Mart\u00edn Gonz\u00e1lez (a) \u00abADOLFO II\u00bb.<\/strong><\/figcaption><\/figure>\n<p style=\"text-align: center\"><strong>SAN CRIST\u00d3BAL DE LA LAGUNA (Tenerife), 09-12-\u00bf?.-\u00c9CIJA (Sevilla), s\u00e1bado 30-Octubre-2010.-96 A\u00f1os.-D. E. P.<\/strong><\/p>\n<p style=\"text-align: center\"><strong>4-1.-Segundo Tiempo: Ataque en trompa de la tripleta ofensiva finiquit\u00e1ndola el 8 verdiblanco.<\/strong><\/p>\n<p style=\"text-align: center\"><strong>Temporadas 1930-1931 \u00e1 1931-1932 Campeonato Nacional Liga Segunda Divisi\u00f3n; 1932-1933 \u00e1 1934-1935 Campeonato Nacional Liga Primera Divisi\u00f3n; 1935-1936; 1941-1942; ambas inclusives.<\/strong><\/p>\n<figure id=\"attachment_34364\" aria-describedby=\"caption-attachment-34364\" style=\"width: 152px\" class=\"wp-caption aligncenter\"><a href=\"https:\/\/www.manquepierda.com\/historiarealbetis\/34354-1932-enero-10-segunda-division-patronato-betis-balompie-5-vs-athletic-madrid-1\/rosendo-romero-garcia-4\/\" rel=\"attachment wp-att-34364\"><img data-recalc-dims=\"1\" loading=\"lazy\" decoding=\"async\" class=\"size-thumbnail wp-image-34364\" alt=\"mmm\" src=\"https:\/\/i0.wp.com\/www.manquepierda.com\/historiarealbetis\/files\/2014\/01\/Rosendo-ROMERO-Garc%C3%ADa.jpg?resize=152%2C220&#038;ssl=1\" width=\"152\" height=\"220\" srcset=\"https:\/\/i0.wp.com\/www.manquepierda.com\/historiarealbetis\/files\/2014\/01\/Rosendo-ROMERO-Garc%C3%ADa.jpg?resize=152%2C220&amp;ssl=1 152w, https:\/\/i0.wp.com\/www.manquepierda.com\/historiarealbetis\/files\/2014\/01\/Rosendo-ROMERO-Garc%C3%ADa.jpg?w=199&amp;ssl=1 199w\" sizes=\"auto, (max-width: 152px) 100vw, 152px\" \/><\/a><figcaption id=\"caption-attachment-34364\" class=\"wp-caption-text\"><strong>9.-Centro Delantero-ARIETE-Rosendo ROMERO Garc\u00eda (a) \u00abEl Chato\u00bb.-21 A\u00f1os.<\/strong><\/figcaption><\/figure>\n<p style=\"text-align: center\">MARCHENA (Sevilla), 00-00-1910.-No localizadas fechas nacimiento y fallecimiento-ciudad.-D. E. P.<\/p>\n<p style=\"text-align: center\"><strong>3-0.-Segundo Tiempo: Tras una archisuperi\u00f3 jugada de la vanguardia b\u00e9tica empalm\u00f3 un ch\u00fa sobre la marcha.<\/strong><\/p>\n<p style=\"text-align: center\"><strong>Temporadas 1930-1931 \u00e1 1931-1932 Campeonato Nacional Liga Segunda Divisi\u00f3n; 1939-1940; ambas inclusives.<\/strong><\/p>\n<figure id=\"attachment_34365\" aria-describedby=\"caption-attachment-34365\" style=\"width: 220px\" class=\"wp-caption aligncenter\"><a href=\"https:\/\/www.manquepierda.com\/historiarealbetis\/34354-1932-enero-10-segunda-division-patronato-betis-balompie-5-vs-athletic-madrid-1\/mariano-garcia-de-la-puerta\/\" rel=\"attachment wp-att-34365\"><img data-recalc-dims=\"1\" loading=\"lazy\" decoding=\"async\" class=\"size-thumbnail wp-image-34365\" alt=\"mmm\" src=\"https:\/\/i0.wp.com\/www.manquepierda.com\/historiarealbetis\/files\/2014\/01\/Mariano-Garc%C3%ADa-De-la-Puerta.jpg?resize=220%2C220&#038;ssl=1\" width=\"220\" height=\"220\" srcset=\"https:\/\/i0.wp.com\/www.manquepierda.com\/historiarealbetis\/files\/2014\/01\/Mariano-Garc%C3%ADa-De-la-Puerta.jpg?resize=220%2C220&amp;ssl=1 220w, https:\/\/i0.wp.com\/www.manquepierda.com\/historiarealbetis\/files\/2014\/01\/Mariano-Garc%C3%ADa-De-la-Puerta.jpg?w=359&amp;ssl=1 359w\" sizes=\"auto, (max-width: 220px) 100vw, 220px\" \/><\/a><figcaption id=\"caption-attachment-34365\" class=\"wp-caption-text\"><strong>10.-Delantero-Interior Zurdo.-Mariano GARC\u00cdA DE LA PUERTA.-24 A\u00f1os y 7 meses.<\/strong><\/figcaption><\/figure>\n<p style=\"text-align: center\"><strong>BARCELONA, viernes 31-Mayo-1907.-MADRID \u00bf?.-D. E. P.<\/strong><\/p>\n<p style=\"text-align: center\"><strong>1-0.-Primer Tiempo: \u00abTimimi dio un centro largo, que fall\u00f3 Corral, corri\u00e9ndose r\u00e1pidamente el 7 b\u00e9tico para pasar a Romero, que chut\u00f3.&nbsp; El meta Isidro detuvo, pero en el suelo, y el 10 verdiblanco le sac\u00f3 el cuero de las manos.-Berm\u00fadez ocup\u00f3 la meta al resultar lesionado\u00bb.<\/strong><\/p>\n<p style=\"text-align: center\"><strong>2-0.-Segundo Tiempo: Al rematar un saque de esquina batiendo al meta madrile\u00f1o.<\/strong><\/p>\n<p style=\"text-align: center\"><strong>5-1.-Segundo Tiempo: Tras fallos de Corral y del meta Berm\u00fadez, que sali\u00f3 en falso en busca de un centro bombeado de Adolfito.<\/strong><\/p>\n<figure id=\"attachment_34367\" aria-describedby=\"caption-attachment-34367\" style=\"width: 287px\" class=\"wp-caption aligncenter\"><a href=\"https:\/\/www.manquepierda.com\/historiarealbetis\/34354-1932-enero-10-segunda-division-patronato-betis-balompie-5-vs-athletic-madrid-1\/19320110patronato-bb-5-atm-1\/\" rel=\"attachment wp-att-34367\"><img data-recalc-dims=\"1\" loading=\"lazy\" decoding=\"async\" class=\"size-medium wp-image-34367\" alt=\"nnnn\" src=\"https:\/\/i0.wp.com\/www.manquepierda.com\/historiarealbetis\/files\/2014\/01\/19320110Patronato-BB-5-ATM-1.jpg?resize=287%2C600&#038;ssl=1\" width=\"287\" height=\"600\" srcset=\"https:\/\/i0.wp.com\/www.manquepierda.com\/historiarealbetis\/files\/2014\/01\/19320110Patronato-BB-5-ATM-1.jpg?resize=287%2C600&amp;ssl=1 287w, https:\/\/i0.wp.com\/www.manquepierda.com\/historiarealbetis\/files\/2014\/01\/19320110Patronato-BB-5-ATM-1.jpg?resize=105%2C220&amp;ssl=1 105w, https:\/\/i0.wp.com\/www.manquepierda.com\/historiarealbetis\/files\/2014\/01\/19320110Patronato-BB-5-ATM-1.jpg?resize=335%2C700&amp;ssl=1 335w, https:\/\/i0.wp.com\/www.manquepierda.com\/historiarealbetis\/files\/2014\/01\/19320110Patronato-BB-5-ATM-1.jpg?zoom=2&amp;resize=287%2C600&amp;ssl=1 574w\" sizes=\"auto, (max-width: 287px) 100vw, 287px\" \/><\/a><figcaption id=\"caption-attachment-34367\" class=\"wp-caption-text\"><strong>\u00abGARC\u00cdA DE LA PUERTA logra un tanto para el BETIS BALOMPI\u00c9\u00bb.-CP-ESTAMPA N\u00ba 210-Fot\u00f3grafo Gonsabhi.<\/strong><\/figcaption><\/figure>\n<figure id=\"attachment_34368\" aria-describedby=\"caption-attachment-34368\" style=\"width: 189px\" class=\"wp-caption aligncenter\"><a href=\"https:\/\/www.manquepierda.com\/historiarealbetis\/34354-1932-enero-10-segunda-division-patronato-betis-balompie-5-vs-athletic-madrid-1\/vineta-abc_se\/\" rel=\"attachment wp-att-34368\"><img data-recalc-dims=\"1\" loading=\"lazy\" decoding=\"async\" class=\"size-thumbnail wp-image-34368\" alt=\"mmm\" src=\"https:\/\/i0.wp.com\/www.manquepierda.com\/historiarealbetis\/files\/2014\/01\/Vi%C3%B1eta-ABC_SE.jpg?resize=189%2C220&#038;ssl=1\" width=\"189\" height=\"220\" srcset=\"https:\/\/i0.wp.com\/www.manquepierda.com\/historiarealbetis\/files\/2014\/01\/Vi%C3%B1eta-ABC_SE.jpg?resize=189%2C220&amp;ssl=1 189w, https:\/\/i0.wp.com\/www.manquepierda.com\/historiarealbetis\/files\/2014\/01\/Vi%C3%B1eta-ABC_SE.jpg?resize=517%2C600&amp;ssl=1 517w, https:\/\/i0.wp.com\/www.manquepierda.com\/historiarealbetis\/files\/2014\/01\/Vi%C3%B1eta-ABC_SE.jpg?resize=603%2C700&amp;ssl=1 603w, https:\/\/i0.wp.com\/www.manquepierda.com\/historiarealbetis\/files\/2014\/01\/Vi%C3%B1eta-ABC_SE.jpg?w=607&amp;ssl=1 607w\" sizes=\"auto, (max-width: 189px) 100vw, 189px\" \/><\/a><figcaption id=\"caption-attachment-34368\" class=\"wp-caption-text\">Vi\u00f1eta ABC-SE.-\u00abPrimer tanto b\u00e9tico, el portero lesionado en el suelo, mientras Garc\u00eda de la Puerta autor del tanto, es levantado por sus compa\u00f1eros dentro de la red.<\/figcaption><\/figure>\n<figure id=\"attachment_34371\" aria-describedby=\"caption-attachment-34371\" style=\"width: 474px\" class=\"wp-caption aligncenter\"><a href=\"https:\/\/www.manquepierda.com\/historiarealbetis\/34354-1932-enero-10-segunda-division-patronato-betis-balompie-5-vs-athletic-madrid-1\/dlapuerta\/\" rel=\"attachment wp-att-34371\"><img data-recalc-dims=\"1\" loading=\"lazy\" decoding=\"async\" class=\"size-medium wp-image-34371\" alt=\"Vi\u00f1eta ABC-SE-19320112.\" src=\"https:\/\/i0.wp.com\/www.manquepierda.com\/historiarealbetis\/files\/2014\/01\/Dlapuerta.jpg?resize=474%2C600&#038;ssl=1\" width=\"474\" height=\"600\" srcset=\"https:\/\/i0.wp.com\/www.manquepierda.com\/historiarealbetis\/files\/2014\/01\/Dlapuerta.jpg?resize=474%2C600&amp;ssl=1 474w, https:\/\/i0.wp.com\/www.manquepierda.com\/historiarealbetis\/files\/2014\/01\/Dlapuerta.jpg?resize=174%2C220&amp;ssl=1 174w, https:\/\/i0.wp.com\/www.manquepierda.com\/historiarealbetis\/files\/2014\/01\/Dlapuerta.jpg?resize=553%2C700&amp;ssl=1 553w, https:\/\/i0.wp.com\/www.manquepierda.com\/historiarealbetis\/files\/2014\/01\/Dlapuerta.jpg?w=670&amp;ssl=1 670w\" sizes=\"auto, (max-width: 474px) 100vw, 474px\" \/><\/a><figcaption id=\"caption-attachment-34371\" class=\"wp-caption-text\">Vi\u00f1eta ABC-SE-19320112.<\/figcaption><\/figure>\n<p style=\"text-align: center\"><strong>Temporadas 1931-1932 Campeonato Nacional Liga Segunda Divisi\u00f3n \u00e1 1933-1934; ambas inclusives.<\/strong><\/p>\n<figure id=\"attachment_34366\" aria-describedby=\"caption-attachment-34366\" style=\"width: 217px\" class=\"wp-caption aligncenter\"><a href=\"https:\/\/www.manquepierda.com\/historiarealbetis\/34354-1932-enero-10-segunda-division-patronato-betis-balompie-5-vs-athletic-madrid-1\/enrique-garrido-reguera-7\/\" rel=\"attachment wp-att-34366\"><img data-recalc-dims=\"1\" loading=\"lazy\" decoding=\"async\" class=\"size-thumbnail wp-image-34366\" alt=\"mmm\" src=\"https:\/\/i0.wp.com\/www.manquepierda.com\/historiarealbetis\/files\/2014\/01\/ENRIQUE-Garrido-Reguera.jpg?resize=217%2C220&#038;ssl=1\" width=\"217\" height=\"220\" srcset=\"https:\/\/i0.wp.com\/www.manquepierda.com\/historiarealbetis\/files\/2014\/01\/ENRIQUE-Garrido-Reguera.jpg?resize=217%2C220&amp;ssl=1 217w, https:\/\/i0.wp.com\/www.manquepierda.com\/historiarealbetis\/files\/2014\/01\/ENRIQUE-Garrido-Reguera.jpg?w=352&amp;ssl=1 352w\" sizes=\"auto, (max-width: 217px) 100vw, 217px\" \/><\/a><figcaption id=\"caption-attachment-34366\" class=\"wp-caption-text\"><strong>11.-Delantero-Extremo Zurdo.-ENRIQUE Garrido Reguera.-19 A\u00f1os.<\/strong><\/figcaption><\/figure>\n<p style=\"text-align: center\"><strong>SEVILLA 00-00-1913.-SEVILLA 00-Mayo-1948.-D. E. P.<\/strong><\/p>\n<p style=\"text-align: center\"><strong>Temporadas 1925-1926 \u00e1 1931-1932 Campeonato Nacional Liga Segunda Divisi\u00f3n; 1932-1933 \u00e1 1933-1934; ambas inclusives.<\/strong><\/p>\n<figure id=\"attachment_34372\" aria-describedby=\"caption-attachment-34372\" style=\"width: 425px\" class=\"wp-caption aligncenter\"><a href=\"https:\/\/www.manquepierda.com\/historiarealbetis\/34354-1932-enero-10-segunda-division-patronato-betis-balompie-5-vs-athletic-madrid-1\/oselito-9\/\" rel=\"attachment wp-att-34372\"><img data-recalc-dims=\"1\" loading=\"lazy\" decoding=\"async\" class=\"size-medium wp-image-34372\" alt=\"MMMM\" src=\"https:\/\/i0.wp.com\/www.manquepierda.com\/historiarealbetis\/files\/2014\/01\/OSELITO.jpg?resize=425%2C600&#038;ssl=1\" width=\"425\" height=\"600\" srcset=\"https:\/\/i0.wp.com\/www.manquepierda.com\/historiarealbetis\/files\/2014\/01\/OSELITO.jpg?resize=425%2C600&amp;ssl=1 425w, https:\/\/i0.wp.com\/www.manquepierda.com\/historiarealbetis\/files\/2014\/01\/OSELITO.jpg?resize=156%2C220&amp;ssl=1 156w, https:\/\/i0.wp.com\/www.manquepierda.com\/historiarealbetis\/files\/2014\/01\/OSELITO.jpg?resize=496%2C700&amp;ssl=1 496w, https:\/\/i0.wp.com\/www.manquepierda.com\/historiarealbetis\/files\/2014\/01\/OSELITO.jpg?w=507&amp;ssl=1 507w\" sizes=\"auto, (max-width: 425px) 100vw, 425px\" \/><\/a><figcaption id=\"caption-attachment-34372\" class=\"wp-caption-text\">ABC-SE-19320112.-VI\u00d1ETA MART\u00cdNEZ DE LE\u00d3N <strong>\u00abOSELITO: \u00a1\u00a1\u00a1 VIVA ER BETI \u00a1\u00a1\u00a1 <\/strong><\/figcaption><\/figure>\n<p style=\"text-align: center\">VS.<\/p>\n<figure id=\"attachment_34369\" aria-describedby=\"caption-attachment-34369\" style=\"width: 680px\" class=\"wp-caption aligncenter\"><a href=\"https:\/\/www.manquepierda.com\/historiarealbetis\/34354-1932-enero-10-segunda-division-patronato-betis-balompie-5-vs-athletic-madrid-1\/19320110patronato-athletic-madrid\/\" rel=\"attachment wp-att-34369\"><img data-recalc-dims=\"1\" loading=\"lazy\" decoding=\"async\" class=\"size-medium wp-image-34369\" alt=\"mmm\" src=\"https:\/\/i0.wp.com\/www.manquepierda.com\/historiarealbetis\/files\/2014\/01\/19320110Patronato-Athletic-Madrid.jpg?resize=680%2C539&#038;ssl=1\" width=\"680\" height=\"539\" srcset=\"https:\/\/i0.wp.com\/www.manquepierda.com\/historiarealbetis\/files\/2014\/01\/19320110Patronato-Athletic-Madrid.jpg?resize=680%2C539&amp;ssl=1 680w, https:\/\/i0.wp.com\/www.manquepierda.com\/historiarealbetis\/files\/2014\/01\/19320110Patronato-Athletic-Madrid.jpg?resize=220%2C174&amp;ssl=1 220w, https:\/\/i0.wp.com\/www.manquepierda.com\/historiarealbetis\/files\/2014\/01\/19320110Patronato-Athletic-Madrid.jpg?resize=882%2C700&amp;ssl=1 882w, https:\/\/i0.wp.com\/www.manquepierda.com\/historiarealbetis\/files\/2014\/01\/19320110Patronato-Athletic-Madrid.jpg?w=1168&amp;ssl=1 1168w\" sizes=\"auto, (max-width: 680px) 100vw, 680px\" \/><\/a><figcaption id=\"caption-attachment-34369\" class=\"wp-caption-text\">\u00abEl equipo madrile\u00f1o del Athletic que fue derrotado en Sevilla por el Betis Balompi\u00e9 por 5-1\u00bb-CP-ESTAMPA N\u00aa 210-Fot\u00f3grafo Gonsanhi.<\/figcaption><\/figure>\n<p style=\"text-align: center\">7\u00ba Clasificado ATHLETIC DE MADRID:<\/p>\n<p style=\"text-align: center\">ISIDRO (BERM\u00daDEZ).-CORRAL-PEP\u00cdN.-ANTO\u00d1ITO-REY-ARTEGAGA.-<strong>Jos\u00e9 Lu\u00eds CONDE C\u00e1rdenas<\/strong>-CUESTA-ARTECHE (3-1.-Segundo Tiempo)-Santiago BUIR\u00cdA E ILLERA.<\/p>\n<p style=\"text-align: center\">RESULTADOS SEXTA JORNADA LIGA SEGUNDA DIVISI\u00d3N-TEMPORADA 1931-1932.-CLASIFICACI\u00d3N GENERAL:<\/p>\n<figure id=\"attachment_34370\" aria-describedby=\"caption-attachment-34370\" style=\"width: 582px\" class=\"wp-caption aligncenter\"><a href=\"https:\/\/www.manquepierda.com\/historiarealbetis\/34354-1932-enero-10-segunda-division-patronato-betis-balompie-5-vs-athletic-madrid-1\/attachment\/19311012\/\" rel=\"attachment wp-att-34370\"><img data-recalc-dims=\"1\" loading=\"lazy\" decoding=\"async\" class=\"size-medium wp-image-34370\" alt=\"MMM\" src=\"https:\/\/i0.wp.com\/www.manquepierda.com\/historiarealbetis\/files\/2014\/01\/19311012.jpg?resize=582%2C600&#038;ssl=1\" width=\"582\" height=\"600\" srcset=\"https:\/\/i0.wp.com\/www.manquepierda.com\/historiarealbetis\/files\/2014\/01\/19311012.jpg?resize=582%2C600&amp;ssl=1 582w, https:\/\/i0.wp.com\/www.manquepierda.com\/historiarealbetis\/files\/2014\/01\/19311012.jpg?resize=213%2C220&amp;ssl=1 213w, https:\/\/i0.wp.com\/www.manquepierda.com\/historiarealbetis\/files\/2014\/01\/19311012.jpg?resize=680%2C700&amp;ssl=1 680w, https:\/\/i0.wp.com\/www.manquepierda.com\/historiarealbetis\/files\/2014\/01\/19311012.jpg?w=683&amp;ssl=1 683w\" sizes=\"auto, (max-width: 582px) 100vw, 582px\" \/><\/a><figcaption id=\"caption-attachment-34370\" class=\"wp-caption-text\">ABC-M-SE-19320112.<\/figcaption><\/figure>\n<p>&nbsp;<\/p>\n<p>&nbsp;<\/p>\n<p>&nbsp;<\/p>\n","protected":false},"excerpt":{"rendered":"<p>1932-ENERO 10-DOMINGO EN LA CIUDAD DEL R\u00cdO BETIS.-CAMPO MUNICIPAL DE DEPORTES \u00abPATRONATO OBRERO\u00bb. Tarde con \u00abchiri miri\u00bb dificultando bastante el desarrollo del partido. CAMPEONATO NACIONAL LIGA SEGUNDA DIVISI\u00d3N-SEXTA JORNADA-TEMPORADA 1931-1932. \u00abEl p\u00fablico satisfecho del triunfo de su BETIS BALOMPI\u00c9, que cada d\u00eda gana m\u00e1s adeptos\u00bb (Antonio Olmedo.-ABC-M\/SE). XXV PRESIDENTE REAL-BETIS BALOMPI\u00c9. Natural de ZARAGOZA, viernes&#8230;<\/p>\n","protected":false},"author":48,"featured_media":34367,"comment_status":"open","ping_status":"open","sticky":false,"template":"","format":"standard","meta":{"_kad_post_transparent":"","_kad_post_title":"","_kad_post_layout":"","_kad_post_sidebar_id":"","_kad_post_content_style":"","_kad_post_vertical_padding":"","_kad_post_feature":"","_kad_post_feature_position":"","_kad_post_header":false,"_kad_post_footer":false,"_kad_post_classname":"","_jetpack_memberships_contains_paid_content":false,"footnotes":"","jetpack_publicize_message":"","jetpack_publicize_feature_enabled":true,"jetpack_social_post_already_shared":true,"jetpack_social_options":{"image_generator_settings":{"template":"highway","default_image_id":0,"font":"","enabled":false},"version":2}},"categories":[899,1],"tags":[2221,44,15850,13849,17900],"class_list":["post-34354","post","type-post","status-publish","format-standard","has-post-thumbnail","hentry","category-1930-1939","category-portada","tag-1931-32","tag-44","tag-athletic-club-madrid","tag-club-atletico-de-madrid","tag-liga-segunda-1931-32"],"jetpack_publicize_connections":[],"jetpack_featured_media_url":"https:\/\/i0.wp.com\/www.manquepierda.com\/historiarealbetis\/files\/2014\/01\/19320110Patronato-BB-5-ATM-1.jpg?fit=721%2C1503&ssl=1","jetpack_sharing_enabled":true,"jetpack_shortlink":"https:\/\/wp.me\/p1ij08-8W6","jetpack-related-posts":[],"_links":{"self":[{"href":"https:\/\/www.manquepierda.com\/historiarealbetis\/wp-json\/wp\/v2\/posts\/34354","targetHints":{"allow":["GET"]}}],"collection":[{"href":"https:\/\/www.manquepierda.com\/historiarealbetis\/wp-json\/wp\/v2\/posts"}],"about":[{"href":"https:\/\/www.manquepierda.com\/historiarealbetis\/wp-json\/wp\/v2\/types\/post"}],"author":[{"embeddable":true,"href":"https:\/\/www.manquepierda.com\/historiarealbetis\/wp-json\/wp\/v2\/users\/48"}],"replies":[{"embeddable":true,"href":"https:\/\/www.manquepierda.com\/historiarealbetis\/wp-json\/wp\/v2\/comments?post=34354"}],"version-history":[{"count":1,"href":"https:\/\/www.manquepierda.com\/historiarealbetis\/wp-json\/wp\/v2\/posts\/34354\/revisions"}],"predecessor-version":[{"id":89925,"href":"https:\/\/www.manquepierda.com\/historiarealbetis\/wp-json\/wp\/v2\/posts\/34354\/revisions\/89925"}],"wp:featuredmedia":[{"embeddable":true,"href":"https:\/\/www.manquepierda.com\/historiarealbetis\/wp-json\/wp\/v2\/media\/34367"}],"wp:attachment":[{"href":"https:\/\/www.manquepierda.com\/historiarealbetis\/wp-json\/wp\/v2\/media?parent=34354"}],"wp:term":[{"taxonomy":"category","embeddable":true,"href":"https:\/\/www.manquepierda.com\/historiarealbetis\/wp-json\/wp\/v2\/categories?post=34354"},{"taxonomy":"post_tag","embeddable":true,"href":"https:\/\/www.manquepierda.com\/historiarealbetis\/wp-json\/wp\/v2\/tags?post=34354"}],"curies":[{"name":"wp","href":"https:\/\/api.w.org\/{rel}","templated":true}]}}