{"id":34486,"date":"2014-01-31T07:35:41","date_gmt":"2014-01-31T06:35:41","guid":{"rendered":"http:\/\/www.manquepierda.com\/historiarealbetis\/?p=34486"},"modified":"2024-08-28T13:55:58","modified_gmt":"2024-08-28T11:55:58","slug":"alineacion-betis-espanol-copa-1977","status":"publish","type":"post","link":"https:\/\/www.manquepierda.com\/historiarealbetis\/alineacion-betis-espanol-copa-1977\/","title":{"rendered":"Alineaci\u00f3n Betis-Espa\u00f1ol Copa 1977"},"content":{"rendered":"<p><a href=\"https:\/\/www.manquepierda.com\/historiarealbetis\/34486-alineacion-betis-espanol-copa-1977\/enero-31-alineacion-betis-espanol-copa-1977\/\" rel=\"attachment wp-att-34487\"><img data-recalc-dims=\"1\" loading=\"lazy\" decoding=\"async\" class=\"aligncenter size-full wp-image-34487\" src=\"https:\/\/i0.wp.com\/www.manquepierda.com\/historiarealbetis\/files\/2014\/01\/Enero-31-Alineaci%C3%B3n-Betis-Espa%C3%B1ol-Copa-1977.jpg?resize=300%2C200&#038;ssl=1\" alt=\"Enero-31 Alineaci\u00f3n Betis-Espa\u00f1ol Copa 1977\" width=\"300\" height=\"200\" srcset=\"https:\/\/i0.wp.com\/www.manquepierda.com\/historiarealbetis\/files\/2014\/01\/Enero-31-Alineaci%C3%B3n-Betis-Espa%C3%B1ol-Copa-1977.jpg?w=300&amp;ssl=1 300w, https:\/\/i0.wp.com\/www.manquepierda.com\/historiarealbetis\/files\/2014\/01\/Enero-31-Alineaci%C3%B3n-Betis-Espa%C3%B1ol-Copa-1977.jpg?resize=220%2C146&amp;ssl=1 220w\" sizes=\"auto, (max-width: 300px) 100vw, 300px\" \/><\/a><\/p>\n<p>&nbsp;<\/p>\n<p>18 de junio de 1977 en el Benito Villamar\u00edn \u00a0Betis 2 \u00a0Espa\u00f1ol 0; partido de vuelta de las semifinales de Copa.<\/p>\n<p><span style=\"line-height: 1.5em\">En la imagen arriba Esnaola, Bizcocho, Biosca, Sabat\u00e9, Ben\u00edtez y L\u00f3pez; \u00a0abajo: Megido, Alabanda, Eulate, Carde\u00f1osa y Garc\u00eda Soriano.<\/span><\/p>\n<p><span style=\"line-height: 1.5em\">\u00a0Con tantos de Antonio Biosca en los minutos 88 y 92 el Betis daba la vuelta al 1-0 de Sarri\u00e1 y se clasificaba para la final de Copa contra el Athletic.<\/span><\/p>\n<p>Rafael Iriondo entrenaba al Betis y Emilio Santamar\u00eda al Espa\u00f1ol.<\/p>\n","protected":false},"excerpt":{"rendered":"<p>&nbsp; 18 de junio de 1977 en el Benito Villamar\u00edn \u00a0Betis 2 \u00a0Espa\u00f1ol 0; partido de vuelta de las semifinales de Copa. En la imagen arriba Esnaola, Bizcocho, Biosca, Sabat\u00e9, Ben\u00edtez y L\u00f3pez; \u00a0abajo: Megido, Alabanda, Eulate, Carde\u00f1osa y Garc\u00eda Soriano. \u00a0Con tantos de Antonio Biosca en los minutos 88 y 92 el Betis daba&#8230;<\/p>\n","protected":false},"author":5,"featured_media":34487,"comment_status":"open","ping_status":"open","sticky":false,"template":"","format":"standard","meta":{"_kad_post_transparent":"","_kad_post_title":"","_kad_post_layout":"","_kad_post_sidebar_id":"","_kad_post_content_style":"","_kad_post_vertical_padding":"","_kad_post_feature":"","_kad_post_feature_position":"","_kad_post_header":false,"_kad_post_footer":false,"_kad_post_classname":"","_jetpack_memberships_contains_paid_content":false,"footnotes":"","jetpack_publicize_message":"","jetpack_publicize_feature_enabled":true,"jetpack_social_post_already_shared":true,"jetpack_social_options":{"image_generator_settings":{"template":"highway","default_image_id":0,"font":"","enabled":false},"version":2}},"categories":[903,1],"tags":[2238,1024,1465,1120,1157,18020,1245,1304,1178,1301,1302,1505,1155,711,1164],"class_list":["post-34486","post","type-post","status-publish","format-standard","has-post-thumbnail","hentry","category-1970-1979","category-portada","tag-1976-77","tag-1024","tag-alfredo-megido","tag-antonio-benitez","tag-antonio-biosca","tag-copa-1976-77","tag-francisco-bizcocho","tag-jaume-sabate","tag-javier-lopez","tag-jose-antonio-eulate","tag-jose-ramon-esnaola","tag-juan-antonio-garcia-soriano","tag-julio-cardenosa","tag-rcd-espanyol","tag-sebastian-alabanda"],"jetpack_publicize_connections":[],"jetpack_featured_media_url":"https:\/\/i0.wp.com\/www.manquepierda.com\/historiarealbetis\/files\/2014\/01\/Enero-31-Alineaci%C3%B3n-Betis-Espa%C3%B1ol-Copa-1977.jpg?fit=300%2C200&ssl=1","jetpack_sharing_enabled":true,"jetpack_shortlink":"https:\/\/wp.me\/p1ij08-8Ye","jetpack-related-posts":[],"_links":{"self":[{"href":"https:\/\/www.manquepierda.com\/historiarealbetis\/wp-json\/wp\/v2\/posts\/34486","targetHints":{"allow":["GET"]}}],"collection":[{"href":"https:\/\/www.manquepierda.com\/historiarealbetis\/wp-json\/wp\/v2\/posts"}],"about":[{"href":"https:\/\/www.manquepierda.com\/historiarealbetis\/wp-json\/wp\/v2\/types\/post"}],"author":[{"embeddable":true,"href":"https:\/\/www.manquepierda.com\/historiarealbetis\/wp-json\/wp\/v2\/users\/5"}],"replies":[{"embeddable":true,"href":"https:\/\/www.manquepierda.com\/historiarealbetis\/wp-json\/wp\/v2\/comments?post=34486"}],"version-history":[{"count":1,"href":"https:\/\/www.manquepierda.com\/historiarealbetis\/wp-json\/wp\/v2\/posts\/34486\/revisions"}],"predecessor-version":[{"id":98125,"href":"https:\/\/www.manquepierda.com\/historiarealbetis\/wp-json\/wp\/v2\/posts\/34486\/revisions\/98125"}],"wp:featuredmedia":[{"embeddable":true,"href":"https:\/\/www.manquepierda.com\/historiarealbetis\/wp-json\/wp\/v2\/media\/34487"}],"wp:attachment":[{"href":"https:\/\/www.manquepierda.com\/historiarealbetis\/wp-json\/wp\/v2\/media?parent=34486"}],"wp:term":[{"taxonomy":"category","embeddable":true,"href":"https:\/\/www.manquepierda.com\/historiarealbetis\/wp-json\/wp\/v2\/categories?post=34486"},{"taxonomy":"post_tag","embeddable":true,"href":"https:\/\/www.manquepierda.com\/historiarealbetis\/wp-json\/wp\/v2\/tags?post=34486"}],"curies":[{"name":"wp","href":"https:\/\/api.w.org\/{rel}","templated":true}]}}