{"id":34617,"date":"2014-02-11T07:31:53","date_gmt":"2014-02-11T06:31:53","guid":{"rendered":"http:\/\/www.manquepierda.com\/historiarealbetis\/?p=34617"},"modified":"2024-08-13T10:24:59","modified_gmt":"2024-08-13T08:24:59","slug":"cadiz-betis-liga-1957","status":"publish","type":"post","link":"https:\/\/www.manquepierda.com\/historiarealbetis\/cadiz-betis-liga-1957\/","title":{"rendered":"C\u00e1diz-Betis Liga 1957"},"content":{"rendered":"<p><a href=\"https:\/\/www.manquepierda.com\/historiarealbetis\/34617-cadiz-betis-liga-1957\/cadiz-betis-liga-1957-nmp\/\" rel=\"attachment wp-att-34619\"><img data-recalc-dims=\"1\" loading=\"lazy\" decoding=\"async\" class=\"aligncenter size-full wp-image-34619\" src=\"https:\/\/i0.wp.com\/www.manquepierda.com\/historiarealbetis\/files\/2014\/02\/C%C3%A1diz-Betis-Liga-1957-NMP.jpg?resize=672%2C436&#038;ssl=1\" alt=\"C\u00e1diz-Betis Liga 1957 (NMP)\" width=\"672\" height=\"436\" srcset=\"https:\/\/i0.wp.com\/www.manquepierda.com\/historiarealbetis\/files\/2014\/02\/C%C3%A1diz-Betis-Liga-1957-NMP.jpg?w=672&amp;ssl=1 672w, https:\/\/i0.wp.com\/www.manquepierda.com\/historiarealbetis\/files\/2014\/02\/C%C3%A1diz-Betis-Liga-1957-NMP.jpg?resize=220%2C142&amp;ssl=1 220w\" sizes=\"auto, (max-width: 672px) 100vw, 672px\" \/><\/a><\/p>\n<p>&nbsp;<\/p>\n<p>14 de abril de 1957 en Carranza \u00a0C\u00e1diz \u00a02 \u00a0Betis 1; jornada 29 del Campeonato de Liga de Segunda Divisi\u00f3n.<\/p>\n<p>En la imagen el gol b\u00e9tico, obra de Paqui, y que supuso el moment\u00e1neo empate a 1. El gol b\u00e9tico fue as\u00ed narrado en las p\u00e1ginas de ABC: \u00ab<em>No hab\u00eda transcurrido un minuto (del gol local) cuando Peri\u00f1\u00e1n avanza por su ala, cede a Del Sol, \u00e9te chuta, y el rebote de la defensa lo aprovecha Paqui para desde fuera del \u00e1rea agarrar un buen chut, que bate a Garc\u00eda-Ojeda\u00bb.\u00a0<\/em><\/p>\n<p>El jugador b\u00e9tico que aparece entre los defensores cadistas es el delantero centro Mundo.<\/p>\n<p>Santiago N\u00fa\u00f1ez entrenaba al C\u00e1diz y Carlos Iturraspe al Betis.<\/p>\n","protected":false},"excerpt":{"rendered":"<p>&nbsp; 14 de abril de 1957 en Carranza \u00a0C\u00e1diz \u00a02 \u00a0Betis 1; jornada 29 del Campeonato de Liga de Segunda Divisi\u00f3n. En la imagen el gol b\u00e9tico, obra de Paqui, y que supuso el moment\u00e1neo empate a 1. El gol b\u00e9tico fue as\u00ed narrado en las p\u00e1ginas de ABC: \u00abNo hab\u00eda transcurrido un minuto (del&#8230;<\/p>\n","protected":false},"author":5,"featured_media":34619,"comment_status":"open","ping_status":"open","sticky":false,"template":"","format":"standard","meta":{"_kad_post_transparent":"","_kad_post_title":"","_kad_post_layout":"","_kad_post_sidebar_id":"","_kad_post_content_style":"","_kad_post_vertical_padding":"","_kad_post_feature":"","_kad_post_feature_position":"","_kad_post_header":false,"_kad_post_footer":false,"_kad_post_classname":"","_jetpack_memberships_contains_paid_content":false,"footnotes":"","jetpack_publicize_message":"","jetpack_publicize_feature_enabled":true,"jetpack_social_post_already_shared":true,"jetpack_social_options":{"image_generator_settings":{"template":"highway","default_image_id":0,"font":"","enabled":false},"version":2}},"categories":[901,1],"tags":[4330,4331,187,17938],"class_list":["post-34617","post","type-post","status-publish","format-standard","has-post-thumbnail","hentry","category-1950-1959","category-portada","tag-1956-57","tag-4331","tag-cadiz-cf","tag-liga-segunda-1956-57"],"jetpack_publicize_connections":[],"jetpack_featured_media_url":"https:\/\/i0.wp.com\/www.manquepierda.com\/historiarealbetis\/files\/2014\/02\/C%C3%A1diz-Betis-Liga-1957-NMP.jpg?fit=672%2C436&ssl=1","jetpack_sharing_enabled":true,"jetpack_shortlink":"https:\/\/wp.me\/p1ij08-90l","jetpack-related-posts":[],"_links":{"self":[{"href":"https:\/\/www.manquepierda.com\/historiarealbetis\/wp-json\/wp\/v2\/posts\/34617","targetHints":{"allow":["GET"]}}],"collection":[{"href":"https:\/\/www.manquepierda.com\/historiarealbetis\/wp-json\/wp\/v2\/posts"}],"about":[{"href":"https:\/\/www.manquepierda.com\/historiarealbetis\/wp-json\/wp\/v2\/types\/post"}],"author":[{"embeddable":true,"href":"https:\/\/www.manquepierda.com\/historiarealbetis\/wp-json\/wp\/v2\/users\/5"}],"replies":[{"embeddable":true,"href":"https:\/\/www.manquepierda.com\/historiarealbetis\/wp-json\/wp\/v2\/comments?post=34617"}],"version-history":[{"count":1,"href":"https:\/\/www.manquepierda.com\/historiarealbetis\/wp-json\/wp\/v2\/posts\/34617\/revisions"}],"predecessor-version":[{"id":96495,"href":"https:\/\/www.manquepierda.com\/historiarealbetis\/wp-json\/wp\/v2\/posts\/34617\/revisions\/96495"}],"wp:featuredmedia":[{"embeddable":true,"href":"https:\/\/www.manquepierda.com\/historiarealbetis\/wp-json\/wp\/v2\/media\/34619"}],"wp:attachment":[{"href":"https:\/\/www.manquepierda.com\/historiarealbetis\/wp-json\/wp\/v2\/media?parent=34617"}],"wp:term":[{"taxonomy":"category","embeddable":true,"href":"https:\/\/www.manquepierda.com\/historiarealbetis\/wp-json\/wp\/v2\/categories?post=34617"},{"taxonomy":"post_tag","embeddable":true,"href":"https:\/\/www.manquepierda.com\/historiarealbetis\/wp-json\/wp\/v2\/tags?post=34617"}],"curies":[{"name":"wp","href":"https:\/\/api.w.org\/{rel}","templated":true}]}}