{"id":34668,"date":"2014-02-14T07:30:48","date_gmt":"2014-02-14T06:30:48","guid":{"rendered":"http:\/\/www.manquepierda.com\/historiarealbetis\/?p=34668"},"modified":"2024-08-31T14:47:39","modified_gmt":"2024-08-31T12:47:39","slug":"granada-betis-liga-1975","status":"publish","type":"post","link":"https:\/\/www.manquepierda.com\/historiarealbetis\/granada-betis-liga-1975\/","title":{"rendered":"Granada-Betis Liga 1975"},"content":{"rendered":"<figure id=\"attachment_34669\" aria-describedby=\"caption-attachment-34669\" style=\"width: 680px\" class=\"wp-caption aligncenter\"><a href=\"https:\/\/www.manquepierda.com\/historiarealbetis\/34668-granada-betis-liga-1975\/1975-12-01-granada-betis-1-nmp\/\" rel=\"attachment wp-att-34669\"><img data-recalc-dims=\"1\" loading=\"lazy\" decoding=\"async\" class=\"size-medium wp-image-34669\" src=\"https:\/\/i0.wp.com\/www.manquepierda.com\/historiarealbetis\/files\/2014\/02\/1975-12-01-Granada-Betis-1-NMP.jpg?resize=680%2C449&#038;ssl=1\" alt=\"Fuente: As 1 de diciembre de 1975\" width=\"680\" height=\"449\" srcset=\"https:\/\/i0.wp.com\/www.manquepierda.com\/historiarealbetis\/files\/2014\/02\/1975-12-01-Granada-Betis-1-NMP.jpg?resize=680%2C449&amp;ssl=1 680w, https:\/\/i0.wp.com\/www.manquepierda.com\/historiarealbetis\/files\/2014\/02\/1975-12-01-Granada-Betis-1-NMP.jpg?resize=220%2C145&amp;ssl=1 220w, https:\/\/i0.wp.com\/www.manquepierda.com\/historiarealbetis\/files\/2014\/02\/1975-12-01-Granada-Betis-1-NMP.jpg?resize=960%2C634&amp;ssl=1 960w, https:\/\/i0.wp.com\/www.manquepierda.com\/historiarealbetis\/files\/2014\/02\/1975-12-01-Granada-Betis-1-NMP.jpg?w=1016&amp;ssl=1 1016w\" sizes=\"auto, (max-width: 680px) 100vw, 680px\" \/><\/a><figcaption id=\"caption-attachment-34669\" class=\"wp-caption-text\">Fuente: As 1 de diciembre de 1975<\/figcaption><\/figure>\n<p>&nbsp;<\/p>\n<p>30 de noviembre de 1975 en Los C\u00e1rmenes \u00a0Granada 0 \u00a0Betis 0; jornada 11 de la Liga de Primera Divisi\u00f3n.<\/p>\n<p>En la imagen Esnaola despeja un bal\u00f3n de pu\u00f1os ante el defensa b\u00e9tico Lobato y el delantero granadinista Alfredo Megido.<\/p>\n<p>Miguel Mu\u00f1oz entrenaba al Granada y Ferenc Szusza al Betis.<\/p>\n","protected":false},"excerpt":{"rendered":"<p>&nbsp; 30 de noviembre de 1975 en Los C\u00e1rmenes \u00a0Granada 0 \u00a0Betis 0; jornada 11 de la Liga de Primera Divisi\u00f3n. En la imagen Esnaola despeja un bal\u00f3n de pu\u00f1os ante el defensa b\u00e9tico Lobato y el delantero granadinista Alfredo Megido. Miguel Mu\u00f1oz entrenaba al Granada y Ferenc Szusza al Betis.<\/p>\n","protected":false},"author":5,"featured_media":34669,"comment_status":"open","ping_status":"open","sticky":false,"template":"","format":"standard","meta":{"_kad_post_transparent":"","_kad_post_title":"","_kad_post_layout":"","_kad_post_sidebar_id":"","_kad_post_content_style":"","_kad_post_vertical_padding":"","_kad_post_feature":"","_kad_post_feature_position":"","_kad_post_header":false,"_kad_post_footer":false,"_kad_post_classname":"","_jetpack_memberships_contains_paid_content":false,"footnotes":"","jetpack_publicize_message":"","jetpack_publicize_feature_enabled":true,"jetpack_social_post_already_shared":true,"jetpack_social_options":{"image_generator_settings":{"template":"highway","default_image_id":0,"font":"","enabled":false},"version":2}},"categories":[903,1],"tags":[58,2504,1465,4964,3134,1302,17866],"class_list":["post-34668","post","type-post","status-publish","format-standard","has-post-thumbnail","hentry","category-1970-1979","category-portada","tag-58","tag-1975-76","tag-alfredo-megido","tag-fernando-lobato","tag-granada-cf","tag-jose-ramon-esnaola","tag-liga-primera-1975-76"],"jetpack_publicize_connections":[],"jetpack_featured_media_url":"https:\/\/i0.wp.com\/www.manquepierda.com\/historiarealbetis\/files\/2014\/02\/1975-12-01-Granada-Betis-1-NMP.jpg?fit=1016%2C672&ssl=1","jetpack_sharing_enabled":true,"jetpack_shortlink":"https:\/\/wp.me\/p1ij08-91a","jetpack-related-posts":[],"_links":{"self":[{"href":"https:\/\/www.manquepierda.com\/historiarealbetis\/wp-json\/wp\/v2\/posts\/34668","targetHints":{"allow":["GET"]}}],"collection":[{"href":"https:\/\/www.manquepierda.com\/historiarealbetis\/wp-json\/wp\/v2\/posts"}],"about":[{"href":"https:\/\/www.manquepierda.com\/historiarealbetis\/wp-json\/wp\/v2\/types\/post"}],"author":[{"embeddable":true,"href":"https:\/\/www.manquepierda.com\/historiarealbetis\/wp-json\/wp\/v2\/users\/5"}],"replies":[{"embeddable":true,"href":"https:\/\/www.manquepierda.com\/historiarealbetis\/wp-json\/wp\/v2\/comments?post=34668"}],"version-history":[{"count":1,"href":"https:\/\/www.manquepierda.com\/historiarealbetis\/wp-json\/wp\/v2\/posts\/34668\/revisions"}],"predecessor-version":[{"id":95905,"href":"https:\/\/www.manquepierda.com\/historiarealbetis\/wp-json\/wp\/v2\/posts\/34668\/revisions\/95905"}],"wp:featuredmedia":[{"embeddable":true,"href":"https:\/\/www.manquepierda.com\/historiarealbetis\/wp-json\/wp\/v2\/media\/34669"}],"wp:attachment":[{"href":"https:\/\/www.manquepierda.com\/historiarealbetis\/wp-json\/wp\/v2\/media?parent=34668"}],"wp:term":[{"taxonomy":"category","embeddable":true,"href":"https:\/\/www.manquepierda.com\/historiarealbetis\/wp-json\/wp\/v2\/categories?post=34668"},{"taxonomy":"post_tag","embeddable":true,"href":"https:\/\/www.manquepierda.com\/historiarealbetis\/wp-json\/wp\/v2\/tags?post=34668"}],"curies":[{"name":"wp","href":"https:\/\/api.w.org\/{rel}","templated":true}]}}