{"id":34693,"date":"2014-02-17T07:28:11","date_gmt":"2014-02-17T06:28:11","guid":{"rendered":"http:\/\/www.manquepierda.com\/historiarealbetis\/?p=34693"},"modified":"2024-11-26T19:01:13","modified_gmt":"2024-11-26T18:01:13","slug":"entrevista-carlos-peruena-1980","status":"publish","type":"post","link":"https:\/\/www.manquepierda.com\/historiarealbetis\/entrevista-carlos-peruena-1980\/","title":{"rendered":"Entrevista Carlos Peruena 1980"},"content":{"rendered":"<p><a href=\"https:\/\/www.manquepierda.com\/historiarealbetis\/34693-entrevista-carlos-peruena-1980\/peruena\/\" rel=\"attachment wp-att-34694\"><img data-recalc-dims=\"1\" loading=\"lazy\" decoding=\"async\" class=\"alignleft wp-image-34694\" src=\"https:\/\/i0.wp.com\/www.manquepierda.com\/historiarealbetis\/files\/2014\/02\/Peruena.jpg?resize=308%2C360&#038;ssl=1\" alt=\"Peruena\" width=\"308\" height=\"360\" srcset=\"https:\/\/i0.wp.com\/www.manquepierda.com\/historiarealbetis\/files\/2014\/02\/Peruena.jpg?resize=514%2C600&amp;ssl=1 514w, https:\/\/i0.wp.com\/www.manquepierda.com\/historiarealbetis\/files\/2014\/02\/Peruena.jpg?resize=188%2C220&amp;ssl=1 188w, https:\/\/i0.wp.com\/www.manquepierda.com\/historiarealbetis\/files\/2014\/02\/Peruena.jpg?w=521&amp;ssl=1 521w\" sizes=\"auto, (max-width: 308px) 100vw, 308px\" \/><\/a>Carlos Peruena lleg\u00f3 al Betis en el verano de 1978 procedente del Pe\u00f1arol de Montevideo. \u00a0Su fichaje fue el \u00faltimo que llev\u00f3 a cabo Jos\u00e9 Mar\u00eda de la Concha y fue complicado y problem\u00e1tico por la intenci\u00f3n del club aurinegro de contar con el futbolista el m\u00e1ximo tiempo posible en ese verano de 1978.<\/p>\n<p>Cuando lleg\u00f3 al Betis no se adapt\u00f3 bien al dur\u00edsimo plan de trabajo f\u00edsico que el entrenador Jos\u00e9 Luis Garc\u00eda Traid hab\u00eda impuesto a la plantilla verdiblanca. El equipo militaba por entonces en la Segunda divisi\u00f3n. A\u00fan as\u00ed intervino en 17 partidos esa temporada, terminando como titular.<\/p>\n<p>Mucho mejor le fueron las cosas en la siguiente temporada. \u00a0Con Luis Carriega en el banquillo se convirti\u00f3 en uno de los titulares fijos en la defensa y de forma destacada. Es en este momento, en febrero de 1980, cuando en el diario deportivo AS se publica esta entrevista.<\/p>\n<p>&nbsp;<\/p>\n<p><span style=\"color: #339966\"><em>No le ha sido f\u00e1cil a Carlos Eduardo Peruena Rodr\u00edguez triunfar en el Betis. Nunca defraud\u00f3, y desde la primera vez que sali\u00f3, solo unos minutos, en el oto\u00f1o de 1978, se le apreci\u00f3 la calidad de futbolista que hab\u00eda dentro.<\/em><\/span><\/p>\n<p><span style=\"color: #339966\"><em>\u00a0<\/em><\/span><\/p>\n<p><span style=\"color: #339966\"><em>A Peruena lo conocimos en Montevideo. Fue el d\u00eda que Espa\u00f1a se enfrent\u00f3 a Uruguay en el viejo estadio del Centenario unos d\u00edas antes de que el equipo hispano arribara a Buenos Aires para tomar parte en el Mundial. Peruena fue espectador aquel d\u00eda, por estar lesionado. Era a finales de mayo de 1978. Tambi\u00e9n estaban all\u00ed Jos\u00e9 Mar\u00eda De la Concha, secretario t\u00e9cnico del Betis, y el flamante nuevo entrenador del club sevillano, Jos\u00e9 Luis Garc\u00eda Traid.<\/em><\/span><\/p>\n<p><span style=\"color: #339966\"><em>\u00a0<\/em><\/span><\/p>\n<p><span style=\"color: #339966\"><em>Despu\u00e9s, ya se conoce la historia. Los informes eran buenos en cuanto a la calidad del futbolista. Podr\u00eda o no adaptarse, porque daba la impresi\u00f3n de lentitud. Pe\u00f1arol pidi\u00f3 un aplazamiento, ya que quer\u00eda contar con su defensa central para clasificarse campe\u00f3n una vez m\u00e1s. El Betis insisti\u00f3, y con la campa\u00f1a futbol\u00edstica casi en marcha, con un Betis en Segunda, aunque ten\u00eda una directiva, un equipo, una afici\u00f3n y un entrenador de Primera, culminaron las gestiones con Carlos Eduardo Peruena.<\/em><\/span><\/p>\n<p><span style=\"color: #339966\"><em>\u00a0<\/em><\/span><\/p>\n<p><span style=\"color: #339966\"><em>Lleg\u00f3 m\u00e1s tarde lo dif\u00edcil. Peruena en el Betis no acaba de cuajar. Garc\u00eda Traid impone unos modos en el equipo, exigencia rigurosa en lo f\u00edsico, en la entrega, en velocidad, que Peruena apenas pudo resistir. Hubo momentos delicados \u00bfNo es as\u00ed Carlos Eduardo?<\/em><\/span><\/p>\n<p><span style=\"color: #339966\"><em>&#8211;\u00a0\u00a0\u00a0\u00a0\u00a0 S\u00ed, es verdad. Pero yo nunca me descorazon\u00e9, aunque se pasaron momentos dif\u00edciles. Tan dif\u00edciles que incluso pens\u00e9 en regresar a mi pa\u00eds antes de que nadie pensara que era una estafa\u2026<\/em><\/span><\/p>\n<p><span style=\"color: #339966\"><em>&#8211;\u00a0\u00a0\u00a0\u00a0\u00a0 \u00bfTan distinto es el f\u00fatbol espa\u00f1ol del uruguayo?<\/em><\/span><\/p>\n<p><span style=\"color: #339966\"><em>&#8211;\u00a0\u00a0\u00a0\u00a0\u00a0 No. No lo es tanto. La prueba la tiene en que generalmente los uruguayos triunfan y se adaptan bien al juego espa\u00f1ol. En Espa\u00f1a, en mi opini\u00f3n, el f\u00fatbol es fuerte y r\u00e1pido, mientras que en mi pa\u00eds, en Uruguay, es tambi\u00e9n fuerte, pero es m\u00e1s t\u00e9cnico y menos r\u00e1pido. L\u00f3gico. Si se juega con m\u00e1s rapidez, da menos tiempo a pensar.<\/em><\/span><\/p>\n<p><span style=\"color: #339966\"><em>&#8211;\u00a0\u00a0\u00a0\u00a0\u00a0 Sobre todo habr\u00e1 notado la gran diferencia de la Primera a la Segunda \u00bfno?<\/em><\/span><\/p>\n<p><span style=\"color: #339966\"><em>&#8211;\u00a0\u00a0\u00a0\u00a0\u00a0 Ah\u00ed estuvo fundamentalmente mi mayor dificultad. Yo sufr\u00ed mucho la pasada temporada viendo que el equipo pod\u00eda no ascender, y que yo, adem\u00e1s, no estaba en forma y apenas jugaba\u2026 Pero la gran diferencia se ha podido ver este a\u00f1o\u2026<\/em><\/span><\/p>\n<p><span style=\"color: #339966\"><em>&#8211;\u00a0\u00a0\u00a0\u00a0\u00a0 Pese a ello, el Betis ha despilfarrado el dinero buscando defensas centrales\u2026<\/em><\/span><\/p>\n<p><span style=\"color: #339966\"><em>&#8211;\u00a0\u00a0\u00a0\u00a0\u00a0 Tambi\u00e9n es verdad. Pero yo lo encuentro razonable. En algunos casos porque se trata de j\u00f3venes elementos en los que hay que pensar de cara al futuro, y luego, adem\u00e1s, porque la verdad es que al comenzar la temporada la ausencia de dos titulares, Biosca (intervenido quir\u00fargicamente) y Cobo (a punto de retirarse), oblig\u00f3 al club a buscar otros hombres de refuerzo. Por eso, me alegra m\u00e1s el haberme ganado la confianza de la afici\u00f3n y del entrenador, y por consiguiente del club. <\/em><\/span><\/p>\n<p><span style=\"color: #339966\"><em>&#8211;\u00a0\u00a0\u00a0\u00a0\u00a0 \u00bfTodo pas\u00f3 ya\u2026?<\/em><\/span><\/p>\n<p><span style=\"color: #339966\"><em>&#8211;\u00a0\u00a0\u00a0\u00a0\u00a0 Naturalmente. Ahora todo es distinto. Las piezas han encajado en su sitio y yo estoy jugando con regularidad.<\/em><\/span><\/p>\n<p><span style=\"color: #339966\"><em>&#8211;\u00a0\u00a0\u00a0\u00a0\u00a0 \u00a0\u00bfComenz\u00f3 Peruena muy joven?<\/em><\/span><\/p>\n<p><span style=\"color: #339966\"><em>&#8211;\u00a0\u00a0\u00a0\u00a0\u00a0 Siendo un ni\u00f1o. Yo nac\u00ed en Florida, pero me traslad\u00e9 en seguida a Montevideo. \u00a0En el Pe\u00f1arol lo consegu\u00ed todo. Tenga en cuenta que nac\u00ed en marzo de 1955, y en el 78 estaba ya en Espa\u00f1a con 23 a\u00f1os. La realidad es que mi carrera todav\u00eda est\u00e1 haci\u00e9ndose, escribi\u00e9ndose.<\/em><\/span><\/p>\n<p><span style=\"color: #339966\"><em>&#8211;\u00a0\u00a0\u00a0\u00a0\u00a0 El domingo en Madrid, frente al Real Madrid<\/em><\/span><\/p>\n<p><span style=\"color: #339966\"><em>&#8211;\u00a0\u00a0\u00a0\u00a0\u00a0 Pienso que jugar en el Bernab\u00e9u es para un futbolista como la alternativa, o la rev\u00e1lida. Ganar es tocarle a uno el premio gordo futbol\u00edstico. Ya estuve en Madrid, no hace tanto, contra el Rayo en Vallecas. Pero esto es distinto. No s\u00e9, pero cuando se juega por la ma\u00f1ana da la impresi\u00f3n de que no tiene la misma seriedad. Debe impresionar el Bernab\u00e9u. Es algo emocionante para un jugador como yo, que viene de Uruguay, donde el Real Madrid tiene un cartel imposible de igualar. \u00bfResultado? Tambi\u00e9n es imposible de predecir. Yo s\u00e9 que vamos a causar impresi\u00f3n, me consta que vamos todos mentalizados para hacer la hombrada\u2026 Ojal\u00e1.<\/em><\/span><\/p>\n<p><span style=\"color: #339966\"><em>\u00a0<\/em><\/span><\/p>\n<p><span style=\"color: #339966\"><em>A Carlos Eduardo Peruena Rodr\u00edguez, el ser titular en el Betis, el jugar todos los partidos, el haber contribuido a que el equipo saliera de los lugares de la cola le compensa de los anteriores sinsabores.\u00a0 \u201cYa me encuentro como en mi casa, como en mi Pe\u00f1arol, como en mi Uruguay<\/em><\/span><\/p>\n<p>&nbsp;<\/p>\n<p>Fuente: Justo Andr\u00e9s en AS 27 de febrero de 1980<\/p>\n<p>&nbsp;<\/p>\n<p>&nbsp;<\/p>\n","protected":false},"excerpt":{"rendered":"<p>Carlos Peruena lleg\u00f3 al Betis en el verano de 1978 procedente del Pe\u00f1arol de Montevideo. \u00a0Su fichaje fue el \u00faltimo que llev\u00f3 a cabo Jos\u00e9 Mar\u00eda de la Concha y fue complicado y problem\u00e1tico por la intenci\u00f3n del club aurinegro de contar con el futbolista el m\u00e1ximo tiempo posible en ese verano de 1978. Cuando&#8230;<\/p>\n","protected":false},"author":5,"featured_media":34694,"comment_status":"open","ping_status":"open","sticky":false,"template":"","format":"standard","meta":{"_kad_post_transparent":"","_kad_post_title":"","_kad_post_layout":"","_kad_post_sidebar_id":"","_kad_post_content_style":"","_kad_post_vertical_padding":"","_kad_post_feature":"","_kad_post_feature_position":"","_kad_post_header":false,"_kad_post_footer":false,"_kad_post_classname":"","_jetpack_memberships_contains_paid_content":false,"footnotes":"","jetpack_publicize_message":"","jetpack_publicize_feature_enabled":true,"jetpack_social_post_already_shared":true,"jetpack_social_options":{"image_generator_settings":{"template":"highway","default_image_id":0,"font":"","enabled":false},"version":2}},"categories":[904,893,1],"tags":[2641,1093,1469,17030],"class_list":["post-34693","post","type-post","status-publish","format-standard","has-post-thumbnail","hentry","category-1980-1989","category-jugadores-temas","category-portada","tag-1979-80","tag-1093","tag-carlos-peruena","tag-justo-andres"],"jetpack_publicize_connections":[],"jetpack_featured_media_url":"https:\/\/i0.wp.com\/www.manquepierda.com\/historiarealbetis\/files\/2014\/02\/Peruena.jpg?fit=521%2C608&ssl=1","jetpack_sharing_enabled":true,"jetpack_shortlink":"https:\/\/wp.me\/p1ij08-91z","jetpack-related-posts":[],"_links":{"self":[{"href":"https:\/\/www.manquepierda.com\/historiarealbetis\/wp-json\/wp\/v2\/posts\/34693","targetHints":{"allow":["GET"]}}],"collection":[{"href":"https:\/\/www.manquepierda.com\/historiarealbetis\/wp-json\/wp\/v2\/posts"}],"about":[{"href":"https:\/\/www.manquepierda.com\/historiarealbetis\/wp-json\/wp\/v2\/types\/post"}],"author":[{"embeddable":true,"href":"https:\/\/www.manquepierda.com\/historiarealbetis\/wp-json\/wp\/v2\/users\/5"}],"replies":[{"embeddable":true,"href":"https:\/\/www.manquepierda.com\/historiarealbetis\/wp-json\/wp\/v2\/comments?post=34693"}],"version-history":[{"count":1,"href":"https:\/\/www.manquepierda.com\/historiarealbetis\/wp-json\/wp\/v2\/posts\/34693\/revisions"}],"predecessor-version":[{"id":101076,"href":"https:\/\/www.manquepierda.com\/historiarealbetis\/wp-json\/wp\/v2\/posts\/34693\/revisions\/101076"}],"wp:featuredmedia":[{"embeddable":true,"href":"https:\/\/www.manquepierda.com\/historiarealbetis\/wp-json\/wp\/v2\/media\/34694"}],"wp:attachment":[{"href":"https:\/\/www.manquepierda.com\/historiarealbetis\/wp-json\/wp\/v2\/media?parent=34693"}],"wp:term":[{"taxonomy":"category","embeddable":true,"href":"https:\/\/www.manquepierda.com\/historiarealbetis\/wp-json\/wp\/v2\/categories?post=34693"},{"taxonomy":"post_tag","embeddable":true,"href":"https:\/\/www.manquepierda.com\/historiarealbetis\/wp-json\/wp\/v2\/tags?post=34693"}],"curies":[{"name":"wp","href":"https:\/\/api.w.org\/{rel}","templated":true}]}}